{"id":154231,"date":"2016-12-09T17:13:36","date_gmt":"2016-12-09T14:13:36","guid":{"rendered":"https:\/\/analyse.optim.biz\/?p=154231"},"modified":"2016-12-09T17:13:36","modified_gmt":"2016-12-09T14:13:36","slug":"manipulare-la-tv-soros-a-pus-la-cale-tragedia-din-colectiv","status":"publish","type":"post","link":"https:\/\/analyse.optim.biz\/?p=154231","title":{"rendered":"Manipulare la TV: Soros a pus la cale tragedia din Colectiv"},"content":{"rendered":"<div class=\"entry data-app-meta data-app-meta-article\" data-embed-base-url-canonical=\"https:\/\/www.digi24.ro\/embed\/stiri\/actualitate\/politica\/manipulare-pe-ultima-suta-de-metri-soros-a-pus-la-cale-tragedia-din-colectiv-628920\">\n<p data-index=\"1\"><strong>Manipulare grosolan\u0103 la Rom\u00e2nia TV. Postul de televiziune a difuzat un filmule\u021b venind, chipurile, din partea grup\u0103rii Anonymous. \u00cen materialul video se vorbe\u0219te despre implicarea omului de afaceri George Soros \u00een tragedia de la Colectiv.<\/strong><\/p>\n<figure class=\"article-thumb\"><img decoding=\"async\" src=\"https:\/\/analyse.optim.biz\/wp-content\/uploads\/2024\/09\/yz0xjmhhc2g9nta0ymzmn2qxmjixy2finjmyn2ezmdazyzq5nmjjnwu-thumb_.jpg\" alt=\"George Soros\" data-skip-htmlfix=\"1\" title=\"yz0xjmhhc2g9nta0ymzmn2qxmjixy2finjmyn2ezmdazyzq5nmjjnwu-thumb_\"><figcaption> Foto: Guliver\/GettyImages <\/figcaption><\/figure>\n<p data-index=\"2\">Derapajul televiziunii a fost comentat de agen\u021bia de monitorizare a presei <a href=\"http:\/\/www.activewatch.ro\/ro\/acasa\/\" target=\"_blank\" data-skip-linkfix=\"1\" rel=\"noopener\">ActiveWatch<\/a> pe contul de Facebook: <strong>\u201eAten\u021bie la fumigenele de campanie!\u201d<\/strong>.<\/p>\n<p data-index=\"3\">Postarea ActiveWatch: <strong>\u201eOpera\u021biune de manipulare \u00een desf\u0103\u0219urare la Rom\u00e2nia TV. Postul de televiziune difuzeaz\u0103 un filmule\u021b asumat, chipurile, de gruparea Anonymous. Filmule\u021bul vorbe\u0219te despre implicarea lui George Soros \u00een incendiul de la Colectiv. \u00cen mod convenabil, \u201eAnonymous\u201d d\u0103 Guvernului un termen de 10 zile ca s\u0103 spun\u0103 tot adev\u0103rul despre ce s-a \u00eent\u00e2mplat \u00een clubul Colectiv. Adic\u0103 este posibil s\u0103 apar\u0103 ni\u0219te \u201einforma\u021bii\u201d dup\u0103 alegerile de duminic\u0103. Scenariul este comentat de ni\u0219te persoane: Monica Tatoiu, Mirel Curea, Mircea Dogaru \u0219i Florin Chilian. P\u00e2n\u0103 acum nu a fost solicitat niciun punct de vedere oficial. Aten\u021bie la fumigenele de campanie! #alegeriparlamentare2016, #parlamentare2016, #monitorizareAW, #colectiv.\u201d<\/strong><\/p>\n<p data-index=\"4\">\u0218i site-ul <a href=\"http:\/\/www.paginademedia.ro\/\" target=\"_blank\" data-skip-linkfix=\"1\" rel=\"noopener\">Paginademedia.ro<\/a> atrage aten\u021bia c\u0103 postul tv controlat de Sebastian Ghi\u021b\u0103 a f\u0103cut din \u201ep\u0103catele\u201d lui Soros o \u201etem\u0103 de campanie\u201d, iar miliardarul s-ar face vinovat de \u201eacapararea\u201d \u021b\u0103rii.<\/p>\n<p data-index=\"5\">Site-ul a monitorizat c\u00e2teva burtiere cu acest subiect la Rom\u00e2nia TV:<\/p>\n<ul>\n<li>Acuza\u021bii-\u0218oc:Soros a pus la cale tragedia Colectiv<\/li>\n<li>Soros, tranzac\u021bii dubioase pentru finan\u021barea opera\u021biunii Colectiv<\/li>\n<li>Lovitur\u0103 de stat anun\u021bat\u0103 \u00een Rom\u00e2nia, cine ascunde adev\u0103rul<\/li>\n<\/ul>\n<p data-index=\"6\">\u201eMesajul\u201d Anonymous difuzat de Rom\u00e2nia TV este citit \u00een limba englez\u0103 de o voce robotic\u0103, ce spune, printre altele: <strong>\u201e\u0218tim ce pre\u021b pl\u0103te\u0219te guvernul vostru pentru ca adev\u0103rul s\u0103 nu fie niciodat\u0103 aflat. (&#8230;) Vom trimite dovada faptului c\u0103 cei din Colectiv au fost uci\u0219i. Noi \u0219tim detalii privind \u00eentregul plan. Noi \u0219tim detalii cu privire la tranzac\u021biile bancare f\u0103cute \u00eenainte de evenimente. Noi \u0219tim de unde au venit banii \u0219i pentru ce au fost folo\u0219i\u021bi. Am urm\u0103rit traseul acestora din organiza\u021bii controlate de George Soros, care au finan\u021bat de asemenea investitura lui Dacian Ciolo\u0219 \u00een func\u021bia de prim-ministru\u201d<\/strong>.<\/p>\n<p data-index=\"7\">Tot la Rom\u00e2nia TV, \u00een urm\u0103 cu c\u00e2teva zile, s-a lansat o alt\u0103 informa\u021bie\u00a0aiuritoare: Revolu\u021bia din decembrie 1989 a fost finan\u021bat\u0103 de&#8230; A\u021bi ghicit? Acela\u0219i George Soros, care, \u00een opinia televiziunii lui Sebastian Ghi\u021b\u0103, candidat PRU la parlamentare, se face vinovat de toate nenorocirile din Rom\u00e2nia.<\/p>\n<p data-index=\"8\">ActiveWatch atrage aten\u0163ia asupra faptului c\u0103 Rom\u00e2nia TV \u00eencalc\u0103 decizia privind regulile de desf\u0103\u015furare \u00een audiovizual a campaniei electorale.<\/p>\n<p data-index=\"9\"><strong>\u201eCine \u00eencalc\u0103 regulile jocului? Rom\u00e2nia TV. Conform Deciziei 592\/2016 emis\u0103 de Consiliul Na\u0163ional al Audiovizualului, candida\u0163ii nu mai au ce c\u0103uta \u00een programele televizate \u00eencep\u00e2nd de azi, de la ora 7, p\u00e2n\u0103 duminic\u0103, \u00een ziua votului\u201d<\/strong>, se arat\u0103 \u00eentr-un mesaj publicat pe pagina de Facebook a organiza\u0163iei.<\/p>\n<p data-index=\"10\">ActiveWatch a f\u0103cut joi un apel c\u0103tre membrii Consiliului Na\u0163ional al Audiovizualului (CNA) pentru a lua m\u0103suri urgente \u015fi ferme fa\u0163\u0103 de maniera \u00een care Rom\u00e2nia TV a reflectat campania electoral\u0103 pentru alegerile parlamentare, \u00eenc\u0103lc\u00e2nd reglement\u0103ri din domeniul audiovizual, \u015fi a numit institu\u0163ia un <strong>\u201emartor pasiv al intoxic\u0103rilor \u015fi manipul\u0103rilor\u201d<\/strong> de la postul de televiziune.<\/p>\n<p data-index=\"11\">Dorina Rusu, membru al Consiliului Na\u0163ional al Audiovizualului (CNA) a declarat, vineri, pentru Agen\u0163ia de pres\u0103 <a href=\"http:\/\/www.news.ro\/\" target=\"_blank\" data-skip-linkfix=\"1\" rel=\"noopener\">News.ro<\/a>, c\u0103 s-a autosesizat \u00een leg\u0103tur\u0103 cu toate emisiunile difuzate \u00een perioada campaniei electorale ce au con\u0163inut mesaje \u00eempotriva lui George Soros, dar \u015fi \u00een leg\u0103tur\u0103 cu difuzarea la Rom\u00e2nia TV a unui material video care ar fi asumat de gruparea Anonymous, potrivit c\u0103ruia George Soros ar fi fost implicat \u00een incendiul din clubul Colectiv, derapaj care ar putea duce la \u00eentreruperea emisiei.<\/p>\n<p data-index=\"12\"><strong>\u201eCred c\u0103 e un caz foarte grav de manipulare, de dezinformare \u015fi cred c\u0103 intr\u0103 foarte bine la articolul 3.2 din Lege \u015fi, de asemenea, la 64 din Cod. Dup\u0103 p\u0103rerea mea, \u00een cazuri de o asemenea gravitate se poate ajunge \u015fi la \u00eentreruperea emisiei. Sigur, nu pot s\u0103 garantez c\u0103 vor fi de acord colegii mei cu asta, dar mie mi se pare ceva foarte grav. Probabil c\u0103 fac toate lucrurile astea cu bun\u0103 \u015ftiin\u0163\u0103, manipuleaz\u0103 opinia public\u0103 astfel \u00eenc\u00e2t s\u0103 se \u00eendrepte spre un anumit partid, \u00eempotriva altora. A\u015f propune \u00eentreruperea emisiei\u201d<\/strong>, a spus Dorina Rusu.<\/p>\n<\/div>\n<p> Source URL: https:\/\/www.digi24.ro\/stiri\/actualitate\/politica\/manipulare-pe-ultima-suta-de-metri-soros-a-pus-la-cale-tragedia-din-colectiv-628920<\/p>\n","protected":false},"excerpt":{"rendered":"<p>Manipulare grosolan\u0103 la Rom\u00e2nia TV. Postul de televiziune a difuzat un filmule\u021b venind, chipurile, din partea grup\u0103rii Anonymous. \u00cen materialul video se vorbe\u0219te despre implicarea omului de afaceri George Soros \u00een tragedia de la Colectiv. Foto: Guliver\/GettyImages Derapajul televiziunii a fost comentat de agen\u021bia de monitorizare a presei ActiveWatch pe contul de Facebook: \u201eAten\u021bie la [&hellip;]<\/p>\n","protected":false},"author":1,"featured_media":154232,"comment_status":"open","ping_status":"","sticky":false,"template":"","format":"standard","meta":{"footnotes":""},"categories":[2],"tags":[11],"class_list":["post-154231","post","type-post","status-publish","format-standard","has-post-thumbnail","hentry","category-politics","tag-digi24"],"_links":{"self":[{"href":"https:\/\/analyse.optim.biz\/index.php?rest_route=\/wp\/v2\/posts\/154231","targetHints":{"allow":["GET"]}}],"collection":[{"href":"https:\/\/analyse.optim.biz\/index.php?rest_route=\/wp\/v2\/posts"}],"about":[{"href":"https:\/\/analyse.optim.biz\/index.php?rest_route=\/wp\/v2\/types\/post"}],"author":[{"embeddable":true,"href":"https:\/\/analyse.optim.biz\/index.php?rest_route=\/wp\/v2\/users\/1"}],"replies":[{"embeddable":true,"href":"https:\/\/analyse.optim.biz\/index.php?rest_route=%2Fwp%2Fv2%2Fcomments&post=154231"}],"version-history":[{"count":0,"href":"https:\/\/analyse.optim.biz\/index.php?rest_route=\/wp\/v2\/posts\/154231\/revisions"}],"wp:featuredmedia":[{"embeddable":true,"href":"https:\/\/analyse.optim.biz\/index.php?rest_route=\/wp\/v2\/media\/154232"}],"wp:attachment":[{"href":"https:\/\/analyse.optim.biz\/index.php?rest_route=%2Fwp%2Fv2%2Fmedia&parent=154231"}],"wp:term":[{"taxonomy":"category","embeddable":true,"href":"https:\/\/analyse.optim.biz\/index.php?rest_route=%2Fwp%2Fv2%2Fcategories&post=154231"},{"taxonomy":"post_tag","embeddable":true,"href":"https:\/\/analyse.optim.biz\/index.php?rest_route=%2Fwp%2Fv2%2Ftags&post=154231"}],"curies":[{"name":"wp","href":"https:\/\/api.w.org\/{rel}","templated":true}]}}