{"id":1542302,"date":"2026-01-27T07:51:52","date_gmt":"2026-01-27T04:51:52","guid":{"rendered":"https:\/\/analyse.optim.biz\/?p=1542302"},"modified":"2026-01-27T07:51:52","modified_gmt":"2026-01-27T04:51:52","slug":"laudato-no-al-referendum-del-cardinale-zuppi-appello-quasi-esplicito-del-presidente-della-cei-ruini","status":"publish","type":"post","link":"https:\/\/analyse.optim.biz\/?p=1542302","title":{"rendered":"Laudato No (al referendum) del cardinale Zuppi: appello quasi esplicito del presidente della Cei. Ruini&#8230;"},"content":{"rendered":"<article id=\"post-1524029\" class=\"post-1524029 post type-post status-publish format-standard has-post-thumbnail hentry category-cronaca posizione-editoriale-apertura-secondaria\">\n<div>\n<figure class=\"evidence-wrapper\"><img loading=\"lazy\" decoding=\"async\" width=\"860\" height=\"358\" src=\"https:\/\/analyse.optim.biz\/wp-content\/uploads\/2026\/01\/zuppi-ruini-860x358-1.jpg\" class=\"attachment-single size-single wp-post-image\" alt=\"Laudato No (al referendum) del cardinale Zuppi: appello quasi esplicito del presidente della Cei. Ruini voter\u00e0 S\u00ec\" title=\"Laudato No (al referendum) del cardinale Zuppi: appello quasi esplicito del presidente della Cei. Ruini voter\u00e0 S\u00ec\"><\/figure>\n<p class=\"occhiello\">Rosso cardinale<\/p>\n<h1>Laudato No (al referendum) del cardinale Zuppi: appello quasi esplicito del presidente della Cei. Ruini voter\u00e0 S\u00ec<\/h1>\n<div class=\"info-condivisione\">\n<div>\n<p><span class=\"categoria\">Cronaca<\/span><\/p>\n<p>\t\t\t\t\t &#8211; di <span class=\"autore\">Penelope Corrado<\/span> &#8211; <span class=\"data\">27 Gennaio 2026 alle 08:51<\/span><\/p>\n<\/div>\n<\/div>\n<div class=\"contenuto\">\n<p>Dal rosso cardinale al cardinale rosso \u00e8 un attimo: <strong>Matteo Zuppi,<\/strong> arcivescovo di Bologna e presidente della Cei nominato da Bergoglio, si schiera senza se e senza troppi ma contro la riforma Nordio, lanciando l\u2019appello ai fedeli.<\/p>\n<p class=\"p1\"><span class=\"s1\">Il presidente dei vescovi entra cos\u00ec in modo piuttosto netto nel dibattito sulla riforma della Giustizia-<\/span><span class=\"s1\">\u00a0Nel suo invito a votare per il referendum del prossimo marzo, il presidente della Cei si espone di fronte a una platea variegata e lancia la sua riflessione, introducendo i lavori del Consiglio episcopale: <strong>\u201cC\u2019\u00e8 un equilibrio tra poteri dello Stato che i padri costituenti ci hanno lasciato come preziosa eredit\u00e0 e che \u00e8 dovere preservare.<\/strong> Autonomia e indipendenza sono connotati essenziali per l\u2019esercizio di un processo giusto, e tali valori devono essere perseguiti, pur nelle diverse possibili realizzazioni storiche e pluralit\u00e0 di opinioni e orientamenti\u201d.<\/span><\/p>\n<div class=\"code-block code-block-6\"><\/div>\n<h2>Zuppi e l\u2019appello sul referendum: ricordatevi dei padri costituenti<\/h2>\n<p><span class=\"s1\">Dunque per\u00a0<\/span><span class=\"s2\"><b>Zuppi<\/b><\/span><span class=\"s1\">\u00a0\u201cla separazione delle carriere tra pubblici ministeri e giudici e l\u2019assetto del Csm sono temi che, come pastori e come comunit\u00e0 ecclesiale, non devono lasciare indifferenti\u201d, prosegue il cardinale invitando \u201ctutti ad andare a votare\u201d. L\u2019esortazione \u00e8 anche ad essere \u201cinformati e aver ragionato sui temi e sulla posta in gioco per il presente e per il futuro della nostra societ\u00e0, senza lasciarsi irretire da logiche parziali\u201d.<\/span><\/p>\n<p>La posizione di Zuppi, che pare implicitamente orientata al No al referendum, non \u00e8 stata esplicitata perch\u00e9 tra i Vescovi italiani le posizioni decisamente pi\u00f9 sfumate. Nei giorni scorsi, infatti, in un\u2019intervista al <em>Giornale<\/em>, il cardinale\u00a0<strong>Camillo Ruini,<\/strong> presidente emerito della Cei, aveva esplicitamente annunciato il suo voto favorevole al referendum e alla riforma Nordio.<\/p>\n<p>Per capire la posizione della Cei basta leggere il quotidiano Avvenire, che riporta integralmente l\u2019intervento di Zuppi, oscurando praticamente la caduta di stile <a href=\"https:\/\/www.secoloditalia.it\/2026\/01\/toghe-rozze-nordio-non-accetta-le-scuse-del-segretario-dellanm-post-indegno-inadeguato-alla-carica-che-ricopre\/\" target=\"_blank\" rel=\"noopener\">del segretario dell\u2019Anm Rocco Maruotti<\/a> contro la riforma Nordio.<\/p>\n<h2>\u201cEt\u00e0 selvaggia del ferro e del fuoco\u201d<\/h2>\n<p class=\"p1\"><span class=\"s1\">Introducendo i lavori del Consiglio permanente dei vescovi italiani, In questa et\u00e0 selvaggia, contano forza e aggressivit\u00e0, anzich\u00e9 legge e diritto\u201d. Lo pensa il 38,7% degli italiani, quindi quasi uno su tre, secondo il Censis. <\/span><span class=\"s1\">L\u2019ultimo Rapporto Censis, ha ricordato <\/span><span class=\"s2\"><b>Zuppi<\/b><\/span><span class=\"s1\">, parla di \u201dItalia nell\u2019et\u00e0 selvaggia, del ferro e del fuoco\u201d, notando che \u201d\u00e8 diventato sempre pi\u00f9 chiaro che nell\u2019arena globale contano molto pi\u00f9 che nel passato le pulsioni antropologiche profonde <strong>dei popoli e dei leader\u201d.<\/strong><\/span><\/p>\n<h2>\u201cContano aggressivit\u00e0 e forza anzich\u00e9 legge e diritto\u201d<\/h2>\n<p class=\"p1\"><span class=\"s1\">Sempre secondo il Censis, quasi la met\u00e0 degli italiani \u2013 e il 55,8% dei giovani \u2013 \u00e8 convinta che il futuro non sar\u00e0 un progresso e quasi uno su tre (29,7%) pensa che, \u201dnel disordine del mondo attuale, i regimi autocratici (in cui uno o pochi comandano) siano pi\u00f9 adatti delle democrazie a competere o sopravvivere\u201d. <\/span><\/p>\n<p class=\"p1\"><span class=\"s1\">\u201dNella vita quotidiana, nei contatti con le persone, cogliamo questo spaesamento che produce malessere, paura e violenza, assieme per\u00f2 alla volont\u00e0 di uscirne, di fare e di fare bene \u2013 ha detto il cardinale -. Pur nell\u2019infragilirsi delle strutture di vita, quella riduzione all\u2019io e lo smantellamento del noi, pi\u00f9 volte segnalato e constatato, manifesta \u2013 nei modi pi\u00f9 diversi \u2013 una volont\u00e0 di ricerca e di futuro. Questa volont\u00e0 \u00e8 carica di domande da intercettare nell\u2019ascolto e in una risposta che non pu\u00f2 non essere prossima\u201d.<\/span><\/p>\n<p>\u00a0<\/p>\n<\/div>\n<div class=\"commentSectionContainer\">\n<p class=\"comments-title\">Non ci sono commenti, inizia una discussione<\/p>\n<\/div>\n<div id=\"comments\" class=\"comments-area closed\">\n<div id=\"respond\" class=\"comment-respond\">\n<h3 id=\"reply-title\" class=\"comment-reply-title\">Lascia un commento <small><a rel=\"nofollow\" id=\"cancel-comment-reply-link\" href=\"https:\/\/www.secoloditalia.it\/2026\/01\/laudato-no-al-referendum-del-cardinale-zuppi-appello-quasi-esplicito-del-presidente-della-cei-ruini-votera-si\/#respond\">Annulla risposta<\/a><\/small><\/h3>\n<p class=\"comment-notes\"><span id=\"email-notes\">Il tuo indirizzo email non sar\u00e0 pubblicato.<\/span><span class=\"required-field-message\">I campi obbligatori sono contrassegnati <span class=\"required\">*<\/span><\/span><\/p>\n<\/div>\n<\/div>\n<div class=\"info-condivisione bottom\">\n<div>\n<p>di <span class=\"autore\">Penelope Corrado<\/span> &#8211; <span class=\"data\">27 Gennaio 2026<\/span><\/p>\n<\/div>\n<\/div>\n<\/div>\n<\/article>\n<article>\n<figure class=\"special\"><a href=\"https:\/\/www.secoloditalia.it\/2026\/01\/a-termini-e-colosseo-arrivano-i-puma-dellesercito-meloni-altro-che-depotenziamento-di-strade-sicure\/\" aria-label=\"A Termini e Colosseo arrivano i \u201cpuma\u201d dell\u2019Esercito. Meloni: Altro che depotenziamento di strade sicure\" class=\"lower\"><img loading=\"lazy\" decoding=\"async\" width=\"370\" height=\"154\" src=\"https:\/\/analyse.optim.biz\/wp-content\/uploads\/2026\/01\/strade-sicure-buona-1-370x154-37.jpg\" class=\"attachment-standard-lower size-standard-lower wp-post-image\" alt=\"A Termini e Colosseo arrivano i \u201cpuma\u201d dell\u2019Esercito. Meloni: Altro che depotenziamento di strade sicure\" title=\"A Termini e Colosseo arrivano i \u201cpuma\u201d dell\u2019Esercito. Meloni: Altro che depotenziamento di strade sicure\"><\/a><\/figure>\n<p class=\"occhiello\">Tre blindati a Roma<\/p>\n<p><a href=\"https:\/\/www.secoloditalia.it\/2026\/01\/a-termini-e-colosseo-arrivano-i-puma-dellesercito-meloni-altro-che-depotenziamento-di-strade-sicure\/\"><\/p>\n<h4 class=\"titolo\">A Termini e Colosseo arrivano i \u201cpuma\u201d dell\u2019Esercito. Meloni: Altro che depotenziamento di strade sicure<\/h4>\n<p><\/a><\/article>\n<article>\n<p class=\"occhiello\">Parte il bando Consip<\/p>\n<p><a href=\"https:\/\/www.secoloditalia.it\/2026\/01\/per-la-prima-volta-una-assicurazione-sanitaria-gratuita-per-oltre-1milione-e-200mila-lavoratori-della-scuola\/\"><\/p>\n<h4 class=\"titolo\">Per la prima volta una assicurazione sanitaria gratuita per oltre 1milione e 200mila lavoratori della scuola<\/h4>\n<p><\/a><\/article>\n<article>\n<p class=\"occhiello\">La soddisfazione di FdI<\/p>\n<p><a href=\"https:\/\/www.secoloditalia.it\/2026\/01\/precari-della-giustizia-il-governo-supera-le-aspettative-e-ne-assume-oltre-novemila\/\"><\/p>\n<h4 class=\"titolo\">Precari della giustizia, il governo supera le aspettative e ne assume oltre novemila<\/h4>\n<p><\/a><\/article>\n<article>\n<p class=\"categoria\">Cronaca<\/p>\n<figure class=\"special\"><a href=\"https:\/\/www.secoloditalia.it\/2026\/01\/vi-municipio-il-campidoglio-ostacola-gli-sgomberi-nicola-franco-dice-no-alle-case-popolari-per-difendere-gli-occupanti-video\/\" aria-label=\"VI municipio, il Campidoglio ostacola gli sgomberi. Nicola Franco: \u201cDice no alle case popolari per difendere gli occupanti\u201d (video)\" class=\"lower\"><img decoding=\"async\" width=\"370\" height=\"154\" src=\"https:\/\/analyse.optim.biz\/wp-content\/uploads\/2026\/01\/franco-secolo-370x154-4.jpg\" class=\"attachment-standard-lower size-standard-lower wp-post-image\" alt=\"VI municipio, il Campidoglio ostacola gli sgomberi. Nicola Franco: \u201cDice no alle case popolari per difendere gli occupanti\u201d (video)\" loading=\"lazy\" title=\"VI municipio, il Campidoglio ostacola gli sgomberi. Nicola Franco: \u201cDice no alle case popolari per difendere gli occupanti\u201d (video)\"><\/a><\/figure>\n<p class=\"occhiello\">Scandalo Gualtieri<\/p>\n<p><a href=\"https:\/\/www.secoloditalia.it\/2026\/01\/vi-municipio-il-campidoglio-ostacola-gli-sgomberi-nicola-franco-dice-no-alle-case-popolari-per-difendere-gli-occupanti-video\/\"><\/p>\n<h4 class=\"titolo\">VI municipio, il Campidoglio ostacola gli sgomberi. Nicola Franco: &#8220;Dice no alle case popolari <strong>per difendere gli occupanti&#8221;<\/strong> (video)<\/h4>\n<p><\/a><\/article>\n<p> Source URL: https:\/\/www.secoloditalia.it\/2026\/01\/laudato-no-al-referendum-del-cardinale-zuppi-appello-quasi-esplicito-del-presidente-della-cei-ruini-votera-si\/<\/p>\n","protected":false},"excerpt":{"rendered":"<p>Rosso cardinale Laudato No (al referendum) del cardinale Zuppi: appello quasi esplicito del presidente della Cei. Ruini voter\u00e0 S\u00ec Cronaca &#8211; di Penelope Corrado &#8211; 27 Gennaio 2026 alle 08:51 Dal rosso cardinale al cardinale rosso \u00e8 un attimo: Matteo Zuppi, arcivescovo di Bologna e presidente della Cei nominato da Bergoglio, si schiera senza se [&hellip;]<\/p>\n","protected":false},"author":1,"featured_media":1542303,"comment_status":"open","ping_status":"","sticky":false,"template":"","format":"standard","meta":{"footnotes":""},"categories":[87],"tags":[123],"class_list":["post-1542302","post","type-post","status-publish","format-standard","has-post-thumbnail","hentry","category-italy","tag-secoloditalia-it"],"_links":{"self":[{"href":"https:\/\/analyse.optim.biz\/index.php?rest_route=\/wp\/v2\/posts\/1542302","targetHints":{"allow":["GET"]}}],"collection":[{"href":"https:\/\/analyse.optim.biz\/index.php?rest_route=\/wp\/v2\/posts"}],"about":[{"href":"https:\/\/analyse.optim.biz\/index.php?rest_route=\/wp\/v2\/types\/post"}],"author":[{"embeddable":true,"href":"https:\/\/analyse.optim.biz\/index.php?rest_route=\/wp\/v2\/users\/1"}],"replies":[{"embeddable":true,"href":"https:\/\/analyse.optim.biz\/index.php?rest_route=%2Fwp%2Fv2%2Fcomments&post=1542302"}],"version-history":[{"count":0,"href":"https:\/\/analyse.optim.biz\/index.php?rest_route=\/wp\/v2\/posts\/1542302\/revisions"}],"wp:featuredmedia":[{"embeddable":true,"href":"https:\/\/analyse.optim.biz\/index.php?rest_route=\/wp\/v2\/media\/1542303"}],"wp:attachment":[{"href":"https:\/\/analyse.optim.biz\/index.php?rest_route=%2Fwp%2Fv2%2Fmedia&parent=1542302"}],"wp:term":[{"taxonomy":"category","embeddable":true,"href":"https:\/\/analyse.optim.biz\/index.php?rest_route=%2Fwp%2Fv2%2Fcategories&post=1542302"},{"taxonomy":"post_tag","embeddable":true,"href":"https:\/\/analyse.optim.biz\/index.php?rest_route=%2Fwp%2Fv2%2Ftags&post=1542302"}],"curies":[{"name":"wp","href":"https:\/\/api.w.org\/{rel}","templated":true}]}}