{"id":1542209,"date":"2026-01-27T10:01:05","date_gmt":"2026-01-27T07:01:05","guid":{"rendered":"https:\/\/analyse.optim.biz\/?p=1542209"},"modified":"2026-01-27T10:01:05","modified_gmt":"2026-01-27T07:01:05","slug":"prosciutto-vietato-nelle-scuole-per-non-urtare-i-musulmani-il-premier-sanchez-ora-punta-sul-menu-halal","status":"publish","type":"post","link":"https:\/\/analyse.optim.biz\/?p=1542209","title":{"rendered":"Prosciutto vietato nelle scuole per non urtare i musulmani: il premier S\u00e1nchez ora punta sul men\u00f9 halal"},"content":{"rendered":"<article id=\"post-1524039\" class=\"post-1524039 post type-post status-publish format-standard has-post-thumbnail hentry category-esteri posizione-editoriale-apertura-secondaria\">\n<div>\n<figure class=\"evidence-wrapper\"><img loading=\"lazy\" decoding=\"async\" width=\"860\" height=\"358\" src=\"https:\/\/analyse.optim.biz\/wp-content\/uploads\/2026\/01\/senza-titolo-1200-x-500-px-1200-x-500-px-1200-x-500-px-48-860x358-1.png\" class=\"attachment-single size-single wp-post-image\" alt=\"S\u00e1nchez Men\u00f9 halal\" title=\"S\u00e1nchez Men\u00f9 halal\"><\/figure>\n<p class=\"occhiello\">Mai dire Jam\u00f2n<\/p>\n<h1>Prosciutto vietato nelle scuole per non urtare i musulmani: il premier S\u00e1nchez ora punta sul men\u00f9 halal<\/h1>\n<div class=\"info-condivisione\">\n<div>\n<p><span class=\"categoria\">Esteri<\/span><\/p>\n<p>\t\t\t\t\t &#8211; di <span class=\"autore\">Alice Carrazza<\/span> &#8211; <span class=\"data\">27 Gennaio 2026 alle 11:01<\/span><\/p>\n<\/div>\n<\/div>\n<div class=\"contenuto\">\n<p>E cos\u00ec la rivoluzione culturale passa dal vassoio della mensa. Non dai confini, non dalle leggi costituzionali, ma dal piatto di uno scolaro. Il premier spagnolo <strong>Pedro S\u00e1nchez<\/strong> ha capito che <strong>per cambiare un Paese non serve dichiararlo<\/strong>: basta cuocerlo a fuoco lento, abituare il palato, riscrivere le consuetudini e chiamare il tutto \u201ccoesistenza\u201d. Oggi \u00e8<strong> il men\u00f9 halal<\/strong>, domani sar\u00e0 il resto, perch\u00e9 ogni normalizzazione comincia sempre da ci\u00f2 che sembra innocuo.<\/p>\n<h2>La norma che allarga il perimetro<\/h2>\n<p>In Spagna <strong>l\u2019ideologia<\/strong> non bussa pi\u00f9 alla porta:<strong> entra in cucina<\/strong>, firma i capitolati d\u2019appalto e si presenta come rispetto della diversit\u00e0. Il progetto di legge sulla <strong>\u201cpromozione di un\u2019alimentazione sana e sostenibile\u201d<\/strong> non \u00e8 un dettaglio tecnico, ma una cornice vincolante che ridisegna il rapporto tra Stato, cultura e identit\u00e0. La normativa interesser\u00e0 tutti i contratti di servizio e le concessioni relative al settore della ristorazione, compresi quelli di distribuzione automatica di alimenti e bevande. Un perimetro ampio, studiato per <strong>non lasciare zone franche.<\/strong><\/p>\n<div class=\"code-block code-block-6\"><\/div>\n<div class=\"correlati_contento\"><span class=\"tecFont\">Leggi anche<\/span><\/p>\n<ul>\n<li><a href=\"https:\/\/www.secoloditalia.it\/2026\/01\/il-tracollo-di-sanchez-e-lascesa-di-vox-i-sondaggi-certificano-la-crisi-della-sinistra-spagnola-mito-della-schlein\/?utm_source=content&amp;utm_medium=related&amp;utm_campaign=middle\">Il tracollo di S\u00e1nchez e l&#8217;ascesa di Vox: i sondaggi certificano la crisi della sinistra spagnola mito della Schlein<\/a><\/li>\n<li><a href=\"https:\/\/www.secoloditalia.it\/2026\/01\/amsterdam-la-favola-dellinclusione-diventa-un-incubo-stupri-violenze-e-paura-e-davvero-riprovevole\/?utm_source=content&amp;utm_medium=related&amp;utm_campaign=middle\">Olanda, la favola dell\u2019inclusione diventa un incubo: stupri, violenze e paura. \u00ab\u00c8 davvero riprovevole\u00bb<\/a><\/li>\n<\/ul>\n<\/div>\n<h2>L\u2019inclusione resa obbligo<\/h2>\n<p>Il principio dichiarato \u00e8, al solito, il <strong>rispetto della \u201cdiversit\u00e0 etica, culturale e religiosa<\/strong>\u201d. La traduzione pratica \u00e8 l\u2019obbligo per le amministrazioni pubbliche di offrire alternative alimentari conformi a credenze estranee a quelle europee, senza costi aggiuntivi per gli utenti. Tra queste, i men\u00f9 halal assumono un ruolo strutturale. Non una possibilit\u00e0 su richiesta, ma un <strong>parametro incorporato nel sistema<\/strong>.<\/p>\n<h2>Ceuta come laboratorio<\/h2>\n<p>Il ministero per le Politiche sociali e dell\u2019Agenda 2030, presieduto da <strong>Pablo Bustinduy<\/strong> del partito radicale Sumar, ha sottoposto il testo a consultazione pubblica dopo averlo ultimato lo scorso dicembre. La <strong>direzione, tuttavia, era gi\u00e0 stata tracciata<\/strong>. Nel 2024 il ministero dell\u2019Istruzione, allora guidato da <strong>Pilar Alegr\u00eda<\/strong>, aveva stanziato 314.000 euro per la fornitura di men\u00f9 per la mensa scolastica in sei scuole di Ceuta: <strong>127.750 pasti halal<\/strong> in un anno per 730 studenti beneficiari di borse di studio. Il capitolato d\u2019appalto stabiliva espressamente che tutta la carne doveva essere halal e che era<strong> vietato l\u2019uso di carne di maiale.<\/strong><\/p>\n<h2>La reazione politica e il malessere diffuso<\/h2>\n<p><strong>Vox protest\u00f2,<\/strong> affermando che il governo stava creando <strong>\u00abmen\u00f9 su misura per una religione specifica<\/strong>\u00bb nelle scuole pubbliche e finanziandoli con denaro pubblico. Le reazioni non si fermarono ai partiti. Sui social l\u2019iniziativa fu accolta con ostilit\u00e0. \u00ab<strong>Adesso ci costringeranno anche a pregare sul Corano<\/strong>\u00bb, scrisse un utente, si legge su <em>La Verit\u00e0.<\/em> Un altro denunci\u00f2: \u00ab<strong>S\u00e1nchez sta svendendo le istituzioni all\u2019islamismo<\/strong>. Una resa culturale senza precedenti\u00bb. E ancora: \u00abVorr\u00e0 dire che andremo in Marocco a pretendere che in scuole e ospedali ci servano jam\u00f3n ib\u00e9rico espa\u00f1ol\u00bb.<\/p>\n<h2>Pressioni organizzate e agenda esplicita<\/h2>\n<p>Molti osservatori hanno letto queste mosse come un tentativo di spostare l\u2019attenzione da problemi ben pi\u00f9 gravi che attraversano il Paese, compresi gli <strong>scandali riguardante il premier socialista e tutta la sua cerchia<\/strong>. Il contesto, del resto, \u00e8 tutt\u2019altro che neutro. Nel gennaio 2025 la Commissione islamica di Spagna ha presentato un rapporto in cui chiedeva al governo di introdurre men\u00f9 halal in tutti i centri educativi e di rendere obbligatorio l\u2019uso del <strong>velo islamico nelle scuole pubbliche e private. <\/strong><a href=\"https:\/\/www.secoloditalia.it\/2026\/01\/il-tracollo-di-sanchez-e-lascesa-di-vox-i-sondaggi-certificano-la-crisi-della-sinistra-spagnola-mito-della-schlein\/\">S\u00e1nchez ha pensato bene di assecondarli.<\/a><\/p>\n<h2>Un interlocutore finanziato dallo Stato<\/h2>\n<p>Secondo i dati del Sistema nazionale di pubblicazione dei sussidi e degli aiuti pubblici, questa entit\u00e0 ha ricevuto dal 2021 oltre <strong>1,7 milioni di euro in sovvenzioni<\/strong> a fondo perduto. \u00c8 l\u2019organizzazione che rappresenta ufficialmente la comunit\u00e0 musulmana: certifica <a href=\"https:\/\/www.secoloditalia.it\/2026\/01\/spose-bambine-a-9-anni-per-limam-di-brescia-sono-donne-e-se-i-genitori-sono-contenti-ira-di-giordano-lo-mandino-via-video\/\">insegnanti di religione islamica,<\/a> fornisce orientamento religioso, registra imam nel registro dei ministri del culto e rilascia documenti per l\u2019acquisto di <strong>immobili destinati a moschee<\/strong>. Un interlocutore strutturato, finanziato, ascoltato.<\/p>\n<h2>Oltre il men\u00f9, la questione dell\u2019identit\u00e0<\/h2>\n<p>Il nodo non \u00e8 l\u2019esistenza di una pluralit\u00e0 religiosa. \u00c8 la <strong>scelta dello Stato di assumere una specifica<\/strong><strong>istanza confessionale<\/strong> come criterio regolatore dello spazio pubblico. Quando la scuola diventa il laboratorio di questa trasformazione, la questione non riguarda pi\u00f9 la dieta, ma l\u2019identit\u00e0. E quando tutto viene presentato come inevitabile, <strong>il dibattito \u00e8 gi\u00e0 stato chiuso prima ancora di cominciare.<\/strong><\/p>\n<\/div>\n<div class=\"commentSectionContainer\">\n<p class=\"comments-title\">\n\t\t\t\t\t\tCi sono 2 commenti, partecipa alla discussione\t\t\t\t\t<\/p>\n<\/div>\n<div id=\"comments\" class=\"comments-area closed\">\n<div id=\"respond\" class=\"comment-respond\">\n<h3 id=\"reply-title\" class=\"comment-reply-title\">Lascia un commento <small><a rel=\"nofollow\" id=\"cancel-comment-reply-link\" href=\"https:\/\/www.secoloditalia.it\/2026\/01\/prosciutto-vietato-nelle-scuole-per-non-urtare-i-musulmani-il-premier-sanchez-ora-punta-sul-menu-halal\/#respond\">Annulla risposta<\/a><\/small><\/h3>\n<p class=\"comment-notes\"><span id=\"email-notes\">Il tuo indirizzo email non sar\u00e0 pubblicato.<\/span><span class=\"required-field-message\">I campi obbligatori sono contrassegnati <span class=\"required\">*<\/span><\/span><\/p>\n<\/div>\n<p class=\"comments-title\">\n\t\t\tCi sono 2 commenti\t\t<\/p>\n<ol class=\"comment-list\">\n<li class=\"comment even thread-even depth-1\" id=\"comment-246456\">\n<div id=\"div-comment-246456\" class=\"comment-body\">\n<div class=\"comment-author vcard\"><img loading=\"lazy\" decoding=\"async\" src=\"https:\/\/analyse.optim.biz\/wp-content\/uploads\/2026\/01\/bfef5bcfbab86158590ba95a23eb5731.jpg\" class=\"avatar avatar-32 photo\" height=\"32\" width=\"32\" title=\"bfef5bcfbab86158590ba95a23eb5731\"><cite class=\"fn\">Sergio<\/cite><span class=\"says\">ha detto:<\/span><\/div>\n<div class=\"comment-meta commentmetadata\"><a href=\"https:\/\/www.secoloditalia.it\/2026\/01\/prosciutto-vietato-nelle-scuole-per-non-urtare-i-musulmani-il-premier-sanchez-ora-punta-sul-menu-halal\/#comment-246456\">27 Gennaio 2026 alle 15:39<\/a><\/div>\n<p>Cosa pensa di fare S\u00e1nchez e il resto della \u201ccricca\u201d per non urtare i Cattolici, i laici e el resto dei cittadini a cui non frega nulla  delle esigenze islamiche.<\/p>\n<div class=\"reply\"><a rel=\"nofollow\" class=\"comment-reply-link\" href=\"https:\/\/www.secoloditalia.it\/2026\/01\/prosciutto-vietato-nelle-scuole-per-non-urtare-i-musulmani-il-premier-sanchez-ora-punta-sul-menu-halal\/#comment-246456\" data-commentid=\"246456\" data-postid=\"1524039\" data-belowelement=\"div-comment-246456\" data-respondelement=\"respond\" data-replyto=\"Rispondi a Sergio\" aria-label=\"Rispondi a Sergio\">Rispondi<\/a><\/div>\n<\/div>\n<\/li>\n<li class=\"comment odd alt thread-odd thread-alt depth-1\" id=\"comment-246449\">\n<div id=\"div-comment-246449\" class=\"comment-body\">\n<div class=\"comment-author vcard\"><img loading=\"lazy\" decoding=\"async\" src=\"https:\/\/analyse.optim.biz\/wp-content\/uploads\/2026\/01\/641549e05c1c8c73ca4323880373d555.jpg\" class=\"avatar avatar-32 photo\" height=\"32\" width=\"32\" title=\"641549e05c1c8c73ca4323880373d555\"><cite class=\"fn\">Claudia Pittol<\/cite><span class=\"says\">ha detto:<\/span><\/div>\n<div class=\"comment-meta commentmetadata\"><a href=\"https:\/\/www.secoloditalia.it\/2026\/01\/prosciutto-vietato-nelle-scuole-per-non-urtare-i-musulmani-il-premier-sanchez-ora-punta-sul-menu-halal\/#comment-246449\">27 Gennaio 2026 alle 14:21<\/a><\/div>\n<p>Siamo alla pura follia, mi domando se questi politici lo sono o lo fanno per una manciata fi voti rinneghetebbero pure la madre, e non si vergognano neanche\u2026. fanno schifo<\/p>\n<div class=\"reply\"><a rel=\"nofollow\" class=\"comment-reply-link\" href=\"https:\/\/www.secoloditalia.it\/2026\/01\/prosciutto-vietato-nelle-scuole-per-non-urtare-i-musulmani-il-premier-sanchez-ora-punta-sul-menu-halal\/#comment-246449\" data-commentid=\"246449\" data-postid=\"1524039\" data-belowelement=\"div-comment-246449\" data-respondelement=\"respond\" data-replyto=\"Rispondi a Claudia Pittol\" aria-label=\"Rispondi a Claudia Pittol\">Rispondi<\/a><\/div>\n<\/div>\n<\/li>\n<\/ol>\n<\/div>\n<div class=\"info-condivisione bottom\">\n<div>\n<p>di <span class=\"autore\">Alice Carrazza<\/span> &#8211; <span class=\"data\">27 Gennaio 2026<\/span><\/p>\n<\/div>\n<\/div>\n<\/div>\n<\/article>\n<article>\n<figure class=\"special\"><a href=\"https:\/\/www.secoloditalia.it\/2026\/01\/a-termini-e-colosseo-arrivano-i-puma-dellesercito-meloni-altro-che-depotenziamento-di-strade-sicure\/\" aria-label=\"A Termini e Colosseo arrivano i \u201cpuma\u201d dell\u2019Esercito. Meloni: Altro che depotenziamento di strade sicure\" class=\"lower\"><img loading=\"lazy\" decoding=\"async\" width=\"370\" height=\"154\" src=\"https:\/\/analyse.optim.biz\/wp-content\/uploads\/2026\/01\/strade-sicure-buona-1-370x154-33.jpg\" class=\"attachment-standard-lower size-standard-lower wp-post-image\" alt=\"A Termini e Colosseo arrivano i \u201cpuma\u201d dell\u2019Esercito. Meloni: Altro che depotenziamento di strade sicure\" title=\"A Termini e Colosseo arrivano i \u201cpuma\u201d dell\u2019Esercito. Meloni: Altro che depotenziamento di strade sicure\"><\/a><\/figure>\n<p class=\"occhiello\">Tre blindati a Roma<\/p>\n<p><a href=\"https:\/\/www.secoloditalia.it\/2026\/01\/a-termini-e-colosseo-arrivano-i-puma-dellesercito-meloni-altro-che-depotenziamento-di-strade-sicure\/\"><\/p>\n<h4 class=\"titolo\">A Termini e Colosseo arrivano i \u201cpuma\u201d dell\u2019Esercito. Meloni: Altro che depotenziamento di strade sicure<\/h4>\n<p><\/a><\/article>\n<article>\n<p class=\"occhiello\">Parte il bando Consip<\/p>\n<p><a href=\"https:\/\/www.secoloditalia.it\/2026\/01\/per-la-prima-volta-una-assicurazione-sanitaria-gratuita-per-oltre-1milione-e-200mila-lavoratori-della-scuola\/\"><\/p>\n<h4 class=\"titolo\">Per la prima volta una assicurazione sanitaria gratuita per oltre 1milione e 200mila lavoratori della scuola<\/h4>\n<p><\/a><\/article>\n<article>\n<p class=\"occhiello\">La soddisfazione di FdI<\/p>\n<p><a href=\"https:\/\/www.secoloditalia.it\/2026\/01\/precari-della-giustizia-il-governo-supera-le-aspettative-e-ne-assume-oltre-novemila\/\"><\/p>\n<h4 class=\"titolo\">Precari della giustizia, il governo supera le aspettative e ne assume oltre novemila<\/h4>\n<p><\/a><\/article>\n<article>\n<p class=\"categoria\">Esteri<\/p>\n<figure class=\"special\"><a href=\"https:\/\/www.secoloditalia.it\/2026\/01\/niger-attacco-allaeroporto-che-ospita-militari-italiani-crosetto-i-nostri-soldati-non-coinvolti\/\" aria-label=\"Niger, attacco all\u2019aeroporto che ospita militari italiani. Crosetto: \u201cI nostri soldati non coinvolti\u201d\" class=\"lower\"><img decoding=\"async\" width=\"370\" height=\"154\" src=\"https:\/\/analyse.optim.biz\/wp-content\/uploads\/2026\/01\/sbarra-2026-01-29t144648-466-370x154-1-9.jpg\" class=\"attachment-standard-lower size-standard-lower wp-post-image\" alt=\"Niger\" loading=\"lazy\" title=\"Niger\"><\/a><\/figure>\n<p class=\"occhiello\">Il ministro rassicura<\/p>\n<p><a href=\"https:\/\/www.secoloditalia.it\/2026\/01\/niger-attacco-allaeroporto-che-ospita-militari-italiani-crosetto-i-nostri-soldati-non-coinvolti\/\"><\/p>\n<h4 class=\"titolo\">Niger, attacco all\u2019aeroporto che ospita militari italiani. Crosetto: \u201cI nostri soldati non coinvolti\u201d<\/h4>\n<p><\/a><\/article>\n<p> Source URL: https:\/\/www.secoloditalia.it\/2026\/01\/prosciutto-vietato-nelle-scuole-per-non-urtare-i-musulmani-il-premier-sanchez-ora-punta-sul-menu-halal\/<\/p>\n","protected":false},"excerpt":{"rendered":"<p>Mai dire Jam\u00f2n Prosciutto vietato nelle scuole per non urtare i musulmani: il premier S\u00e1nchez ora punta sul men\u00f9 halal Esteri &#8211; di Alice Carrazza &#8211; 27 Gennaio 2026 alle 11:01 E cos\u00ec la rivoluzione culturale passa dal vassoio della mensa. Non dai confini, non dalle leggi costituzionali, ma dal piatto di uno scolaro. Il [&hellip;]<\/p>\n","protected":false},"author":1,"featured_media":1542211,"comment_status":"open","ping_status":"","sticky":false,"template":"","format":"standard","meta":{"footnotes":""},"categories":[87],"tags":[123],"class_list":["post-1542209","post","type-post","status-publish","format-standard","has-post-thumbnail","hentry","category-italy","tag-secoloditalia-it"],"_links":{"self":[{"href":"https:\/\/analyse.optim.biz\/index.php?rest_route=\/wp\/v2\/posts\/1542209","targetHints":{"allow":["GET"]}}],"collection":[{"href":"https:\/\/analyse.optim.biz\/index.php?rest_route=\/wp\/v2\/posts"}],"about":[{"href":"https:\/\/analyse.optim.biz\/index.php?rest_route=\/wp\/v2\/types\/post"}],"author":[{"embeddable":true,"href":"https:\/\/analyse.optim.biz\/index.php?rest_route=\/wp\/v2\/users\/1"}],"replies":[{"embeddable":true,"href":"https:\/\/analyse.optim.biz\/index.php?rest_route=%2Fwp%2Fv2%2Fcomments&post=1542209"}],"version-history":[{"count":0,"href":"https:\/\/analyse.optim.biz\/index.php?rest_route=\/wp\/v2\/posts\/1542209\/revisions"}],"wp:featuredmedia":[{"embeddable":true,"href":"https:\/\/analyse.optim.biz\/index.php?rest_route=\/wp\/v2\/media\/1542211"}],"wp:attachment":[{"href":"https:\/\/analyse.optim.biz\/index.php?rest_route=%2Fwp%2Fv2%2Fmedia&parent=1542209"}],"wp:term":[{"taxonomy":"category","embeddable":true,"href":"https:\/\/analyse.optim.biz\/index.php?rest_route=%2Fwp%2Fv2%2Fcategories&post=1542209"},{"taxonomy":"post_tag","embeddable":true,"href":"https:\/\/analyse.optim.biz\/index.php?rest_route=%2Fwp%2Fv2%2Ftags&post=1542209"}],"curies":[{"name":"wp","href":"https:\/\/api.w.org\/{rel}","templated":true}]}}