{"id":1542173,"date":"2026-01-27T11:45:32","date_gmt":"2026-01-27T08:45:32","guid":{"rendered":"https:\/\/analyse.optim.biz\/?p=1542173"},"modified":"2026-01-27T11:45:32","modified_gmt":"2026-01-27T08:45:32","slug":"meloni-impegno-del-governo-per-prevenire-e-combattere-la-piaga-lantisemitismo","status":"publish","type":"post","link":"https:\/\/analyse.optim.biz\/?p=1542173","title":{"rendered":"Meloni: Impegno del governo per prevenire e combattere la piaga l&#8217;antisemitismo"},"content":{"rendered":"<article id=\"post-1524079\" class=\"post-1524079 post type-post status-publish format-standard has-post-thumbnail hentry category-senza-categoria posizione-editoriale-apertura posizione-editoriale-apertura-secondaria posizione-editoriale-centro-pagina\">\n<div>\n<figure class=\"evidence-wrapper\"><img loading=\"lazy\" decoding=\"async\" width=\"860\" height=\"358\" src=\"https:\/\/analyse.optim.biz\/wp-content\/uploads\/2026\/01\/auschwitz-buona-860x358-1.jpg\" class=\"attachment-single size-single wp-post-image\" alt=\"Meloni: Impegno del governo per prevenire e combattere la piaga l\u2019antisemitismo\" title=\"Meloni: Impegno del governo per prevenire e combattere la piaga l\u2019antisemitismo\"><\/figure>\n<p class=\"occhiello\">Nel giorno della memoria<\/p>\n<h1>Meloni: Impegno del governo per prevenire e combattere la piaga l\u2019antisemitismo<\/h1>\n<p class=\"sottotitolo\">La premier interviene in occasione della giornata dedicata alle vittime della Shoah. Le Istituzioni si ritrovano al Quirinale, insieme al Capo dello Stato per ricordare e per ribadire che quello che \u00e8 accaduto in passato non ritorni mai pi\u00f9<\/p>\n<div class=\"info-condivisione\">\n<div>\n<p><span class=\"categoria\">Senza categoria<\/span><\/p>\n<p>\t\t\t\t\t &#8211; di <span class=\"autore\">Eva De Alessandri<\/span> &#8211; <span class=\"data\">27 Gennaio 2026 alle 12:45<\/span><\/p>\n<\/div>\n<\/div>\n<div class=\"contenuto\">\n<p>\u00abIl 27 gennaio di ottantuno anni fa, con l\u2019abbattimento dei cancelli di Auschwitz, il mondo ha visto con i suoi occhi l\u2019abisso della Shoah. Da quel momento, tutto \u00e8 cambiato. <strong>La pi\u00f9 grande macchina di morte concepita nella storia dell\u2019umanit\u00e0 mostrava a tutti la sua ferocia, la sua sistematicit\u00e0, il suo disegno diabolico.<\/strong> Milioni di persone strappate dalle loro case e uccise nei campi di sterminio, solo perch\u00e9 di religione ebraica. Un piano congegnato e messo in atto per cancellare dall\u2019Europa ogni traccia della presenza, millenaria e feconda, degli ebrei e delle comunit\u00e0 ebraiche\u00bb. Inizia con queste parole il lungo messaggio del presidente del Consiglio, Giorgia <strong>Meloni,<\/strong> diffuso in occasione del Giorno della Memoria che si celebra oggi. Sono molte le iniziative in programma nel corso della giornata, che vedono il patrocinio della Presidenza del Consiglio dei ministri.<\/p>\n<h2>Meloni: ricordiamo i nomi delle vittime e rinnoviamo la memoria<\/h2>\n<p>\u00abNel Giorno della Memoria\u00bb continua Giorgia Meloni \u00ab<strong>ricordiamo i nomi e i cognomi delle vittime e rinnoviamo la memoria di ci\u00f2 che \u00e8 successo, anche attraverso la preziosa testimonianza dei sopravvissuti e dei loro discendenti.<\/strong> Oggi celebriamo i Giusti di ogni Nazione, che non esitarono a mettere a rischio la loro vita per opporsi al disegno nazista e salvare vite innocenti. In questa giornata torniamo a condannare la complicit\u00e0 del regime fascista nelle persecuzioni, nei rastrellamenti, nelle deportazioni. Una pagina buia della storia italiana, <strong>sigillata dall\u2019ignominia delle leggi razziali del 1938\u00bb<\/strong>, sottolinea la premier.<\/p>\n<div class=\"code-block code-block-6\"><\/div>\n<h2>Antisemitismo non ancora sconfitto<\/h2>\n<p>\u00abPurtroppo, a distanza di molti anni, <strong>l\u2019antisemitismo non \u00e8 stato ancora definitivamente sconfitto. \u00c8 un morbo che \u00e8 tornato a diffondersi, con forme nuove e virulente. Oggi ribadiamo il nostro impegno per prevenire e combattere<\/strong> ogni declinazione di questa piaga, che avvelena le nostre societ\u00e0 e ha l\u2019obiettivo di demolire i principi di libert\u00e0 e rispetto che sono alla base della coesione sociale\u00bb conclude il capo del Governo.<\/p>\n<h2>Evento commemorativo al Quirinale<\/h2>\n<p>E per celebrare il 27 gennaio e ricordare le vittime della shoah sono intervenuti in molti nel corso della giornata, a partire dalle pi\u00f9 alte cariche dello Stato, che hanno preso parte al tradizionale e centrale appuntamento del <strong>Quirinale, presieduto dal Presidente della Repubblica, Sergio Mattarella. Presenti nella sede del Capo dello Stato anche la senatrice a vita Liliana Segre, Sami Modiano e circa 40 studenti<\/strong> provenienti da tutta Italia, di ritorno dal Viaggio della Memoria nei luoghi simbolo della deportazione e dello sterminio: Auschwitz e Birkenau , il ghetto ebraico di Cracovia , il campo di Fossoli e il Memoriale della Shoah al Binario 21 di Milano.<\/p>\n<h2>La Russa: la pi\u00f9 grande tragedia del 900<\/h2>\n<p>Al Quirinale tra i presenti anche il Presidente del Senato, <strong>Ignazio La Russa,<\/strong> che ha dichiarato in una nota: \u00abIn occasione del Giorno della Memoria <strong>rendiamo omaggio alle vittime della Shoah, la pi\u00f9 grande tragedia del Novecento,<\/strong> causata da un odio cieco e barbaro contro il popolo ebraico. Una data importante che non pu\u00f2 e non deve ridursi alla sola commemorazione, ma diventare occasione di riflessione e responsabilit\u00e0, capace di tenere viva, ogni giorno, la memoria e tramandare alle nuove generazioni i valori di tolleranza e rispetto. Rinnoviamo la nostra vicinanza e solidariet\u00e0 al popolo ebraico e continuiamo a tenere alta la guardia davanti al riaffacciarsi di vergognosi e inaccettabili rigurgiti razzisti, antisemiti e antisionisti\u00bb.<\/p>\n<h2>Shoah: Piantedosi: \u201cslancio a impegno contro reati d\u2019odio\u201d<\/h2>\n<p>Anche il ministro dell\u2019Intero, Matteo <strong>Piantedosi, \u00e8 intervenuto sui suoi sociale: \u00abIl 27 gennaio non \u00e8 una data che appartiene solo al passato.<\/strong> Ricordare la Shoah, l\u2019abisso dei campi di sterminio e la vergogna delle leggi razziali non \u00e8 un rito formale, n\u00e9 una stanca consuetudine istituzionale. Onorare le memoria di tutte le vittime della barbarie nazifascista \u00e8 oggi pi\u00f9 che mai fondamentale, non solo per contrastare <strong>ogni tentativo di riscrivere la storia, ma anche per combattere un nemico pi\u00f9 subdolo e insidioso: l\u2019indifferenza che permette al male di radicarsi<\/strong>\u00bb. Cos\u00ec su \u2018X\u2019 il Ministro, che ha proseguito scrivendo che \u00abnel nostro Paese non potr\u00e0 mai esserci spazio per la violenza e l\u2019antisemitismo. Per questo \u00e8 necessario <strong>dare nuovo slancio all\u2019impegno di Istituzioni e societ\u00e0 civile nel contrastare i reati d\u2019odio, fronteggiare l\u2019intolleranza e preservare il tessuto sano della nostra societ\u00e0<\/strong>. Mi appello alle giovani generazioni: la Memoria \u00e8 l\u2019antidoto pi\u00f9 forte per difendere e proseguire nella costruzione di quel futuro di pace e coesione che abbiamo ereditato grazie al sacrificio di tutti coloro che hanno combattuto contro regimi e totalitarismi, a costo della propria vita\u00bb, ha concluso Piantedosi.<\/p>\n<h2>Tajani: diciamo insieme \u201cmai pi\u00f9\u201d<\/h2>\n<p>Con un video messaggio il <strong>vicepremier e ministro degli Esteri, Antonio Tajani<\/strong> ha ricordato che \u00abLa memoria non \u00e8 un rito formale, \u00e8 una responsabilit\u00e0 collettiva verso il futuro. E\u2019 <strong>nostro dovere consegnare alle nuove generazioni un mondo libero dal virus dell\u2019antisemitismo.<\/strong> La lotta all\u2019antisemitismo \u00e8 per me la battaglia di una vita, sia a livello politico che umano. Il governo italiano \u00e8 in prima linea per contrastare l\u2019odio antisemita. Un impegno che porto ogni giorno sia in Europa, sia in tutte le riunioni internazionali, come segno della nostra azione concreta e incessante per promuovere dialogo e pace. Oggi, insieme, diciamo ancora una volta ovunque nel mondo, mai pi\u00f9\u00bb.<\/p>\n<h2>Salvini: sempre dalla parte del popolo ebraico<\/h2>\n<p>Messaggio affidato a un video sui social anche da Matteo <strong>Salvini<\/strong>: \u00ab<strong>Per non dimenticare mai. Nel \u2018Giorno della memoria\u2019, al di l\u00e0 di tante parole, tanti impegni, tanti convegni, perch\u00e9 mai pi\u00f9 accada quello che \u00e8 accaduto, occorre costruire rispetto.<\/strong> Quindi sempre con le comunit\u00e0 ebraiche, col diritto alla libert\u00e0 di religione, di parola di pensiero tutto il mondo e contro chi vuole ancora oggi cancellare dalla faccia della terra un intero popolo. E penso \u2013 aggiunge \u2013 ai fanatici, agli estremisti islamici che anche in queste ore hanno parole di odio e di violenza. E quindi che nel cuore del ghetto sia un simbolo di pace e di futuro \u00e8 qualcosa di fondamentale. E occorre ricordare quello che \u00e8 accaduto perch\u00e9 non riaccada e combattere ogni tipo di violenza e di parole che riportano allo sterminio che mai pi\u00f9 accada. Sempre dalla parte del popolo ebraico sempre dalla parte di Israele contro ogni forma di violenza e di antisemitismo in Italia e in tutto il mondo\u00bb.<\/p>\n<h2>Lollobrigida: nessuno spazio per l\u2019antisemitismo<\/h2>\n<p>Sui social il ministro dell\u2019Agricoltura, della Sovranit\u00e0 alimentare e delle Foreste, Francesco Lollobrigida, ha scritto: \u00ab<strong>La memoria \u00e8 un dovere. Ottant\u2019anni fa il mondo scopr\u00ec le atrocit\u00e0 del nazismo inflitte al popolo ebraico nei campi di concentramento.<\/strong> Capimmo che le tenebre avevano regnato sull\u2019umanit\u00e0, con terribili leggi discriminatorie che anche il fascismo aveva promulgato. Di fronte al riaffiorare dell\u2019antisemitismo e a nuove forme di odio e violenza, la memoria deve restare un monito: ci\u00f2 che accadde in Europa non deve mai pi\u00f9 accadere. Non ci deve essere alcuno spazio per l\u2019antisemitismo\u00bb.<\/p>\n<h2>\n<div class=\"block-premium\">\n<div class=\"message\">Per continuare a leggere l&#8217;articolo <a href=\"https:\/\/www.secoloditalia.it\/sostienici\/\">sostienici<\/a> oppure <a href=\"https:\/\/www.secoloditalia.it\/application\/wp-login.php?redirect_to=https%3A%2F%2Fwww.secoloditalia.it%2F2026%2F01%2Fmeloni-impegno-del-governo-per-prevenire-e-combattere-la-piaga-lantisemitismo%2F\">accedi<\/a><\/div>\n<p><a href=\"https:\/\/www.secoloditalia.it\/sostienici\/\"><img decoding=\"async\" src=\"https:\/\/analyse.optim.biz\/wp-content\/uploads\/2026\/01\/banner-premium-secolo-23.png\" title=\"banner-premium-secolo-23\"><\/a><\/div>\n<\/h2>\n<\/div>\n<div class=\"commentSectionContainer\">\n<p class=\"comments-title\">Non ci sono commenti, inizia una discussione<\/p>\n<\/div>\n<div id=\"comments\" class=\"comments-area closed\">\n<div id=\"respond\" class=\"comment-respond\">\n<h3 id=\"reply-title\" class=\"comment-reply-title\">Lascia un commento <small><a rel=\"nofollow\" id=\"cancel-comment-reply-link\" href=\"https:\/\/www.secoloditalia.it\/2026\/01\/meloni-impegno-del-governo-per-prevenire-e-combattere-la-piaga-lantisemitismo\/#respond\">Annulla risposta<\/a><\/small><\/h3>\n<p class=\"comment-notes\"><span id=\"email-notes\">Il tuo indirizzo email non sar\u00e0 pubblicato.<\/span><span class=\"required-field-message\">I campi obbligatori sono contrassegnati <span class=\"required\">*<\/span><\/span><\/p>\n<\/div>\n<\/div>\n<div class=\"info-condivisione bottom\">\n<div>\n<p>di <span class=\"autore\">Eva De Alessandri<\/span> &#8211; <span class=\"data\">27 Gennaio 2026<\/span><\/p>\n<\/div>\n<\/div>\n<\/div>\n<\/article>\n<article>\n<figure class=\"special\"><a href=\"https:\/\/www.secoloditalia.it\/2026\/01\/a-termini-e-colosseo-arrivano-i-puma-dellesercito-meloni-altro-che-depotenziamento-di-strade-sicure\/\" aria-label=\"A Termini e Colosseo arrivano i \u201cpuma\u201d dell\u2019Esercito. Meloni: Altro che depotenziamento di strade sicure\" class=\"lower\"><img loading=\"lazy\" decoding=\"async\" width=\"370\" height=\"154\" src=\"https:\/\/analyse.optim.biz\/wp-content\/uploads\/2026\/01\/strade-sicure-buona-1-370x154-30.jpg\" class=\"attachment-standard-lower size-standard-lower wp-post-image\" alt=\"A Termini e Colosseo arrivano i \u201cpuma\u201d dell\u2019Esercito. Meloni: Altro che depotenziamento di strade sicure\" title=\"A Termini e Colosseo arrivano i \u201cpuma\u201d dell\u2019Esercito. Meloni: Altro che depotenziamento di strade sicure\"><\/a><\/figure>\n<p class=\"occhiello\">Tre blindati a Roma<\/p>\n<p><a href=\"https:\/\/www.secoloditalia.it\/2026\/01\/a-termini-e-colosseo-arrivano-i-puma-dellesercito-meloni-altro-che-depotenziamento-di-strade-sicure\/\"><\/p>\n<h4 class=\"titolo\">A Termini e Colosseo arrivano i \u201cpuma\u201d dell\u2019Esercito. Meloni: Altro che depotenziamento di strade sicure<\/h4>\n<p><\/a><\/article>\n<article>\n<p class=\"occhiello\">Parte il bando Consip<\/p>\n<p><a href=\"https:\/\/www.secoloditalia.it\/2026\/01\/per-la-prima-volta-una-assicurazione-sanitaria-gratuita-per-oltre-1milione-e-200mila-lavoratori-della-scuola\/\"><\/p>\n<h4 class=\"titolo\">Per la prima volta una assicurazione sanitaria gratuita per oltre 1milione e 200mila lavoratori della scuola<\/h4>\n<p><\/a><\/article>\n<article>\n<p class=\"occhiello\">La soddisfazione di FdI<\/p>\n<p><a href=\"https:\/\/www.secoloditalia.it\/2026\/01\/precari-della-giustizia-il-governo-supera-le-aspettative-e-ne-assume-oltre-novemila\/\"><\/p>\n<h4 class=\"titolo\">Precari della giustizia, il governo supera le aspettative e ne assume oltre novemila<\/h4>\n<p><\/a><\/article>\n<article>\n<p class=\"categoria\">Senza categoria<\/p>\n<figure class=\"special\"><a href=\"https:\/\/www.secoloditalia.it\/2026\/01\/pd-oggi-le-comiche-sul-referendum-vendola-come-bettini-giusta-la-separazione-delle-carriere-ma-voto-no\/\" aria-label=\"Pd, oggi le comiche sul referendum. Vendola come Bettini: \u201cGiusta la separazione delle carriere, ma voto no\u201d\" class=\"lower\"><img decoding=\"async\" width=\"370\" height=\"154\" src=\"https:\/\/analyse.optim.biz\/wp-content\/uploads\/2026\/01\/pd_referendum_vendola-370x154-2.jpg\" class=\"attachment-standard-lower size-standard-lower wp-post-image\" alt=\"Pd, oggi le comiche sul referendum. Vendola come Bettini: \u201cGiusta la separazione delle carriere, ma voto no\u201d\" loading=\"lazy\" title=\"Pd, oggi le comiche sul referendum. Vendola come Bettini: \u201cGiusta la separazione delle carriere, ma voto no\u201d\"><\/a><\/figure>\n<p class=\"occhiello\">Giustizia<\/p>\n<p><a href=\"https:\/\/www.secoloditalia.it\/2026\/01\/pd-oggi-le-comiche-sul-referendum-vendola-come-bettini-giusta-la-separazione-delle-carriere-ma-voto-no\/\"><\/p>\n<h4 class=\"titolo\">Pd, oggi le comiche sul referendum. <strong> Vendola come Bettini:<\/strong> &#8220;Giusta la separazione delle carriere, ma voto no&#8221;<\/h4>\n<p><\/a><\/article>\n<p> Source URL: https:\/\/www.secoloditalia.it\/2026\/01\/meloni-impegno-del-governo-per-prevenire-e-combattere-la-piaga-lantisemitismo\/<\/p>\n","protected":false},"excerpt":{"rendered":"<p>Nel giorno della memoria Meloni: Impegno del governo per prevenire e combattere la piaga l\u2019antisemitismo La premier interviene in occasione della giornata dedicata alle vittime della Shoah. Le Istituzioni si ritrovano al Quirinale, insieme al Capo dello Stato per ricordare e per ribadire che quello che \u00e8 accaduto in passato non ritorni mai pi\u00f9 Senza [&hellip;]<\/p>\n","protected":false},"author":1,"featured_media":1542176,"comment_status":"open","ping_status":"","sticky":false,"template":"","format":"standard","meta":{"footnotes":""},"categories":[87],"tags":[123],"class_list":["post-1542173","post","type-post","status-publish","format-standard","has-post-thumbnail","hentry","category-italy","tag-secoloditalia-it"],"_links":{"self":[{"href":"https:\/\/analyse.optim.biz\/index.php?rest_route=\/wp\/v2\/posts\/1542173","targetHints":{"allow":["GET"]}}],"collection":[{"href":"https:\/\/analyse.optim.biz\/index.php?rest_route=\/wp\/v2\/posts"}],"about":[{"href":"https:\/\/analyse.optim.biz\/index.php?rest_route=\/wp\/v2\/types\/post"}],"author":[{"embeddable":true,"href":"https:\/\/analyse.optim.biz\/index.php?rest_route=\/wp\/v2\/users\/1"}],"replies":[{"embeddable":true,"href":"https:\/\/analyse.optim.biz\/index.php?rest_route=%2Fwp%2Fv2%2Fcomments&post=1542173"}],"version-history":[{"count":0,"href":"https:\/\/analyse.optim.biz\/index.php?rest_route=\/wp\/v2\/posts\/1542173\/revisions"}],"wp:featuredmedia":[{"embeddable":true,"href":"https:\/\/analyse.optim.biz\/index.php?rest_route=\/wp\/v2\/media\/1542176"}],"wp:attachment":[{"href":"https:\/\/analyse.optim.biz\/index.php?rest_route=%2Fwp%2Fv2%2Fmedia&parent=1542173"}],"wp:term":[{"taxonomy":"category","embeddable":true,"href":"https:\/\/analyse.optim.biz\/index.php?rest_route=%2Fwp%2Fv2%2Fcategories&post=1542173"},{"taxonomy":"post_tag","embeddable":true,"href":"https:\/\/analyse.optim.biz\/index.php?rest_route=%2Fwp%2Fv2%2Ftags&post=1542173"}],"curies":[{"name":"wp","href":"https:\/\/api.w.org\/{rel}","templated":true}]}}