{"id":1542158,"date":"2026-01-27T12:03:54","date_gmt":"2026-01-27T09:03:54","guid":{"rendered":"https:\/\/analyse.optim.biz\/?p=1542158"},"modified":"2026-01-27T12:03:54","modified_gmt":"2026-01-27T09:03:54","slug":"davos-cambia-rotta-leconomia-torna-a-contare-piu-del-clima-i-dati-del-global-risks-report-2026","status":"publish","type":"post","link":"https:\/\/analyse.optim.biz\/?p=1542158","title":{"rendered":"Davos cambia rotta: l&#8217;economia torna a contare pi\u00f9 del clima. I dati del Global Risks Report 2026"},"content":{"rendered":"<article id=\"post-1524098\" class=\"post-1524098 post type-post status-publish format-standard has-post-thumbnail hentry category-economia posizione-editoriale-apertura-secondaria\">\n<div>\n<figure class=\"evidence-wrapper\"><img loading=\"lazy\" decoding=\"async\" width=\"860\" height=\"358\" src=\"https:\/\/analyse.optim.biz\/wp-content\/uploads\/2026\/01\/daovs-global-risks-report-860x358-1.jpg\" class=\"attachment-single size-single wp-post-image\" alt=\"Davos cambia rotta: l\u2019economia torna a contare pi\u00f9 del clima. I dati del Global Risks Report 2026\" title=\"Davos cambia rotta: l\u2019economia torna a contare pi\u00f9 del clima. I dati del Global Risks Report 2026\"><\/figure>\n<p class=\"occhiello\">Rapporto con sorpresa<\/p>\n<h1>Davos cambia rotta: l\u2019economia torna a contare pi\u00f9 del clima. I dati del Global Risks Report 2026<\/h1>\n<p class=\"sottotitolo\">Il World Economic Forum scopre quello che i realisti dicevano da anni<\/p>\n<div class=\"info-condivisione\">\n<div>\n<p><span class=\"categoria\">Economia<\/span><\/p>\n<p>\t\t\t\t\t &#8211; di <span class=\"autore\">Marzia Mazzoni<\/span> &#8211; <span class=\"data\">27 Gennaio 2026 alle 13:03<\/span><\/p>\n<\/div>\n<\/div>\n<div class=\"contenuto\">\n<p>Il <strong>Global Risks Report 2026<\/strong> ribalta le priorit\u00e0. I rischi economici scalano la classifica, quelli ambientali scivolano. E il World Economic Forum scopre quello che i realisti dicevano da anni.<\/p>\n<p>\u00a0<\/p>\n<div class=\"code-block code-block-6\"><\/div>\n<p>Per la prima volta nella storia ventennale del Global Risks Report, tutti i rischi ambientali perdono terreno nella classifica di breve periodo. E non solo in termini relativi, superati da altre emergenze. Anche in termini assoluti: i punteggi di gravit\u00e0 attribuiti a ciascuno di essi sono calati rispetto all\u2019anno scorso. \u00c8 il segnale pi\u00f9 netto che arriva da Davos in questo gennaio 2026.<\/p>\n<h2>L\u2019era della competizione<\/h2>\n<p>Il World Economic Forum chiama questa fase storica \u201cEra della Competizione\u201d. Un cambio di passo che non arriva dal nulla: gi\u00e0 dal 2024 il report aveva abbandonato il linguaggio rassicurante dei \u201cmegatrend\u201d \u2013 quelle grandi correnti prevedibili che si potevano cavalcare \u2013 per sostituirlo con \u201cforze strutturali\u201d, tensioni che si accumulano e collidono senza un copione prestabilito. Ora quel cambio semantico trova conferma nei fatti.<br \/>\nIl multilateralismo arretra. Le regole internazionali vacillano. La fiducia tra Stati \u2013 quella che il report definisce \u201cla valuta della cooperazione\u201d \u2013 si svaluta ogni giorno.<\/p>\n<h2>Global Risks Report 2026 (<a href=\"https:\/\/www.weforum.org\/publications\/global-risks-report-2026\/\" target=\"_blank\" rel=\"noopener\">il link al documento completo<\/a>)<\/h2>\n<p>I numeri fotografano un pessimismo diffuso: il 68% degli esperti intervistati si aspetta, nel prossimo decennio, un ordine mondiale frammentato, con potenze regionali che si contendono sfere d\u2019influenza e impongono regole proprie. Solo il 6% crede ancora possibile un ritorno all\u2019ordine internazionale a guida americana. Siamo gi\u00e0 nel mondo post-egemonico.<\/p>\n<h3>L\u2019economia si riprende la scena<\/h3>\n<p>La vera notizia sta nei numeri. Dopo anni di dominio incontrastato dei rischi climatici, sono quelli economici a registrare i balzi pi\u00f9 vistosi nella classifica biennale. Recessione economica e inflazione salgono entrambi di otto posizioni \u2013 nessun\u2019altra categoria si muove cos\u00ec. Lo scoppio di bolle speculative guadagna sette posti. Il confronto geoeconomico \u2013 sanzioni, dazi, guerra commerciale \u2013 diventa il rischio numero uno, superando persino i conflitti armati. L\u2019anno scorso era al nono posto.<br \/>\nTimori fondati, peraltro. Il report ricorda che il 45% del debito sovrano dei Paesi OCSE scade tra il 2025 e il 2027, in un contesto di tassi ancora alti e margini fiscali ridotti all\u2019osso. A questo si aggiunge un terzo del debito delle imprese a livello globale da rifinanziare nello stesso arco di tempo. Il WEF la chiama \u201cresa dei conti economica\u201d.<\/p>\n<h2>Il clima pu\u00f2 aspettare<\/h2>\n<p>Ed ecco il passaggio che far\u00e0 discutere. Gli eventi meteorologici estremi passano dal secondo al quarto posto. La perdita di biodiversit\u00e0 crolla di cinque posizioni. I cambiamenti critici ai sistemi terrestri ne perdono sette. L\u2019inquinamento perde tre posizioni.<br \/>\nNel lungo periodo, a dieci anni, l\u2019ambiente resta in cima alla classifica. Il segnale di breve termine per\u00f2 parla chiaro: quando l\u2019economia traballa, quando l\u2019inflazione erode i salari, quando il debito diventa insostenibile, il clima scivola in secondo piano. Per forza di cose. Qualcuno, proprio a Davos, l\u2019ha detto in modo pi\u00f9 ruvido. I dati raccontavano gi\u00e0 la stessa storia.<br \/>\nL\u2019intelligenza artificiale: il grande punto interrogativo<br \/>\nUn altro movimento merita attenzione. Tra tutti i 33 rischi analizzati, quello legato agli esiti negativi dell\u2019intelligenza artificiale compie il salto pi\u00f9 lungo: dalla trentesima posizione nell\u2019orizzonte a due anni fino alla quinta in quello a dieci anni.<br \/>\nOggi l\u2019IA viene percepita come un amplificatore di altri problemi \u2013 disinformazione, attacchi informatici, instabilit\u00e0 geopolitica. Domani potrebbe diventare un rischio sistemico a s\u00e9 stante. Il paradosso \u00e8 sotto gli occhi di tutti: governi e imprese investono cifre colossali per restare in corsa, senza aver capito fino in fondo cosa stanno costruendo.<\/p>\n<h3>Cosa cambia per noi<\/h3>\n<p>Per chi fa impresa in Italia, questo report conferma sensazioni gi\u00e0 diffuse. Instabilit\u00e0 economica, catene di fornitura fragili, costi energetici imprevedibili, debito pubblico che limita ogni manovra: sono i rischi con cui conviviamo da tempo. La novit\u00e0 \u00e8 che adesso anche Davos li mette in cima alla lista.<br \/>\nLa sostenibilit\u00e0 resta importante, ma deve tornare a essere uno strumento di competitivit\u00e0. In questo senso, l\u2019approccio italiano anticipa quello che il WEF ora legittima implicitamente. La Valutazione di Impatto Generazionale introdotta dal governo guarda agli effetti di lungo periodo delle politiche pubbliche senza cedere al dirigismo delle direttive europee, sempre pi\u00f9 ambiziose sulla carta e sempre meno applicate nella realt\u00e0.<\/p>\n<h2>La lezione<\/h2>\n<p>Per anni il World Economic Forum \u00e8 stato il palcoscenico del globalismo progressista, il luogo dove nascevano slogan poi ripetuti ovunque. Questo report segna un cambio di tono. I rischi economici contano. La competizione tra Stati conta. L\u2019ambiente conta, certo, ma smette di essere l\u2019unica chiave di lettura del mondo.<br \/>\nLa realt\u00e0, alla fine, presenta sempre il conto.<\/p>\n<p>\u00a0<\/p>\n<p>\u00a0<\/p>\n<\/div>\n<div class=\"commentSectionContainer\">\n<p class=\"comments-title\">Non ci sono commenti, inizia una discussione<\/p>\n<\/div>\n<div id=\"comments\" class=\"comments-area closed\">\n<div id=\"respond\" class=\"comment-respond\">\n<h3 id=\"reply-title\" class=\"comment-reply-title\">Lascia un commento <small><a rel=\"nofollow\" id=\"cancel-comment-reply-link\" href=\"https:\/\/www.secoloditalia.it\/2026\/01\/davos-cambia-rotta-leconomia-torna-a-contare-piu-del-clima-i-dati-del-global-risks-report-2026\/#respond\">Annulla risposta<\/a><\/small><\/h3>\n<p class=\"comment-notes\"><span id=\"email-notes\">Il tuo indirizzo email non sar\u00e0 pubblicato.<\/span><span class=\"required-field-message\">I campi obbligatori sono contrassegnati <span class=\"required\">*<\/span><\/span><\/p>\n<\/div>\n<\/div>\n<div class=\"info-condivisione bottom\">\n<div>\n<p>di <span class=\"autore\">Marzia Mazzoni<\/span> &#8211; <span class=\"data\">27 Gennaio 2026<\/span><\/p>\n<\/div>\n<\/div>\n<\/div>\n<\/article>\n<article>\n<figure class=\"special\"><a href=\"https:\/\/www.secoloditalia.it\/2026\/01\/a-termini-e-colosseo-arrivano-i-puma-dellesercito-meloni-altro-che-depotenziamento-di-strade-sicure\/\" aria-label=\"A Termini e Colosseo arrivano i \u201cpuma\u201d dell\u2019Esercito. Meloni: Altro che depotenziamento di strade sicure\" class=\"lower\"><img loading=\"lazy\" decoding=\"async\" width=\"370\" height=\"154\" src=\"https:\/\/analyse.optim.biz\/wp-content\/uploads\/2026\/01\/strade-sicure-buona-1-370x154-29.jpg\" class=\"attachment-standard-lower size-standard-lower wp-post-image\" alt=\"A Termini e Colosseo arrivano i \u201cpuma\u201d dell\u2019Esercito. Meloni: Altro che depotenziamento di strade sicure\" title=\"A Termini e Colosseo arrivano i \u201cpuma\u201d dell\u2019Esercito. Meloni: Altro che depotenziamento di strade sicure\"><\/a><\/figure>\n<p class=\"occhiello\">Tre blindati a Roma<\/p>\n<p><a href=\"https:\/\/www.secoloditalia.it\/2026\/01\/a-termini-e-colosseo-arrivano-i-puma-dellesercito-meloni-altro-che-depotenziamento-di-strade-sicure\/\"><\/p>\n<h4 class=\"titolo\">A Termini e Colosseo arrivano i \u201cpuma\u201d dell\u2019Esercito. Meloni: Altro che depotenziamento di strade sicure<\/h4>\n<p><\/a><\/article>\n<article>\n<p class=\"occhiello\">Parte il bando Consip<\/p>\n<p><a href=\"https:\/\/www.secoloditalia.it\/2026\/01\/per-la-prima-volta-una-assicurazione-sanitaria-gratuita-per-oltre-1milione-e-200mila-lavoratori-della-scuola\/\"><\/p>\n<h4 class=\"titolo\">Per la prima volta una assicurazione sanitaria gratuita per oltre 1milione e 200mila lavoratori della scuola<\/h4>\n<p><\/a><\/article>\n<article>\n<p class=\"occhiello\">La soddisfazione di FdI<\/p>\n<p><a href=\"https:\/\/www.secoloditalia.it\/2026\/01\/precari-della-giustizia-il-governo-supera-le-aspettative-e-ne-assume-oltre-novemila\/\"><\/p>\n<h4 class=\"titolo\">Precari della giustizia, il governo supera le aspettative e ne assume oltre novemila<\/h4>\n<p><\/a><\/article>\n<article>\n<p class=\"categoria\">Economia<\/p>\n<figure class=\"special\"><a href=\"https:\/\/www.secoloditalia.it\/2026\/01\/lavoro-buone-notizie-salari-su-cig-giu-osnato-fdi-smentita-la-propaganda-della-sinistra\/\" aria-label=\"Lavoro, buone notizie: salari su, Cig gi\u00f9. Osnato (FdI): \u201cSmentita la propaganda della sinistra\u201d\" class=\"lower\"><img decoding=\"async\" width=\"370\" height=\"154\" src=\"https:\/\/analyse.optim.biz\/wp-content\/uploads\/2026\/01\/salari_cig-370x154-1.jpg\" class=\"attachment-standard-lower size-standard-lower wp-post-image\" alt=\"Lavoro, buone notizie: salari su, Cig gi\u00f9. Osnato (FdI): \u201cSmentita la propaganda della sinistra\u201d\" loading=\"lazy\" title=\"Lavoro, buone notizie: salari su, Cig gi\u00f9. Osnato (FdI): \u201cSmentita la propaganda della sinistra\u201d\"><\/a><\/figure>\n<p class=\"occhiello\">I dati Istat e Inps<\/p>\n<p><a href=\"https:\/\/www.secoloditalia.it\/2026\/01\/lavoro-buone-notizie-salari-su-cig-giu-osnato-fdi-smentita-la-propaganda-della-sinistra\/\"><\/p>\n<h4 class=\"titolo\">Lavoro, buone notizie: salari su, Cig gi\u00f9. Osnato (FdI): \u201cSmentita la propaganda della sinistra\u201d<\/h4>\n<p><\/a><\/article>\n<p> Source URL: https:\/\/www.secoloditalia.it\/2026\/01\/davos-cambia-rotta-leconomia-torna-a-contare-piu-del-clima-i-dati-del-global-risks-report-2026\/<\/p>\n","protected":false},"excerpt":{"rendered":"<p>Rapporto con sorpresa Davos cambia rotta: l\u2019economia torna a contare pi\u00f9 del clima. I dati del Global Risks Report 2026 Il World Economic Forum scopre quello che i realisti dicevano da anni Economia &#8211; di Marzia Mazzoni &#8211; 27 Gennaio 2026 alle 13:03 Il Global Risks Report 2026 ribalta le priorit\u00e0. I rischi economici scalano [&hellip;]<\/p>\n","protected":false},"author":1,"featured_media":1542162,"comment_status":"open","ping_status":"","sticky":false,"template":"","format":"standard","meta":{"footnotes":""},"categories":[87],"tags":[123],"class_list":["post-1542158","post","type-post","status-publish","format-standard","has-post-thumbnail","hentry","category-italy","tag-secoloditalia-it"],"_links":{"self":[{"href":"https:\/\/analyse.optim.biz\/index.php?rest_route=\/wp\/v2\/posts\/1542158","targetHints":{"allow":["GET"]}}],"collection":[{"href":"https:\/\/analyse.optim.biz\/index.php?rest_route=\/wp\/v2\/posts"}],"about":[{"href":"https:\/\/analyse.optim.biz\/index.php?rest_route=\/wp\/v2\/types\/post"}],"author":[{"embeddable":true,"href":"https:\/\/analyse.optim.biz\/index.php?rest_route=\/wp\/v2\/users\/1"}],"replies":[{"embeddable":true,"href":"https:\/\/analyse.optim.biz\/index.php?rest_route=%2Fwp%2Fv2%2Fcomments&post=1542158"}],"version-history":[{"count":0,"href":"https:\/\/analyse.optim.biz\/index.php?rest_route=\/wp\/v2\/posts\/1542158\/revisions"}],"wp:featuredmedia":[{"embeddable":true,"href":"https:\/\/analyse.optim.biz\/index.php?rest_route=\/wp\/v2\/media\/1542162"}],"wp:attachment":[{"href":"https:\/\/analyse.optim.biz\/index.php?rest_route=%2Fwp%2Fv2%2Fmedia&parent=1542158"}],"wp:term":[{"taxonomy":"category","embeddable":true,"href":"https:\/\/analyse.optim.biz\/index.php?rest_route=%2Fwp%2Fv2%2Fcategories&post=1542158"},{"taxonomy":"post_tag","embeddable":true,"href":"https:\/\/analyse.optim.biz\/index.php?rest_route=%2Fwp%2Fv2%2Ftags&post=1542158"}],"curies":[{"name":"wp","href":"https:\/\/api.w.org\/{rel}","templated":true}]}}