{"id":1542146,"date":"2026-01-27T12:31:20","date_gmt":"2026-01-27T09:31:20","guid":{"rendered":"https:\/\/analyse.optim.biz\/?p=1542146"},"modified":"2026-01-27T12:31:20","modified_gmt":"2026-01-27T09:31:20","slug":"claudio-lippi-in-ospedale-dramma-e-sfogo-con-corona-in-intensiva-e-sul-lastrico-video","status":"publish","type":"post","link":"https:\/\/analyse.optim.biz\/?p=1542146","title":{"rendered":"Claudio Lippi in ospedale, dramma e sfogo con Corona: in intensiva e sul lastrico (video)"},"content":{"rendered":"<article id=\"post-1524081\" class=\"post-1524081 post type-post status-publish format-standard has-post-thumbnail hentry category-cronaca category-spettacoli posizione-editoriale-apertura-secondaria posizione-editoriale-centro-pagina\">\n<div>\n<figure class=\"evidence-wrapper\"><img loading=\"lazy\" decoding=\"async\" width=\"860\" height=\"358\" src=\"https:\/\/analyse.optim.biz\/wp-content\/uploads\/2026\/01\/claudio-lippi-sta-male-la-drammatica-videochiamato-con-falsissimo-di-fabrizio-corona-860x358-1.jpg\" class=\"attachment-single size-single wp-post-image\" alt=\"Claudio Lippi sta male, la drammatica videochiamato con Falsissimo di Fabrizio Corona\" title=\"Claudio Lippi sta male, la drammatica videochiamato con Falsissimo di Fabrizio Corona\"><\/figure>\n<p class=\"occhiello\">Videochiamata choc<\/p>\n<h1>Claudio Lippi in ospedale, dramma e sfogo con Corona: in intensiva e sul lastrico (video)<\/h1>\n<p class=\"sottotitolo\">Il conduttore \u00e8 ricoverato per accertamenti per verificare la presenza di un possibile tumore al polmone. Con voce flebile e cannula nasale per l&#8217;ossigeno, si mostra in tutta la sua fragilit\u00e0<\/p>\n<div class=\"info-condivisione\">\n<div>\n<p><span class=\"categoria\">Cronaca<\/span><\/p>\n<p>\t\t\t\t\t &#8211; di <span class=\"autore\">Giulia Melodia<\/span> &#8211; <span class=\"data\">27 Gennaio 2026 alle 13:31<\/span><\/p>\n<\/div>\n<\/div>\n<div class=\"contenuto\">\n<p>\u00c8 un\u2019immagine che stringe il cuore e che, in poche ore, ha fatto il giro della rete destando profonda commozione e preoccupazione. <strong>Claudio Lippi<\/strong>, volto storico della televisione italiana, \u00e8 riapparso in video dopo una lunga assenza, ma non nel modo in cui i suoi fan avrebbero sperato. <strong>Disteso in un letto d\u2019ospedale, con le cannule dell\u2019ossigeno al naso e il volto visibilmente segnato dalla sofferenza, l\u2019ottantenne conduttore si \u00e8 collegato in videochiamata<\/strong> con <em>Falsissimo<\/em>, il format streaming di <strong>Fabrizio Corona<\/strong>. E le sue precarie condizioni di salute hanno sconcertato il pubblico.<\/p>\n<h2>Claudio Lippi sta male<\/h2>\n<p>E non \u00e8 per l\u2019effetto sorpresa della ricomparsa su uno schermo \u2013 qualunque esso sia \u2013. Ma perch\u00e9, come tutti sanno, Lippi manca in tv dal 2020: la sua ultima esperienza lavorativa risale infatti a <em>La Prova del Cuoco<\/em> con <strong>Elisa Isoardi<\/strong>. Mentre nel 2023 \u00e8 apparso su Raiuno, la solo in veste di ospite intervistato da <strong>Francesca Fialdini<\/strong>, a <em>Da noi\u2026a ruota libera<\/em>. Ma non \u00e8 solo un problema di apparizioni o collaborazioni tv: il quadro emerso dal colloquio con Corona \u00e8 drammatico. Sospeso tra la precariet\u00e0 della salute e un\u2019indigenza economica che urla vendetta per un professionista del suo calibro.<\/p>\n<div class=\"code-block code-block-6\"><\/div>\n<h2>\u00abSono in un ospedale\u2026 senza sapere se ho un tumore ai polmoni\u00bb<\/h2>\n<p>Secondo quanto dichiarato dall\u2019ex re dei paparazzi, Lippi si troverebbe in terapia intensiva, in condizioni gravissime e \u00absenza un euro\u00bb. Tanto che, sebbene il conduttore abbia tentato di smorzare i toni sulla propria fine imminente con quella vena di ironia caustica che da sempre gli fa da scudo, (\u00abNon sto morendo\u00bb, ha precisato), le sue parole hanno confermato una realt\u00e0 durissima: \u00abSono in un ospedale\u2026 senza sapere se ho un tumore ai polmoni. In questo momento sto cercando di capire se vivr\u00f2\u00bb. Insomma, Lippi \u00e8 apparso lucido e presente. Ci\u00f2 non toglie che le sue condizioni preoccupano. E non poco\u2026<\/p>\n<h2>Claudio Lippi: \u00abSto cercando di capire se vivr\u00f2\u00bb<\/h2>\n<p>Del resto, gi\u00e0 lo scorso mese di giugno, intervistato da un quotidiano in occasione dei suoi 80 anni, Lippi aveva parlato chiaramente dei suoi problemi di salute (l\u2019infarto, la pleurite essudativa e il quadruplo bypass), sostenendo di non essere pi\u00f9 quello di prima. Pur sostenendo di riuscire comunque a convivere con le tante difficolt\u00e0 che ormai da tempo lo affliggono.<\/p>\n<h2>Un calvario non solo clinico\u2026<\/h2>\n<p>Ma il \u201ccalvario\u201d di Lippi non \u00e8 solo clinico. Al peso di una storia medica complessa, si aggiunge\u00a0 e pesa, evidentemente molto, l\u2019amarezza per l\u2019ostracismo subito dal mondo dello spettacolo. Lontano dagli schermi dal 2020, Lippi ha denunciato a pi\u00f9 riprese nel corso degli anni di essere stato \u00ababbandonato e cacciato\u00bb da quella tv che ha contribuito a rendere grande, con quella veemenza e chiarezza di chi sente di non aver pi\u00f9 nulla da perdere.<\/p>\n<h2>Lippi, dai problemi di salute a quelli economici<\/h2>\n<p>Non solo per\u00f2. Perch\u00e9 c\u2019\u00e8 qualcosa di ancora pi\u00f9 agghiacciante che trapela tra le righe di confessioni e scherno, battute sardoniche e verit\u00e0 che fanno male: ed \u00e8 la prospettiva del domani. Oltre alla malattia, infatti, Lippi ha fatto riferimento al baratro economico su cui si affaccia la sua vita: \u00abFra qualche mese sar\u00f2 per strada, sotto un ponte, con mia moglie, mia figlia e mia nipote\u00bb. Una drammatica denuncia che \u00e8 al tempo stesso anche una richiesta d\u2019aiuto composta quanto disperata. Un sos che trasforma il caso del volto noto della tv in un atto d\u2019accusa contro un sistema che dimentica troppo in fretta i suoi protagonisti.<\/p>\n<h2>E nel mezzo quel rammarico professionale che\u2026<\/h2>\n<p>Nonostante tutto, allora, non stupisce \u2013 anzi commuove \u2013 che l\u2019ambizione che trasuda da parole e affanni resti quella di sempre: tornare davanti a una telecamera. Perch\u00e9: \u00abDove c\u2019\u00e8 una telecamera, per me \u00e8 televisione\u00bb, sottolinea Claudio Lippi. Oggi, per\u00f2, la lucetta rossa della telecamera per lui \u00e8 ancora spenta. Ma almeno quella che si \u00e8 accesa \u00e8 la telecamera di uno smartphone, servita quanto meno a testimoniare il crepuscolo solitario di un signore della tv italiana in cerca di guarigione e riscatto.<\/p>\n<iframe loading=\"lazy\" title=\"Fabrizio Corona, la chiamata SHOCK di Claudio Lippi #fabriziocorona #news #shortvideo #shorts #yt\" width=\"540\" height=\"960\" src=\"https:\/\/www.youtube.com\/embed\/M0Vf-35NR1A?feature=oembed\" frameborder allow=\"accelerometer; autoplay; clipboard-write; encrypted-media; gyroscope; picture-in-picture; web-share\" referrerpolicy=\"strict-origin-when-cross-origin\" allowfullscreen><\/iframe>\n<p>\u00a0<\/p>\n<\/div>\n<div class=\"commentSectionContainer\">\n<p class=\"comments-title\">Non ci sono commenti, inizia una discussione<\/p>\n<\/div>\n<div id=\"comments\" class=\"comments-area closed\">\n<div id=\"respond\" class=\"comment-respond\">\n<h3 id=\"reply-title\" class=\"comment-reply-title\">Lascia un commento <small><a rel=\"nofollow\" id=\"cancel-comment-reply-link\" href=\"https:\/\/www.secoloditalia.it\/2026\/01\/claudio-lippi-in-ospedale-dramma-e-sfogo-con-corona-in-intensiva-e-sul-lastrico-video\/#respond\">Annulla risposta<\/a><\/small><\/h3>\n<p class=\"comment-notes\"><span id=\"email-notes\">Il tuo indirizzo email non sar\u00e0 pubblicato.<\/span><span class=\"required-field-message\">I campi obbligatori sono contrassegnati <span class=\"required\">*<\/span><\/span><\/p>\n<\/div>\n<\/div>\n<div class=\"info-condivisione bottom\">\n<div>\n<p>di <span class=\"autore\">Giulia Melodia<\/span> &#8211; <span class=\"data\">27 Gennaio 2026<\/span><\/p>\n<\/div>\n<\/div>\n<\/div>\n<\/article>\n<article>\n<figure class=\"special\"><a href=\"https:\/\/www.secoloditalia.it\/2026\/01\/a-termini-e-colosseo-arrivano-i-puma-dellesercito-meloni-altro-che-depotenziamento-di-strade-sicure\/\" aria-label=\"A Termini e Colosseo arrivano i \u201cpuma\u201d dell\u2019Esercito. Meloni: Altro che depotenziamento di strade sicure\" class=\"lower\"><img loading=\"lazy\" decoding=\"async\" width=\"370\" height=\"154\" src=\"https:\/\/analyse.optim.biz\/wp-content\/uploads\/2026\/01\/strade-sicure-buona-1-370x154-28.jpg\" class=\"attachment-standard-lower size-standard-lower wp-post-image\" alt=\"A Termini e Colosseo arrivano i \u201cpuma\u201d dell\u2019Esercito. Meloni: Altro che depotenziamento di strade sicure\" title=\"A Termini e Colosseo arrivano i \u201cpuma\u201d dell\u2019Esercito. Meloni: Altro che depotenziamento di strade sicure\"><\/a><\/figure>\n<p class=\"occhiello\">Tre blindati a Roma<\/p>\n<p><a href=\"https:\/\/www.secoloditalia.it\/2026\/01\/a-termini-e-colosseo-arrivano-i-puma-dellesercito-meloni-altro-che-depotenziamento-di-strade-sicure\/\"><\/p>\n<h4 class=\"titolo\">A Termini e Colosseo arrivano i \u201cpuma\u201d dell\u2019Esercito. Meloni: Altro che depotenziamento di strade sicure<\/h4>\n<p><\/a><\/article>\n<article>\n<p class=\"occhiello\">Parte il bando Consip<\/p>\n<p><a href=\"https:\/\/www.secoloditalia.it\/2026\/01\/per-la-prima-volta-una-assicurazione-sanitaria-gratuita-per-oltre-1milione-e-200mila-lavoratori-della-scuola\/\"><\/p>\n<h4 class=\"titolo\">Per la prima volta una assicurazione sanitaria gratuita per oltre 1milione e 200mila lavoratori della scuola<\/h4>\n<p><\/a><\/article>\n<article>\n<p class=\"occhiello\">La soddisfazione di FdI<\/p>\n<p><a href=\"https:\/\/www.secoloditalia.it\/2026\/01\/precari-della-giustizia-il-governo-supera-le-aspettative-e-ne-assume-oltre-novemila\/\"><\/p>\n<h4 class=\"titolo\">Precari della giustizia, il governo supera le aspettative e ne assume oltre novemila<\/h4>\n<p><\/a><\/article>\n<article>\n<p class=\"categoria\">Spettacoli<\/p>\n<figure class=\"special\"><a href=\"https:\/\/www.secoloditalia.it\/2026\/01\/altra-replica-altro-trionfo-beatrice-venezi-riceve-8-minuti-dapplausi-dal-pubblico-di-pisa-la-protesta-della-cgil-e-un-flop\/\" aria-label=\"Altra replica, altro trionfo: Beatrice Venezi riceve 8 minuti d\u2019applausi dal pubblico di Pisa. La protesta della Cgil \u00e8 un flop\" class=\"lower\"><img decoding=\"async\" width=\"370\" height=\"154\" src=\"https:\/\/analyse.optim.biz\/wp-content\/uploads\/2026\/01\/beatrice-venezi-1-370x154-1.jpg\" class=\"attachment-standard-lower size-standard-lower wp-post-image\" alt=\"Altra replica, altro trionfo: Beatrice Venezi riceve 8 minuti d\u2019applausi dal pubblico di Pisa. La protesta della Cgil \u00e8 un flop\" loading=\"lazy\" title=\"Altra replica, altro trionfo: Beatrice Venezi riceve 8 minuti d\u2019applausi dal pubblico di Pisa. La protesta della Cgil \u00e8 un flop\"><\/a><\/figure>\n<p class=\"occhiello\">Gli spettatori hanno scelto<\/p>\n<p><a href=\"https:\/\/www.secoloditalia.it\/2026\/01\/altra-replica-altro-trionfo-beatrice-venezi-riceve-8-minuti-dapplausi-dal-pubblico-di-pisa-la-protesta-della-cgil-e-un-flop\/\"><\/p>\n<h4 class=\"titolo\"><strong>Altra replica, altro trionfo:<\/strong> Beatrice Venezi riceve 8 minuti d&#8217;applausi dal pubblico di Pisa. La protesta della Cgil \u00e8 un flop <\/h4>\n<p><\/a><\/article>\n<p> Source URL: https:\/\/www.secoloditalia.it\/2026\/01\/claudio-lippi-in-ospedale-dramma-e-sfogo-con-corona-in-intensiva-e-sul-lastrico-video\/<\/p>\n","protected":false},"excerpt":{"rendered":"<p>Videochiamata choc Claudio Lippi in ospedale, dramma e sfogo con Corona: in intensiva e sul lastrico (video) Il conduttore \u00e8 ricoverato per accertamenti per verificare la presenza di un possibile tumore al polmone. Con voce flebile e cannula nasale per l&#8217;ossigeno, si mostra in tutta la sua fragilit\u00e0 Cronaca &#8211; di Giulia Melodia &#8211; 27 [&hellip;]<\/p>\n","protected":false},"author":1,"featured_media":1542148,"comment_status":"open","ping_status":"","sticky":false,"template":"","format":"standard","meta":{"footnotes":""},"categories":[87],"tags":[123],"class_list":["post-1542146","post","type-post","status-publish","format-standard","has-post-thumbnail","hentry","category-italy","tag-secoloditalia-it"],"_links":{"self":[{"href":"https:\/\/analyse.optim.biz\/index.php?rest_route=\/wp\/v2\/posts\/1542146","targetHints":{"allow":["GET"]}}],"collection":[{"href":"https:\/\/analyse.optim.biz\/index.php?rest_route=\/wp\/v2\/posts"}],"about":[{"href":"https:\/\/analyse.optim.biz\/index.php?rest_route=\/wp\/v2\/types\/post"}],"author":[{"embeddable":true,"href":"https:\/\/analyse.optim.biz\/index.php?rest_route=\/wp\/v2\/users\/1"}],"replies":[{"embeddable":true,"href":"https:\/\/analyse.optim.biz\/index.php?rest_route=%2Fwp%2Fv2%2Fcomments&post=1542146"}],"version-history":[{"count":0,"href":"https:\/\/analyse.optim.biz\/index.php?rest_route=\/wp\/v2\/posts\/1542146\/revisions"}],"wp:featuredmedia":[{"embeddable":true,"href":"https:\/\/analyse.optim.biz\/index.php?rest_route=\/wp\/v2\/media\/1542148"}],"wp:attachment":[{"href":"https:\/\/analyse.optim.biz\/index.php?rest_route=%2Fwp%2Fv2%2Fmedia&parent=1542146"}],"wp:term":[{"taxonomy":"category","embeddable":true,"href":"https:\/\/analyse.optim.biz\/index.php?rest_route=%2Fwp%2Fv2%2Fcategories&post=1542146"},{"taxonomy":"post_tag","embeddable":true,"href":"https:\/\/analyse.optim.biz\/index.php?rest_route=%2Fwp%2Fv2%2Ftags&post=1542146"}],"curies":[{"name":"wp","href":"https:\/\/api.w.org\/{rel}","templated":true}]}}