{"id":1542124,"date":"2026-01-27T12:41:21","date_gmt":"2026-01-27T09:41:21","guid":{"rendered":"https:\/\/analyse.optim.biz\/?p=1542124"},"modified":"2026-01-27T12:41:21","modified_gmt":"2026-01-27T09:41:21","slug":"sinistra-sconvolta-dal-suicidio-di-santangelo-ex-vicesindaco-di-napoli-non-ha-retto-al-nuovo-processo","status":"publish","type":"post","link":"https:\/\/analyse.optim.biz\/?p=1542124","title":{"rendered":"Sinistra sconvolta dal suicidio di Santangelo, ex vicesindaco di Napoli: non ha retto al nuovo processo"},"content":{"rendered":"<article id=\"post-1524109\" class=\"post-1524109 post type-post status-publish format-standard has-post-thumbnail hentry category-politica posizione-editoriale-apertura posizione-editoriale-apertura-secondaria\">\n<div>\n<figure class=\"evidence-wrapper\"><img loading=\"lazy\" decoding=\"async\" width=\"860\" height=\"358\" src=\"https:\/\/analyse.optim.biz\/wp-content\/uploads\/2026\/01\/santangelo-jervolino-bassolino-860x358-1.jpg\" class=\"attachment-single size-single wp-post-image\" alt=\"Sinistra sconvolta dal suicidio di Santangelo, ex vicesindaco di Napoli: non ha retto al nuovo processo\" title=\"Sinistra sconvolta dal suicidio di Santangelo, ex vicesindaco di Napoli: non ha retto al nuovo processo\"><\/figure>\n<p class=\"occhiello\">Le lacrime di Bassolino <\/p>\n<h1>Sinistra sconvolta dal suicidio di Santangelo, ex vicesindaco di Napoli: non ha retto al nuovo processo<\/h1>\n<div class=\"info-condivisione\">\n<div>\n<p><span class=\"categoria\">Politica<\/span><\/p>\n<p>\t\t\t\t\t &#8211; di <span class=\"autore\">Carlo Marini<\/span> &#8211; <span class=\"data\">27 Gennaio 2026 alle 13:41<\/span><\/p>\n<\/div>\n<\/div>\n<div class=\"contenuto\">\n<p>Il mondo politico \u00e8 sotto choc per il suicidio di <strong>Sabatino Santangelo,<\/strong> ex vicesindaco di Napoli all\u2019epoca della giunta di <strong>Rosa Russo Iervolino<\/strong>. L\u2019ex politico, che aveva 89 anni, si \u00e8 gettato dalla sua abitazione all\u2019ottavo piano in Corso Vittorio Emanuele.<\/p>\n<h2>Santangelo, 89 anni, doveta tornare a processo il 6 marzo<\/h2>\n<p>Come riporta<strong> il Riformista<\/strong> \u00abun gesto estremo arrivato poche settimane prima dell\u2019ennesima udienza a cui avrebbe dovuto partecipare il 6 marzo prossimo\u00bb.<\/p>\n<div class=\"code-block code-block-6\"><\/div>\n<p>Sarebbe stata la prima udienza di un nuovo, infinito, processo per la vicenda di <strong>\u201cBagnoli Futura\u201c,<\/strong> societ\u00e0 pubblica che si \u00e8 occupata in passato della bonifica dell\u2019ex area Italsider e di cui Santangelo era presidente. Il nuovo processo per disastro ambientale \u00e8 stato stabilito lo scorso maggio dalla Cassazione che ha annullato la sentenza di assoluzione nel corso del processo d\u2019Appello-bis conclusosi il 29 ottobre 2024. In quella occasione <strong>Santangelo venne assolto con la formula \u201cperch\u00e9 il fatto non sussiste\u201d.<\/strong> Ma anche dopo la prima condanna in primo grado, arrivata nel 2018, Santangelo fece appello rinunciando alla prescrizione.<\/p>\n<p>\u00abC\u2019\u00e8 una sinistra ipocrita che oggi piange<strong> Sabatino Santangel<\/strong>o ed \u00e8 la stessa sinistra che, all\u2019epoca, non esit\u00f2 a costituirsi parte civile chiedendo danni all\u2019immagine e patrimoniali per l\u2019ente. \u00c8 una contraddizione che pesa come un macigno e che non pu\u00f2 essere rimossa\u00bb. A sottolinearlo <strong>Fulvio<\/strong><strong>Martusciello<\/strong>, segretario regionale di Forza Italia in Campania, all\u2019indomani dell\u2019ex vicesindaco di Napoli, nella giunta Jervolino.<\/p>\n<h2>Martusciello: con Santangelo sinistra ipocrita<\/h2>\n<p>\u00abC\u2019\u00e8 una volont\u00e0 evidente di cancellare ci\u00f2 che accadde durante l\u2019amministrazione Jervolino \u2013 prosegue Martusciello \u2013 il suicidio di Nugnes, l\u2019arresto di Laudadio, la persecuzione giudiziaria di Santangelo. Vicende che hanno segnato persone e famiglie e che raccontano una stagione in cui il giustizialismo prese il posto della politica e del garantismo\u00bb. \u00abVa ricordato con onest\u00e0 che quella sinistra emise condanne troppo presto, volle trovare colpevoli prima ancora che la giustizia facesse il suo corso, trasformando il sospetto in sentenza e il processo mediatico in strumento di lotta politica\u00bb, conclude il numero uno degli azzurri campani.<\/p>\n<h2>Le lacrime di Bassolino: Tino, ti ho voluto molto bene<\/h2>\n<p>\u00abLa tragica morte del notaio Santangelo \u2013 sottolinea il senatore e capogruppo di Forza Italia in Commissione Giustizia, <strong>Pierantonio Zanettin<\/strong> \u2013 invita tutta la classe politica a riflettere sulla inumanit\u00e0 di un processo senza fine. In nessun altro paese al mondo un cittadino perbene pu\u00f2 essere sottoposto ad un percorso giudiziario cos\u00ec tortuoso e bizantino, come quello subito dal notaio Santangelo. Chi risponder\u00e0 di questo calvario? La riforma della appellabilit\u00e0 delle sentenze di proscioglimento da parte del Pm merita un ulteriore approfondimento in Parlamento. Oggi \u00e8 il giorno del lutto e del dolore ma da domani dobbiamo impegnarci di pi\u00f9 affinch\u00e9 drammi cos\u00ec non abbiano pi\u00f9 a ripetersi\u00bb.<\/p>\n<p>\u00ab\u00c8 stato un professionista di valore \u2013 ha commentato l\u2019ex sindaco di Napoli e presidente della Regione Campania, <strong>Antonio <a href=\"https:\/\/www.secoloditalia.it\/2024\/07\/i-politici-lapidati-e-poi-assolti-da-bassolino-a-oliverio-quelli-che-la-sinistra-ha-dimenticato\/\" target=\"_blank\" rel=\"noopener\">Bassolino<\/a><\/strong> \u2013 un competente ed appassionato presidente del consiglio comunale e vicesindaco di Napoli. \u00c8 stato anche ed innanzitutto una persona bellissima, un signore, un amico caro. Un bacio, caro Tino: ti ho voluto molto bene\u00bb.<\/p>\n<p><strong>Nella foto ANSA, Santangelo, Jervolino e Bassolino<\/strong><\/p>\n<\/div>\n<div class=\"commentSectionContainer\">\n<p class=\"comments-title\">Non ci sono commenti, inizia una discussione<\/p>\n<\/div>\n<div id=\"comments\" class=\"comments-area closed\">\n<div id=\"respond\" class=\"comment-respond\">\n<h3 id=\"reply-title\" class=\"comment-reply-title\">Lascia un commento <small><a rel=\"nofollow\" id=\"cancel-comment-reply-link\" href=\"https:\/\/www.secoloditalia.it\/2026\/01\/sinistra-sconvolta-dal-suicidio-di-santangelo-ex-vicesindaco-di-napoli-non-ha-retto-al-nuovo-processo\/#respond\">Annulla risposta<\/a><\/small><\/h3>\n<p class=\"comment-notes\"><span id=\"email-notes\">Il tuo indirizzo email non sar\u00e0 pubblicato.<\/span><span class=\"required-field-message\">I campi obbligatori sono contrassegnati <span class=\"required\">*<\/span><\/span><\/p>\n<\/div>\n<\/div>\n<div class=\"info-condivisione bottom\">\n<div>\n<p>di <span class=\"autore\">Carlo Marini<\/span> &#8211; <span class=\"data\">27 Gennaio 2026<\/span><\/p>\n<\/div>\n<\/div>\n<\/div>\n<\/article>\n<article>\n<figure class=\"special\"><a href=\"https:\/\/www.secoloditalia.it\/2026\/01\/a-termini-e-colosseo-arrivano-i-puma-dellesercito-meloni-altro-che-depotenziamento-di-strade-sicure\/\" aria-label=\"A Termini e Colosseo arrivano i \u201cpuma\u201d dell\u2019Esercito. Meloni: Altro che depotenziamento di strade sicure\" class=\"lower\"><img loading=\"lazy\" decoding=\"async\" width=\"370\" height=\"154\" src=\"https:\/\/analyse.optim.biz\/wp-content\/uploads\/2026\/01\/strade-sicure-buona-1-370x154-26.jpg\" class=\"attachment-standard-lower size-standard-lower wp-post-image\" alt=\"A Termini e Colosseo arrivano i \u201cpuma\u201d dell\u2019Esercito. Meloni: Altro che depotenziamento di strade sicure\" title=\"A Termini e Colosseo arrivano i \u201cpuma\u201d dell\u2019Esercito. Meloni: Altro che depotenziamento di strade sicure\"><\/a><\/figure>\n<p class=\"occhiello\">Tre blindati a Roma<\/p>\n<p><a href=\"https:\/\/www.secoloditalia.it\/2026\/01\/a-termini-e-colosseo-arrivano-i-puma-dellesercito-meloni-altro-che-depotenziamento-di-strade-sicure\/\"><\/p>\n<h4 class=\"titolo\">A Termini e Colosseo arrivano i \u201cpuma\u201d dell\u2019Esercito. Meloni: Altro che depotenziamento di strade sicure<\/h4>\n<p><\/a><\/article>\n<article>\n<p class=\"occhiello\">La soddisfazione di FdI<\/p>\n<p><a href=\"https:\/\/www.secoloditalia.it\/2026\/01\/precari-della-giustizia-il-governo-supera-le-aspettative-e-ne-assume-oltre-novemila\/\"><\/p>\n<h4 class=\"titolo\">Precari della giustizia, il governo supera le aspettative e ne assume oltre novemila<\/h4>\n<p><\/a><\/article>\n<article>\n<p class=\"occhiello\">Ambiente e sicurezza<\/p>\n<p><a href=\"https:\/\/www.secoloditalia.it\/2026\/01\/energia-zucconi-i-nuovi-dati-eurostat-impongono-un-dibattito-meno-ideologico-sul-futuro-energetico-italiano\/\"><\/p>\n<h4 class=\"titolo\">Energia, Zucconi: &#8220;I nuovi dati Eurostat impongono un dibattito <strong>meno ideologico sul futuro energetico italiano&#8221;<\/strong><\/h4>\n<p><\/a><\/article>\n<article>\n<p class=\"categoria\">Politica<\/p>\n<figure class=\"special\"><a href=\"https:\/\/www.secoloditalia.it\/2026\/01\/a-termini-e-colosseo-arrivano-i-puma-dellesercito-meloni-altro-che-depotenziamento-di-strade-sicure\/\" aria-label=\"A Termini e Colosseo arrivano i \u201cpuma\u201d dell\u2019Esercito. Meloni: Altro che depotenziamento di strade sicure\" class=\"lower\"><img decoding=\"async\" width=\"370\" height=\"154\" src=\"https:\/\/analyse.optim.biz\/wp-content\/uploads\/2026\/01\/strade-sicure-buona-1-370x154-26.jpg\" class=\"attachment-standard-lower size-standard-lower wp-post-image\" alt=\"A Termini e Colosseo arrivano i \u201cpuma\u201d dell\u2019Esercito. Meloni: Altro che depotenziamento di strade sicure\" loading=\"lazy\" title=\"A Termini e Colosseo arrivano i \u201cpuma\u201d dell\u2019Esercito. Meloni: Altro che depotenziamento di strade sicure\"><\/a><\/figure>\n<p class=\"occhiello\">Tre blindati a Roma<\/p>\n<p><a href=\"https:\/\/www.secoloditalia.it\/2026\/01\/a-termini-e-colosseo-arrivano-i-puma-dellesercito-meloni-altro-che-depotenziamento-di-strade-sicure\/\"><\/p>\n<h4 class=\"titolo\">A Termini e Colosseo arrivano i \u201cpuma\u201d dell\u2019Esercito. Meloni: Altro che depotenziamento di strade sicure<\/h4>\n<p><\/a><\/article>\n<p> Source URL: https:\/\/www.secoloditalia.it\/2026\/01\/sinistra-sconvolta-dal-suicidio-di-santangelo-ex-vicesindaco-di-napoli-non-ha-retto-al-nuovo-processo\/<\/p>\n","protected":false},"excerpt":{"rendered":"<p>Le lacrime di Bassolino Sinistra sconvolta dal suicidio di Santangelo, ex vicesindaco di Napoli: non ha retto al nuovo processo Politica &#8211; di Carlo Marini &#8211; 27 Gennaio 2026 alle 13:41 Il mondo politico \u00e8 sotto choc per il suicidio di Sabatino Santangelo, ex vicesindaco di Napoli all\u2019epoca della giunta di Rosa Russo Iervolino. L\u2019ex [&hellip;]<\/p>\n","protected":false},"author":1,"featured_media":1542126,"comment_status":"open","ping_status":"","sticky":false,"template":"","format":"standard","meta":{"footnotes":""},"categories":[87],"tags":[123],"class_list":["post-1542124","post","type-post","status-publish","format-standard","has-post-thumbnail","hentry","category-italy","tag-secoloditalia-it"],"_links":{"self":[{"href":"https:\/\/analyse.optim.biz\/index.php?rest_route=\/wp\/v2\/posts\/1542124","targetHints":{"allow":["GET"]}}],"collection":[{"href":"https:\/\/analyse.optim.biz\/index.php?rest_route=\/wp\/v2\/posts"}],"about":[{"href":"https:\/\/analyse.optim.biz\/index.php?rest_route=\/wp\/v2\/types\/post"}],"author":[{"embeddable":true,"href":"https:\/\/analyse.optim.biz\/index.php?rest_route=\/wp\/v2\/users\/1"}],"replies":[{"embeddable":true,"href":"https:\/\/analyse.optim.biz\/index.php?rest_route=%2Fwp%2Fv2%2Fcomments&post=1542124"}],"version-history":[{"count":0,"href":"https:\/\/analyse.optim.biz\/index.php?rest_route=\/wp\/v2\/posts\/1542124\/revisions"}],"wp:featuredmedia":[{"embeddable":true,"href":"https:\/\/analyse.optim.biz\/index.php?rest_route=\/wp\/v2\/media\/1542126"}],"wp:attachment":[{"href":"https:\/\/analyse.optim.biz\/index.php?rest_route=%2Fwp%2Fv2%2Fmedia&parent=1542124"}],"wp:term":[{"taxonomy":"category","embeddable":true,"href":"https:\/\/analyse.optim.biz\/index.php?rest_route=%2Fwp%2Fv2%2Fcategories&post=1542124"},{"taxonomy":"post_tag","embeddable":true,"href":"https:\/\/analyse.optim.biz\/index.php?rest_route=%2Fwp%2Fv2%2Ftags&post=1542124"}],"curies":[{"name":"wp","href":"https:\/\/api.w.org\/{rel}","templated":true}]}}