{"id":1542053,"date":"2026-01-27T14:17:03","date_gmt":"2026-01-27T11:17:03","guid":{"rendered":"https:\/\/analyse.optim.biz\/?p=1542053"},"modified":"2026-01-27T14:17:03","modified_gmt":"2026-01-27T11:17:03","slug":"assoldava-cecchini-sui-social-per-sparare-a-trump-arrestata-bibliotecaria-negli-usa","status":"publish","type":"post","link":"https:\/\/analyse.optim.biz\/?p=1542053","title":{"rendered":"Assoldava cecchini sui social per sparare a Trump: arrestata bibliotecaria negli Usa"},"content":{"rendered":"<article id=\"post-1524170\" class=\"post-1524170 post type-post status-publish format-standard has-post-thumbnail hentry category-esteri posizione-editoriale-apertura-secondaria\">\n<div>\n<figure class=\"evidence-wrapper\"><img loading=\"lazy\" decoding=\"async\" width=\"860\" height=\"358\" src=\"https:\/\/analyse.optim.biz\/wp-content\/uploads\/2026\/01\/sparare-a-trump-860x358-1.jpg\" class=\"attachment-single size-single wp-post-image\" alt=\"Assoldava cecchini sui social per sparare a Trump: arrestata bibliotecaria negli Usa\" title=\"Assoldava cecchini sui social per sparare a Trump: arrestata bibliotecaria negli Usa\"><\/figure>\n<p class=\"occhiello\">Incastrata su Tik Tok<\/p>\n<h1>Assoldava cecchini sui social per sparare a Trump: arrestata bibliotecaria negli Usa<\/h1>\n<div class=\"info-condivisione\">\n<div>\n<p><span class=\"categoria\">Esteri<\/span><\/p>\n<p>\t\t\t\t\t &#8211; di <span class=\"autore\">Gabriele Caramelli<\/span> &#8211; <span class=\"data\">27 Gennaio 2026 alle 15:17<\/span><\/p>\n<\/div>\n<\/div>\n<div class=\"contenuto\">\n<p>Negli Usa prosegue la campagna di odio e incitamento all\u2019omicidio nei confronti di Donald Trump. Una bibliotecaria di Ripley, in West Virginia, \u00e8 stata arrestata e accusata di aver provato ad arruolare utenti sui social per uccidere il presidente americano. A riferirlo \u00e8 stato il <em>New York Post<\/em>, che ha scritto anche le generalit\u00e0 dell\u2019indagata: si tratta della 39enne Morgan L. Morrow, bloccata dopo la pubblicazione su TikTok di un video considerato come un\u2019esortazione all\u2019assassinio dell\u2019inquilino della Casa Bianca.<\/p>\n<h2>Reclutava cecchini per sparare a Trump sui social: arrestata una bibliotecaria americana<\/h2>\n<p>In base alla denuncia penale citata dall\u2019emittente <em>Wowk<\/em>, Morrow avrebbe scritto: \u00abPossibile che non si trovi un cecchino con una malattia terminale tra 343 milioni di persone?\u00bb. Insomma, si \u00e8 trattato di una frase interpretata dalle autorit\u00e0 come una minaccia diretta al tycoon. Peraltro, la donna \u00e8 stata incriminata per \u201cminacce terroristiche\u201d e, interrogata dalla polizia, avrebbe anche ammesso che il messaggio era \u00abinteso come una minaccia rivolta al presidente Donald Trump\u00bb. Nonostante ci\u00f2, l\u2019indagata ha specificato di non avere alcuna intenzione di agire personalmente.<\/p>\n<div class=\"code-block code-block-6\"><\/div>\n<h2>La biblioteca prende le distanze dall\u2019impiegata<\/h2>\n<p>Lo sceriffo della contea di Jackson, Ross Mellinger, ha spiegato che dichiarazioni come quella di Morrow sono considerate pericolose perch\u00e9 \u00abprogettate per incoraggiare o ispirare altri a compiere l\u2019atto minacciato\u00bb. Poi ha fornito ulteriori delucidazioni, sottolineando \u00a0che \u00ab\u00e8 legittimo criticare il <a href=\"https:\/\/www.secoloditalia.it\/2026\/01\/trump-difende-lice-ma-rivede-la-sua-presenza-a-minneapolis-non-mi-piace-sparare-clinton-e-obama-lo-attaccano\/\">governo<\/a>, ma promuovere la violenza significa oltrepassare il limite\u00bb. Dopo la pubblicazione della notizia, la biblioteca pubblica della contea ha preso le distanze dall\u2019atteggiamento dell\u2019impiegata, che attualmente si trova in carcere regionale del South Central, senza cauzione, in attesa di ulteriori sviluppi dell\u2019<a href=\"https:\/\/www.rainews.it\/articoli\/2025\/11\/trump-al-contrattacco-non-so-nulla-delle-mail-e-apre-inchiesta-su-clinton-e-i-dem-61b0db14-187f-47c2-9118-5d44fd1c6c99.html\">inchiesta.<\/a><\/p>\n<\/div>\n<div class=\"commentSectionContainer\">\n<p class=\"comments-title\">Non ci sono commenti, inizia una discussione<\/p>\n<\/div>\n<div id=\"comments\" class=\"comments-area closed\">\n<div id=\"respond\" class=\"comment-respond\">\n<h3 id=\"reply-title\" class=\"comment-reply-title\">Lascia un commento <small><a rel=\"nofollow\" id=\"cancel-comment-reply-link\" href=\"https:\/\/www.secoloditalia.it\/2026\/01\/assoldava-cecchini-sui-social-per-sparare-a-trump-arrestata-bibliotecaria-negli-usa\/#respond\">Annulla risposta<\/a><\/small><\/h3>\n<p class=\"comment-notes\"><span id=\"email-notes\">Il tuo indirizzo email non sar\u00e0 pubblicato.<\/span><span class=\"required-field-message\">I campi obbligatori sono contrassegnati <span class=\"required\">*<\/span><\/span><\/p>\n<\/div>\n<\/div>\n<div class=\"info-condivisione bottom\">\n<div>\n<p>di <span class=\"autore\">Gabriele Caramelli<\/span> &#8211; <span class=\"data\">27 Gennaio 2026<\/span><\/p>\n<\/div>\n<\/div>\n<\/div>\n<\/article>\n<article>\n<figure class=\"special\"><a href=\"https:\/\/www.secoloditalia.it\/2026\/01\/a-termini-e-colosseo-arrivano-i-puma-dellesercito-meloni-altro-che-depotenziamento-di-strade-sicure\/\" aria-label=\"A Termini e Colosseo arrivano i \u201cpuma\u201d dell\u2019Esercito. Meloni: Altro che depotenziamento di strade sicure\" class=\"lower\"><img loading=\"lazy\" decoding=\"async\" width=\"370\" height=\"154\" src=\"https:\/\/analyse.optim.biz\/wp-content\/uploads\/2026\/01\/strade-sicure-buona-1-370x154-19.jpg\" class=\"attachment-standard-lower size-standard-lower wp-post-image\" alt=\"A Termini e Colosseo arrivano i \u201cpuma\u201d dell\u2019Esercito. Meloni: Altro che depotenziamento di strade sicure\" title=\"A Termini e Colosseo arrivano i \u201cpuma\u201d dell\u2019Esercito. Meloni: Altro che depotenziamento di strade sicure\"><\/a><\/figure>\n<p class=\"occhiello\">Tre blindati a Roma<\/p>\n<p><a href=\"https:\/\/www.secoloditalia.it\/2026\/01\/a-termini-e-colosseo-arrivano-i-puma-dellesercito-meloni-altro-che-depotenziamento-di-strade-sicure\/\"><\/p>\n<h4 class=\"titolo\">A Termini e Colosseo arrivano i \u201cpuma\u201d dell\u2019Esercito. Meloni: Altro che depotenziamento di strade sicure<\/h4>\n<p><\/a><\/article>\n<article>\n<p class=\"occhiello\">La soddisfazione di FdI<\/p>\n<p><a href=\"https:\/\/www.secoloditalia.it\/2026\/01\/precari-della-giustizia-il-governo-supera-le-aspettative-e-ne-assume-oltre-novemila\/\"><\/p>\n<h4 class=\"titolo\">Precari della giustizia, il governo supera le aspettative e ne assume oltre novemila<\/h4>\n<p><\/a><\/article>\n<article>\n<p class=\"occhiello\">Ambiente e sicurezza<\/p>\n<p><a href=\"https:\/\/www.secoloditalia.it\/2026\/01\/energia-zucconi-i-nuovi-dati-eurostat-impongono-un-dibattito-meno-ideologico-sul-futuro-energetico-italiano\/\"><\/p>\n<h4 class=\"titolo\">Energia, Zucconi: &#8220;I nuovi dati Eurostat impongono un dibattito <strong>meno ideologico sul futuro energetico italiano&#8221;<\/strong><\/h4>\n<p><\/a><\/article>\n<article>\n<p class=\"categoria\">Esteri<\/p>\n<figure class=\"special\"><a href=\"https:\/\/www.secoloditalia.it\/2026\/01\/niger-attacco-allaeroporto-che-ospita-militari-italiani-crosetto-i-nostri-soldati-non-coinvolti\/\" aria-label=\"Niger, attacco all\u2019aeroporto che ospita militari italiani. Crosetto: \u201cI nostri soldati non coinvolti\u201d\" class=\"lower\"><img decoding=\"async\" width=\"370\" height=\"154\" src=\"https:\/\/analyse.optim.biz\/wp-content\/uploads\/2026\/01\/sbarra-2026-01-29t144648-466-370x154-1-5.jpg\" class=\"attachment-standard-lower size-standard-lower wp-post-image\" alt=\"Niger\" loading=\"lazy\" title=\"Niger\"><\/a><\/figure>\n<p class=\"occhiello\">Il ministro rassicura<\/p>\n<p><a href=\"https:\/\/www.secoloditalia.it\/2026\/01\/niger-attacco-allaeroporto-che-ospita-militari-italiani-crosetto-i-nostri-soldati-non-coinvolti\/\"><\/p>\n<h4 class=\"titolo\">Niger, attacco all\u2019aeroporto che ospita militari italiani. Crosetto: \u201cI nostri soldati non coinvolti\u201d<\/h4>\n<p><\/a><\/article>\n<p> Source URL: https:\/\/www.secoloditalia.it\/2026\/01\/assoldava-cecchini-sui-social-per-sparare-a-trump-arrestata-bibliotecaria-negli-usa\/<\/p>\n","protected":false},"excerpt":{"rendered":"<p>Incastrata su Tik Tok Assoldava cecchini sui social per sparare a Trump: arrestata bibliotecaria negli Usa Esteri &#8211; di Gabriele Caramelli &#8211; 27 Gennaio 2026 alle 15:17 Negli Usa prosegue la campagna di odio e incitamento all\u2019omicidio nei confronti di Donald Trump. Una bibliotecaria di Ripley, in West Virginia, \u00e8 stata arrestata e accusata di [&hellip;]<\/p>\n","protected":false},"author":1,"featured_media":1542054,"comment_status":"open","ping_status":"","sticky":false,"template":"","format":"standard","meta":{"footnotes":""},"categories":[87],"tags":[123],"class_list":["post-1542053","post","type-post","status-publish","format-standard","has-post-thumbnail","hentry","category-italy","tag-secoloditalia-it"],"_links":{"self":[{"href":"https:\/\/analyse.optim.biz\/index.php?rest_route=\/wp\/v2\/posts\/1542053","targetHints":{"allow":["GET"]}}],"collection":[{"href":"https:\/\/analyse.optim.biz\/index.php?rest_route=\/wp\/v2\/posts"}],"about":[{"href":"https:\/\/analyse.optim.biz\/index.php?rest_route=\/wp\/v2\/types\/post"}],"author":[{"embeddable":true,"href":"https:\/\/analyse.optim.biz\/index.php?rest_route=\/wp\/v2\/users\/1"}],"replies":[{"embeddable":true,"href":"https:\/\/analyse.optim.biz\/index.php?rest_route=%2Fwp%2Fv2%2Fcomments&post=1542053"}],"version-history":[{"count":0,"href":"https:\/\/analyse.optim.biz\/index.php?rest_route=\/wp\/v2\/posts\/1542053\/revisions"}],"wp:featuredmedia":[{"embeddable":true,"href":"https:\/\/analyse.optim.biz\/index.php?rest_route=\/wp\/v2\/media\/1542054"}],"wp:attachment":[{"href":"https:\/\/analyse.optim.biz\/index.php?rest_route=%2Fwp%2Fv2%2Fmedia&parent=1542053"}],"wp:term":[{"taxonomy":"category","embeddable":true,"href":"https:\/\/analyse.optim.biz\/index.php?rest_route=%2Fwp%2Fv2%2Fcategories&post=1542053"},{"taxonomy":"post_tag","embeddable":true,"href":"https:\/\/analyse.optim.biz\/index.php?rest_route=%2Fwp%2Fv2%2Ftags&post=1542053"}],"curies":[{"name":"wp","href":"https:\/\/api.w.org\/{rel}","templated":true}]}}