{"id":1541924,"date":"2026-01-27T16:55:12","date_gmt":"2026-01-27T13:55:12","guid":{"rendered":"https:\/\/analyse.optim.biz\/?p=1541924"},"modified":"2026-01-27T16:55:12","modified_gmt":"2026-01-27T13:55:12","slug":"solita-vergogna-indagato-per-omicidio-volontario-il-poliziotto-che-ha-sparato-al-pusher-marocchino-armato","status":"publish","type":"post","link":"https:\/\/analyse.optim.biz\/?p=1541924","title":{"rendered":"Solita vergogna: indagato per omicidio volontario il poliziotto che ha sparato al pusher marocchino armato"},"content":{"rendered":"<article id=\"post-1524257\" class=\"post-1524257 post type-post status-publish format-standard has-post-thumbnail hentry category-cronaca posizione-editoriale-apertura-secondaria\">\n<div>\n<figure class=\"evidence-wrapper\"><img loading=\"lazy\" decoding=\"async\" width=\"860\" height=\"358\" src=\"https:\/\/analyse.optim.biz\/wp-content\/uploads\/2026\/01\/poliziotto-marocchino-860x358-1.jpg\" class=\"attachment-single size-single wp-post-image\" alt=\"Solita vergogna: indagato per omicidio volontario il poliziotto che ha sparato al pusher marocchino armato\" title=\"Solita vergogna: indagato per omicidio volontario il poliziotto che ha sparato al pusher marocchino armato\"><\/figure>\n<p class=\"occhiello\">Milano<\/p>\n<h1>Solita vergogna: indagato per omicidio volontario il poliziotto che ha sparato al pusher marocchino armato<\/h1>\n<div class=\"info-condivisione\">\n<div>\n<p><span class=\"categoria\">Cronaca<\/span><\/p>\n<p>\t\t\t\t\t &#8211; di <span class=\"autore\">Lucio Meo<\/span> &#8211; <span class=\"data\">27 Gennaio 2026 alle 17:55<\/span><\/p>\n<\/div>\n<\/div>\n<div class=\"contenuto\">\n<p>Un atto dovuto, certo, ma quell\u2019accusa di omicidio volontario al poliziotto <strong>che ha sparato e ucciso un uomo di\u00a0\u00a0origini marocchine di 28 anni,<\/strong> che gli avrebbe puntato contro una pistola, fa discutere, brucia, per certi aspetti indigna. La pistola del presunto pusher nordafricano, che operava nel malfamato quartiere di Rogoredo, era a salve, ma era anche una perfetta riproduzione di una pistola Beretta 92. Il poliziotto, assistito dall\u2019avvocato Pietro Porciani, \u00e8 stato interrogato in Questura dal pm Giovanni Tarzia nelle indagini della Squadra mobile della Polizia e in quella sede gli \u00e8 stato notificato l\u2019avviso di garanzia per il reato di omicidio volontario.<br \/>\nNonostante lui abbia sostenuto la legittima difesa.<strong>\u00a0\u201cGli avevamo detto \u2018fermo polizia\u2019, lui si \u00e8 avvicinato ancora,<\/strong> era a una ventina di metri e mi ha puntato l\u2019arma contro, ho avuto paura e ho sparato per difendermi\u201d, ha detto l\u2019agente ai pm durante l\u2019interrogatorio in Questura. \u201cSe non c\u2019\u00e8 in questo caso la scriminante della legittima difesa, non so in quale altro caso possa esserci\u201d, ha spiegato il suo avvocato. Oggi, intanto, una troupe Rai di \u201c<strong>Ore 14\u2033, con i giornalisti <\/strong>\u00a0<strong>Francesca Pizzolante<\/strong>\u00a0e\u00a0<strong>Giovanni Violato,<\/strong>\u00a0che erano impegnati a Milano, in zona\u00a0<strong>Rogoredo<\/strong>, \u00e8 stata aggredita da un gruppo di spacciatori e solo l\u2019intervento della polizia ha evitato il peggio. Giovanni Violato, operatore, \u00e8 stato colpito e rapinato. Pare che sia stato <strong>scambiati per un poliziotto in borghese<\/strong>.<\/p>\n<h2>La ricostruzione dell\u2019agente fatta agli inquirenti<\/h2>\n<p>\u201cHo avuto molta paura: in tanti anni di servizio, in Polizia qualcosa ho visto ed ho fatto, ma finch\u00e9 non capita uno non ci pensa\u2026ma questa \u00e8 un\u2019altra cosa\u201d, ha detto il poliziotto indagato Nel giubbotto della vittima gli agenti hanno trovato \u201cdella sostanza stupefacente, cocaina, eroina e hashish\u201d.<\/p>\n<div class=\"code-block code-block-6\"><\/div>\n<p>\u201cSubito dopo l\u2019esplosione del colpo la persona era a terra a faccia in su e l\u2019arma (replica di un\u2019arma in uso alle forze dell\u2019ordine, ndr) era vicina alla persona a terra. lo, per come ci hanno insegnato a fare, ho tolto l\u2019arma dalla disponibilit\u00e0 del soggetto. Mi sembra di averlo fatto con la mano e la pistola era sempre vicina ma tolta dalla possibilit\u00e0 di essere presa\u201d, poich\u00e9 l\u2019uomo era gravissimo ma ancora vivo \u201ccon la pistola a quindici centimetri\u201d.\u00a0<strong>L\u2019arma \u201caveva la sicura non inserita e l\u2019abbiamo spostata\u201d<\/strong> aggiunge nell\u2019interrogatorio davanti al pubblico ministero Giovanni Tarzia. \u201cDal momento in cui l\u2019arma \u00e8 stata spostata di pi\u00f9 per permettere ai soccorsi di operare, sono state fatte delle foto prima, quando era stata spostata quel tanto per la sicurezza\u201d, dice l\u2019agente difeso dall\u2019avvocato Pietro Porciani. \u00a0Il poliziotto ha affermato di aver visto prima \u201cda lontano (\u2026) du<strong>e figure che inizialmente si avvicinavano verso di noi, poi uno l\u2019ho perso di vista<\/strong> mentre l\u2019altro inizialmente l\u2019ho perso di vista e poi l\u2019ho rivisto di nuovo avvicinarsi e di nuovo fermarsi\u201d. In pratica il 28enne che poi ha ucciso \u00e8 riapparso dopo \u201cdieci minuti\u201d. \u201cQuando siamo arrivati a circa 20 metri la persona si \u00e8 fermata \u2013 ha ribadito nel verbale -. <strong>Ci siamo qualificati dicendo \u2018fermo polizia\u2019 e lui ha tirato fuori dalla tasca destra un\u2019arma puntandomela contro<\/strong>. Io, che nel frattempo avevo aperto il giubbotto e avevo fatto un passo per iniziare a rincorrerlo, ho estratto al pistola dalla fascia addominale ed ho esploso un colpo in direzione del soggetto\u201d. Una volta avvicinatosi al ragazzo ferito mortalmente, ha detto che l\u2019arma, la quale si \u00e8 scoperto essere a salve e una replica di quelle in uso alle forze dell\u2019ordine, si trovava a \u201cquindici centimetri dalla mano\u201d e di aver sentito \u201cl\u2019esigenza\u201d di allontanarla, in quanto aveva \u201cla sicura non inserita\u201d. \u201c<strong>Lo chiamavano con pseudonimo di Zack<\/strong> \u2013 ha aggiunto precisando che nel giubbotto la vittima aveva della sostanza stupefacente -. So che di recente era stato fermato da una volante del commissariato, ma non ci ho mai avuto a che fare. Abbiamo fatto varie attivit\u00e0 in Commissariato ed il bosco\u201d di Rogoredo \u201c\u00e8 sempre stato della famiglia\u201d a cui appartiene il giovane morto con un colpo alla testa, \u201cinteso che loro gestiscono l\u2019attivit\u00e0 di spaccio; l\u00ec abbiamo fatto varie attivit\u00e0, anche tecniche montando delle telecamere, e conoscevamo i fratelli, i cugini e i componenti della famiglia. C\u2019era anche stato un ferimento d\u2019arma da taglio tempo fa, abbiamo eseguito delle misure cautelari sempre in quel bosco\u201d.<\/p>\n<h2>Rogoredo, nel bosco della droga il poliziotto in borghese ha ucciso il marocchino<\/h2>\n<p>Ma cos\u2019era accaduto due giorni fa? Gli inquirenti stanno facendo chiarezza. Poco prima delle 18, secondo la prima ricostruzione della polizia, un 28enne marocchino con precedenti per spaccio di droga e resistenza a pubblico ufficiale si sarebbe avvicinato mentre gli agenti stavano fermando un presunto spacciatore. L\u2019uomo avrebbe puntato un\u2019arma contro la pattuglia, quasi certamente un riproduzione di una Beretta calibro 92. E uno degli agenti, dopo avergli intimato l\u2019alt, avrebbe sparato un colpo per difendersi, un solo colpo alla testa che ha freddato il nordafricano<a href=\"https:\/\/www.ilgiorno.it\/milano\/cronaca\/sparatoria-via-impastato-milano-rogoredo-marocchino-clan-mansouri-w0ejo75c\">, che sarebbe considerato un trafficante di droga.<\/a><\/p>\n<p>Stando a quanto riferito, nell\u2019interrogatorio il poliziotto ha raccontato che in quel momento, durante il servizio di controllo antidroga nel quartiere Rogoredo, <strong>erano in due, lui ed un collega,<\/strong> e avevano appena fermato un presunto spacciatore. Il 28enne, Abdheraim Mansouri ha iniziato ad avvicinarsi a loro e i due agenti gli hanno gridato \u201cfermo polizia\u201d e a quel punto l\u2019uomo, stando sempre all\u2019interrogatorio, ha estratto la pistola (poi risulter\u00e0 a salve) e l\u2019ha puntata addosso al poliziotto che per una reazione \u201cdi paura e di difesa\u201d, come ha messo a verbale, ha sparato colpendolo alla fronte e uccidendolo. O<strong>ra nelle indagini saranno effettuati sia l\u2019autopsia sul corpo del 28enne che gli accertamenti balistici<\/strong> per ricostruire la traiettoria dello sparo e tutta la dinamica dell\u2019azione. E poi tutte le altre analisi e attivit\u00e0 necessarie. Secondo la difesa, sar\u00e0 accertato che si \u00e8 trattato di legittima difesa e cadr\u00e0, sempre a detta dell\u2019avvocato Porciani, la contestazione tecnica ipotizzata per svolgere le indagini.<\/p>\n<h2>Da Salvini solidariet\u00e0 all\u2019agente<\/h2>\n<p>\u201cSe un agente di polizia durante un controllo in una periferia complicata di Milano si trova minacciato con un\u2019arma che solo successivamente si scopre essere a salve, e difende s\u00e9 stesso e i suoi colleghi, fa semplicemente il suo dovere. Che sia indagato per omicidio volontario mi sembra assolutamente sbagliato\u201d, h<strong>a dichiarato il ministro Matteo Salvini<\/strong> a margine della cerimonia per la riapertura della tratta ferroviaria Brunico-Fortezza in Val Pusteria. Tanto che, fa sapere il vicepremier, \u201cnel decreto sicurezza, anche su richiesta della Lega c<strong>i sar\u00e0 la cancellazione dell\u2019iscrizione automatica nel registro degli indagati<\/strong> per agenti delle forze dell\u2019ordine che facendo il loro lavoro devono difendersi. Non si festeggia mai una morte, ma aveva questo ragazzo aveva numerosi precedenti ed era ben noto alle forze dell\u2019ordine. Se vai in giro con una pistola in tasca, a salve o meno, un uomo in divisa fa il suo mestiere\u201d.<\/p>\n<p><strong>Anche FdI invita a non criminalizzare l\u2019agent<\/strong>e. \u00a0\u201cHo chiesto al suo avvocato di poter incontrare personalmente il poliziotto. Sono e sar\u00f2 sempre, senza alcuna esitazione o tentennamento, come tutta Fratelli d\u2019Italia dalla parte delle Divise che tutelano il nostro Paese. La difesa per noi \u00e8 sempre legittima, sia che si tratti del caso di Ramy con il Carabiniere che ieri sera con il poliziotto. \u00c8 necessario che al pi\u00f9 presto approviamo alle Camere il secondo Decreto Sicurezza dove abbiamo gi\u00e0 previsto pi\u00f9 tutela per le Forze di Polizia che da sempre, per il centrodestra, rappresentano un punto riferimento\u201d, <strong>dichiara Riccardo De Corato<\/strong>, il deputato di Fratelli d\u2019Italia, vice Presidente della Commissione Affari Costituzionali della Camera ed ex vice Sindaco delle Giunte di Centrodestra milanesi.<\/p>\n<p>\u201cL\u2019agente che ieri sera a\u00a0Rogoredo\u00a0ha sparato a uno spacciatore pregiudicato ha reagito di fronte a una minaccia. <strong>E\u2019 assurdo pretendere che dovesse distinguere se l\u2019arma fosse vera o a salve.<\/strong> In quei momenti non c\u2019e\u2019 spazio per l\u2019esitazione, come purtroppo sanno bene i tanti poliziotti e appartenenti alle forze dell\u2019ordine uccisi dai malviventi. Daremo sempre il nostro sostegno alle forze dell\u2019ordine quando agiscono nell\u2019ambito della legalita\u2019 per difendere la sicurezza dei cittadini\u201d, dice l\u2019assessore regionale alla Sicurezza Romano La Russa.<\/p>\n<\/div>\n<div class=\"commentSectionContainer\">\n<p class=\"comments-title\">Non ci sono commenti, inizia una discussione<\/p>\n<\/div>\n<div id=\"comments\" class=\"comments-area closed\">\n<div id=\"respond\" class=\"comment-respond\">\n<h3 id=\"reply-title\" class=\"comment-reply-title\">Lascia un commento <small><a rel=\"nofollow\" id=\"cancel-comment-reply-link\" href=\"https:\/\/www.secoloditalia.it\/2026\/01\/solita-vergogna-indagato-per-omicidio-volontario-il-poliziotto-che-ha-sparato-al-pusher-marocchino-armato\/#respond\">Annulla risposta<\/a><\/small><\/h3>\n<p class=\"comment-notes\"><span id=\"email-notes\">Il tuo indirizzo email non sar\u00e0 pubblicato.<\/span><span class=\"required-field-message\">I campi obbligatori sono contrassegnati <span class=\"required\">*<\/span><\/span><\/p>\n<\/div>\n<\/div>\n<div class=\"info-condivisione bottom\">\n<div>\n<p>di <span class=\"autore\">Lucio Meo<\/span> &#8211; <span class=\"data\">27 Gennaio 2026<\/span><\/p>\n<\/div>\n<\/div>\n<\/div>\n<\/article>\n<article>\n<figure class=\"special\"><a href=\"https:\/\/www.secoloditalia.it\/2026\/01\/a-termini-e-colosseo-arrivano-i-puma-dellesercito-meloni-altro-che-depotenziamento-di-strade-sicure\/\" aria-label=\"A Termini e Colosseo arrivano i \u201cpuma\u201d dell\u2019Esercito. Meloni: Altro che depotenziamento di strade sicure\" class=\"lower\"><img loading=\"lazy\" decoding=\"async\" width=\"370\" height=\"154\" src=\"https:\/\/analyse.optim.biz\/wp-content\/uploads\/2026\/01\/strade-sicure-buona-1-370x154-10.jpg\" class=\"attachment-standard-lower size-standard-lower wp-post-image\" alt=\"A Termini e Colosseo arrivano i \u201cpuma\u201d dell\u2019Esercito. Meloni: Altro che depotenziamento di strade sicure\" title=\"A Termini e Colosseo arrivano i \u201cpuma\u201d dell\u2019Esercito. Meloni: Altro che depotenziamento di strade sicure\"><\/a><\/figure>\n<p class=\"occhiello\">Tre blindati a Roma<\/p>\n<p><a href=\"https:\/\/www.secoloditalia.it\/2026\/01\/a-termini-e-colosseo-arrivano-i-puma-dellesercito-meloni-altro-che-depotenziamento-di-strade-sicure\/\"><\/p>\n<h4 class=\"titolo\">A Termini e Colosseo arrivano i \u201cpuma\u201d dell\u2019Esercito. Meloni: Altro che depotenziamento di strade sicure<\/h4>\n<p><\/a><\/article>\n<article>\n<p class=\"occhiello\">La soddisfazione di FdI<\/p>\n<p><a href=\"https:\/\/www.secoloditalia.it\/2026\/01\/precari-della-giustizia-il-governo-supera-le-aspettative-e-ne-assume-oltre-novemila\/\"><\/p>\n<h4 class=\"titolo\">Precari della giustizia, il governo supera le aspettative e ne assume oltre novemila<\/h4>\n<p><\/a><\/article>\n<article>\n<p class=\"occhiello\">Ambiente e sicurezza<\/p>\n<p><a href=\"https:\/\/www.secoloditalia.it\/2026\/01\/energia-zucconi-i-nuovi-dati-eurostat-impongono-un-dibattito-meno-ideologico-sul-futuro-energetico-italiano\/\"><\/p>\n<h4 class=\"titolo\">Energia, Zucconi: &#8220;I nuovi dati Eurostat impongono un dibattito <strong>meno ideologico sul futuro energetico italiano&#8221;<\/strong><\/h4>\n<p><\/a><\/article>\n<article>\n<p class=\"categoria\">Cronaca<\/p>\n<figure class=\"special\"><a href=\"https:\/\/www.secoloditalia.it\/2026\/01\/vi-municipio-il-campidoglio-ostacola-gli-sgomberi-nicola-franco-dice-no-alle-case-popolari-per-difendere-gli-occupanti-video\/\" aria-label=\"VI municipio, il Campidoglio ostacola gli sgomberi. Nicola Franco: \u201cDice no alle case popolari per difendere gli occupanti\u201d (video)\" class=\"lower\"><img decoding=\"async\" width=\"370\" height=\"154\" src=\"https:\/\/analyse.optim.biz\/wp-content\/uploads\/2026\/01\/franco-secolo-370x154-3.jpg\" class=\"attachment-standard-lower size-standard-lower wp-post-image\" alt=\"VI municipio, il Campidoglio ostacola gli sgomberi. Nicola Franco: \u201cDice no alle case popolari per difendere gli occupanti\u201d (video)\" loading=\"lazy\" title=\"VI municipio, il Campidoglio ostacola gli sgomberi. Nicola Franco: \u201cDice no alle case popolari per difendere gli occupanti\u201d (video)\"><\/a><\/figure>\n<p class=\"occhiello\">Scandalo Gualtieri<\/p>\n<p><a href=\"https:\/\/www.secoloditalia.it\/2026\/01\/vi-municipio-il-campidoglio-ostacola-gli-sgomberi-nicola-franco-dice-no-alle-case-popolari-per-difendere-gli-occupanti-video\/\"><\/p>\n<h4 class=\"titolo\">VI municipio, il Campidoglio ostacola gli sgomberi. Nicola Franco: &#8220;Dice no alle case popolari <strong>per difendere gli occupanti&#8221;<\/strong> (video)<\/h4>\n<p><\/a><\/article>\n<p> Source URL: https:\/\/www.secoloditalia.it\/2026\/01\/solita-vergogna-indagato-per-omicidio-volontario-il-poliziotto-che-ha-sparato-al-pusher-marocchino-armato\/<\/p>\n","protected":false},"excerpt":{"rendered":"<p>Milano Solita vergogna: indagato per omicidio volontario il poliziotto che ha sparato al pusher marocchino armato Cronaca &#8211; di Lucio Meo &#8211; 27 Gennaio 2026 alle 17:55 Un atto dovuto, certo, ma quell\u2019accusa di omicidio volontario al poliziotto che ha sparato e ucciso un uomo di\u00a0\u00a0origini marocchine di 28 anni, che gli avrebbe puntato contro [&hellip;]<\/p>\n","protected":false},"author":1,"featured_media":1541927,"comment_status":"open","ping_status":"","sticky":false,"template":"","format":"standard","meta":{"footnotes":""},"categories":[87],"tags":[123],"class_list":["post-1541924","post","type-post","status-publish","format-standard","has-post-thumbnail","hentry","category-italy","tag-secoloditalia-it"],"_links":{"self":[{"href":"https:\/\/analyse.optim.biz\/index.php?rest_route=\/wp\/v2\/posts\/1541924","targetHints":{"allow":["GET"]}}],"collection":[{"href":"https:\/\/analyse.optim.biz\/index.php?rest_route=\/wp\/v2\/posts"}],"about":[{"href":"https:\/\/analyse.optim.biz\/index.php?rest_route=\/wp\/v2\/types\/post"}],"author":[{"embeddable":true,"href":"https:\/\/analyse.optim.biz\/index.php?rest_route=\/wp\/v2\/users\/1"}],"replies":[{"embeddable":true,"href":"https:\/\/analyse.optim.biz\/index.php?rest_route=%2Fwp%2Fv2%2Fcomments&post=1541924"}],"version-history":[{"count":0,"href":"https:\/\/analyse.optim.biz\/index.php?rest_route=\/wp\/v2\/posts\/1541924\/revisions"}],"wp:featuredmedia":[{"embeddable":true,"href":"https:\/\/analyse.optim.biz\/index.php?rest_route=\/wp\/v2\/media\/1541927"}],"wp:attachment":[{"href":"https:\/\/analyse.optim.biz\/index.php?rest_route=%2Fwp%2Fv2%2Fmedia&parent=1541924"}],"wp:term":[{"taxonomy":"category","embeddable":true,"href":"https:\/\/analyse.optim.biz\/index.php?rest_route=%2Fwp%2Fv2%2Fcategories&post=1541924"},{"taxonomy":"post_tag","embeddable":true,"href":"https:\/\/analyse.optim.biz\/index.php?rest_route=%2Fwp%2Fv2%2Ftags&post=1541924"}],"curies":[{"name":"wp","href":"https:\/\/api.w.org\/{rel}","templated":true}]}}