{"id":1541826,"date":"2026-01-27T17:39:19","date_gmt":"2026-01-27T14:39:19","guid":{"rendered":"https:\/\/analyse.optim.biz\/?p=1541826"},"modified":"2026-01-27T17:39:19","modified_gmt":"2026-01-27T14:39:19","slug":"dalla-puglia-con-amore-inviate-decine-di-trecce-di-capelli-per-fare-parrucche-ai-ragazzi-ustionati-a-crans","status":"publish","type":"post","link":"https:\/\/analyse.optim.biz\/?p=1541826","title":{"rendered":"Dalla Puglia con amore: inviate decine di trecce di capelli per fare parrucche ai ragazzi ustionati a Crans&#8230;"},"content":{"rendered":"<article id=\"post-1524279\" class=\"post-1524279 post type-post status-publish format-standard has-post-thumbnail hentry category-cronaca posizione-editoriale-centro-pagina\">\n<div>\n<figure class=\"evidence-wrapper\"><img loading=\"lazy\" decoding=\"async\" width=\"860\" height=\"358\" src=\"https:\/\/analyse.optim.biz\/wp-content\/uploads\/2026\/01\/crans-montana-capelli-ustionati-1-860x358-1.jpg\" class=\"attachment-single size-single wp-post-image\" alt=\"Dalla Puglia con amore: inviate decine di trecce di capelli per fare parrucche ai ragazzi ustionati a Crans Montana\" title=\"Dalla Puglia con amore: inviate decine di trecce di capelli per fare parrucche ai ragazzi ustionati a Crans Montana\"><\/figure>\n<p class=\"occhiello\">La strage svizzera<\/p>\n<h1>Dalla Puglia con amore: inviate decine di trecce di capelli per fare parrucche ai ragazzi ustionati a Crans Montana<\/h1>\n<div class=\"info-condivisione\">\n<div>\n<p><span class=\"categoria\">Cronaca<\/span><\/p>\n<p>\t\t\t\t\t &#8211; di <span class=\"autore\">Lucio Meo<\/span> &#8211; <span class=\"data\">27 Gennaio 2026 alle 18:39<\/span><\/p>\n<\/div>\n<\/div>\n<div class=\"contenuto\">\n<p id class=\"art-text\" data-mrf-recirculation=\"Link article\">Sono\u00a0<span id=\"U113206979006QoC\">oltre 100 le trecce donate per realizzare parrucche destinate ai ragazzi e alle ragazze ustionati nella tragedia del bar \u2018Le Constellation\u2019<\/span>\u00a0di Crans-Montana, in Svizzera, la notte di Capodanno. <strong>L\u2019iniziativa, promossa dall\u2019associazione \u2018Il Cuore Foggia\u2019,<\/strong> ha coinvolto parrucchieri locali e donatrici da tutta Italia, dal Piemonte alla Toscana fino al Lazio, trasformando un gesto personale in una grande mobilitazione di solidariet\u00e0.<\/p>\n<p id class=\"art-text\" data-mrf-recirculation=\"Link article\">A raccontarlo \u00e8\u00a0<strong><span id=\"U113206979006HBB\">Jole Figurella<\/span><\/strong>, psicologa e presidente dell\u2019associazione, che\u00a0<span id=\"U113206979006rnB\">seguir\u00e0 personalmente la consegna dei capelli in Svizzera a met\u00e0 febbraio<\/span>. \u201cNon sono riuscita ancora a pesarli ma il contributo dei parrucchieri locali e quello delle donatrici di tutta Italia \u00e8 stato notevole. Siamo a oltre 100 trecce. Una grande partecipazione\u201d, ha detto all\u2019<em>Adnkronos<\/em>. \u201cSono gesti di grande coraggio e generosit\u00e0, non \u00e8 facile rinunciare a qualcosa che ci mettiamo anni a far crescere\u201d, ha aggiunto.<\/p>\n<div class=\"code-block code-block-6\"><\/div>\n<h2 id=\"il-passaparola-immediato-39\">Trecce da Foggia per le vittime di Crans Montana<\/h2>\n<p id class=\"art-text\" data-mrf-recirculation=\"Link article\">\u201cSono stata personalmente a Crans Montana subito dopo la tragedia \u2013 racconta \u2013 da quella occasione \u00e8 partita l\u2019idea della raccolta\u201d. Dopo aver incontrato gli esponenti dell\u2019associazione \u2018Crans Montana Solidariet\u00e8\u2019, una organizzazione nata proprio dopo la strage, \u201csono tornata in Puglia a Foggia, la mia citt\u00e0, e\u00a0<span id=\"U113206979006ch\">ho fatto partire la raccolta, riportando un riscontro altissimo non solo dai miei concittadini ma anche da altre regioni d\u2019Italia\u201d<\/span>.<\/p>\n<div class=\"gptslot\" data-adunitid=\"1\">\n<div id=\"gpt-slot-8\" class=\"optiload\" data-google-query-id=\"CMGG8YOdrJIDFezqDQkdMVQfJQ\">\n<div id=\"google_ads_iframe_\/5966054,21738307588\/Adnkronos\/Adnkronos_intext_0__container__\">La raccolta \u00e8 partita quasi in sordina, ma il passaparola \u00e8 immediato: <strong>\u201cNel momento in cui si \u00e8 diffusa la notizia che erano destinate ai ragazzi di Crans Montana<\/strong> \u2013 evidenzia Figurella \u2013 ho ricevuto tantissime telefonate: dal Piemonte, dalla Toscana, dal Lazio. E ora stanno spedendo i capelli. Alcuni li hanno tagliati, in altri casi avevano delle trecce. Un\u2019attrice da Firenze mi ha scritto dicendo che aveva delle trecce sue, bellissime lunghe. Ci teneva a contribuire personalmente\u201d.<\/div>\n<\/div>\n<\/div>\n<p id class=\"art-text\" data-mrf-recirculation=\"Link article\">Intorno al 15 febbraio Figurella si recher\u00e0 personalmente in Svizzera per la consegna all\u2019associazione con cui \u00e8 collegata. \u201cSto preparando e separando le scatole con capelli di lunghezze diverse\u201d, spiega. Le ciocche devono avere infatti requisiti specifici: lunghezza minima di 35 centimetri, puliti e asciutti, naturali o colorati sani. Mentre sono esclusi quelli decolorati o trattati con henn\u00e8, come anche i dread, le extension e i sintetici. E\u2019 preferibile che le ciocche siano legate strette con elastici.<\/p>\n<p id class=\"art-text\" data-mrf-recirculation=\"Link article\">\u201cL\u2019associazione Crans Montana Solidariet\u00e8\u2019<strong> nata dopo la tragedia di Capodanno<\/strong> ha intrapreso anche altre iniziative\u201d, precisa Figurella. \u201cSaranno loro a indicarci eventuali altri partner\u201d. Un contributo notevole \u00e8 giunto \u201cdai 6 parrucchieri di Foggia e provincia che hanno aderito\u201d, riprende. \u201c<strong>Quando sono stata a Crans Montana ho potuto constatare come molte ustioni<\/strong> purtroppo hanno interessato le parti superiori: dorso, volto, testa. Il cuoio capelluto \u00e8 danneggiato, in molti casi per sempre. Per gli impianti ai fini di una possibile ricrescita si valuter\u00e0 in futuro. Ora,\u00a0<span id=\"U113206979006H0C\">con le parrucche \u00e8 importante mettere in condizione i ragazzi e le ragazze di essere accettati. Il trauma di questi adolescenti \u00e8 grande<\/span>\u201c, sottolinea. \u201cCome associazione ci occupiamo di maxi emergenze, protezione civile, calamit\u00e0 naturali, terremoti, missioni all\u2019estero: ne abbiamo viste di situazioni drammatiche e sofferenze di diverso genere per\u00f2 questa volta, forse perch\u00e9 riguardava ragazzi, c\u2019\u00e8 stata una grande partecipazione e sensibilizzazione da parte non solo di adulti che solidarizzavano anche come genitori, ma anche di altri giovani: per esempio molte trecce e capelli mi arrivano dalle ragazze\u201d. <strong>Anche per questo il gesto della donazione assume un valore profondo<\/strong>. \u201cNon \u00e8 come regalare un vestito. I capelli fanno parte della nostra identit\u00e0\u201d.<\/p>\n<div class=\"gptslot\" data-adunitid=\"1\">\n<div id=\"gpt-slot-9\" class=\"optiload\" data-google-query-id=\"CI-264SdrJIDFWpfQQIdZJU0kg\">\n<p id class=\"art-text\" data-mrf-recirculation=\"Link article\">Figurella lo sa ben<strong>e: \u00e8 una paziente oncologica, ha perso i capelli e poi li ha visti ricresce<\/strong>re. Tagliarli di nuovo non \u00e8 stato facile: \u201cIo sono stata la prima a dare l\u2019esempio, mi \u00e8 costata fatica. Sembra sciocco perch\u00e9 i capelli ricrescono ma \u00e8 difficile rinunciare a qualcosa che sentiamo molto nostra, \u00e8 un atto davvero forte. Non \u00e8 come donare un capo di abbigliamento. Io sono una paziente oncologica, avevo dei capelli bellissimi. Ero pi\u00f9 giovane e quando li ho persi \u00e8 stato triste. Poi sono ricresciuti e adesso li ho tagliati di nuovo. Da allora non avevo avuto il coraggio di tagliarli perch\u00e9 mi sentivo pi\u00f9 protetta, non \u00e8 solo una questione estetica. Ma farlo mi ha dato una gratificazione enorme\u201d, osserva. <strong>Sui social scriv<\/strong>e: \u201cOgni ciocca donata racconta una storia di generosit\u00e0. Ogni treccia raccolta \u00e8 un gesto concreto di vicinanza verso chi sta affrontando un momento difficile\u201d. E intanto la solidariet\u00e0 continua a crescere, come un fiume in piena.<\/p>\n<\/div>\n<\/div>\n<\/div>\n<div class=\"commentSectionContainer\">\n<p class=\"comments-title\">Non ci sono commenti, inizia una discussione<\/p>\n<\/div>\n<div id=\"comments\" class=\"comments-area closed\">\n<div id=\"respond\" class=\"comment-respond\">\n<h3 id=\"reply-title\" class=\"comment-reply-title\">Lascia un commento <small><a rel=\"nofollow\" id=\"cancel-comment-reply-link\" href=\"https:\/\/www.secoloditalia.it\/2026\/01\/dalla-puglia-con-amore-inviate-decine-di-trecce-di-capelli-per-fare-parrucche-ai-ragazzi-ustionati-a-crans-montana\/#respond\">Annulla risposta<\/a><\/small><\/h3>\n<p class=\"comment-notes\"><span id=\"email-notes\">Il tuo indirizzo email non sar\u00e0 pubblicato.<\/span><span class=\"required-field-message\">I campi obbligatori sono contrassegnati <span class=\"required\">*<\/span><\/span><\/p>\n<\/div>\n<\/div>\n<div class=\"info-condivisione bottom\">\n<div>\n<p>di <span class=\"autore\">Lucio Meo<\/span> &#8211; <span class=\"data\">27 Gennaio 2026<\/span><\/p>\n<\/div>\n<\/div>\n<\/div>\n<\/article>\n<article>\n<figure class=\"special\"><a href=\"https:\/\/www.secoloditalia.it\/2026\/01\/a-termini-e-colosseo-arrivano-i-puma-dellesercito-meloni-altro-che-depotenziamento-di-strade-sicure\/\" aria-label=\"A Termini e Colosseo arrivano i \u201cpuma\u201d dell\u2019Esercito. Meloni: Altro che depotenziamento di strade sicure\" class=\"lower\"><img loading=\"lazy\" decoding=\"async\" width=\"370\" height=\"154\" src=\"https:\/\/analyse.optim.biz\/wp-content\/uploads\/2026\/01\/strade-sicure-buona-1-370x154-6.jpg\" class=\"attachment-standard-lower size-standard-lower wp-post-image\" alt=\"A Termini e Colosseo arrivano i \u201cpuma\u201d dell\u2019Esercito. Meloni: Altro che depotenziamento di strade sicure\" title=\"A Termini e Colosseo arrivano i \u201cpuma\u201d dell\u2019Esercito. Meloni: Altro che depotenziamento di strade sicure\"><\/a><\/figure>\n<p class=\"occhiello\">Tre blindati a Roma<\/p>\n<p><a href=\"https:\/\/www.secoloditalia.it\/2026\/01\/a-termini-e-colosseo-arrivano-i-puma-dellesercito-meloni-altro-che-depotenziamento-di-strade-sicure\/\"><\/p>\n<h4 class=\"titolo\">A Termini e Colosseo arrivano i \u201cpuma\u201d dell\u2019Esercito. Meloni: Altro che depotenziamento di strade sicure<\/h4>\n<p><\/a><\/article>\n<article>\n<p class=\"occhiello\">Ambiente e sicurezza<\/p>\n<p><a href=\"https:\/\/www.secoloditalia.it\/2026\/01\/energia-zucconi-i-nuovi-dati-eurostat-impongono-un-dibattito-meno-ideologico-sul-futuro-energetico-italiano\/\"><\/p>\n<h4 class=\"titolo\">Energia, Zucconi: &#8220;I nuovi dati Eurostat impongono un dibattito <strong>meno ideologico sul futuro energetico italiano&#8221;<\/strong><\/h4>\n<p><\/a><\/article>\n<article>\n<p class=\"occhiello\">Indottrinamento subdolo<\/p>\n<p><a href=\"https:\/\/www.secoloditalia.it\/2026\/01\/referendum-il-fronte-del-no-diffonde-falsita-anche-sui-libri-di-scuola-rampelli-denuncia-lennesima-bufala\/\"><\/p>\n<h4 class=\"titolo\">Referendum, <strong>il fronte del No diffonde falsit\u00e0 anche sui libri di scuola. <\/strong> Rampelli denuncia l&#8217;ennesima bufala<\/h4>\n<p><\/a><\/article>\n<article>\n<p class=\"categoria\">Cronaca<\/p>\n<figure class=\"special\"><a href=\"https:\/\/www.secoloditalia.it\/2026\/01\/vi-municipio-il-campidoglio-ostacola-gli-sgomberi-nicola-franco-dice-no-alle-case-popolari-per-difendere-gli-occupanti-video\/\" aria-label=\"VI municipio, il Campidoglio ostacola gli sgomberi. Nicola Franco: \u201cDice no alle case popolari per difendere gli occupanti\u201d (video)\" class=\"lower\"><img decoding=\"async\" width=\"370\" height=\"154\" src=\"https:\/\/analyse.optim.biz\/wp-content\/uploads\/2026\/01\/franco-secolo-370x154-2.jpg\" class=\"attachment-standard-lower size-standard-lower wp-post-image\" alt=\"VI municipio, il Campidoglio ostacola gli sgomberi. Nicola Franco: \u201cDice no alle case popolari per difendere gli occupanti\u201d (video)\" loading=\"lazy\" title=\"VI municipio, il Campidoglio ostacola gli sgomberi. Nicola Franco: \u201cDice no alle case popolari per difendere gli occupanti\u201d (video)\"><\/a><\/figure>\n<p class=\"occhiello\">Scandalo Gualtieri<\/p>\n<p><a href=\"https:\/\/www.secoloditalia.it\/2026\/01\/vi-municipio-il-campidoglio-ostacola-gli-sgomberi-nicola-franco-dice-no-alle-case-popolari-per-difendere-gli-occupanti-video\/\"><\/p>\n<h4 class=\"titolo\">VI municipio, il Campidoglio ostacola gli sgomberi. Nicola Franco: &#8220;Dice no alle case popolari <strong>per difendere gli occupanti&#8221;<\/strong> (video)<\/h4>\n<p><\/a><\/article>\n<p> Source URL: https:\/\/www.secoloditalia.it\/2026\/01\/dalla-puglia-con-amore-inviate-decine-di-trecce-di-capelli-per-fare-parrucche-ai-ragazzi-ustionati-a-crans-montana\/<\/p>\n","protected":false},"excerpt":{"rendered":"<p>La strage svizzera Dalla Puglia con amore: inviate decine di trecce di capelli per fare parrucche ai ragazzi ustionati a Crans Montana Cronaca &#8211; di Lucio Meo &#8211; 27 Gennaio 2026 alle 18:39 Sono\u00a0oltre 100 le trecce donate per realizzare parrucche destinate ai ragazzi e alle ragazze ustionati nella tragedia del bar \u2018Le Constellation\u2019\u00a0di Crans-Montana, [&hellip;]<\/p>\n","protected":false},"author":1,"featured_media":1541830,"comment_status":"open","ping_status":"","sticky":false,"template":"","format":"standard","meta":{"footnotes":""},"categories":[87],"tags":[123],"class_list":["post-1541826","post","type-post","status-publish","format-standard","has-post-thumbnail","hentry","category-italy","tag-secoloditalia-it"],"_links":{"self":[{"href":"https:\/\/analyse.optim.biz\/index.php?rest_route=\/wp\/v2\/posts\/1541826","targetHints":{"allow":["GET"]}}],"collection":[{"href":"https:\/\/analyse.optim.biz\/index.php?rest_route=\/wp\/v2\/posts"}],"about":[{"href":"https:\/\/analyse.optim.biz\/index.php?rest_route=\/wp\/v2\/types\/post"}],"author":[{"embeddable":true,"href":"https:\/\/analyse.optim.biz\/index.php?rest_route=\/wp\/v2\/users\/1"}],"replies":[{"embeddable":true,"href":"https:\/\/analyse.optim.biz\/index.php?rest_route=%2Fwp%2Fv2%2Fcomments&post=1541826"}],"version-history":[{"count":0,"href":"https:\/\/analyse.optim.biz\/index.php?rest_route=\/wp\/v2\/posts\/1541826\/revisions"}],"wp:featuredmedia":[{"embeddable":true,"href":"https:\/\/analyse.optim.biz\/index.php?rest_route=\/wp\/v2\/media\/1541830"}],"wp:attachment":[{"href":"https:\/\/analyse.optim.biz\/index.php?rest_route=%2Fwp%2Fv2%2Fmedia&parent=1541826"}],"wp:term":[{"taxonomy":"category","embeddable":true,"href":"https:\/\/analyse.optim.biz\/index.php?rest_route=%2Fwp%2Fv2%2Fcategories&post=1541826"},{"taxonomy":"post_tag","embeddable":true,"href":"https:\/\/analyse.optim.biz\/index.php?rest_route=%2Fwp%2Fv2%2Ftags&post=1541826"}],"curies":[{"name":"wp","href":"https:\/\/api.w.org\/{rel}","templated":true}]}}