{"id":1541776,"date":"2026-01-27T18:11:02","date_gmt":"2026-01-27T15:11:02","guid":{"rendered":"https:\/\/analyse.optim.biz\/?p=1541776"},"modified":"2026-01-27T18:11:02","modified_gmt":"2026-01-27T15:11:02","slug":"disordini-contro-lice-a-minneapolis-melania-trump-protestate-si-ma-pacificamente-video","status":"publish","type":"post","link":"https:\/\/analyse.optim.biz\/?p=1541776","title":{"rendered":"Disordini contro l&#8217;Ice a Minneapolis, Melania Trump: &#8220;Protestate s\u00ec, ma pacificamente&#8221; (video)"},"content":{"rendered":"<article id=\"post-1524278\" class=\"post-1524278 post type-post status-publish format-standard has-post-thumbnail hentry category-esteri posizione-editoriale-centro-pagina\">\n<div>\n<figure class=\"evidence-wrapper\"><img loading=\"lazy\" decoding=\"async\" width=\"860\" height=\"358\" src=\"https:\/\/analyse.optim.biz\/wp-content\/uploads\/2026\/01\/melania-1-860x358-1.jpg\" class=\"attachment-single size-single wp-post-image\" alt=\"Disordini contro l\u2019Ice a Minneapolis, Melania Trump: \u201cProtestate s\u00ec, ma pacificamente\u201d (video)\" title=\"Disordini contro l\u2019Ice a Minneapolis, Melania Trump: \u201cProtestate s\u00ec, ma pacificamente\u201d (video)\"><\/figure>\n<p class=\"occhiello\">La first lady scende in campo<\/p>\n<h1>Disordini contro l\u2019Ice a Minneapolis, Melania Trump: \u201cProtestate s\u00ec, ma pacificamente\u201d (video)<\/h1>\n<div class=\"info-condivisione\">\n<div>\n<p><span class=\"categoria\">Esteri<\/span><\/p>\n<p>\t\t\t\t\t &#8211; di <span class=\"autore\">Giulio Benarmato<\/span> &#8211; <span class=\"data\">27 Gennaio 2026 alle 19:11<\/span><\/p>\n<\/div>\n<\/div>\n<div class=\"contenuto\">\n<p>\u00abDobbiamo unirci. Invito all\u2019unit\u00e0. So che mio marito, il presidente, ieri ha avuto un ottimo colloquio telefonico con il governatore e il sindaco, e stanno lavorando insieme per garantire la pace ed evitare disordini. Sono contraria alla violenza\u00bb. A dirlo \u00e8 Melania Trump, <strong>a fronte delle tensioni a Minneapolis per l\u2019operato dell\u2019Ice. Poi, a fronte delle rivolte<\/strong> che spesso sfociano nella violenza, specialmente per colpa dei gruppi antagonisti, la first lady ha lanciato un appello ai manifestanti, chiedendogli di \u00abprotestare in modo pacifico\u00bb. Poi l\u2019attenzione si \u00e8 spostata verso la nuova bufera di neve che sta colpendo gli Usa e che ha messo in ginocchio tanti cittadini: \u00abProvo profonda compassione per le persone che sono colpite da questa tempesta. <strong>So che il governo federale sta lavorando duramente per fornire assistenza a tutti coloro che ne hanno bisogn<\/strong>o. Come americani, dobbiamo aiutarci a vicenda e riunirci in questi tempi difficili\u00bb.<\/p>\n<iframe loading=\"lazy\" title=\"Melania Trump makes URGENT plea amid anti-ICE protests: \u2018We NEED to unify!\u2019\" width=\"640\" height=\"360\" src=\"https:\/\/www.youtube.com\/embed\/9OdWJe5lKk0?feature=oembed\" frameborder allow=\"accelerometer; autoplay; clipboard-write; encrypted-media; gyroscope; picture-in-picture; web-share\" referrerpolicy=\"strict-origin-when-cross-origin\" allowfullscreen><\/iframe>\n<div class=\"code-block code-block-6\"><\/div>\n<h2>Melania Trump sulle proteste violente contro l\u2019Ice: \u201cManifestate pacificamente\u201d<\/h2>\n<p>Durante il suo intervento, la first lady <strong>ha detto di essere contraria alla violenza,<\/strong> inviando la sua forza e il suo amore a tutti coloro che stanno affrontando difficolt\u00e0 a causa della tempesta ghiacciata. Successivamente, la moglie di <a href=\"https:\/\/www.secoloditalia.it\/2026\/01\/violenza-antifascista-su-agenti-e-civili-negli-usa-i-gruppi-antagonisti-fanno-la-guerra-a-trump\/\">Trump<\/a> ha parlato anche del suo nuovo docufilm intitolato \u201cMelania\u201d, che racconta i retroscena della sua vita. Si tratta di azioni importanti che in pochi conoscono: \u00abQuesta storia non \u00e8 mai stata raccontata prima, quindi il pubblico mi vedr\u00e0 per come gestisco la mia attivit\u00e0, la mia filantropia, la preparazione della famiglia per l\u2019inaugurazione e anche l\u2019istituzione dell\u2019ala est per la <a href=\"https:\/\/www.ilgiornale.it\/news\/politica\/impronta-maga-casa-bianca-cos-cambia-lordine-mondiale-2597726.html\">Casa Bianca<\/a>\u00bb.<\/p>\n<\/div>\n<div class=\"commentSectionContainer\">\n<p class=\"comments-title\">Non ci sono commenti, inizia una discussione<\/p>\n<\/div>\n<div id=\"comments\" class=\"comments-area closed\">\n<div id=\"respond\" class=\"comment-respond\">\n<h3 id=\"reply-title\" class=\"comment-reply-title\">Lascia un commento <small><a rel=\"nofollow\" id=\"cancel-comment-reply-link\" href=\"https:\/\/www.secoloditalia.it\/2026\/01\/disordini-contro-lice-a-minneapolis-melania-trump-protestate-si-ma-pacificamente-video\/#respond\">Annulla risposta<\/a><\/small><\/h3>\n<p class=\"comment-notes\"><span id=\"email-notes\">Il tuo indirizzo email non sar\u00e0 pubblicato.<\/span><span class=\"required-field-message\">I campi obbligatori sono contrassegnati <span class=\"required\">*<\/span><\/span><\/p>\n<\/div>\n<\/div>\n<div class=\"info-condivisione bottom\">\n<div>\n<p>di <span class=\"autore\">Giulio Benarmato<\/span> &#8211; <span class=\"data\">27 Gennaio 2026<\/span><\/p>\n<\/div>\n<\/div>\n<\/div>\n<\/article>\n<article>\n<figure class=\"special\"><a href=\"https:\/\/www.secoloditalia.it\/2026\/01\/a-termini-e-colosseo-arrivano-i-puma-dellesercito-meloni-altro-che-depotenziamento-di-strade-sicure\/\" aria-label=\"A Termini e Colosseo arrivano i \u201cpuma\u201d dell\u2019Esercito. Meloni: Altro che depotenziamento di strade sicure\" class=\"lower\"><img loading=\"lazy\" decoding=\"async\" width=\"370\" height=\"154\" src=\"https:\/\/analyse.optim.biz\/wp-content\/uploads\/2026\/01\/strade-sicure-buona-1-370x154-4.jpg\" class=\"attachment-standard-lower size-standard-lower wp-post-image\" alt=\"A Termini e Colosseo arrivano i \u201cpuma\u201d dell\u2019Esercito. Meloni: Altro che depotenziamento di strade sicure\" title=\"A Termini e Colosseo arrivano i \u201cpuma\u201d dell\u2019Esercito. Meloni: Altro che depotenziamento di strade sicure\"><\/a><\/figure>\n<p class=\"occhiello\">Tre blindati a Roma<\/p>\n<p><a href=\"https:\/\/www.secoloditalia.it\/2026\/01\/a-termini-e-colosseo-arrivano-i-puma-dellesercito-meloni-altro-che-depotenziamento-di-strade-sicure\/\"><\/p>\n<h4 class=\"titolo\">A Termini e Colosseo arrivano i \u201cpuma\u201d dell\u2019Esercito. Meloni: Altro che depotenziamento di strade sicure<\/h4>\n<p><\/a><\/article>\n<article>\n<p class=\"occhiello\">Ambiente e sicurezza<\/p>\n<p><a href=\"https:\/\/www.secoloditalia.it\/2026\/01\/energia-zucconi-i-nuovi-dati-eurostat-impongono-un-dibattito-meno-ideologico-sul-futuro-energetico-italiano\/\"><\/p>\n<h4 class=\"titolo\">Energia, Zucconi: &#8220;I nuovi dati Eurostat impongono un dibattito <strong>meno ideologico sul futuro energetico italiano&#8221;<\/strong><\/h4>\n<p><\/a><\/article>\n<article>\n<p class=\"occhiello\">Indottrinamento subdolo<\/p>\n<p><a href=\"https:\/\/www.secoloditalia.it\/2026\/01\/referendum-il-fronte-del-no-diffonde-falsita-anche-sui-libri-di-scuola-rampelli-denuncia-lennesima-bufala\/\"><\/p>\n<h4 class=\"titolo\">Referendum, <strong>il fronte del No diffonde falsit\u00e0 anche sui libri di scuola. <\/strong> Rampelli denuncia l&#8217;ennesima bufala<\/h4>\n<p><\/a><\/article>\n<article>\n<p class=\"categoria\">Esteri<\/p>\n<figure class=\"special\"><a href=\"https:\/\/www.secoloditalia.it\/2026\/01\/niger-attacco-allaeroporto-che-ospita-militari-italiani-crosetto-i-nostri-soldati-non-coinvolti\/\" aria-label=\"Niger, attacco all\u2019aeroporto che ospita militari italiani. Crosetto: \u201cI nostri soldati non coinvolti\u201d\" class=\"lower\"><img decoding=\"async\" width=\"370\" height=\"154\" src=\"https:\/\/analyse.optim.biz\/wp-content\/uploads\/2026\/01\/sbarra-2026-01-29t144648-466-370x154-1.jpg\" class=\"attachment-standard-lower size-standard-lower wp-post-image\" alt=\"Niger\" loading=\"lazy\" title=\"Niger\"><\/a><\/figure>\n<p class=\"occhiello\">Il ministro rassicura<\/p>\n<p><a href=\"https:\/\/www.secoloditalia.it\/2026\/01\/niger-attacco-allaeroporto-che-ospita-militari-italiani-crosetto-i-nostri-soldati-non-coinvolti\/\"><\/p>\n<h4 class=\"titolo\">Niger, attacco all\u2019aeroporto che ospita militari italiani. Crosetto: \u201cI nostri soldati non coinvolti\u201d<\/h4>\n<p><\/a><\/article>\n<p> Source URL: https:\/\/www.secoloditalia.it\/2026\/01\/disordini-contro-lice-a-minneapolis-melania-trump-protestate-si-ma-pacificamente-video\/<\/p>\n","protected":false},"excerpt":{"rendered":"<p>La first lady scende in campo Disordini contro l\u2019Ice a Minneapolis, Melania Trump: \u201cProtestate s\u00ec, ma pacificamente\u201d (video) Esteri &#8211; di Giulio Benarmato &#8211; 27 Gennaio 2026 alle 19:11 \u00abDobbiamo unirci. Invito all\u2019unit\u00e0. So che mio marito, il presidente, ieri ha avuto un ottimo colloquio telefonico con il governatore e il sindaco, e stanno lavorando [&hellip;]<\/p>\n","protected":false},"author":1,"featured_media":1541780,"comment_status":"open","ping_status":"","sticky":false,"template":"","format":"standard","meta":{"footnotes":""},"categories":[87],"tags":[123],"class_list":["post-1541776","post","type-post","status-publish","format-standard","has-post-thumbnail","hentry","category-italy","tag-secoloditalia-it"],"_links":{"self":[{"href":"https:\/\/analyse.optim.biz\/index.php?rest_route=\/wp\/v2\/posts\/1541776","targetHints":{"allow":["GET"]}}],"collection":[{"href":"https:\/\/analyse.optim.biz\/index.php?rest_route=\/wp\/v2\/posts"}],"about":[{"href":"https:\/\/analyse.optim.biz\/index.php?rest_route=\/wp\/v2\/types\/post"}],"author":[{"embeddable":true,"href":"https:\/\/analyse.optim.biz\/index.php?rest_route=\/wp\/v2\/users\/1"}],"replies":[{"embeddable":true,"href":"https:\/\/analyse.optim.biz\/index.php?rest_route=%2Fwp%2Fv2%2Fcomments&post=1541776"}],"version-history":[{"count":0,"href":"https:\/\/analyse.optim.biz\/index.php?rest_route=\/wp\/v2\/posts\/1541776\/revisions"}],"wp:featuredmedia":[{"embeddable":true,"href":"https:\/\/analyse.optim.biz\/index.php?rest_route=\/wp\/v2\/media\/1541780"}],"wp:attachment":[{"href":"https:\/\/analyse.optim.biz\/index.php?rest_route=%2Fwp%2Fv2%2Fmedia&parent=1541776"}],"wp:term":[{"taxonomy":"category","embeddable":true,"href":"https:\/\/analyse.optim.biz\/index.php?rest_route=%2Fwp%2Fv2%2Fcategories&post=1541776"},{"taxonomy":"post_tag","embeddable":true,"href":"https:\/\/analyse.optim.biz\/index.php?rest_route=%2Fwp%2Fv2%2Ftags&post=1541776"}],"curies":[{"name":"wp","href":"https:\/\/api.w.org\/{rel}","templated":true}]}}