{"id":153968,"date":"2016-12-12T00:06:46","date_gmt":"2016-12-11T21:06:46","guid":{"rendered":"https:\/\/analyse.optim.biz\/?p=153968"},"modified":"2016-12-12T00:06:46","modified_gmt":"2016-12-11T21:06:46","slug":"c-t-popescu-si-domnului-ciolos-i-se-datoreaza-rezultatul-pnl","status":"publish","type":"post","link":"https:\/\/analyse.optim.biz\/?p=153968","title":{"rendered":"C. T. Popescu: \u015ei domnului Ciolo\u015f i se \u201edatoreaz\u0103\u201d rezultatul PNL"},"content":{"rendered":"<div class=\"entry data-app-meta data-app-meta-article\" data-embed-base-url-canonical=\"https:\/\/www.digi24.ro\/embed\/fara-categorie\/c-t-popescu-si-domnului-ciolos-i-se-datoreaza-rezultatul-pnl-630336\">\n<p data-index=\"1\"><strong>PNL \u015fi-a f\u0103cut gre\u015fit calculele politice atunci c\u00e2nd l-a adoptat pe tehnocratul Dacian Ciolo\u015f, crede Cristian Tudor Popescu. Iar premierul a gre\u015fit, la r\u00e2ndul lui, atunci c\u00e2nd s-a implicat activ \u00een campania electoral\u0103 \u015fi a renun\u0163at la calitatea sa de independent. Motiv pentru care, \u00een loc s\u0103 fie o locomotiv\u0103 electoral\u0103 a d\u0103unat imaginii PNL, spune jurnalistul. \u00cen ceea ce-l prive\u015fte pe pre\u015fedintele Klaus Iohannis, acesta este c\u00e2t se poate de lini\u015ftit, la Cotroceni. Acolo unde va fi \u015fi peste doi ani, comenteaz\u0103 Cristian Tudor Popescu.<\/strong><\/p>\n<p data-index=\"2\">Cristian Tudor Popescu: \u201eDomnul Ciolo\u015f poate s\u0103 intre \u00een politic\u0103 cu acte \u00een regul\u0103 acum. S\u0103 se duc\u0103 s\u0103 devin\u0103 membru PNL, de pild\u0103, s\u0103 ia partidul la reconstruc\u0163ie, acum, de la 20% \u0103sta \u015fi din situa\u0163ia \u00een care se afl\u0103. S\u0103 se duc\u0103 domnul Ciolo\u015f acolo, s\u0103 pun\u0103 um\u0103rul. Dac\u0103 dore\u015fte. Sau poate se duce la USR. Dar nu asta este important. Important este dac\u0103 domnul Ciolo\u015f \u00ee\u015fi d\u0103 seama de ce a f\u0103cut. Acest 21% al PNL i se datoreaz\u0103, dac\u0103 se poate spune a\u015fa, \u015fi domnului Ciolo\u015f. D\u00e2nsul, pe l\u00e2ng\u0103 c\u0103 a venit cu aceast\u0103 idee de guvern tehnocrat \u00een spate cu care PNL s-a identificat&#8230; \u00cen ultima perioad\u0103, \u00een campanie, PNL s-a identificat cu tehnocra\u0163ii. Tehnocra\u0163ii au fost u\u015for de demonizat de c\u0103tre PSD, ALDE \u015fi compania. Un guvern sub\u0163ire, asta a fost problema domnului Ciolo\u015f. A f\u0103cut gre\u015feli mari de alegere a oamenilor acolo, a fost vulnerabil acest guvern. Ceea ce a \u015fi f\u0103cut PSD, a atacat din toate direc\u0163iile, l-au demonizat \u015fi aceast\u0103 idee de tehnocra\u0163i s-a lipit \u015fi ea pe PNL \u015fi i-a sc\u0103zut mult procentul. Apoi, chiar domnul Ciolo\u015f. D\u00e2nsul n-a mai reprezentat un tractor electoral a\u015fa cum p\u0103rea \u00een prim\u0103 faz\u0103, c\u00e2nd PNL \u015fi l-a pus \u00een fa\u0163\u0103. Tocmani pentru c\u0103 nu s-a p\u0103strat deoparte. Dac\u0103 d\u00e2nsul s-ar fi p\u0103strat deoparte, dac\u0103 nu venea la mitinguri, dac\u0103 nu comitea aceast\u0103&#8230; Inadmisibil ce a f\u0103cut, apunc\u00e2ndu-se \u00een ultimul moment&#8230; Din func\u0163ia de premier \u00een act, nefiind \u00een niciun partid, s\u0103 te apuci s\u0103 spui: vota\u0163i PNL \u015fi USR. Descalificant! \u015ei asta a contribuit la acest 21%. Nu a f\u0103cvut o afacere, a\u015fa cum a crezut, PNL. PNL neav\u00e2nd vreo dragoste \u015fi vreo afinitate cu domnul Ciolo\u015f. Sunt destui, \u015fi acum vor ridica glasul, din PNL care au f\u0103cut m\u0103runt din buze pentru faptul c\u0103 nu unul dintre ei ci domnul Ciolo\u015f, independent, apolitic, a fost scos \u00een fa\u0163\u0103.\u201d<\/p>\n<p data-index=\"3\">Cristian Tudor Popescu: \u201eSigur, a\u015fa e natura domnului Iohannis. Ce crede\u0163i, c\u0103 \u00ee\u015fi smulge p\u0103rul din cap? Domnul Iohannis este la Cotroceni. Va fi \u015fi m\u00e2ine la Cotroceni. \u015ei la anul. \u015ei peste doi ani. Nu-l d\u0103 nimeni jos de acolo. Astea, scenariile cu suspendarea lui Iohannis&#8230; Nici vorb\u0103 de a\u015fa ceva. D\u00e2nsul e lini\u015ftit acolo. PNL s-a dus pe apa s\u00e2mbetei. \u015ei care e problema? O s\u0103 vad\u0103 d\u00e2nsul ce face \u00een continuare. Nu e genul care s\u0103 dispere, domnul Iohannis. O s\u0103-\u015fi caute o alt\u0103 formul\u0103 pentru urm\u0103torul mandat care-l intereseaz\u0103, dar \u00een clipa de fa\u0163\u0103 nu va face, dup\u0103 p\u0103rerea mea, niciun efort. Adic\u0103 s\u0103 nu a\u015ftepta\u0163i de la d\u00e2nsul ni\u015fte ac\u0163iuni kamikadze, eu \u015ftiu, s\u0103 refuze acum numirea unui premier de la cei care fac majoritatea, s\u0103 \u00eencerce obstruc\u0163ii, s\u0103 mearg\u0103 p\u00e2n\u0103 la alegeri anticipate&#8230; Nu. A\u015fa ceva nu va face.\u201d<\/p>\n<\/div>\n<p> Source URL: https:\/\/www.digi24.ro\/fara-categorie\/c-t-popescu-si-domnului-ciolos-i-se-datoreaza-rezultatul-pnl-630336<\/p>\n","protected":false},"excerpt":{"rendered":"<p>PNL \u015fi-a f\u0103cut gre\u015fit calculele politice atunci c\u00e2nd l-a adoptat pe tehnocratul Dacian Ciolo\u015f, crede Cristian Tudor Popescu. Iar premierul a gre\u015fit, la r\u00e2ndul lui, atunci c\u00e2nd s-a implicat activ \u00een campania electoral\u0103 \u015fi a renun\u0163at la calitatea sa de independent. Motiv pentru care, \u00een loc s\u0103 fie o locomotiv\u0103 electoral\u0103 a d\u0103unat imaginii PNL, [&hellip;]<\/p>\n","protected":false},"author":1,"featured_media":153969,"comment_status":"open","ping_status":"","sticky":false,"template":"","format":"standard","meta":{"footnotes":""},"categories":[2],"tags":[11],"class_list":["post-153968","post","type-post","status-publish","format-standard","has-post-thumbnail","hentry","category-politics","tag-digi24"],"_links":{"self":[{"href":"https:\/\/analyse.optim.biz\/index.php?rest_route=\/wp\/v2\/posts\/153968","targetHints":{"allow":["GET"]}}],"collection":[{"href":"https:\/\/analyse.optim.biz\/index.php?rest_route=\/wp\/v2\/posts"}],"about":[{"href":"https:\/\/analyse.optim.biz\/index.php?rest_route=\/wp\/v2\/types\/post"}],"author":[{"embeddable":true,"href":"https:\/\/analyse.optim.biz\/index.php?rest_route=\/wp\/v2\/users\/1"}],"replies":[{"embeddable":true,"href":"https:\/\/analyse.optim.biz\/index.php?rest_route=%2Fwp%2Fv2%2Fcomments&post=153968"}],"version-history":[{"count":0,"href":"https:\/\/analyse.optim.biz\/index.php?rest_route=\/wp\/v2\/posts\/153968\/revisions"}],"wp:featuredmedia":[{"embeddable":true,"href":"https:\/\/analyse.optim.biz\/index.php?rest_route=\/wp\/v2\/media\/153969"}],"wp:attachment":[{"href":"https:\/\/analyse.optim.biz\/index.php?rest_route=%2Fwp%2Fv2%2Fmedia&parent=153968"}],"wp:term":[{"taxonomy":"category","embeddable":true,"href":"https:\/\/analyse.optim.biz\/index.php?rest_route=%2Fwp%2Fv2%2Fcategories&post=153968"},{"taxonomy":"post_tag","embeddable":true,"href":"https:\/\/analyse.optim.biz\/index.php?rest_route=%2Fwp%2Fv2%2Ftags&post=153968"}],"curies":[{"name":"wp","href":"https:\/\/api.w.org\/{rel}","templated":true}]}}