{"id":1535697,"date":"2015-03-08T09:00:22","date_gmt":"2015-03-08T06:00:22","guid":{"rendered":"https:\/\/analyse.optim.biz\/?p=1535697"},"modified":"2015-03-08T09:00:22","modified_gmt":"2015-03-08T06:00:22","slug":"timisoara-uitata-statuile-emblematice-ale-orasului-vii-ce-semnificatie-au-busturile-interbelice-din-oras-si-ce-aport-au-avut-aceste-personalitati-pentru-oras","status":"publish","type":"post","link":"https:\/\/analyse.optim.biz\/?p=1535697","title":{"rendered":"TIMI\u0218OARA UITAT\u0102 Statuile emblematice ale ora\u0219ului (VII) Ce semnifica\u0163ie au busturile interbelice din ora\u015f \u015fi ce aport au avut aceste personalit\u0103\u0163i pentru ora\u015f"},"content":{"rendered":"<article id=\"post-166126\" class=\"post-166126 post type-post status-publish format-standard has-post-thumbnail hentry category-campanii-pressalert category-timisoara-uitata-campanii-pressalert tag-bust tag-perioada-interbelica tag-personalitati-romanesti tag-statui tag-timisoara tag-timisoara-uitata\">\n<div class=\"td-post-header td-pb-padding-side\">\n<div class=\"entry-crumbs\"><span><a title class=\"entry-crumb\" href=\"https:\/\/www.pressalert.ro\/\"><span>Acas\u0103<\/span><\/a><\/span><span><a title=\"Vede\u021bi toate articolele \u00een Campanii PRESSALERT\" class=\"entry-crumb\" href=\"https:\/\/www.pressalert.ro\/category\/campanii-pressalert\/\"><span>Campanii PRESSALERT<\/span><\/a><\/span><span class=\"td-bred-no-url-last\">TIMI\u0218OARA UITAT\u0102 Statuile emblematice ale ora\u0219ului (VII) Ce semnifica\u0163ie au busturile interbelice&#8230;<\/span><\/div>\n<ul class=\"td-category\">\n<li class=\"entry-category\"><a href=\"https:\/\/www.pressalert.ro\/category\/campanii-pressalert\/\">Campanii PRESSALERT<\/a><\/li>\n<li class=\"entry-category\"><a href=\"https:\/\/www.pressalert.ro\/category\/campanii-pressalert\/timisoara-uitata-campanii-pressalert\/\">Timi\u0219oara uitat\u0103<\/a><\/li>\n<\/ul>\n<header>\n<h1 class=\"entry-title\">TIMI\u0218OARA UITAT\u0102 Statuile emblematice ale ora\u0219ului (VII) Ce semnifica\u0163ie au busturile interbelice din ora\u015f \u015fi ce aport au avut aceste personalit\u0103\u0163i pentru ora\u015f<\/h1>\n<div class=\"meta-info\">\n<div class=\"td-post-author-name\">\n<div class=\"td-author-by\">De<\/div>\n<p><a href=\"https:\/\/www.pressalert.ro\/author\/liana-paun\/\">Liana P\u0103un<\/a><\/p>\n<div class=\"td-author-line\"> &#8211; <\/div>\n<\/div>\n<p><span class=\"td-post-date\"><time class=\"entry-date updated td-module-date\" datetime=\"2015-03-08T09:00:22+00:00\">mart. 8, 2015<\/time><\/span><\/p>\n<div class=\"td-post-comments\"><a href=\"https:\/\/www.pressalert.ro\/2015\/03\/timisoara-uitata-statuile-emblematice-ale-orasului-vii-ce-semnificatie-au-busturile-interbelice-din-oras-si-ce-aport-au-avut-aceste-personalitati-pentru-oras\/#comments\">1<\/a><\/div>\n<\/div>\n<\/header>\n<\/div>\n<div class=\"td-post-sharing td-post-sharing-top td-pb-padding-side\"><span class=\"td-post-share-title\">DISTRIBUI\u021aI<\/span><\/p>\n<div class=\"td-default-sharing \"><a class=\"td-social-sharing-buttons td-social-facebook\" href=\"http:\/\/www.facebook.com\/sharer.php?u=https%3A%2F%2Fwww.pressalert.ro%2F2015%2F03%2Ftimisoara-uitata-statuile-emblematice-ale-orasului-vii-ce-semnificatie-au-busturile-interbelice-din-oras-si-ce-aport-au-avut-aceste-personalitati-pentru-oras%2F\"><\/p>\n<div class=\"td-social-but-text\">Facebook<\/div>\n<p><\/a><a class=\"td-social-sharing-buttons td-social-twitter\" href=\"https:\/\/twitter.com\/intent\/tweet?text=TIMI%C8%98OARA+UITAT%C4%82+Statuile+emblematice+ale+ora%C8%99ului+%28VII%29+Ce+semnifica%C5%A3ie+au+busturile+interbelice+din+ora%C5%9F+%C5%9Fi+ce+aport+au+avut+aceste+personalit%C4%83%C5%A3i+pentru+ora%C5%9F&amp;url=https%3A%2F%2Fwww.pressalert.ro%2F2015%2F03%2Ftimisoara-uitata-statuile-emblematice-ale-orasului-vii-ce-semnificatie-au-busturile-interbelice-din-oras-si-ce-aport-au-avut-aceste-personalitati-pentru-oras%2F&amp;via=PRESSALERT.ro\"><\/p>\n<div class=\"td-social-but-text\">Twitter<\/div>\n<p><\/a><\/div>\n<\/div>\n<div class=\"td-post-content td-pb-padding-side\">\n<p><img loading=\"lazy\" decoding=\"async\" class=\"aligncenter size-full wp-image-166127\" src=\"https:\/\/analyse.optim.biz\/wp-content\/uploads\/2026\/01\/eremia-grigorescu.jpg\" alt=\"eremia grigorescu\" width=\"342\" height=\"434\" title=\"eremia-grigorescu\"><\/p>\n<p>\u00cen anii interbelici, dup\u0103 alipirea Banatului la Regatul Rom\u00e2niei, \u00een Timi\u015foara au fost amplasate mai multe statui \u00een semn de omagiu adus unor personalit\u0103\u0163i rom\u00e2ne\u015fti.<\/p>\n<p><strong>Eremia Grigorescu<\/strong><\/p>\n<p>\u00cen pia\u0163a M\u0103r\u0103\u015fti, l\u00e2ng\u0103 Clinicile Noi, se afl\u0103 bustul generalului Eremia Grigorescu, cel care\u00a0 \u00een luptele din 1917, a rostit celebrele cuvinte \u201ePe aici nu se trece\u201d \u015fi a repurtat victorii str\u0103lucite \u00een primul r\u0103zboi mondial, care \u015fi-au adus contribu\u0163ia la \u00eenf\u0103ptuirea Rom\u00e2niei Mari. Bustul a fost realizat de sculptorul bucure\u015ftean Oscar Sp\u00e4the, fondator al societ\u0103\u0163ii \u201eTinerimea artistic\u0103\u201d, \u015fi a fost a\u015fezat \u00een scuarul din fa\u0163a spitalului \u00een 1928.<\/p>\n<p><a href=\"https:\/\/analyse.optim.biz\/wp-content\/uploads\/2026\/01\/traian-lalescu.jpg\"><img loading=\"lazy\" decoding=\"async\" class=\"aligncenter size-full wp-image-166128\" src=\"https:\/\/analyse.optim.biz\/wp-content\/uploads\/2026\/01\/traian-lalescu.jpg\" alt=\"traian Lalescu\" width=\"250\" height=\"600\" title=\"traian-lalescu\"><\/a><\/p>\n<p><strong>Traian Lalescu<\/strong><\/p>\n<p>\u00cen fa\u0163a \u015ecolii Politehnice de pe bdul Mihai Viteazu s-a ridicat, \u00een 1930, bustul celui care a militat pentru \u00eenfiin\u0163area acestei \u015fcoli la Timi\u015foara \u015fi care a fost primul ei rector. Pe inscrip\u0163ie st\u0103 scris \u201eTraian Lalescu (!882-1929). Primul rector \u015fi profesor al \u015ecoalei Politehnice din Timi\u015foara oct. 1920-1921\u201d. Bustul lui Traian Lalescu, doctor \u00een matematici dup\u0103 studii f\u0103cute la Paris, profesor de \u015ftiin\u0163e \u015fi la politehnica din Bucure\u015fti, este o lucrare a sculptorului Cornel \u00a0Medrea.<\/p>\n<p><a href=\"http:\/\/www.pressalert.ro\/wp-content\/uploads\/2015\/03\/victor-babes.jpg\"><img loading=\"lazy\" decoding=\"async\" class=\"aligncenter size-medium wp-image-166129\" src=\"https:\/\/analyse.optim.biz\/wp-content\/uploads\/2026\/01\/victor-babes-480x640-1.jpg\" alt=\"victor babes\" width=\"480\" height=\"640\" title=\"victor-babes-480x640-1\"><\/a><\/p>\n<p><strong>Victor Babe\u015f<\/strong><\/p>\n<p>Un bust al renumitului savant se afl\u0103 \u00een fa\u0163a cl\u0103dirii principale a institutului de s\u0103n\u0103tate public\u0103 de pe strada cu acela\u015fi nume \u015fi a fost realizat de Romul Ladea \u00een 1930. Bustul a fost turnat \u00een bronz \u015fi a\u015fezat pe un soclu de marmur\u0103 roz de Ru\u015fchi\u0163a. Fiul lui Vincen\u0163iu Babe\u015f \u015fi-a f\u0103cut studiile la Viena, Paris \u015fi Berlin \u015fi a colaborat cu celebrit\u0103\u0163i ale vremii precum Louis Pasteur sau Robert Koch. Este autorul primului tratat de bacteriologie din istoria lumii \u015fi autorul unor descoperiri fundamentale \u00een istoria medicinei.<\/p>\n<p><a href=\"https:\/\/analyse.optim.biz\/wp-content\/uploads\/2026\/01\/aurel-candea.jpg\"><img decoding=\"async\" loading=\"lazy\" class=\"aligncenter size-full wp-image-166130\" src=\"https:\/\/analyse.optim.biz\/wp-content\/uploads\/2026\/01\/aurel-candea.jpg\" alt=\"aurel candea\" width=\"450\" height=\"600\" title=\"aurel-candea\"><\/a><\/p>\n<p><strong>Aurel C\u00e2ndea<\/strong><\/p>\n<p>Eminentul medic \u015fi chirurg stabilit \u00een Timi\u015foara \u00een 1919, care, cu sprijinul lui Victor Babe\u015f, a \u00eenfiin\u0163at primul spital chirurgical, cu 90 de paturi, a fost imortalizat \u00eentr-u lucrare de Romul Ladea \u00een 1931. Bustul s\u0103u din bronz, a\u015fezat pe un soclu de granit de Jdioara, a fost a\u015fezat \u00een fa\u0163a spitalului Bega de la str. Victor Babe\u015f.<\/p>\n<p><a href=\"https:\/\/analyse.optim.biz\/wp-content\/uploads\/2026\/01\/emanoil-ungureanu.jpg\"><img decoding=\"async\" loading=\"lazy\" class=\"aligncenter size-full wp-image-166131\" src=\"https:\/\/analyse.optim.biz\/wp-content\/uploads\/2026\/01\/emanoil-ungureanu.jpg\" alt=\"IM000812.JPG\" width=\"450\" height=\"600\" title=\"emanoil-ungureanu\"><\/a><\/p>\n<p><strong>Emanoil Ungureanu<\/strong><\/p>\n<p>Bustul lupt\u0103torului b\u0103n\u0103\u0163ean, care are inscrip\u0163ia \u201eEmanoil Ungureanu 1846-1929\u201d, se afl\u0103\u00a0 \u00een prezent \u00een fa\u0163a liceului Electromotor \u015fi este opera sculptorului Gheorghe Groza. A fost \u00a0ridicat\u0103 \u00een 1931, \u00een gr\u0103dina public\u0103 de atunci din fa\u0163a castelului Huniazilor. Emanoil Ungureanu \u00eenfiin\u0163ase \u00een Timi\u015foara Banca Timi\u015fiana, a condus la sf\u00e2r\u015fitul secolului al XIX-lea\u00a0 cotidianul rom\u00e2nesc \u201eDreptatea\u201d care i-a adus nu mai pu\u0163in de 23 de procese, \u00een 1912 a pus bazele unei funda\u0163ii pentru ajutorarea \u015fcolilor \u015fi bisericilor rom\u00e2ne\u015fti din Ardeal \u015fi Banat, a fost preocupat de istoria Timi\u015foarei \u015fi, dup\u0103 Unire, de crearea unei industrii \u015fi a unui comer\u0163 rom\u00e2nesc precum \u015fi de \u00eenfiin\u0163area unor \u015fcoli \u015fi c\u0103mine de ucenici, de care ora\u015ful ducea lips\u0103.<\/p>\n<p><a href=\"https:\/\/analyse.optim.biz\/wp-content\/uploads\/2026\/01\/barbu-stefanescu-delavrancea.jpg\"><img decoding=\"async\" loading=\"lazy\" class=\"aligncenter size-full wp-image-166132\" src=\"https:\/\/analyse.optim.biz\/wp-content\/uploads\/2026\/01\/barbu-stefanescu-delavrancea.jpg\" alt=\"barbu stefanescu delavrancea\" width=\"450\" height=\"600\" title=\"barbu-stefanescu-delavrancea\"><\/a><\/p>\n<p><strong>Barbu \u015etef\u0103nescu Delavrancea<\/strong><\/p>\n<p>Statuia scriitorului \u015fi omului politic, realizat\u0103 de sculptorul Cornel Medrea \u00een 1933, a fost a\u015fezat\u0103 \u00een Parcul Central.<\/p>\n<p> Excelent orator, Delavrancea a sus\u0163inut \u00een parlament alian\u0163a cu Antanta \u015fi a militat intens pentru intrarea Rom\u00e2niei \u00een primul r\u0103zboi mondial \u015fi alipirea provinciilor rom\u00e2ne\u015fti din monarhia austro-ungar\u0103, pentru \u00eemplinirea unui act istoric. Nu \u015fi-a v\u0103zut visul \u00eemplinit, c\u0103ci a trecut \u00een nefiin\u0163\u0103 \u00a0\u00een prim\u0103vara anului 1918, dar b\u0103n\u0103\u0163enii pe care i-a sprijinit i-au r\u0103mas recunosc\u0103tori.<\/p>\n<p><a href=\"https:\/\/analyse.optim.biz\/wp-content\/uploads\/2026\/01\/vincentiu-babes.jpg\"><img decoding=\"async\" loading=\"lazy\" class=\"aligncenter size-full wp-image-166134\" src=\"https:\/\/analyse.optim.biz\/wp-content\/uploads\/2026\/01\/vincentiu-babes.jpg\" alt=\"vincentiu babes\" width=\"300\" height=\"400\" title=\"vincentiu-babes\"><\/a><\/p>\n<p><strong>Vincen\u0163iu Babe\u015f<\/strong><\/p>\n<p>O statuie a juristului \u015fi omului politic cu o remarcabil\u0103 activitate \u00een secolul al XIX-lea a fost ridicat\u0103 \u00een 1934, \u00een Parcul Central. Absolvent al facult\u0103\u0163ii de drept din Budapesta, Vincen\u0163iu Babe\u015f a ocupat posturi importante \u00een magistratur\u0103, a f\u0103cut parte din delega\u0163ia care, la 1848, a prezentat \u00eemp\u0103ratului dolean\u0163ele rom\u00e2nilor transilv\u0103neni, a sus\u0163inut desp\u0103r\u0163irea bisericii ortodoxe rom\u00e2ne de cea s\u00e2rbeasc\u0103, sub a c\u0103rei jurisdic\u0163ie se afla, \u015fi a fost \u00een mai multe r\u00e2nduri deputat \u00een parlamentul de la Pesta, unde a sus\u0163inut drepturile na\u0163iunii rom\u00e2ne. A fost membru al Academiei Rom\u00e2ne \u00eenc\u0103 din 1866, de la \u00eentemeierea acesteia, ca reprezentant al unei provincii rom\u00e2ne\u015fti din afara grani\u0163elor \u0163\u0103rii. Bustul s\u0103u de bronz, a\u015fezat pe un soclu de granit, este opera sculptorului Aurel Popp.<\/p>\n<p><a href=\"https:\/\/analyse.optim.biz\/wp-content\/uploads\/2026\/01\/mihai-eminescu-5.jpg\"><img decoding=\"async\" loading=\"lazy\" class=\"aligncenter size-full wp-image-166133\" src=\"https:\/\/analyse.optim.biz\/wp-content\/uploads\/2026\/01\/mihai-eminescu-5.jpg\" alt=\"mihai eminescu\" width=\"339\" height=\"390\" title=\"mihai-eminescu-5\"><\/a><\/p>\n<p><strong>Mihai Eminescu<\/strong><\/p>\n<p>Oscar Han, sculptorul care a realizat \u00een anii interbelici celebrele statui ale poetului care se afl\u0103 \u00een fa\u0163a Ateneului Rom\u00e2n \u015fi pe faleza din Constan\u0163a, este \u015fi autorul bustului din Timi\u015foara, ora\u015f care nu i-a fost str\u0103in poetului. Bustul, a\u015fezat \u00eentr-un scuar de l\u00eeng\u0103 fostul cinematograf Capitol, a fost realizat \u00een 1960, \u00eentr-o perioad\u0103 mai pu\u0163in fast\u0103 din via\u0163a artistului.<\/p>\n<p><strong>Busturi disp\u0103rute<\/strong><\/p>\n<p>Statuia generalului Scudier, aflat\u0103 \u00een mijlocul parcului, a fost dat\u0103 jos \u00een 1918 \u015fi pe soclu a fost montat ulterior un ceas. Pr\u0103bu\u015firea monarhiei austro-ungare a dus \u015fi la \u00eenl\u0103turarea statuii de bronz a \u00eemp\u0103ratului, \u00een m\u0103rime natural\u0103, care se afla \u00een mijlocul parcului \u015fcolii de cade\u0163i (actualul parc botanic). Un alt monument disp\u0103rut, care se afla aproximativ pe locul catedralei mitropolitane, era unul ridicat din marmur\u0103 gri, \u00een cinstea pornirii primului tren spre Or\u015fova.<\/p>\n<p>Un bust al lui Alexandru Mocioni, om politic dar \u015fi o personalitate remarcabil\u0103 \u00a0prin activitatea sa de mecenat, a fost dezvelit \u00een 1936 \u00een acela\u015fi parc, \u00een prezen\u0163a a mii de b\u0103n\u0103\u0163eni dar a fost \u00eenl\u0103turat de regimul comunist. O alt\u0103 statuie devenit\u0103 indezirabil\u0103 a fost cea a lui I.G. Duca, aflat\u0103 pe bulevardul care-i purta numele (ulterior bdul Republicii).<\/p>\n<p>Statuilor interbelice li s-au ad\u0103ugat, \u00een anii regimului comunist, \u015fi cele ridicate \u00een amintirea unor personaje istorice sau a altor personalit\u0103\u0163i ale ora\u015fului iar \u015firul acestora a fost completat \u00een ultimii ani cu busturi ale unor figuri marcante pentru istoria Timi\u015foarei, ale c\u0103ror nume aproape fuseser\u0103 uitate \u00een anii de dictatur\u0103.<\/p>\n<p>Foto: Banaterra<\/p>\n<\/div>\n<footer>\n<div class=\"td-post-source-tags td-pb-padding-side\">\n<ul class=\"td-tags td-post-small-box clearfix\">\n<li><span>ETICHETE<\/span><\/li>\n<li><a href=\"https:\/\/www.pressalert.ro\/tag\/bust\/\">bust<\/a><\/li>\n<li><a href=\"https:\/\/www.pressalert.ro\/tag\/perioada-interbelica\/\">perioada interbelic\u0103<\/a><\/li>\n<li><a href=\"https:\/\/www.pressalert.ro\/tag\/personalitati-romanesti\/\">personalit\u0103\u0163i rom\u00e2ne\u015fti<\/a><\/li>\n<li><a href=\"https:\/\/www.pressalert.ro\/tag\/statui\/\">statui<\/a><\/li>\n<li><a href=\"https:\/\/www.pressalert.ro\/tag\/timisoara\/\">Timisoara<\/a><\/li>\n<li><a href=\"https:\/\/www.pressalert.ro\/tag\/timisoara-uitata\/\">timisoara uitata<\/a><\/li>\n<\/ul>\n<\/div>\n<div class=\"td-post-sharing td-post-sharing-bottom td-pb-padding-side\"><span class=\"td-post-share-title\">DISTRIBUI\u021aI<\/span><\/p>\n<div class=\"td-default-sharing \"><a class=\"td-social-sharing-buttons td-social-facebook\" href=\"http:\/\/www.facebook.com\/sharer.php?u=https%3A%2F%2Fwww.pressalert.ro%2F2015%2F03%2Ftimisoara-uitata-statuile-emblematice-ale-orasului-vii-ce-semnificatie-au-busturile-interbelice-din-oras-si-ce-aport-au-avut-aceste-personalitati-pentru-oras%2F\"><\/p>\n<div class=\"td-social-but-text\">Facebook<\/div>\n<p><\/a><a class=\"td-social-sharing-buttons td-social-twitter\" href=\"https:\/\/twitter.com\/intent\/tweet?text=TIMI%C8%98OARA+UITAT%C4%82+Statuile+emblematice+ale+ora%C8%99ului+%28VII%29+Ce+semnifica%C5%A3ie+au+busturile+interbelice+din+ora%C5%9F+%C5%9Fi+ce+aport+au+avut+aceste+personalit%C4%83%C5%A3i+pentru+ora%C5%9F&amp;url=https%3A%2F%2Fwww.pressalert.ro%2F2015%2F03%2Ftimisoara-uitata-statuile-emblematice-ale-orasului-vii-ce-semnificatie-au-busturile-interbelice-din-oras-si-ce-aport-au-avut-aceste-personalitati-pentru-oras%2F&amp;via=PRESSALERT.ro\"><\/p>\n<div class=\"td-social-but-text\">Twitter<\/div>\n<p><\/a><\/div>\n<\/div>\n<div class=\"td-block-row td-post-next-prev\">\n<div class=\"td-block-span6 td-post-prev-post\">\n<div class=\"td-post-next-prev-content\"><span>Articolul precedent<\/span><a href=\"https:\/\/www.pressalert.ro\/2015\/03\/intra-jocul-ororilor-cum-poti-sa-ti-testezi-limitele-si-sa-evadezi-din-inchisoarea-terorii-comuniste-la-exitgames-foto\/\">Intr\u0103 \u00een JOCUL ORORILOR! Cum po\u0163i s\u0103-\u0163i testezi limitele \u015fi s\u0103 evadezi din \u00eenchisoarea TERORII comuniste la Exitgames FOTO<\/a><\/div>\n<\/div>\n<div class=\"td-block-span6 td-post-next-post\">\n<div class=\"td-post-next-prev-content\"><span>Articolul urm\u0103tor<\/span><a href=\"https:\/\/www.pressalert.ro\/2015\/03\/singura-femeie-politist-in-misiune-speciala-in-africa-este-din-timisoara-ce-obiectiv-are-si-cum-isi-petrece-timpul-liber-foto\/\">Singura FEMEIE POLI\u0162IST, \u00een misiune special\u0103 \u00een Africa, este din Timi\u015foara. Ce obiectiv are \u015fi cum \u00ee\u015fi petrece timpul liber FOTO<\/a><\/div>\n<\/div>\n<\/div>\n<div class=\"author-box-wrap\"><a href=\"https:\/\/www.pressalert.ro\/author\/liana-paun\/\"><img decoding=\"async\" src=\"https:\/\/analyse.optim.biz\/wp-content\/uploads\/2026\/01\/e237afe71dbb475f2bb6dffeb603d703-149.jpg\" class=\"avatar avatar-96 photo\" height=\"96\" width=\"96\" loading=\"lazy\" title=\"e237afe71dbb475f2bb6dffeb603d703-149\"><\/a><\/p>\n<div class=\"desc\">\n<div class=\"td-author-name vcard author\"><span class=\"fn\"><a href=\"https:\/\/www.pressalert.ro\/author\/liana-paun\/\">Liana P\u0103un<\/a><\/span><\/div>\n<div class=\"td-author-url\"><a href=\"http:\/\/www.pressalert.ro\">http:\/\/www.pressalert.ro<\/a><\/div>\n<\/div>\n<\/div>\n<p><span><\/span><span><span><\/span><\/span><span><\/span><\/footer>\n<\/article>\n<div class=\"td-post-content td-pb-padding-side\">\n<p><img loading=\"lazy\" decoding=\"async\" class=\"aligncenter size-full wp-image-166127\" src=\"https:\/\/analyse.optim.biz\/wp-content\/uploads\/2026\/01\/eremia-grigorescu.jpg\" alt=\"eremia grigorescu\" width=\"342\" height=\"434\" title=\"eremia-grigorescu\"><\/p>\n<p>\u00cen anii interbelici, dup\u0103 alipirea Banatului la Regatul Rom\u00e2niei, \u00een Timi\u015foara au fost amplasate mai multe statui \u00een semn de omagiu adus unor personalit\u0103\u0163i rom\u00e2ne\u015fti.<\/p>\n<p><strong>Eremia Grigorescu<\/strong><\/p>\n<p>\u00cen pia\u0163a M\u0103r\u0103\u015fti, l\u00e2ng\u0103 Clinicile Noi, se afl\u0103 bustul generalului Eremia Grigorescu, cel care\u00a0 \u00een luptele din 1917, a rostit celebrele cuvinte \u201ePe aici nu se trece\u201d \u015fi a repurtat victorii str\u0103lucite \u00een primul r\u0103zboi mondial, care \u015fi-au adus contribu\u0163ia la \u00eenf\u0103ptuirea Rom\u00e2niei Mari. Bustul a fost realizat de sculptorul bucure\u015ftean Oscar Sp\u00e4the, fondator al societ\u0103\u0163ii \u201eTinerimea artistic\u0103\u201d, \u015fi a fost a\u015fezat \u00een scuarul din fa\u0163a spitalului \u00een 1928.<\/p>\n<p><a href=\"https:\/\/analyse.optim.biz\/wp-content\/uploads\/2026\/01\/traian-lalescu.jpg\"><img loading=\"lazy\" decoding=\"async\" class=\"aligncenter size-full wp-image-166128\" src=\"https:\/\/analyse.optim.biz\/wp-content\/uploads\/2026\/01\/traian-lalescu.jpg\" alt=\"traian Lalescu\" width=\"250\" height=\"600\" title=\"traian-lalescu\"><\/a><\/p>\n<p><strong>Traian Lalescu<\/strong><\/p>\n<p>\u00cen fa\u0163a \u015ecolii Politehnice de pe bdul Mihai Viteazu s-a ridicat, \u00een 1930, bustul celui care a militat pentru \u00eenfiin\u0163area acestei \u015fcoli la Timi\u015foara \u015fi care a fost primul ei rector. Pe inscrip\u0163ie st\u0103 scris \u201eTraian Lalescu (!882-1929). Primul rector \u015fi profesor al \u015ecoalei Politehnice din Timi\u015foara oct. 1920-1921\u201d. Bustul lui Traian Lalescu, doctor \u00een matematici dup\u0103 studii f\u0103cute la Paris, profesor de \u015ftiin\u0163e \u015fi la politehnica din Bucure\u015fti, este o lucrare a sculptorului Cornel \u00a0Medrea.<\/p>\n<p><a href=\"http:\/\/www.pressalert.ro\/wp-content\/uploads\/2015\/03\/victor-babes.jpg\"><img loading=\"lazy\" decoding=\"async\" class=\"aligncenter size-medium wp-image-166129\" src=\"https:\/\/analyse.optim.biz\/wp-content\/uploads\/2026\/01\/victor-babes-480x640-1.jpg\" alt=\"victor babes\" width=\"480\" height=\"640\" title=\"victor-babes-480x640-1\"><\/a><\/p>\n<p><strong>Victor Babe\u015f<\/strong><\/p>\n<p>Un bust al renumitului savant se afl\u0103 \u00een fa\u0163a cl\u0103dirii principale a institutului de s\u0103n\u0103tate public\u0103 de pe strada cu acela\u015fi nume \u015fi a fost realizat de Romul Ladea \u00een 1930. Bustul a fost turnat \u00een bronz \u015fi a\u015fezat pe un soclu de marmur\u0103 roz de Ru\u015fchi\u0163a. Fiul lui Vincen\u0163iu Babe\u015f \u015fi-a f\u0103cut studiile la Viena, Paris \u015fi Berlin \u015fi a colaborat cu celebrit\u0103\u0163i ale vremii precum Louis Pasteur sau Robert Koch. Este autorul primului tratat de bacteriologie din istoria lumii \u015fi autorul unor descoperiri fundamentale \u00een istoria medicinei.<\/p>\n<p><a href=\"https:\/\/analyse.optim.biz\/wp-content\/uploads\/2026\/01\/aurel-candea.jpg\"><img decoding=\"async\" loading=\"lazy\" class=\"aligncenter size-full wp-image-166130\" src=\"https:\/\/analyse.optim.biz\/wp-content\/uploads\/2026\/01\/aurel-candea.jpg\" alt=\"aurel candea\" width=\"450\" height=\"600\" title=\"aurel-candea\"><\/a><\/p>\n<p><strong>Aurel C\u00e2ndea<\/strong><\/p>\n<p>Eminentul medic \u015fi chirurg stabilit \u00een Timi\u015foara \u00een 1919, care, cu sprijinul lui Victor Babe\u015f, a \u00eenfiin\u0163at primul spital chirurgical, cu 90 de paturi, a fost imortalizat \u00eentr-u lucrare de Romul Ladea \u00een 1931. Bustul s\u0103u din bronz, a\u015fezat pe un soclu de granit de Jdioara, a fost a\u015fezat \u00een fa\u0163a spitalului Bega de la str. Victor Babe\u015f.<\/p>\n<p><a href=\"https:\/\/analyse.optim.biz\/wp-content\/uploads\/2026\/01\/emanoil-ungureanu.jpg\"><img decoding=\"async\" loading=\"lazy\" class=\"aligncenter size-full wp-image-166131\" src=\"https:\/\/analyse.optim.biz\/wp-content\/uploads\/2026\/01\/emanoil-ungureanu.jpg\" alt=\"IM000812.JPG\" width=\"450\" height=\"600\" title=\"emanoil-ungureanu\"><\/a><\/p>\n<p><strong>Emanoil Ungureanu<\/strong><\/p>\n<p>Bustul lupt\u0103torului b\u0103n\u0103\u0163ean, care are inscrip\u0163ia \u201eEmanoil Ungureanu 1846-1929\u201d, se afl\u0103\u00a0 \u00een prezent \u00een fa\u0163a liceului Electromotor \u015fi este opera sculptorului Gheorghe Groza. A fost \u00a0ridicat\u0103 \u00een 1931, \u00een gr\u0103dina public\u0103 de atunci din fa\u0163a castelului Huniazilor. Emanoil Ungureanu \u00eenfiin\u0163ase \u00een Timi\u015foara Banca Timi\u015fiana, a condus la sf\u00e2r\u015fitul secolului al XIX-lea\u00a0 cotidianul rom\u00e2nesc \u201eDreptatea\u201d care i-a adus nu mai pu\u0163in de 23 de procese, \u00een 1912 a pus bazele unei funda\u0163ii pentru ajutorarea \u015fcolilor \u015fi bisericilor rom\u00e2ne\u015fti din Ardeal \u015fi Banat, a fost preocupat de istoria Timi\u015foarei \u015fi, dup\u0103 Unire, de crearea unei industrii \u015fi a unui comer\u0163 rom\u00e2nesc precum \u015fi de \u00eenfiin\u0163area unor \u015fcoli \u015fi c\u0103mine de ucenici, de care ora\u015ful ducea lips\u0103.<\/p>\n<p><a href=\"https:\/\/analyse.optim.biz\/wp-content\/uploads\/2026\/01\/barbu-stefanescu-delavrancea.jpg\"><img decoding=\"async\" loading=\"lazy\" class=\"aligncenter size-full wp-image-166132\" src=\"https:\/\/analyse.optim.biz\/wp-content\/uploads\/2026\/01\/barbu-stefanescu-delavrancea.jpg\" alt=\"barbu stefanescu delavrancea\" width=\"450\" height=\"600\" title=\"barbu-stefanescu-delavrancea\"><\/a><\/p>\n<p><strong>Barbu \u015etef\u0103nescu Delavrancea<\/strong><\/p>\n<p>Statuia scriitorului \u015fi omului politic, realizat\u0103 de sculptorul Cornel Medrea \u00een 1933, a fost a\u015fezat\u0103 \u00een Parcul Central.<\/p>\n<p> Excelent orator, Delavrancea a sus\u0163inut \u00een parlament alian\u0163a cu Antanta \u015fi a militat intens pentru intrarea Rom\u00e2niei \u00een primul r\u0103zboi mondial \u015fi alipirea provinciilor rom\u00e2ne\u015fti din monarhia austro-ungar\u0103, pentru \u00eemplinirea unui act istoric. Nu \u015fi-a v\u0103zut visul \u00eemplinit, c\u0103ci a trecut \u00een nefiin\u0163\u0103 \u00a0\u00een prim\u0103vara anului 1918, dar b\u0103n\u0103\u0163enii pe care i-a sprijinit i-au r\u0103mas recunosc\u0103tori.<\/p>\n<p><a href=\"https:\/\/analyse.optim.biz\/wp-content\/uploads\/2026\/01\/vincentiu-babes.jpg\"><img decoding=\"async\" loading=\"lazy\" class=\"aligncenter size-full wp-image-166134\" src=\"https:\/\/analyse.optim.biz\/wp-content\/uploads\/2026\/01\/vincentiu-babes.jpg\" alt=\"vincentiu babes\" width=\"300\" height=\"400\" title=\"vincentiu-babes\"><\/a><\/p>\n<p><strong>Vincen\u0163iu Babe\u015f<\/strong><\/p>\n<p>O statuie a juristului \u015fi omului politic cu o remarcabil\u0103 activitate \u00een secolul al XIX-lea a fost ridicat\u0103 \u00een 1934, \u00een Parcul Central. Absolvent al facult\u0103\u0163ii de drept din Budapesta, Vincen\u0163iu Babe\u015f a ocupat posturi importante \u00een magistratur\u0103, a f\u0103cut parte din delega\u0163ia care, la 1848, a prezentat \u00eemp\u0103ratului dolean\u0163ele rom\u00e2nilor transilv\u0103neni, a sus\u0163inut desp\u0103r\u0163irea bisericii ortodoxe rom\u00e2ne de cea s\u00e2rbeasc\u0103, sub a c\u0103rei jurisdic\u0163ie se afla, \u015fi a fost \u00een mai multe r\u00e2nduri deputat \u00een parlamentul de la Pesta, unde a sus\u0163inut drepturile na\u0163iunii rom\u00e2ne. A fost membru al Academiei Rom\u00e2ne \u00eenc\u0103 din 1866, de la \u00eentemeierea acesteia, ca reprezentant al unei provincii rom\u00e2ne\u015fti din afara grani\u0163elor \u0163\u0103rii. Bustul s\u0103u de bronz, a\u015fezat pe un soclu de granit, este opera sculptorului Aurel Popp.<\/p>\n<p><a href=\"https:\/\/analyse.optim.biz\/wp-content\/uploads\/2026\/01\/mihai-eminescu-5.jpg\"><img decoding=\"async\" loading=\"lazy\" class=\"aligncenter size-full wp-image-166133\" src=\"https:\/\/analyse.optim.biz\/wp-content\/uploads\/2026\/01\/mihai-eminescu-5.jpg\" alt=\"mihai eminescu\" width=\"339\" height=\"390\" title=\"mihai-eminescu-5\"><\/a><\/p>\n<p><strong>Mihai Eminescu<\/strong><\/p>\n<p>Oscar Han, sculptorul care a realizat \u00een anii interbelici celebrele statui ale poetului care se afl\u0103 \u00een fa\u0163a Ateneului Rom\u00e2n \u015fi pe faleza din Constan\u0163a, este \u015fi autorul bustului din Timi\u015foara, ora\u015f care nu i-a fost str\u0103in poetului. Bustul, a\u015fezat \u00eentr-un scuar de l\u00eeng\u0103 fostul cinematograf Capitol, a fost realizat \u00een 1960, \u00eentr-o perioad\u0103 mai pu\u0163in fast\u0103 din via\u0163a artistului.<\/p>\n<p><strong>Busturi disp\u0103rute<\/strong><\/p>\n<p>Statuia generalului Scudier, aflat\u0103 \u00een mijlocul parcului, a fost dat\u0103 jos \u00een 1918 \u015fi pe soclu a fost montat ulterior un ceas. Pr\u0103bu\u015firea monarhiei austro-ungare a dus \u015fi la \u00eenl\u0103turarea statuii de bronz a \u00eemp\u0103ratului, \u00een m\u0103rime natural\u0103, care se afla \u00een mijlocul parcului \u015fcolii de cade\u0163i (actualul parc botanic). Un alt monument disp\u0103rut, care se afla aproximativ pe locul catedralei mitropolitane, era unul ridicat din marmur\u0103 gri, \u00een cinstea pornirii primului tren spre Or\u015fova.<\/p>\n<p>Un bust al lui Alexandru Mocioni, om politic dar \u015fi o personalitate remarcabil\u0103 \u00a0prin activitatea sa de mecenat, a fost dezvelit \u00een 1936 \u00een acela\u015fi parc, \u00een prezen\u0163a a mii de b\u0103n\u0103\u0163eni dar a fost \u00eenl\u0103turat de regimul comunist. O alt\u0103 statuie devenit\u0103 indezirabil\u0103 a fost cea a lui I.G. Duca, aflat\u0103 pe bulevardul care-i purta numele (ulterior bdul Republicii).<\/p>\n<p>Statuilor interbelice li s-au ad\u0103ugat, \u00een anii regimului comunist, \u015fi cele ridicate \u00een amintirea unor personaje istorice sau a altor personalit\u0103\u0163i ale ora\u015fului iar \u015firul acestora a fost completat \u00een ultimii ani cu busturi ale unor figuri marcante pentru istoria Timi\u015foarei, ale c\u0103ror nume aproape fuseser\u0103 uitate \u00een anii de dictatur\u0103.<\/p>\n<p>Foto: Banaterra<\/p>\n<\/div>\n<p> Source URL: https:\/\/www.pressalert.ro\/2015\/03\/timisoara-uitata-statuile-emblematice-ale-orasului-vii-ce-semnificatie-au-busturile-interbelice-din-oras-si-ce-aport-au-avut-aceste-personalitati-pentru-oras\/<\/p>\n","protected":false},"excerpt":{"rendered":"<p>Acas\u0103Campanii PRESSALERTTIMI\u0218OARA UITAT\u0102 Statuile emblematice ale ora\u0219ului (VII) Ce semnifica\u0163ie au busturile interbelice&#8230; Campanii PRESSALERT Timi\u0219oara uitat\u0103 TIMI\u0218OARA UITAT\u0102 Statuile emblematice ale ora\u0219ului (VII) Ce semnifica\u0163ie au busturile interbelice din ora\u015f \u015fi ce aport au avut aceste personalit\u0103\u0163i pentru ora\u015f De Liana P\u0103un &#8211; mart. 8, 2015 1 DISTRIBUI\u021aI Facebook Twitter \u00cen anii interbelici, dup\u0103 [&hellip;]<\/p>\n","protected":false},"author":1,"featured_media":1535703,"comment_status":"open","ping_status":"","sticky":false,"template":"","format":"standard","meta":{"footnotes":""},"categories":[89],"tags":[176],"class_list":["post-1535697","post","type-post","status-publish","format-standard","has-post-thumbnail","hentry","category-romania","tag-pressalert-ro"],"_links":{"self":[{"href":"https:\/\/analyse.optim.biz\/index.php?rest_route=\/wp\/v2\/posts\/1535697","targetHints":{"allow":["GET"]}}],"collection":[{"href":"https:\/\/analyse.optim.biz\/index.php?rest_route=\/wp\/v2\/posts"}],"about":[{"href":"https:\/\/analyse.optim.biz\/index.php?rest_route=\/wp\/v2\/types\/post"}],"author":[{"embeddable":true,"href":"https:\/\/analyse.optim.biz\/index.php?rest_route=\/wp\/v2\/users\/1"}],"replies":[{"embeddable":true,"href":"https:\/\/analyse.optim.biz\/index.php?rest_route=%2Fwp%2Fv2%2Fcomments&post=1535697"}],"version-history":[{"count":0,"href":"https:\/\/analyse.optim.biz\/index.php?rest_route=\/wp\/v2\/posts\/1535697\/revisions"}],"wp:featuredmedia":[{"embeddable":true,"href":"https:\/\/analyse.optim.biz\/index.php?rest_route=\/wp\/v2\/media\/1535703"}],"wp:attachment":[{"href":"https:\/\/analyse.optim.biz\/index.php?rest_route=%2Fwp%2Fv2%2Fmedia&parent=1535697"}],"wp:term":[{"taxonomy":"category","embeddable":true,"href":"https:\/\/analyse.optim.biz\/index.php?rest_route=%2Fwp%2Fv2%2Fcategories&post=1535697"},{"taxonomy":"post_tag","embeddable":true,"href":"https:\/\/analyse.optim.biz\/index.php?rest_route=%2Fwp%2Fv2%2Ftags&post=1535697"}],"curies":[{"name":"wp","href":"https:\/\/api.w.org\/{rel}","templated":true}]}}