{"id":1535604,"date":"2015-03-15T10:00:27","date_gmt":"2015-03-15T07:00:27","guid":{"rendered":"https:\/\/analyse.optim.biz\/?p=1535604"},"modified":"2015-03-15T10:00:27","modified_gmt":"2015-03-15T07:00:27","slug":"timisoara-uitata-cum-se-degradeaza-si-care-sunt-cele-mai-mari-pericole-pentru-cladirile-de-patrimoniu-ale-orasului-foto","status":"publish","type":"post","link":"https:\/\/analyse.optim.biz\/?p=1535604","title":{"rendered":"TIMI\u0218OARA UITAT\u0102 Cum se degradeaz\u0103 \u0219i care sunt cele mai mari pericole pentru cl\u0103dirile de patrimoniu ale ora\u0219ului FOTO"},"content":{"rendered":"<article id=\"post-167544\" class=\"post-167544 post type-post status-publish format-standard has-post-thumbnail hentry category-campanii-pressalert category-timisoara-uitata-campanii-pressalert tag-cladiri tag-istorie tag-monumente tag-paragina tag-timisoara tag-timisoara-uitata\">\n<div class=\"td-post-header td-pb-padding-side\">\n<div class=\"entry-crumbs\"><span><a title class=\"entry-crumb\" href=\"https:\/\/www.pressalert.ro\/\"><span>Acas\u0103<\/span><\/a><\/span><span><a title=\"Vede\u021bi toate articolele \u00een Campanii PRESSALERT\" class=\"entry-crumb\" href=\"https:\/\/www.pressalert.ro\/category\/campanii-pressalert\/\"><span>Campanii PRESSALERT<\/span><\/a><\/span><span class=\"td-bred-no-url-last\">TIMI\u0218OARA UITAT\u0102 Cum se degradeaz\u0103 \u0219i care sunt cele mai mari pericole&#8230;<\/span><\/div>\n<ul class=\"td-category\">\n<li class=\"entry-category\"><a href=\"https:\/\/www.pressalert.ro\/category\/campanii-pressalert\/\">Campanii PRESSALERT<\/a><\/li>\n<li class=\"entry-category\"><a href=\"https:\/\/www.pressalert.ro\/category\/campanii-pressalert\/timisoara-uitata-campanii-pressalert\/\">Timi\u0219oara uitat\u0103<\/a><\/li>\n<\/ul>\n<header>\n<h1 class=\"entry-title\">TIMI\u0218OARA UITAT\u0102 Cum se degradeaz\u0103 \u0219i care sunt cele mai mari pericole pentru cl\u0103dirile de patrimoniu ale ora\u0219ului FOTO<\/h1>\n<div class=\"meta-info\">\n<div class=\"td-post-author-name\">\n<div class=\"td-author-by\">De<\/div>\n<p><a href=\"https:\/\/www.pressalert.ro\/author\/liana-paun\/\">Liana P\u0103un<\/a><\/p>\n<div class=\"td-author-line\"> &#8211; <\/div>\n<\/div>\n<p><span class=\"td-post-date\"><time class=\"entry-date updated td-module-date\" datetime=\"2015-03-15T10:00:27+00:00\">mart. 15, 2015<\/time><\/span><\/p>\n<div class=\"td-post-comments\"><a href=\"https:\/\/www.pressalert.ro\/2015\/03\/timisoara-uitata-cum-se-degradeaza-si-care-sunt-cele-mai-mari-pericole-pentru-cladirile-de-patrimoniu-ale-orasului\/#respond\">0<\/a><\/div>\n<\/div>\n<\/header>\n<\/div>\n<div class=\"td-post-sharing td-post-sharing-top td-pb-padding-side\"><span class=\"td-post-share-title\">DISTRIBUI\u021aI<\/span><\/p>\n<div class=\"td-default-sharing \"><a class=\"td-social-sharing-buttons td-social-facebook\" href=\"http:\/\/www.facebook.com\/sharer.php?u=https%3A%2F%2Fwww.pressalert.ro%2F2015%2F03%2Ftimisoara-uitata-cum-se-degradeaza-si-care-sunt-cele-mai-mari-pericole-pentru-cladirile-de-patrimoniu-ale-orasului%2F\"><\/p>\n<div class=\"td-social-but-text\">Facebook<\/div>\n<p><\/a><a class=\"td-social-sharing-buttons td-social-twitter\" href=\"https:\/\/twitter.com\/intent\/tweet?text=TIMI%C8%98OARA+UITAT%C4%82+Cum+se+degradeaz%C4%83+%C8%99i+care+sunt+cele+mai+mari+pericole+pentru+cl%C4%83dirile+de+patrimoniu+ale+ora%C8%99ului+FOTO&amp;url=https%3A%2F%2Fwww.pressalert.ro%2F2015%2F03%2Ftimisoara-uitata-cum-se-degradeaza-si-care-sunt-cele-mai-mari-pericole-pentru-cladirile-de-patrimoniu-ale-orasului%2F&amp;via=PRESSALERT.ro\"><\/p>\n<div class=\"td-social-but-text\">Twitter<\/div>\n<p><\/a><\/div>\n<\/div>\n<div class=\"td-post-content td-pb-padding-side\">\n<p><a href=\"http:\/\/www.pressalert.ro\/wp-content\/uploads\/2014\/03\/banca-de-scont-sediul-pnl-timis.jpg\"><img decoding=\"async\" loading=\"lazy\" class=\"size-medium wp-image-98600\" src=\"https:\/\/analyse.optim.biz\/wp-content\/uploads\/2026\/01\/banca-de-scont-sediul-pnl-timis-640x426-1.jpg\" alt=\"Fosta Banc\u0103 de Scont. Foto: Vali Silaghi\" width=\"640\" height=\"426\" title=\"banca-de-scont-sediul-pnl-timis-640x426-1\"><\/a><\/p>\n<p>Cu toate c\u0103 Timi\u015foara are un patrimoniu arhitectural impresionant, iar oficialit\u0103\u0163ile nu rateaz\u0103 aproape nici o ocazie de a face referire la el, consider\u00e2ndu-l un titlu de glorie al ora\u015fului, zonele vechi ale acestuia, care \u00eei confer\u0103 adev\u0103rata identitate, sunt, \u00een cea mai mare parte, \u00een paragin\u0103.<\/p>\n<p>Politica deliberat\u0103 de \u00eencurajare a degrad\u0103rii cl\u0103dirilor vechi promovat\u0103 de regimul comunist a fost continuat\u0103 \u015fi \u00een ultimul sfert de veac, chiar dac\u0103 din alte considerente. Spre deosebire de alte ora\u015fe, un num\u0103r foarte mic de monumente istorice din Timi\u015foara este eviden\u0163iat cu \u00eensemnele conven\u0163ionale specifice prev\u0103zute de lege \u015fi recunoscute pe plan interna\u0163ional \u2013 un fel de carte de identitate a imobilului, cu principalele date din istoria acestuia \u2013 dar municipalitatea \u015fi direc\u0163ia de cultur\u0103 nu manifest\u0103 nici o preocupare \u00een acest sens. S-au montat \u00een schimb diverse pl\u0103ci comemorative f\u0103r\u0103 avizul comisiei monumentelor, care de cele mai multe ori stric\u0103 aspectul fa\u0163adei \u00een loc s\u0103 pun\u0103 \u00een eviden\u0163\u0103 cl\u0103direa. Cele mai multe cl\u0103diri aflate \u00een paragin\u0103 sunt case care au fost na\u0163ionalizate \u015fi timp de c\u00e2teva zeci de ani au fost l\u0103sate s\u0103 se degradeze, \u00een cazul fericit \u00een care nu au fost demolate. De\u015fi este r\u0103spunz\u0103tor \u00een bun\u0103 parte de starea precar\u0103 \u00een care au ajuns aceste cl\u0103diri de patrimoniu, statul se consider\u0103 acum absolvit de orice obliga\u0163ie, invoc\u00e2nd regimul juridic al cl\u0103dirilor, redevenite \u00een bun\u0103 parte proprietate privat\u0103.<\/p>\n<p><strong>\u015eubrezite de asfalt \u015fi betoane<\/strong><\/p>\n<p>Numeroase cl\u0103diri vechi, mai ales \u00een cartierul Cetate, sunt afectate din temelii din cauza lucr\u0103rilor de \u201emodernizare\u201d f\u0103cute f\u0103r\u0103 discern\u0103m\u00e2nt, iar fisurile ap\u0103rute \u00een zid\u0103ria unor imobile arat\u0103 c\u0103 exist\u0103 pericolul ca acestea s\u0103 se pr\u0103bu\u015feasc\u0103. Casele construite \u00een secolul al XVIII-lea nu aveau hidroizola\u0163ie \u015fi, cum au fost ridicate pe un teren ml\u0103\u015ftinos, au fost afectate de igrasie, mai ales \u00een urma asfalt\u0103rii str\u0103zilor, a elimin\u0103rii spa\u0163iilor verzi \u015fi a beton\u0103rii cur\u0163ilor interioare, schimb\u0103ri care nu au mai permis pere\u0163ilor s\u0103 respire. Trepida\u0163iile cauzate de traficul din ce \u00een ce mai intens \u015fi mi\u015fc\u0103rile seismice au contribuit \u015fi ele la \u015fubrezirea caselor de patrimoniu, pun\u00e2ndu-le \u00een pericol.<\/p>\n<p><strong><img decoding=\"async\" loading=\"lazy\" class=\"aligncenter size-medium wp-image-145917\" src=\"https:\/\/analyse.optim.biz\/wp-content\/uploads\/2026\/01\/paltim-in-paragina-640x424-1.jpg\" alt=\"paltim in paragina\" width=\"640\" height=\"424\" title=\"paltim-in-paragina-640x424-1\">Fa\u0163ade degradate sau multicolore<\/strong><\/p>\n<p>Fa\u0163adele celor mai multe cl\u0103diri din zonele de rezerva\u0163ie arhitectural\u0103 a Timi\u015foarei (Cetate, Iosefin, Fabric) au fost zugr\u0103vite \u00een anii regimului comunist \u00een culori terne, iar acum arat\u0103 dezastruos, sunt scorojite \u015fi murdare, \u00eentr-o stare avansat\u0103 dedegradare. Multe a\u015fa-zise renov\u0103ri sunt de-a dreptul bizare, f\u0103r\u0103 nici o leg\u0103tur\u0103 cu stilul sau epoca \u00een care au fost construite respectivele cl\u0103diri. Exist\u0103 \u00een Timi\u015foara, chiar \u00een centrul istoric, cl\u0103diri ale c\u0103ror fa\u0163ade au fost zugr\u0103vite pe por\u0163iuni, \u00een diferite culori, f\u0103r\u0103 ca edilii s\u0103 ia vreo m\u0103sur\u0103, de\u015fi combina\u0163iile cromatice sunt de-a dreptul hilare. De regul\u0103, ini\u0163iativa apar\u0163ine celor care de\u0163in spa\u0163ii comerciale, iar num\u0103rul culorilor este, de regul\u0103, egal cu cel al spa\u0163iilor aflate la parterul unor cl\u0103diri. Aceste cl\u0103diri b\u0103l\u0163ate, de-a dreptul comice, nu au nici cea mai mic\u0103 leg\u0103tur\u0103 cu \u201emica Vien\u0103\u201d, cum era Timi\u015foara denumit\u0103 odinioar\u0103, chiar dac\u0103 oficialit\u0103\u0163ile \u0163in peste m\u0103sur\u0103 la acest supranume.<\/p>\n<p><strong>Termopane \u015fi reclame<\/strong><\/p>\n<p>De regul\u0103, renov\u0103rile s-au f\u0103cut f\u0103r\u0103 respectarea unor uzan\u0163e edilitare elementare, fiind compromise pentru totdeauna elemente care le confereau identitatea de epoc\u0103. \u00cen multe cazurinu s-au respectat condi\u0163iile de avizare \u015fi s-au executat lucr\u0103ri de calitate foarte slab\u0103, care au culminat cu adev\u0103rate gafe arhitecturale. Municipalitatea a tolerat o mul\u0163ime de interven\u0163ii nefericite pe fa\u0163adele multor cl\u0103diri de patrimoniu. Printre situa\u0163iile frecvente de amatorism \u015fi lips\u0103 de bun gust care au dus la compromiterea multor fa\u0163ade de cl\u0103diri istorice se num\u0103r\u0103 geamurile \u015fi u\u015file termopan, omniprezenta gresie sau modul de renovare \u015fi modificare a unor ancadramente, care a dus la distrugerea unor elemente decorative.<\/p>\n<p> Multe reclame comerciale amplasate pe cl\u0103diri de epoc\u0103 sunt \u015fi ele de-a dreptul anacronice, iar fel de fel de instala\u0163ii tehnice, \u0163evi sau cabluri desfigureaz\u0103, la r\u00e2ndul lor, aspectul vechilor case. C\u00e2teva cl\u0103diri au fost concesionate, iar beneficiarii de folosin\u0163\u0103 s-au obligat s\u0103 le recondi\u0163ioneze, dar chiar dac\u0103 ace\u015ftia nu au respectat clauzele contractului, prim\u0103ria nu a luat nici un fel de m\u0103suri \u00eempotriva lor.<\/p>\n<p>Cl\u0103dirile restaurate la care s-au respectat principiile \u015fi tehnicile de lucru folosite \u00een epoc\u0103, precum \u015fi culorile \u2013 folosindu-se imagini din anii respectivi sau pe baza unor analogii \u2013 reprezint\u0103 doar c\u00e2teva fericite excep\u0163ii. Lucr\u0103rile de restaurare la cl\u0103dirile vechi necesit\u0103 m\u00e2n\u0103 de lucru calificat\u0103 care s\u0103 foloseasc\u0103 tehnicile tradi\u0163ionale, scoaterea \u00een eviden\u0163\u0103 a elementelor decorative ale fa\u0163adelor prin combina\u0163ii cromatice, punerea \u00een valoare a t\u00e2mpl\u0103riei, feroneriei originale sau a por\u0163ilor de la intrare, pentru a le reda frumuse\u0163ea de odinioar\u0103. Oric\u00e2t de interesant\u0103 ar fi istoria acestor cl\u0103diri, turi\u015ftii nu vor putea fi niciodat\u0103 impresiona\u0163i v\u0103z\u00e2ndu-le \u00een actuala stare.<\/p>\n<div id=\"gallery-2\" class=\"gallery galleryid-167544 gallery-columns-9 gallery-size-thumbnail\">\n<figure class=\"gallery-item\">\n<div class=\"gallery-icon landscape\"><a href=\"https:\/\/www.pressalert.ro\/wp-content\/uploads\/2014\/11\/paltim-in-paragina.jpg\"><img decoding=\"async\" loading=\"lazy\" width=\"300\" height=\"300\" src=\"https:\/\/analyse.optim.biz\/wp-content\/uploads\/2026\/01\/paltim-in-paragina-300x300-1.jpg\" class=\"attachment-thumbnail size-thumbnail\" title=\"paltim-in-paragina-300x300-1\"><\/a><\/div>\n<\/figure>\n<figure class=\"gallery-item\">\n<div class=\"gallery-icon landscape\"><a href=\"https:\/\/www.pressalert.ro\/wp-content\/uploads\/2014\/10\/solventul-cladiri-istorice-demolate.jpg\"><img decoding=\"async\" loading=\"lazy\" width=\"300\" height=\"300\" src=\"https:\/\/analyse.optim.biz\/wp-content\/uploads\/2026\/01\/solventul-cladiri-istorice-demolate-300x300-1.jpg\" class=\"attachment-thumbnail size-thumbnail\" title=\"solventul-cladiri-istorice-demolate-300x300-1\"><\/a><\/div>\n<\/figure>\n<figure class=\"gallery-item\">\n<div class=\"gallery-icon landscape\"><a href=\"https:\/\/www.pressalert.ro\/wp-content\/uploads\/2014\/09\/santier-cetate-3.jpg\"><img decoding=\"async\" loading=\"lazy\" width=\"300\" height=\"300\" src=\"https:\/\/analyse.optim.biz\/wp-content\/uploads\/2026\/01\/santier-cetate-3-300x300-1.jpg\" class=\"attachment-thumbnail size-thumbnail\" title=\"santier-cetate-3-300x300-1\"><\/a><\/div>\n<\/figure>\n<figure class=\"gallery-item\">\n<div class=\"gallery-icon landscape\"><a href=\"https:\/\/www.pressalert.ro\/wp-content\/uploads\/2014\/09\/cetate-palat-ciobanu-statui.jpg\"><img decoding=\"async\" loading=\"lazy\" width=\"300\" height=\"300\" src=\"https:\/\/analyse.optim.biz\/wp-content\/uploads\/2026\/01\/cetate-palat-ciobanu-statui-300x300-1.jpg\" class=\"attachment-thumbnail size-thumbnail\" title=\"cetate-palat-ciobanu-statui-300x300-1\"><\/a><\/div>\n<\/figure>\n<figure class=\"gallery-item\">\n<div class=\"gallery-icon landscape\"><a href=\"https:\/\/www.pressalert.ro\/wp-content\/uploads\/2013\/01\/casa-muhle2.jpg\"><img decoding=\"async\" loading=\"lazy\" width=\"300\" height=\"300\" src=\"https:\/\/analyse.optim.biz\/wp-content\/uploads\/2026\/01\/casa-muhle2-300x300-1.jpg\" class=\"attachment-thumbnail size-thumbnail\" title=\"casa-muhle2-300x300-1\"><\/a><\/div>\n<\/figure>\n<figure class=\"gallery-item\">\n<div class=\"gallery-icon portrait\"><a href=\"https:\/\/analyse.optim.biz\/wp-content\/uploads\/2026\/01\/palatul-mercur-piata-traian.jpg\"><img decoding=\"async\" loading=\"lazy\" width=\"170\" height=\"227\" src=\"https:\/\/analyse.optim.biz\/wp-content\/uploads\/2026\/01\/palatul-mercur-piata-traian.jpg\" class=\"attachment-thumbnail size-thumbnail\" title=\"palatul-mercur-piata-traian\"><\/a><\/div>\n<\/figure>\n<figure class=\"gallery-item\">\n<div class=\"gallery-icon landscape\"><a href=\"https:\/\/www.pressalert.ro\/wp-content\/uploads\/2014\/04\/rectorat-politehnica-palatul-loyd-lateral.jpg\"><img decoding=\"async\" loading=\"lazy\" width=\"300\" height=\"300\" src=\"https:\/\/analyse.optim.biz\/wp-content\/uploads\/2026\/01\/rectorat-politehnica-palatul-loyd-lateral-300x300-1.jpg\" class=\"attachment-thumbnail size-thumbnail\" title=\"rectorat-politehnica-palatul-loyd-lateral-300x300-1\"><\/a><\/div>\n<\/figure>\n<figure class=\"gallery-item\">\n<div class=\"gallery-icon portrait\"><a href=\"https:\/\/www.pressalert.ro\/wp-content\/uploads\/2014\/05\/palatul-kunz-josef-large.jpg\"><img decoding=\"async\" loading=\"lazy\" width=\"180\" height=\"300\" src=\"https:\/\/analyse.optim.biz\/wp-content\/uploads\/2026\/01\/palatul-kunz-josef-large-180x300-1.jpg\" class=\"attachment-thumbnail size-thumbnail\" title=\"palatul-kunz-josef-large-180x300-1\"><\/a><\/div>\n<\/figure>\n<figure class=\"gallery-item\">\n<div class=\"gallery-icon landscape\"><a href=\"https:\/\/www.pressalert.ro\/wp-content\/uploads\/2014\/04\/centru-Palatul-Neuhausz-detaliu-1.jpg\"><img decoding=\"async\" loading=\"lazy\" width=\"300\" height=\"300\" src=\"https:\/\/analyse.optim.biz\/wp-content\/uploads\/2026\/01\/centru-palatul-neuhausz-detaliu-1-300x300-1.jpg\" class=\"attachment-thumbnail size-thumbnail\" aria-describedby=\"gallery-2-103932\" title=\"centru-palatul-neuhausz-detaliu-1-300x300-1\"><\/a><\/div><figcaption class=\"wp-caption-text gallery-caption\" id=\"gallery-2-103932\">\n\t\t\t\tPalatul Neuhausz<br \/>\n\t\t\t\t<\/figcaption><\/figure>\n<\/div>\n<\/div>\n<footer>\n<div class=\"td-post-source-tags td-pb-padding-side\">\n<ul class=\"td-tags td-post-small-box clearfix\">\n<li><span>ETICHETE<\/span><\/li>\n<li><a href=\"https:\/\/www.pressalert.ro\/tag\/cladiri\/\">cladiri<\/a><\/li>\n<li><a href=\"https:\/\/www.pressalert.ro\/tag\/istorie\/\">istorie<\/a><\/li>\n<li><a href=\"https:\/\/www.pressalert.ro\/tag\/monumente\/\">monumente<\/a><\/li>\n<li><a href=\"https:\/\/www.pressalert.ro\/tag\/paragina\/\">paragina<\/a><\/li>\n<li><a href=\"https:\/\/www.pressalert.ro\/tag\/timisoara\/\">Timisoara<\/a><\/li>\n<li><a href=\"https:\/\/www.pressalert.ro\/tag\/timisoara-uitata\/\">timisoara uitata<\/a><\/li>\n<\/ul>\n<\/div>\n<div class=\"td-post-sharing td-post-sharing-bottom td-pb-padding-side\"><span class=\"td-post-share-title\">DISTRIBUI\u021aI<\/span><\/p>\n<div class=\"td-default-sharing \"><a class=\"td-social-sharing-buttons td-social-facebook\" href=\"http:\/\/www.facebook.com\/sharer.php?u=https%3A%2F%2Fwww.pressalert.ro%2F2015%2F03%2Ftimisoara-uitata-cum-se-degradeaza-si-care-sunt-cele-mai-mari-pericole-pentru-cladirile-de-patrimoniu-ale-orasului%2F\"><\/p>\n<div class=\"td-social-but-text\">Facebook<\/div>\n<p><\/a><a class=\"td-social-sharing-buttons td-social-twitter\" href=\"https:\/\/twitter.com\/intent\/tweet?text=TIMI%C8%98OARA+UITAT%C4%82+Cum+se+degradeaz%C4%83+%C8%99i+care+sunt+cele+mai+mari+pericole+pentru+cl%C4%83dirile+de+patrimoniu+ale+ora%C8%99ului+FOTO&amp;url=https%3A%2F%2Fwww.pressalert.ro%2F2015%2F03%2Ftimisoara-uitata-cum-se-degradeaza-si-care-sunt-cele-mai-mari-pericole-pentru-cladirile-de-patrimoniu-ale-orasului%2F&amp;via=PRESSALERT.ro\"><\/p>\n<div class=\"td-social-but-text\">Twitter<\/div>\n<p><\/a><\/div>\n<\/div>\n<div class=\"td-block-row td-post-next-prev\">\n<div class=\"td-block-span6 td-post-prev-post\">\n<div class=\"td-post-next-prev-content\"><span>Articolul precedent<\/span><a href=\"https:\/\/www.pressalert.ro\/2015\/03\/deputatul-psd-catalin-tiuch-avem-nevoie-ca-presa-sa-ne-critice-cat-mai-mult-sa-ia-la-puricat-actiunile-noastre-ca-politicieni-cum-il-ataca-robu-si-ce-i-raspuns-edilul\/\">Deputatul PSD C\u0103t\u0103lin Tiuch: \u201eAvem nevoie ca presa s\u0103 ne critice c\u00e2t mai mult, s\u0103 ia la puricat ac\u0163iunile noastre ca politicieni\u201d. Cum \u00eel atac\u0103 Robu \u0219i ce i-a r\u0103spuns edilul<\/a><\/div>\n<\/div>\n<div class=\"td-block-span6 td-post-next-post\">\n<div class=\"td-post-next-prev-content\"><span>Articolul urm\u0103tor<\/span><a href=\"https:\/\/www.pressalert.ro\/2015\/03\/dragan-petricevic-optimist-ciuda-insuccesului-de-la-ploiesti-de-ce-crede-antrenorul-leilor-ca-s-pierdut-meciul\/\">Dragan Petricevic, OPTIMIST \u00een ciuda insuccesului de la Ploie\u015fti. De ce crede antrenorul \u201eleilor\u201d c\u0103 s-a pierdut meciul<\/a><\/div>\n<\/div>\n<\/div>\n<div class=\"author-box-wrap\"><a href=\"https:\/\/www.pressalert.ro\/author\/liana-paun\/\"><img decoding=\"async\" src=\"https:\/\/analyse.optim.biz\/wp-content\/uploads\/2026\/01\/e237afe71dbb475f2bb6dffeb603d703-148.jpg\" class=\"avatar avatar-96 photo\" height=\"96\" width=\"96\" loading=\"lazy\" title=\"e237afe71dbb475f2bb6dffeb603d703-148\"><\/a><\/p>\n<div class=\"desc\">\n<div class=\"td-author-name vcard author\"><span class=\"fn\"><a href=\"https:\/\/www.pressalert.ro\/author\/liana-paun\/\">Liana P\u0103un<\/a><\/span><\/div>\n<div class=\"td-author-url\"><a href=\"http:\/\/www.pressalert.ro\">http:\/\/www.pressalert.ro<\/a><\/div>\n<\/div>\n<\/div>\n<p><span><\/span><span><span><\/span><\/span><span><\/span><\/footer>\n<\/article>\n<div class=\"td-post-content td-pb-padding-side\">\n<p><a href=\"http:\/\/www.pressalert.ro\/wp-content\/uploads\/2014\/03\/banca-de-scont-sediul-pnl-timis.jpg\"><img decoding=\"async\" loading=\"lazy\" class=\"size-medium wp-image-98600\" src=\"https:\/\/analyse.optim.biz\/wp-content\/uploads\/2026\/01\/banca-de-scont-sediul-pnl-timis-640x426-1.jpg\" alt=\"Fosta Banc\u0103 de Scont. Foto: Vali Silaghi\" width=\"640\" height=\"426\" title=\"banca-de-scont-sediul-pnl-timis-640x426-1\"><\/a><\/p>\n<p>Cu toate c\u0103 Timi\u015foara are un patrimoniu arhitectural impresionant, iar oficialit\u0103\u0163ile nu rateaz\u0103 aproape nici o ocazie de a face referire la el, consider\u00e2ndu-l un titlu de glorie al ora\u015fului, zonele vechi ale acestuia, care \u00eei confer\u0103 adev\u0103rata identitate, sunt, \u00een cea mai mare parte, \u00een paragin\u0103.<\/p>\n<p>Politica deliberat\u0103 de \u00eencurajare a degrad\u0103rii cl\u0103dirilor vechi promovat\u0103 de regimul comunist a fost continuat\u0103 \u015fi \u00een ultimul sfert de veac, chiar dac\u0103 din alte considerente. Spre deosebire de alte ora\u015fe, un num\u0103r foarte mic de monumente istorice din Timi\u015foara este eviden\u0163iat cu \u00eensemnele conven\u0163ionale specifice prev\u0103zute de lege \u015fi recunoscute pe plan interna\u0163ional \u2013 un fel de carte de identitate a imobilului, cu principalele date din istoria acestuia \u2013 dar municipalitatea \u015fi direc\u0163ia de cultur\u0103 nu manifest\u0103 nici o preocupare \u00een acest sens. S-au montat \u00een schimb diverse pl\u0103ci comemorative f\u0103r\u0103 avizul comisiei monumentelor, care de cele mai multe ori stric\u0103 aspectul fa\u0163adei \u00een loc s\u0103 pun\u0103 \u00een eviden\u0163\u0103 cl\u0103direa. Cele mai multe cl\u0103diri aflate \u00een paragin\u0103 sunt case care au fost na\u0163ionalizate \u015fi timp de c\u00e2teva zeci de ani au fost l\u0103sate s\u0103 se degradeze, \u00een cazul fericit \u00een care nu au fost demolate. De\u015fi este r\u0103spunz\u0103tor \u00een bun\u0103 parte de starea precar\u0103 \u00een care au ajuns aceste cl\u0103diri de patrimoniu, statul se consider\u0103 acum absolvit de orice obliga\u0163ie, invoc\u00e2nd regimul juridic al cl\u0103dirilor, redevenite \u00een bun\u0103 parte proprietate privat\u0103.<\/p>\n<p><strong>\u015eubrezite de asfalt \u015fi betoane<\/strong><\/p>\n<p>Numeroase cl\u0103diri vechi, mai ales \u00een cartierul Cetate, sunt afectate din temelii din cauza lucr\u0103rilor de \u201emodernizare\u201d f\u0103cute f\u0103r\u0103 discern\u0103m\u00e2nt, iar fisurile ap\u0103rute \u00een zid\u0103ria unor imobile arat\u0103 c\u0103 exist\u0103 pericolul ca acestea s\u0103 se pr\u0103bu\u015feasc\u0103. Casele construite \u00een secolul al XVIII-lea nu aveau hidroizola\u0163ie \u015fi, cum au fost ridicate pe un teren ml\u0103\u015ftinos, au fost afectate de igrasie, mai ales \u00een urma asfalt\u0103rii str\u0103zilor, a elimin\u0103rii spa\u0163iilor verzi \u015fi a beton\u0103rii cur\u0163ilor interioare, schimb\u0103ri care nu au mai permis pere\u0163ilor s\u0103 respire. Trepida\u0163iile cauzate de traficul din ce \u00een ce mai intens \u015fi mi\u015fc\u0103rile seismice au contribuit \u015fi ele la \u015fubrezirea caselor de patrimoniu, pun\u00e2ndu-le \u00een pericol.<\/p>\n<p><strong><img decoding=\"async\" loading=\"lazy\" class=\"aligncenter size-medium wp-image-145917\" src=\"https:\/\/analyse.optim.biz\/wp-content\/uploads\/2026\/01\/paltim-in-paragina-640x424-1.jpg\" alt=\"paltim in paragina\" width=\"640\" height=\"424\" title=\"paltim-in-paragina-640x424-1\">Fa\u0163ade degradate sau multicolore<\/strong><\/p>\n<p>Fa\u0163adele celor mai multe cl\u0103diri din zonele de rezerva\u0163ie arhitectural\u0103 a Timi\u015foarei (Cetate, Iosefin, Fabric) au fost zugr\u0103vite \u00een anii regimului comunist \u00een culori terne, iar acum arat\u0103 dezastruos, sunt scorojite \u015fi murdare, \u00eentr-o stare avansat\u0103 dedegradare. Multe a\u015fa-zise renov\u0103ri sunt de-a dreptul bizare, f\u0103r\u0103 nici o leg\u0103tur\u0103 cu stilul sau epoca \u00een care au fost construite respectivele cl\u0103diri. Exist\u0103 \u00een Timi\u015foara, chiar \u00een centrul istoric, cl\u0103diri ale c\u0103ror fa\u0163ade au fost zugr\u0103vite pe por\u0163iuni, \u00een diferite culori, f\u0103r\u0103 ca edilii s\u0103 ia vreo m\u0103sur\u0103, de\u015fi combina\u0163iile cromatice sunt de-a dreptul hilare. De regul\u0103, ini\u0163iativa apar\u0163ine celor care de\u0163in spa\u0163ii comerciale, iar num\u0103rul culorilor este, de regul\u0103, egal cu cel al spa\u0163iilor aflate la parterul unor cl\u0103diri. Aceste cl\u0103diri b\u0103l\u0163ate, de-a dreptul comice, nu au nici cea mai mic\u0103 leg\u0103tur\u0103 cu \u201emica Vien\u0103\u201d, cum era Timi\u015foara denumit\u0103 odinioar\u0103, chiar dac\u0103 oficialit\u0103\u0163ile \u0163in peste m\u0103sur\u0103 la acest supranume.<\/p>\n<p><strong>Termopane \u015fi reclame<\/strong><\/p>\n<p>De regul\u0103, renov\u0103rile s-au f\u0103cut f\u0103r\u0103 respectarea unor uzan\u0163e edilitare elementare, fiind compromise pentru totdeauna elemente care le confereau identitatea de epoc\u0103. \u00cen multe cazurinu s-au respectat condi\u0163iile de avizare \u015fi s-au executat lucr\u0103ri de calitate foarte slab\u0103, care au culminat cu adev\u0103rate gafe arhitecturale. Municipalitatea a tolerat o mul\u0163ime de interven\u0163ii nefericite pe fa\u0163adele multor cl\u0103diri de patrimoniu. Printre situa\u0163iile frecvente de amatorism \u015fi lips\u0103 de bun gust care au dus la compromiterea multor fa\u0163ade de cl\u0103diri istorice se num\u0103r\u0103 geamurile \u015fi u\u015file termopan, omniprezenta gresie sau modul de renovare \u015fi modificare a unor ancadramente, care a dus la distrugerea unor elemente decorative.<\/p>\n<p> Multe reclame comerciale amplasate pe cl\u0103diri de epoc\u0103 sunt \u015fi ele de-a dreptul anacronice, iar fel de fel de instala\u0163ii tehnice, \u0163evi sau cabluri desfigureaz\u0103, la r\u00e2ndul lor, aspectul vechilor case. C\u00e2teva cl\u0103diri au fost concesionate, iar beneficiarii de folosin\u0163\u0103 s-au obligat s\u0103 le recondi\u0163ioneze, dar chiar dac\u0103 ace\u015ftia nu au respectat clauzele contractului, prim\u0103ria nu a luat nici un fel de m\u0103suri \u00eempotriva lor.<\/p>\n<p>Cl\u0103dirile restaurate la care s-au respectat principiile \u015fi tehnicile de lucru folosite \u00een epoc\u0103, precum \u015fi culorile \u2013 folosindu-se imagini din anii respectivi sau pe baza unor analogii \u2013 reprezint\u0103 doar c\u00e2teva fericite excep\u0163ii. Lucr\u0103rile de restaurare la cl\u0103dirile vechi necesit\u0103 m\u00e2n\u0103 de lucru calificat\u0103 care s\u0103 foloseasc\u0103 tehnicile tradi\u0163ionale, scoaterea \u00een eviden\u0163\u0103 a elementelor decorative ale fa\u0163adelor prin combina\u0163ii cromatice, punerea \u00een valoare a t\u00e2mpl\u0103riei, feroneriei originale sau a por\u0163ilor de la intrare, pentru a le reda frumuse\u0163ea de odinioar\u0103. Oric\u00e2t de interesant\u0103 ar fi istoria acestor cl\u0103diri, turi\u015ftii nu vor putea fi niciodat\u0103 impresiona\u0163i v\u0103z\u00e2ndu-le \u00een actuala stare.<\/p>\n<div id=\"gallery-2\" class=\"gallery galleryid-167544 gallery-columns-9 gallery-size-thumbnail\">\n<figure class=\"gallery-item\">\n<div class=\"gallery-icon landscape\"><a href=\"https:\/\/www.pressalert.ro\/wp-content\/uploads\/2014\/11\/paltim-in-paragina.jpg\"><img decoding=\"async\" loading=\"lazy\" width=\"300\" height=\"300\" src=\"https:\/\/analyse.optim.biz\/wp-content\/uploads\/2026\/01\/paltim-in-paragina-300x300-1.jpg\" class=\"attachment-thumbnail size-thumbnail\" title=\"paltim-in-paragina-300x300-1\"><\/a><\/div>\n<\/figure>\n<figure class=\"gallery-item\">\n<div class=\"gallery-icon landscape\"><a href=\"https:\/\/www.pressalert.ro\/wp-content\/uploads\/2014\/10\/solventul-cladiri-istorice-demolate.jpg\"><img decoding=\"async\" loading=\"lazy\" width=\"300\" height=\"300\" src=\"https:\/\/analyse.optim.biz\/wp-content\/uploads\/2026\/01\/solventul-cladiri-istorice-demolate-300x300-1.jpg\" class=\"attachment-thumbnail size-thumbnail\" title=\"solventul-cladiri-istorice-demolate-300x300-1\"><\/a><\/div>\n<\/figure>\n<figure class=\"gallery-item\">\n<div class=\"gallery-icon landscape\"><a href=\"https:\/\/www.pressalert.ro\/wp-content\/uploads\/2014\/09\/santier-cetate-3.jpg\"><img decoding=\"async\" loading=\"lazy\" width=\"300\" height=\"300\" src=\"https:\/\/analyse.optim.biz\/wp-content\/uploads\/2026\/01\/santier-cetate-3-300x300-1.jpg\" class=\"attachment-thumbnail size-thumbnail\" title=\"santier-cetate-3-300x300-1\"><\/a><\/div>\n<\/figure>\n<figure class=\"gallery-item\">\n<div class=\"gallery-icon landscape\"><a href=\"https:\/\/www.pressalert.ro\/wp-content\/uploads\/2014\/09\/cetate-palat-ciobanu-statui.jpg\"><img decoding=\"async\" loading=\"lazy\" width=\"300\" height=\"300\" src=\"https:\/\/analyse.optim.biz\/wp-content\/uploads\/2026\/01\/cetate-palat-ciobanu-statui-300x300-1.jpg\" class=\"attachment-thumbnail size-thumbnail\" title=\"cetate-palat-ciobanu-statui-300x300-1\"><\/a><\/div>\n<\/figure>\n<figure class=\"gallery-item\">\n<div class=\"gallery-icon landscape\"><a href=\"https:\/\/www.pressalert.ro\/wp-content\/uploads\/2013\/01\/casa-muhle2.jpg\"><img decoding=\"async\" loading=\"lazy\" width=\"300\" height=\"300\" src=\"https:\/\/analyse.optim.biz\/wp-content\/uploads\/2026\/01\/casa-muhle2-300x300-1.jpg\" class=\"attachment-thumbnail size-thumbnail\" title=\"casa-muhle2-300x300-1\"><\/a><\/div>\n<\/figure>\n<figure class=\"gallery-item\">\n<div class=\"gallery-icon portrait\"><a href=\"https:\/\/analyse.optim.biz\/wp-content\/uploads\/2026\/01\/palatul-mercur-piata-traian.jpg\"><img decoding=\"async\" loading=\"lazy\" width=\"170\" height=\"227\" src=\"https:\/\/analyse.optim.biz\/wp-content\/uploads\/2026\/01\/palatul-mercur-piata-traian.jpg\" class=\"attachment-thumbnail size-thumbnail\" title=\"palatul-mercur-piata-traian\"><\/a><\/div>\n<\/figure>\n<figure class=\"gallery-item\">\n<div class=\"gallery-icon landscape\"><a href=\"https:\/\/www.pressalert.ro\/wp-content\/uploads\/2014\/04\/rectorat-politehnica-palatul-loyd-lateral.jpg\"><img decoding=\"async\" loading=\"lazy\" width=\"300\" height=\"300\" src=\"https:\/\/analyse.optim.biz\/wp-content\/uploads\/2026\/01\/rectorat-politehnica-palatul-loyd-lateral-300x300-1.jpg\" class=\"attachment-thumbnail size-thumbnail\" title=\"rectorat-politehnica-palatul-loyd-lateral-300x300-1\"><\/a><\/div>\n<\/figure>\n<figure class=\"gallery-item\">\n<div class=\"gallery-icon portrait\"><a href=\"https:\/\/www.pressalert.ro\/wp-content\/uploads\/2014\/05\/palatul-kunz-josef-large.jpg\"><img decoding=\"async\" loading=\"lazy\" width=\"180\" height=\"300\" src=\"https:\/\/analyse.optim.biz\/wp-content\/uploads\/2026\/01\/palatul-kunz-josef-large-180x300-1.jpg\" class=\"attachment-thumbnail size-thumbnail\" title=\"palatul-kunz-josef-large-180x300-1\"><\/a><\/div>\n<\/figure>\n<figure class=\"gallery-item\">\n<div class=\"gallery-icon landscape\"><a href=\"https:\/\/www.pressalert.ro\/wp-content\/uploads\/2014\/04\/centru-Palatul-Neuhausz-detaliu-1.jpg\"><img decoding=\"async\" loading=\"lazy\" width=\"300\" height=\"300\" src=\"https:\/\/analyse.optim.biz\/wp-content\/uploads\/2026\/01\/centru-palatul-neuhausz-detaliu-1-300x300-1.jpg\" class=\"attachment-thumbnail size-thumbnail\" aria-describedby=\"gallery-2-103932\" title=\"centru-palatul-neuhausz-detaliu-1-300x300-1\"><\/a><\/div><figcaption class=\"wp-caption-text gallery-caption\" id=\"gallery-2-103932\">\n\t\t\t\tPalatul Neuhausz<br \/>\n\t\t\t\t<\/figcaption><\/figure>\n<\/div>\n<\/div>\n<p> Source URL: https:\/\/www.pressalert.ro\/2015\/03\/timisoara-uitata-cum-se-degradeaza-si-care-sunt-cele-mai-mari-pericole-pentru-cladirile-de-patrimoniu-ale-orasului\/<\/p>\n","protected":false},"excerpt":{"rendered":"<p>Acas\u0103Campanii PRESSALERTTIMI\u0218OARA UITAT\u0102 Cum se degradeaz\u0103 \u0219i care sunt cele mai mari pericole&#8230; Campanii PRESSALERT Timi\u0219oara uitat\u0103 TIMI\u0218OARA UITAT\u0102 Cum se degradeaz\u0103 \u0219i care sunt cele mai mari pericole pentru cl\u0103dirile de patrimoniu ale ora\u0219ului FOTO De Liana P\u0103un &#8211; mart. 15, 2015 0 DISTRIBUI\u021aI Facebook Twitter Cu toate c\u0103 Timi\u015foara are un patrimoniu arhitectural [&hellip;]<\/p>\n","protected":false},"author":1,"featured_media":1535605,"comment_status":"open","ping_status":"","sticky":false,"template":"","format":"standard","meta":{"footnotes":""},"categories":[89],"tags":[176],"class_list":["post-1535604","post","type-post","status-publish","format-standard","has-post-thumbnail","hentry","category-romania","tag-pressalert-ro"],"_links":{"self":[{"href":"https:\/\/analyse.optim.biz\/index.php?rest_route=\/wp\/v2\/posts\/1535604","targetHints":{"allow":["GET"]}}],"collection":[{"href":"https:\/\/analyse.optim.biz\/index.php?rest_route=\/wp\/v2\/posts"}],"about":[{"href":"https:\/\/analyse.optim.biz\/index.php?rest_route=\/wp\/v2\/types\/post"}],"author":[{"embeddable":true,"href":"https:\/\/analyse.optim.biz\/index.php?rest_route=\/wp\/v2\/users\/1"}],"replies":[{"embeddable":true,"href":"https:\/\/analyse.optim.biz\/index.php?rest_route=%2Fwp%2Fv2%2Fcomments&post=1535604"}],"version-history":[{"count":0,"href":"https:\/\/analyse.optim.biz\/index.php?rest_route=\/wp\/v2\/posts\/1535604\/revisions"}],"wp:featuredmedia":[{"embeddable":true,"href":"https:\/\/analyse.optim.biz\/index.php?rest_route=\/wp\/v2\/media\/1535605"}],"wp:attachment":[{"href":"https:\/\/analyse.optim.biz\/index.php?rest_route=%2Fwp%2Fv2%2Fmedia&parent=1535604"}],"wp:term":[{"taxonomy":"category","embeddable":true,"href":"https:\/\/analyse.optim.biz\/index.php?rest_route=%2Fwp%2Fv2%2Fcategories&post=1535604"},{"taxonomy":"post_tag","embeddable":true,"href":"https:\/\/analyse.optim.biz\/index.php?rest_route=%2Fwp%2Fv2%2Ftags&post=1535604"}],"curies":[{"name":"wp","href":"https:\/\/api.w.org\/{rel}","templated":true}]}}