{"id":1535524,"date":"2015-03-29T10:00:04","date_gmt":"2015-03-29T07:00:04","guid":{"rendered":"https:\/\/analyse.optim.biz\/?p=1535524"},"modified":"2015-03-29T10:00:04","modified_gmt":"2015-03-29T07:00:04","slug":"timisoara-uitata-fondatorii-cetatii-ii-ioan-de-hunedoara-ucenicul-lui-scolari-care-pleca-de-la-timisoara-in-campanii-impotriva-otomanilor","status":"publish","type":"post","link":"https:\/\/analyse.optim.biz\/?p=1535524","title":{"rendered":"TIMI\u015eOARA UITAT\u0102 Fondatorii cet\u0103\u0163ii (II) Ioan de Hunedoara, ucenicul lui Scolari, care pleca de la Timi\u0219oara \u00een campanii \u00eempotriva otomanilor"},"content":{"rendered":"<article id=\"post-170228\" class=\"post-170228 post type-post status-publish format-standard has-post-thumbnail hentry category-campanii-pressalert category-timisoara-uitata-campanii-pressalert tag-cruciade tag-filippo-scolari tag-ioan-de-hunedoara tag-istorie tag-matia-corvin tag-otomani tag-timisoara tag-timisoara-uitata\">\n<div class=\"td-post-header td-pb-padding-side\">\n<div class=\"entry-crumbs\"><span><a title class=\"entry-crumb\" href=\"https:\/\/www.pressalert.ro\/\"><span>Acas\u0103<\/span><\/a><\/span><span><a title=\"Vede\u021bi toate articolele \u00een Campanii PRESSALERT\" class=\"entry-crumb\" href=\"https:\/\/www.pressalert.ro\/category\/campanii-pressalert\/\"><span>Campanii PRESSALERT<\/span><\/a><\/span><span class=\"td-bred-no-url-last\">TIMI\u015eOARA UITAT\u0102 Fondatorii cet\u0103\u0163ii (II) Ioan de Hunedoara, ucenicul lui Scolari, care&#8230;<\/span><\/div>\n<ul class=\"td-category\">\n<li class=\"entry-category\"><a href=\"https:\/\/www.pressalert.ro\/category\/campanii-pressalert\/\">Campanii PRESSALERT<\/a><\/li>\n<li class=\"entry-category\"><a href=\"https:\/\/www.pressalert.ro\/category\/campanii-pressalert\/timisoara-uitata-campanii-pressalert\/\">Timi\u0219oara uitat\u0103<\/a><\/li>\n<\/ul>\n<header>\n<h1 class=\"entry-title\">TIMI\u015eOARA UITAT\u0102 Fondatorii cet\u0103\u0163ii (II) Ioan de Hunedoara, ucenicul lui Scolari, care pleca de la Timi\u0219oara \u00een campanii \u00eempotriva otomanilor<\/h1>\n<div class=\"meta-info\">\n<div class=\"td-post-author-name\">\n<div class=\"td-author-by\">De<\/div>\n<p><a href=\"https:\/\/www.pressalert.ro\/author\/liana-paun\/\">Liana P\u0103un<\/a><\/p>\n<div class=\"td-author-line\"> &#8211; <\/div>\n<\/div>\n<p><span class=\"td-post-date\"><time class=\"entry-date updated td-module-date\" datetime=\"2015-03-29T10:00:04+00:00\">mart. 29, 2015<\/time><\/span><\/p>\n<div class=\"td-post-comments\"><a href=\"https:\/\/www.pressalert.ro\/2015\/03\/timisoara-uitata-fondatorii-cetatii-ii-ioan-de-hunedoara-ucenicul-lui-scolari-care-pleca-de-la-timisoara-in-campanii-impotriva-otomanilor\/#comments\">1<\/a><\/div>\n<\/div>\n<\/header>\n<\/div>\n<div class=\"td-post-sharing td-post-sharing-top td-pb-padding-side\"><span class=\"td-post-share-title\">DISTRIBUI\u021aI<\/span><\/p>\n<div class=\"td-default-sharing \"><a class=\"td-social-sharing-buttons td-social-facebook\" href=\"http:\/\/www.facebook.com\/sharer.php?u=https%3A%2F%2Fwww.pressalert.ro%2F2015%2F03%2Ftimisoara-uitata-fondatorii-cetatii-ii-ioan-de-hunedoara-ucenicul-lui-scolari-care-pleca-de-la-timisoara-in-campanii-impotriva-otomanilor%2F\"><\/p>\n<div class=\"td-social-but-text\">Facebook<\/div>\n<p><\/a><a class=\"td-social-sharing-buttons td-social-twitter\" href=\"https:\/\/twitter.com\/intent\/tweet?text=TIMI%C5%9EOARA+UITAT%C4%82+Fondatorii+cet%C4%83%C5%A3ii+%28II%29+Ioan+de+Hunedoara%2C+ucenicul+lui+Scolari%2C+care+pleca+de+la+Timi%C8%99oara+%C3%AEn+campanii+%C3%AEmpotriva+otomanilor&amp;url=https%3A%2F%2Fwww.pressalert.ro%2F2015%2F03%2Ftimisoara-uitata-fondatorii-cetatii-ii-ioan-de-hunedoara-ucenicul-lui-scolari-care-pleca-de-la-timisoara-in-campanii-impotriva-otomanilor%2F&amp;via=PRESSALERT.ro\"><\/p>\n<div class=\"td-social-but-text\">Twitter<\/div>\n<p><\/a><\/div>\n<\/div>\n<div class=\"td-post-content td-pb-padding-side\">\n<p><a href=\"http:\/\/www.pressalert.ro\/wp-content\/uploads\/2015\/03\/ioan-si-razboaiele-husite.jpg\"><img loading=\"lazy\" decoding=\"async\" class=\"aligncenter size-medium wp-image-170232\" src=\"https:\/\/analyse.optim.biz\/wp-content\/uploads\/2026\/01\/ioan-si-razboaiele-husite-640x299-1.jpg\" alt=\"ioan si razboaiele husite\" width=\"640\" height=\"299\" title=\"ioan-si-razboaiele-husite-640x299-1\"><\/a><\/p>\n<p>Cel mai de seam\u0103 urma\u015f al lui Filippo Scolari \u00een cetatea Timi\u015foarei a fost Ioan de Hunedoara, fiul cneazului rom\u00e2n Voicu, care, \u00een calitate de o\u015ftean al Cur\u0163ii, fusese \u00eennobilat de regele Sigismund de Luxemburg prin diploma regal\u0103 din 1409, pentru str\u0103lucite merite militare. Voicu, \u00eempreun\u0103 cu familia sa, a primit un rang nobiliar mijlociu \u015fi domeniul Hunedoara, iar prin mijlocirea <a title=\"TIMI\u015eOARA UITAT\u0102 Fondatorii cet\u0103\u0163ii (I) Filippo Scolari, transform\u0103 castelul d\u0103r\u0103p\u0103nat al Timi\u015foarei \u00eentr-o bijuterie RENASCENTIST\u0102. Cum a fost distrus\u0103 \u201cMica Floren\u0163a\u201d\" href=\"http:\/\/www.pressalert.ro\/2015\/03\/timisoara-uitata-fondatorii-cetatei-i-personalitate-de-talie-europeana-filippo-scolari-transforma-castelul-darapanat-al-timisoarei-intr-o-bijuterie-renascentista-cum-a-fost-distrusa-mica-floren\/\" target=\"_blank\">comitelui de Timi\u015f, Filippo Scolari<\/a>, care era un sprijinitor al s\u0103u, aceast\u0103 danie a fost confirmat\u0103 la Alba Iulia.<\/p>\n<p><a href=\"https:\/\/analyse.optim.biz\/wp-content\/uploads\/2026\/01\/blazon-huniazi.jpg\"><img loading=\"lazy\" decoding=\"async\" class=\" size-full wp-image-170229 alignleft\" src=\"https:\/\/analyse.optim.biz\/wp-content\/uploads\/2026\/01\/blazon-huniazi.jpg\" alt=\"blazon huniazi\" width=\"250\" height=\"346\" title=\"blazon-huniazi\"><\/a>Blazonul familiei a fost ini\u0163ial un corb cu un inel \u00een cioc, de unde a derivat numele de Corvin, sub care este cunoscut Matia, fiul cel mic al lui Ioan, care avea s\u0103 devin\u0103 rege al Ungariei. Ulterior, regele Ladislau al V-lea Postumul a decis ca pe blazon s\u0103 mai fie reprezentat un leu care \u0163ine o coroan\u0103 de aur, ca simbol al vitejiei \u015fi serviciilor pe care Ioan le-a adus dinastiei \u015fi regatului maghiar.<\/p>\n<p><strong>Ucenicul lui Filippo Scolari<\/strong><\/p>\n<p>Ioan, fiul cel mare al lui Voicu, este prezent \u00een preajma lui Scolari de la \u00eenceputul celui de-al treilea deceniu al secolului al XV-lea, c\u00e2nd comitele Timi\u015fului l-a luat paj \u015fi apoi scutier \u00een castelul s\u0103u din Timi\u015foara. Dup\u0103 obiceiul vremii, potrivit c\u0103ruia tinerii nobili \u00ee\u015fi \u00eensu\u015feau arta m\u00e2nuirii armelor pe l\u00e2ng\u0103 un mare comandant, Scolari l-a instruit \u00een lupta corp la corp \u015fi l-a \u00eenv\u0103\u0163at tactica militar\u0103. \u00cen acei ani a deprins procedeele de lupt\u0103 specific italiene, pe care ilustrul condotier le aplicase cu succes \u00een campaniile antiotomane \u015fi pe care le-a dezv\u0103luit t\u00e2n\u0103rului s\u0103u ucenic: \u00eenlocuirea o\u015ftenilor \u00eembr\u0103ca\u0163i \u00een zale \u015fi armuri greoaie cu trupe de cavalerie u\u015foar\u0103, mult mai mobile \u00een ac\u0163iunile de atac \u015fi mai u\u015for de manevrat pe c\u00e2mpul de lupt\u0103, precum \u015fi protec\u0163ia flancurilor.<\/p>\n<p>Ioan a deprins, de asemenea, \u015fi metodele husite de lupt\u0103, dup\u0103 <a href=\"https:\/\/analyse.optim.biz\/wp-content\/uploads\/2026\/01\/ioan-chronica-hungarorum.jpg\"><img loading=\"lazy\" decoding=\"async\" class=\" size-full wp-image-170234 alignright\" src=\"https:\/\/analyse.optim.biz\/wp-content\/uploads\/2026\/01\/ioan-chronica-hungarorum.jpg\" alt=\"ioan-Chronica Hungarorum\" width=\"250\" height=\"371\" title=\"ioan-chronica-hungarorum\"><\/a>ce Scolari \u00eenfruntase rezisten\u0163a acestora \u00een r\u0103zboaiele purtate \u00een Cehia. Ini\u0163ierea dob\u00e2ndit\u0103 de Ioan \u00een preajma condotierului Pipo, al\u0103turi de care se pare c\u0103 a participat \u015fi la ultimele campanii antiotomane ale acestuia, a fost urmat\u0103 de doi ani petrecu\u0163i \u00een Italia, unde \u015fi-a des\u0103v\u00e2r\u015fit tehnicile de lupt\u0103, devenind unul din cel mai mari comandan\u0163i militari ai vremii, admirat de \u00eentreaga lume cre\u015ftin\u0103.<\/p>\n<p><strong>Leg\u0103turile cu Floren\u0163a<\/strong><\/p>\n<p>Influen\u0163a lui Scolari \u015fi c\u0103l\u0103toria \u00een Italia, \u00eentre anii 1431-1433, avea s\u0103-l marcheze profund pe vestitul reprezentant al Huniazilor, care va nutri fa\u0163\u0103 de Floren\u0163a o simpatie constant\u0103: a venerat-o \u00eentreaga via\u0163\u0103, aidoma florentinilor, pe Madona de la Santa Maria Annunziata, unde a depus ofrande c\u00e2nd a fost oaspetele ora\u015fului \u015fi a trimis o parte din capturile de r\u0103zboi, unele p\u0103strate p\u00e2n\u0103 la sf\u00e2r\u015fitul secolului al XVIII-lea.<\/p>\n<p>Masolino da Panicale, unul din pictorii remarcabili ai timpului, l-a imortalizat pe Ioan \u00eentr-o fresc\u0103 a bisericii din Castiglione Olona, \u00een Lombardia, numit\u0103 \u201eIl Bancheto di Filippo Scolari\u201d, dup\u0103 ce l-a cunoscut la Timi\u015foara \u015fi, probabil, l-a re\u00eent\u00e2lnit \u00een Italia.<\/p>\n<p> Acesta este, de altfel, primul portret cunoscut al lui Ioan de Hunedoara. Se pare c\u0103 el i-a povestit o mul\u0163ime de am\u0103nunte interesante despre Scolari lui Poggio Bracciolini, istoric oficial al Floren\u0163ei, care au fost folosite ulterior \u00eentr-o biografie a celebrului condotier.<\/p>\n<p><a href=\"https:\/\/analyse.optim.biz\/wp-content\/uploads\/2026\/01\/ioan-de-hunedoara.jpg\"><img decoding=\"async\" loading=\"lazy\" class=\" size-full wp-image-170231 alignleft\" src=\"https:\/\/analyse.optim.biz\/wp-content\/uploads\/2026\/01\/ioan-de-hunedoara.jpg\" alt=\"ioan de hunedoara\" width=\"263\" height=\"337\" title=\"ioan-de-hunedoara\"><\/a>Totodat\u0103 a sus\u0163inut, a\u015fa cum o f\u0103cuse \u015fi Scolari, latinitatea limbii rom\u00e2ne, \u00eent\u0103rind convingerile \u00eenv\u0103\u0163atului florentin asupra structurii gramaticale a limbii rom\u00e2ne, astfel \u00eenc\u00e2t Bracciolini a fost primul umanist care, baz\u00e2ndu-se pe coresponden\u0163a cu Scolari \u015fi pe informa\u0163iile primite de la Ioan de Hunedoara, a demonstrat, cu exemple lexicale, originea latin\u0103 a limbii rom\u00e2ne, \u00eentr-o lucrare \u00eencheiat\u0103 \u00een 1451.<\/p>\n<p><strong>Cetatea Timi\u015foarei devine proprietate a Huniazilor<\/strong><\/p>\n<p>Dup\u0103 ce \u015fi-a petrecut tinere\u0163ea \u00een slujba ost\u0103\u015feasc\u0103, Ioan de Hunedoara, \u00eennobilat o dat\u0103 cu familia sa, a fost numit \u00een 1438 ban de Severin iar \u00een 1441 voievod al Transilvaniei \u015fi comite de Timi\u015f, Timi\u015foara devenind una din re\u015fedin\u0163ele sale preferate. \u00cen urma mor\u0163ii regelui Vladislav I Iagello la Varna, este ales, \u00een 1446, guvernator al Ungariei, demnitate pe care o de\u0163ine p\u00e2n\u0103 \u00een 1453, c\u00e2nd, o dat\u0103 cu majoratul regelui Ladislau al V-lea Postumul, se retrage. Dup\u0103 1447, c\u00e2nd s-a \u00eencheiat prima etap\u0103 de renovare a castelului, a fortifica\u0163iilor \u015fi a cet\u0103\u0163ii dup\u0103 devastatorul cutremur din 1443, Ioan de Hunedoara \u015fi-a adus familia de la Cluj la Timi\u015foara.<\/p>\n<p>Ioan st\u0103tea la Timi\u015foara c\u00eeteva zile pe s\u0103pt\u0103m\u00e2n\u0103, uneori o lun\u0103 <a href=\"http:\/\/www.pressalert.ro\/wp-content\/uploads\/2015\/03\/ioan.jpg\"><img decoding=\"async\" loading=\"lazy\" class=\" wp-image-170233 size-thumbnail alignright\" src=\"https:\/\/analyse.optim.biz\/wp-content\/uploads\/2026\/01\/ioan-300x300-1.jpg\" alt=\"ioan\" width=\"300\" height=\"300\" title=\"ioan-300x300-1\"><\/a>\u00eentreag\u0103, \u015fi s-a al\u0103turat familiei dup\u0103 ce a renun\u0163at la func\u0163ia de guvernator. \u00cen 1455 va primi cetatea Timi\u015foarei printr-un act de danie al regelui Ladislau al V-lea Postumul. Aceasta va r\u0103m\u00e2ne \u00een st\u0103p\u00e2nirea familiei p\u00e2n\u0103 \u00een 1490, la moartea lui Matia Corvinul. \u00cen acei ani a \u00eenceput cea de-a doua etap\u0103 de m\u0103rire \u015fi \u00eenfrumuse\u0163are a castelului, pe bani proprii. Existau unele similitudini cu castelul de la Hunedoara, dup\u0103 cum sugera planul s\u0103lii mari ce se mai p\u0103stra \u00eenc\u0103 \u00een secolul al XVIII-lea pe latura de apus a castelului. \u00cen acei ani, castelul a cunoscut una din cele mai \u00eenfloritoare perioade din existen\u0163a sa.<\/p>\n<p><strong>\u201eLumina lumii\u201d<\/strong><\/p>\n<p>Dou\u0103 decenii au fost consacrate de Ioan de Hunedoara luptelor cu otomanii, \u00eentr-o perioad\u0103 \u00een care campaniile acestora pentru supunerea \u0162\u0103rii Rom\u00e2ne\u015fti \u015fi a Serbiei erau tot mai ofensive. \u00cen \u0163inuturile timi\u015fene, Ioan a organizat tabere de iarn\u0103 \u00een timpul luptelor cu turcii \u015fi de la Timi\u015foara a plecat \u00een marile sale campanii \u00eempotriva otomanilor. Printre cele mai importante b\u0103t\u0103lii pe care le-a condus se num\u0103r\u0103 cea de la S\u00e2ntimbru, \u00een 1442, urmat\u0103 de o mare biruin\u0163\u0103 la Por\u0163ile de Fier iar apoi expedi\u0163ia din 1443, cunoscut\u0103 sub numele de \u201ecampania cea lung\u0103\u201d, \u00een care a condus o armat\u0103 cre\u015ftin\u0103 de vreo 35.000 de oameni p\u00e2n\u0103 dincolo de Sofia.<\/p>\n<p><a href=\"https:\/\/analyse.optim.biz\/wp-content\/uploads\/2026\/01\/sigiliu-ioan-de-hunedoara.jpg\"><img decoding=\"async\" loading=\"lazy\" class=\" size-full wp-image-170236 alignleft\" src=\"https:\/\/analyse.optim.biz\/wp-content\/uploads\/2026\/01\/sigiliu-ioan-de-hunedoara.jpg\" alt=\"sigiliu ioan de hunedoara\" width=\"200\" height=\"168\" title=\"sigiliu-ioan-de-hunedoara\"><\/a>Un an mai t\u00e2rziu, ultima mare cruciad\u0103 antiotoman\u0103 prin care se urm\u0103rea alungarea turcilor din Europa s-a soldat cu \u00eenfr\u00e2ngerea armatelor cre\u015ftine \u00een apropiere de Varna \u015fi moartea regelui Vladislav, astfel \u00eenc\u00e2t, \u00een 1448, Ioan a \u00eenfruntat din nou oastea otoman\u0103 la Kossovopolje (C\u00e2mpia Mierlei), dar a pierdut b\u0103t\u0103lia \u015fi a fost silit s\u0103 se retrag\u0103. Ultima mare lupt\u0103 purtat\u0103 de Ioan a fost la Belgrad, \u00een 1456, cetatea fiind considerat\u0103 \u201echeia regatului Ungariei\u201d. Aici l-a r\u0103nit \u015fi l-a \u00eenfr\u00e2nt pe sultanul Mahomed al II-lea, cuceritorul Constantinopolului, \u015fi a capturat o prad\u0103 uria\u015f\u0103. Bolnav de cium\u0103, Ioan moare \u00een tab\u0103ra de la Zemun, iar \u00een epitaful scris de c\u0103lug\u0103rul-osta\u015f Ioan de Capistrano se spune: \u201eA c\u0103zut coroana regatului; s-a stins lumina lumii\u201d. Moartea sa a mai fost comemorat\u0103 printr-o evocare a umanistului florentin Donato Acciaiuoli, compus\u0103 spre sf\u00e2r\u015fitul anului.<\/p>\n<p>Sursa foto: wikipedia<\/p>\n<\/div>\n<footer>\n<div class=\"td-post-source-tags td-pb-padding-side\">\n<ul class=\"td-tags td-post-small-box clearfix\">\n<li><span>ETICHETE<\/span><\/li>\n<li><a href=\"https:\/\/www.pressalert.ro\/tag\/cruciade\/\">cruciade<\/a><\/li>\n<li><a href=\"https:\/\/www.pressalert.ro\/tag\/filippo-scolari\/\">filippo scolari<\/a><\/li>\n<li><a href=\"https:\/\/www.pressalert.ro\/tag\/ioan-de-hunedoara\/\">ioan de hunedoara<\/a><\/li>\n<li><a href=\"https:\/\/www.pressalert.ro\/tag\/istorie\/\">istorie<\/a><\/li>\n<li><a href=\"https:\/\/www.pressalert.ro\/tag\/matia-corvin\/\">matia corvin<\/a><\/li>\n<li><a href=\"https:\/\/www.pressalert.ro\/tag\/otomani\/\">otomani<\/a><\/li>\n<li><a href=\"https:\/\/www.pressalert.ro\/tag\/timisoara\/\">Timisoara<\/a><\/li>\n<li><a href=\"https:\/\/www.pressalert.ro\/tag\/timisoara-uitata\/\">timisoara uitata<\/a><\/li>\n<\/ul>\n<\/div>\n<div class=\"td-post-sharing td-post-sharing-bottom td-pb-padding-side\"><span class=\"td-post-share-title\">DISTRIBUI\u021aI<\/span><\/p>\n<div class=\"td-default-sharing \"><a class=\"td-social-sharing-buttons td-social-facebook\" href=\"http:\/\/www.facebook.com\/sharer.php?u=https%3A%2F%2Fwww.pressalert.ro%2F2015%2F03%2Ftimisoara-uitata-fondatorii-cetatii-ii-ioan-de-hunedoara-ucenicul-lui-scolari-care-pleca-de-la-timisoara-in-campanii-impotriva-otomanilor%2F\"><\/p>\n<div class=\"td-social-but-text\">Facebook<\/div>\n<p><\/a><a class=\"td-social-sharing-buttons td-social-twitter\" href=\"https:\/\/twitter.com\/intent\/tweet?text=TIMI%C5%9EOARA+UITAT%C4%82+Fondatorii+cet%C4%83%C5%A3ii+%28II%29+Ioan+de+Hunedoara%2C+ucenicul+lui+Scolari%2C+care+pleca+de+la+Timi%C8%99oara+%C3%AEn+campanii+%C3%AEmpotriva+otomanilor&amp;url=https%3A%2F%2Fwww.pressalert.ro%2F2015%2F03%2Ftimisoara-uitata-fondatorii-cetatii-ii-ioan-de-hunedoara-ucenicul-lui-scolari-care-pleca-de-la-timisoara-in-campanii-impotriva-otomanilor%2F&amp;via=PRESSALERT.ro\"><\/p>\n<div class=\"td-social-but-text\">Twitter<\/div>\n<p><\/a><\/div>\n<\/div>\n<div class=\"td-block-row td-post-next-prev\">\n<div class=\"td-block-span6 td-post-prev-post\">\n<div class=\"td-post-next-prev-content\"><span>Articolul precedent<\/span><a href=\"https:\/\/www.pressalert.ro\/2015\/03\/dupa-copaci-din-piata-libertatii-vor-disparea-si-sediile-pp-dd-si-pc-cum-explica-primarul-nicolae-robu-necesitatea-schimbarii\/\">Dup\u0103 copaci, din Pia\u021ba Libert\u0103\u021bii vor disp\u0103rea \u015fi sediile PP-DD \u015fi PC. Cum explic\u0103 primarul Nicolae Robu necesitatea schimb\u0103rii<\/a><\/div>\n<\/div>\n<div class=\"td-block-span6 td-post-next-post\">\n<div class=\"td-post-next-prev-content\"><span>Articolul urm\u0103tor<\/span><a href=\"https:\/\/www.pressalert.ro\/2015\/03\/dorel-stoica-pus-muraniul-inaintea-arabiei-saudite-ce-l-determinat-pe-fostul-international-roman-sa-ramana-timis\/\">Dorel Stoica a pus Muraniul \u00eenaintea Arabiei Saudite. Ce l-a determinat pe fostul interna\u021bional rom\u00e2n s\u0103 r\u0103m\u00e2n\u0103 \u00een Timi\u0219<\/a><\/div>\n<\/div>\n<\/div>\n<div class=\"author-box-wrap\"><a href=\"https:\/\/www.pressalert.ro\/author\/liana-paun\/\"><img decoding=\"async\" src=\"https:\/\/analyse.optim.biz\/wp-content\/uploads\/2026\/01\/e237afe71dbb475f2bb6dffeb603d703-146.jpg\" class=\"avatar avatar-96 photo\" height=\"96\" width=\"96\" loading=\"lazy\" title=\"e237afe71dbb475f2bb6dffeb603d703-146\"><\/a><\/p>\n<div class=\"desc\">\n<div class=\"td-author-name vcard author\"><span class=\"fn\"><a href=\"https:\/\/www.pressalert.ro\/author\/liana-paun\/\">Liana P\u0103un<\/a><\/span><\/div>\n<div class=\"td-author-url\"><a href=\"http:\/\/www.pressalert.ro\">http:\/\/www.pressalert.ro<\/a><\/div>\n<\/div>\n<\/div>\n<p><span><\/span><span><span><\/span><\/span><span><\/span><\/footer>\n<\/article>\n<div class=\"td-post-content td-pb-padding-side\">\n<p><a href=\"http:\/\/www.pressalert.ro\/wp-content\/uploads\/2015\/03\/ioan-si-razboaiele-husite.jpg\"><img loading=\"lazy\" decoding=\"async\" class=\"aligncenter size-medium wp-image-170232\" src=\"https:\/\/analyse.optim.biz\/wp-content\/uploads\/2026\/01\/ioan-si-razboaiele-husite-640x299-1.jpg\" alt=\"ioan si razboaiele husite\" width=\"640\" height=\"299\" title=\"ioan-si-razboaiele-husite-640x299-1\"><\/a><\/p>\n<p>Cel mai de seam\u0103 urma\u015f al lui Filippo Scolari \u00een cetatea Timi\u015foarei a fost Ioan de Hunedoara, fiul cneazului rom\u00e2n Voicu, care, \u00een calitate de o\u015ftean al Cur\u0163ii, fusese \u00eennobilat de regele Sigismund de Luxemburg prin diploma regal\u0103 din 1409, pentru str\u0103lucite merite militare. Voicu, \u00eempreun\u0103 cu familia sa, a primit un rang nobiliar mijlociu \u015fi domeniul Hunedoara, iar prin mijlocirea <a title=\"TIMI\u015eOARA UITAT\u0102 Fondatorii cet\u0103\u0163ii (I) Filippo Scolari, transform\u0103 castelul d\u0103r\u0103p\u0103nat al Timi\u015foarei \u00eentr-o bijuterie RENASCENTIST\u0102. Cum a fost distrus\u0103 \u201cMica Floren\u0163a\u201d\" href=\"http:\/\/www.pressalert.ro\/2015\/03\/timisoara-uitata-fondatorii-cetatei-i-personalitate-de-talie-europeana-filippo-scolari-transforma-castelul-darapanat-al-timisoarei-intr-o-bijuterie-renascentista-cum-a-fost-distrusa-mica-floren\/\" target=\"_blank\">comitelui de Timi\u015f, Filippo Scolari<\/a>, care era un sprijinitor al s\u0103u, aceast\u0103 danie a fost confirmat\u0103 la Alba Iulia.<\/p>\n<p><a href=\"https:\/\/analyse.optim.biz\/wp-content\/uploads\/2026\/01\/blazon-huniazi.jpg\"><img loading=\"lazy\" decoding=\"async\" class=\" size-full wp-image-170229 alignleft\" src=\"https:\/\/analyse.optim.biz\/wp-content\/uploads\/2026\/01\/blazon-huniazi.jpg\" alt=\"blazon huniazi\" width=\"250\" height=\"346\" title=\"blazon-huniazi\"><\/a>Blazonul familiei a fost ini\u0163ial un corb cu un inel \u00een cioc, de unde a derivat numele de Corvin, sub care este cunoscut Matia, fiul cel mic al lui Ioan, care avea s\u0103 devin\u0103 rege al Ungariei. Ulterior, regele Ladislau al V-lea Postumul a decis ca pe blazon s\u0103 mai fie reprezentat un leu care \u0163ine o coroan\u0103 de aur, ca simbol al vitejiei \u015fi serviciilor pe care Ioan le-a adus dinastiei \u015fi regatului maghiar.<\/p>\n<p><strong>Ucenicul lui Filippo Scolari<\/strong><\/p>\n<p>Ioan, fiul cel mare al lui Voicu, este prezent \u00een preajma lui Scolari de la \u00eenceputul celui de-al treilea deceniu al secolului al XV-lea, c\u00e2nd comitele Timi\u015fului l-a luat paj \u015fi apoi scutier \u00een castelul s\u0103u din Timi\u015foara. Dup\u0103 obiceiul vremii, potrivit c\u0103ruia tinerii nobili \u00ee\u015fi \u00eensu\u015feau arta m\u00e2nuirii armelor pe l\u00e2ng\u0103 un mare comandant, Scolari l-a instruit \u00een lupta corp la corp \u015fi l-a \u00eenv\u0103\u0163at tactica militar\u0103. \u00cen acei ani a deprins procedeele de lupt\u0103 specific italiene, pe care ilustrul condotier le aplicase cu succes \u00een campaniile antiotomane \u015fi pe care le-a dezv\u0103luit t\u00e2n\u0103rului s\u0103u ucenic: \u00eenlocuirea o\u015ftenilor \u00eembr\u0103ca\u0163i \u00een zale \u015fi armuri greoaie cu trupe de cavalerie u\u015foar\u0103, mult mai mobile \u00een ac\u0163iunile de atac \u015fi mai u\u015for de manevrat pe c\u00e2mpul de lupt\u0103, precum \u015fi protec\u0163ia flancurilor.<\/p>\n<p>Ioan a deprins, de asemenea, \u015fi metodele husite de lupt\u0103, dup\u0103 <a href=\"https:\/\/analyse.optim.biz\/wp-content\/uploads\/2026\/01\/ioan-chronica-hungarorum.jpg\"><img loading=\"lazy\" decoding=\"async\" class=\" size-full wp-image-170234 alignright\" src=\"https:\/\/analyse.optim.biz\/wp-content\/uploads\/2026\/01\/ioan-chronica-hungarorum.jpg\" alt=\"ioan-Chronica Hungarorum\" width=\"250\" height=\"371\" title=\"ioan-chronica-hungarorum\"><\/a>ce Scolari \u00eenfruntase rezisten\u0163a acestora \u00een r\u0103zboaiele purtate \u00een Cehia. Ini\u0163ierea dob\u00e2ndit\u0103 de Ioan \u00een preajma condotierului Pipo, al\u0103turi de care se pare c\u0103 a participat \u015fi la ultimele campanii antiotomane ale acestuia, a fost urmat\u0103 de doi ani petrecu\u0163i \u00een Italia, unde \u015fi-a des\u0103v\u00e2r\u015fit tehnicile de lupt\u0103, devenind unul din cel mai mari comandan\u0163i militari ai vremii, admirat de \u00eentreaga lume cre\u015ftin\u0103.<\/p>\n<p><strong>Leg\u0103turile cu Floren\u0163a<\/strong><\/p>\n<p>Influen\u0163a lui Scolari \u015fi c\u0103l\u0103toria \u00een Italia, \u00eentre anii 1431-1433, avea s\u0103-l marcheze profund pe vestitul reprezentant al Huniazilor, care va nutri fa\u0163\u0103 de Floren\u0163a o simpatie constant\u0103: a venerat-o \u00eentreaga via\u0163\u0103, aidoma florentinilor, pe Madona de la Santa Maria Annunziata, unde a depus ofrande c\u00e2nd a fost oaspetele ora\u015fului \u015fi a trimis o parte din capturile de r\u0103zboi, unele p\u0103strate p\u00e2n\u0103 la sf\u00e2r\u015fitul secolului al XVIII-lea.<\/p>\n<p>Masolino da Panicale, unul din pictorii remarcabili ai timpului, l-a imortalizat pe Ioan \u00eentr-o fresc\u0103 a bisericii din Castiglione Olona, \u00een Lombardia, numit\u0103 \u201eIl Bancheto di Filippo Scolari\u201d, dup\u0103 ce l-a cunoscut la Timi\u015foara \u015fi, probabil, l-a re\u00eent\u00e2lnit \u00een Italia.<\/p>\n<p> Acesta este, de altfel, primul portret cunoscut al lui Ioan de Hunedoara. Se pare c\u0103 el i-a povestit o mul\u0163ime de am\u0103nunte interesante despre Scolari lui Poggio Bracciolini, istoric oficial al Floren\u0163ei, care au fost folosite ulterior \u00eentr-o biografie a celebrului condotier.<\/p>\n<p><a href=\"https:\/\/analyse.optim.biz\/wp-content\/uploads\/2026\/01\/ioan-de-hunedoara.jpg\"><img decoding=\"async\" loading=\"lazy\" class=\" size-full wp-image-170231 alignleft\" src=\"https:\/\/analyse.optim.biz\/wp-content\/uploads\/2026\/01\/ioan-de-hunedoara.jpg\" alt=\"ioan de hunedoara\" width=\"263\" height=\"337\" title=\"ioan-de-hunedoara\"><\/a>Totodat\u0103 a sus\u0163inut, a\u015fa cum o f\u0103cuse \u015fi Scolari, latinitatea limbii rom\u00e2ne, \u00eent\u0103rind convingerile \u00eenv\u0103\u0163atului florentin asupra structurii gramaticale a limbii rom\u00e2ne, astfel \u00eenc\u00e2t Bracciolini a fost primul umanist care, baz\u00e2ndu-se pe coresponden\u0163a cu Scolari \u015fi pe informa\u0163iile primite de la Ioan de Hunedoara, a demonstrat, cu exemple lexicale, originea latin\u0103 a limbii rom\u00e2ne, \u00eentr-o lucrare \u00eencheiat\u0103 \u00een 1451.<\/p>\n<p><strong>Cetatea Timi\u015foarei devine proprietate a Huniazilor<\/strong><\/p>\n<p>Dup\u0103 ce \u015fi-a petrecut tinere\u0163ea \u00een slujba ost\u0103\u015feasc\u0103, Ioan de Hunedoara, \u00eennobilat o dat\u0103 cu familia sa, a fost numit \u00een 1438 ban de Severin iar \u00een 1441 voievod al Transilvaniei \u015fi comite de Timi\u015f, Timi\u015foara devenind una din re\u015fedin\u0163ele sale preferate. \u00cen urma mor\u0163ii regelui Vladislav I Iagello la Varna, este ales, \u00een 1446, guvernator al Ungariei, demnitate pe care o de\u0163ine p\u00e2n\u0103 \u00een 1453, c\u00e2nd, o dat\u0103 cu majoratul regelui Ladislau al V-lea Postumul, se retrage. Dup\u0103 1447, c\u00e2nd s-a \u00eencheiat prima etap\u0103 de renovare a castelului, a fortifica\u0163iilor \u015fi a cet\u0103\u0163ii dup\u0103 devastatorul cutremur din 1443, Ioan de Hunedoara \u015fi-a adus familia de la Cluj la Timi\u015foara.<\/p>\n<p>Ioan st\u0103tea la Timi\u015foara c\u00eeteva zile pe s\u0103pt\u0103m\u00e2n\u0103, uneori o lun\u0103 <a href=\"http:\/\/www.pressalert.ro\/wp-content\/uploads\/2015\/03\/ioan.jpg\"><img decoding=\"async\" loading=\"lazy\" class=\" wp-image-170233 size-thumbnail alignright\" src=\"https:\/\/analyse.optim.biz\/wp-content\/uploads\/2026\/01\/ioan-300x300-1.jpg\" alt=\"ioan\" width=\"300\" height=\"300\" title=\"ioan-300x300-1\"><\/a>\u00eentreag\u0103, \u015fi s-a al\u0103turat familiei dup\u0103 ce a renun\u0163at la func\u0163ia de guvernator. \u00cen 1455 va primi cetatea Timi\u015foarei printr-un act de danie al regelui Ladislau al V-lea Postumul. Aceasta va r\u0103m\u00e2ne \u00een st\u0103p\u00e2nirea familiei p\u00e2n\u0103 \u00een 1490, la moartea lui Matia Corvinul. \u00cen acei ani a \u00eenceput cea de-a doua etap\u0103 de m\u0103rire \u015fi \u00eenfrumuse\u0163are a castelului, pe bani proprii. Existau unele similitudini cu castelul de la Hunedoara, dup\u0103 cum sugera planul s\u0103lii mari ce se mai p\u0103stra \u00eenc\u0103 \u00een secolul al XVIII-lea pe latura de apus a castelului. \u00cen acei ani, castelul a cunoscut una din cele mai \u00eenfloritoare perioade din existen\u0163a sa.<\/p>\n<p><strong>\u201eLumina lumii\u201d<\/strong><\/p>\n<p>Dou\u0103 decenii au fost consacrate de Ioan de Hunedoara luptelor cu otomanii, \u00eentr-o perioad\u0103 \u00een care campaniile acestora pentru supunerea \u0162\u0103rii Rom\u00e2ne\u015fti \u015fi a Serbiei erau tot mai ofensive. \u00cen \u0163inuturile timi\u015fene, Ioan a organizat tabere de iarn\u0103 \u00een timpul luptelor cu turcii \u015fi de la Timi\u015foara a plecat \u00een marile sale campanii \u00eempotriva otomanilor. Printre cele mai importante b\u0103t\u0103lii pe care le-a condus se num\u0103r\u0103 cea de la S\u00e2ntimbru, \u00een 1442, urmat\u0103 de o mare biruin\u0163\u0103 la Por\u0163ile de Fier iar apoi expedi\u0163ia din 1443, cunoscut\u0103 sub numele de \u201ecampania cea lung\u0103\u201d, \u00een care a condus o armat\u0103 cre\u015ftin\u0103 de vreo 35.000 de oameni p\u00e2n\u0103 dincolo de Sofia.<\/p>\n<p><a href=\"https:\/\/analyse.optim.biz\/wp-content\/uploads\/2026\/01\/sigiliu-ioan-de-hunedoara.jpg\"><img decoding=\"async\" loading=\"lazy\" class=\" size-full wp-image-170236 alignleft\" src=\"https:\/\/analyse.optim.biz\/wp-content\/uploads\/2026\/01\/sigiliu-ioan-de-hunedoara.jpg\" alt=\"sigiliu ioan de hunedoara\" width=\"200\" height=\"168\" title=\"sigiliu-ioan-de-hunedoara\"><\/a>Un an mai t\u00e2rziu, ultima mare cruciad\u0103 antiotoman\u0103 prin care se urm\u0103rea alungarea turcilor din Europa s-a soldat cu \u00eenfr\u00e2ngerea armatelor cre\u015ftine \u00een apropiere de Varna \u015fi moartea regelui Vladislav, astfel \u00eenc\u00e2t, \u00een 1448, Ioan a \u00eenfruntat din nou oastea otoman\u0103 la Kossovopolje (C\u00e2mpia Mierlei), dar a pierdut b\u0103t\u0103lia \u015fi a fost silit s\u0103 se retrag\u0103. Ultima mare lupt\u0103 purtat\u0103 de Ioan a fost la Belgrad, \u00een 1456, cetatea fiind considerat\u0103 \u201echeia regatului Ungariei\u201d. Aici l-a r\u0103nit \u015fi l-a \u00eenfr\u00e2nt pe sultanul Mahomed al II-lea, cuceritorul Constantinopolului, \u015fi a capturat o prad\u0103 uria\u015f\u0103. Bolnav de cium\u0103, Ioan moare \u00een tab\u0103ra de la Zemun, iar \u00een epitaful scris de c\u0103lug\u0103rul-osta\u015f Ioan de Capistrano se spune: \u201eA c\u0103zut coroana regatului; s-a stins lumina lumii\u201d. Moartea sa a mai fost comemorat\u0103 printr-o evocare a umanistului florentin Donato Acciaiuoli, compus\u0103 spre sf\u00e2r\u015fitul anului.<\/p>\n<p>Sursa foto: wikipedia<\/p>\n<\/div>\n<p> Source URL: https:\/\/www.pressalert.ro\/2015\/03\/timisoara-uitata-fondatorii-cetatii-ii-ioan-de-hunedoara-ucenicul-lui-scolari-care-pleca-de-la-timisoara-in-campanii-impotriva-otomanilor\/<\/p>\n","protected":false},"excerpt":{"rendered":"<p>Acas\u0103Campanii PRESSALERTTIMI\u015eOARA UITAT\u0102 Fondatorii cet\u0103\u0163ii (II) Ioan de Hunedoara, ucenicul lui Scolari, care&#8230; Campanii PRESSALERT Timi\u0219oara uitat\u0103 TIMI\u015eOARA UITAT\u0102 Fondatorii cet\u0103\u0163ii (II) Ioan de Hunedoara, ucenicul lui Scolari, care pleca de la Timi\u0219oara \u00een campanii \u00eempotriva otomanilor De Liana P\u0103un &#8211; mart. 29, 2015 1 DISTRIBUI\u021aI Facebook Twitter Cel mai de seam\u0103 urma\u015f al lui [&hellip;]<\/p>\n","protected":false},"author":1,"featured_media":1535528,"comment_status":"open","ping_status":"","sticky":false,"template":"","format":"standard","meta":{"footnotes":""},"categories":[89],"tags":[176],"class_list":["post-1535524","post","type-post","status-publish","format-standard","has-post-thumbnail","hentry","category-romania","tag-pressalert-ro"],"_links":{"self":[{"href":"https:\/\/analyse.optim.biz\/index.php?rest_route=\/wp\/v2\/posts\/1535524","targetHints":{"allow":["GET"]}}],"collection":[{"href":"https:\/\/analyse.optim.biz\/index.php?rest_route=\/wp\/v2\/posts"}],"about":[{"href":"https:\/\/analyse.optim.biz\/index.php?rest_route=\/wp\/v2\/types\/post"}],"author":[{"embeddable":true,"href":"https:\/\/analyse.optim.biz\/index.php?rest_route=\/wp\/v2\/users\/1"}],"replies":[{"embeddable":true,"href":"https:\/\/analyse.optim.biz\/index.php?rest_route=%2Fwp%2Fv2%2Fcomments&post=1535524"}],"version-history":[{"count":0,"href":"https:\/\/analyse.optim.biz\/index.php?rest_route=\/wp\/v2\/posts\/1535524\/revisions"}],"wp:featuredmedia":[{"embeddable":true,"href":"https:\/\/analyse.optim.biz\/index.php?rest_route=\/wp\/v2\/media\/1535528"}],"wp:attachment":[{"href":"https:\/\/analyse.optim.biz\/index.php?rest_route=%2Fwp%2Fv2%2Fmedia&parent=1535524"}],"wp:term":[{"taxonomy":"category","embeddable":true,"href":"https:\/\/analyse.optim.biz\/index.php?rest_route=%2Fwp%2Fv2%2Fcategories&post=1535524"},{"taxonomy":"post_tag","embeddable":true,"href":"https:\/\/analyse.optim.biz\/index.php?rest_route=%2Fwp%2Fv2%2Ftags&post=1535524"}],"curies":[{"name":"wp","href":"https:\/\/api.w.org\/{rel}","templated":true}]}}