{"id":1535471,"date":"2015-04-09T08:28:08","date_gmt":"2015-04-09T05:28:08","guid":{"rendered":"https:\/\/analyse.optim.biz\/?p=1535471"},"modified":"2015-04-09T08:28:08","modified_gmt":"2015-04-09T05:28:08","slug":"biruitorii-povestea-emotionanta-a-tanarului-care-pana-la-varsta-de-4-ani-nu-a-stiut-ce-inseamna-cuvantul-mama-am-evoluat-pentru-ca-am-iertat-o-ca-m-a-parasit-cum","status":"publish","type":"post","link":"https:\/\/analyse.optim.biz\/?p=1535471","title":{"rendered":"BIRUITORII Povestea EMO\u021aIONANT\u0102 a t\u00e2n\u0103rului care p\u00e2n\u0103 la v\u00e2rsta de 4 ani nu a \u0219tiut ce \u00eenseamn\u0103 cuv\u00e2ntul \u201eMAMA\u201d: \u201eAm evoluat pentru c\u0103 am iertat-o c\u0103 m-a p\u0103r\u0103sit\u201d. Cum \u00eei recunoa\u0219te pe cei care au crescut \u00een orfelinate"},"content":{"rendered":"<article id=\"post-172268\" class=\"post-172268 post type-post status-publish format-standard has-post-thumbnail hentry category-biruitorii category-campanii-pressalert category-stiri tag-biruitorii tag-campanie tag-centru-de-plasament tag-consilier-juridic tag-denis-buta tag-lugoj tag-orfelinat tag-timisoara\">\n<div class=\"td-post-header td-pb-padding-side\">\n<div class=\"entry-crumbs\"><span><a title class=\"entry-crumb\" href=\"https:\/\/www.pressalert.ro\/\"><span>Acas\u0103<\/span><\/a><\/span><span><a title=\"Vede\u021bi toate articolele \u00een Campanii PRESSALERT\" class=\"entry-crumb\" href=\"https:\/\/www.pressalert.ro\/category\/campanii-pressalert\/\"><span>Campanii PRESSALERT<\/span><\/a><\/span><span><a title=\"Vede\u021bi toate articolele \u00een BIRUITORII\" class=\"entry-crumb\" href=\"https:\/\/www.pressalert.ro\/category\/campanii-pressalert\/biruitorii\/\"><span>BIRUITORII<\/span><\/a><\/span><span class=\"td-bred-no-url-last\">BIRUITORII Povestea EMO\u021aIONANT\u0102 a t\u00e2n\u0103rului care p\u00e2n\u0103 la v\u00e2rsta de 4 ani&#8230;<\/span><\/div>\n<ul class=\"td-category\">\n<li class=\"entry-category\"><a href=\"https:\/\/www.pressalert.ro\/category\/campanii-pressalert\/\">Campanii PRESSALERT<\/a><\/li>\n<li class=\"entry-category\"><a href=\"https:\/\/www.pressalert.ro\/category\/campanii-pressalert\/biruitorii\/\">BIRUITORII<\/a><\/li>\n<li class=\"entry-category\"><a href=\"https:\/\/www.pressalert.ro\/category\/stiri\/\">\u015etiri<\/a><\/li>\n<\/ul>\n<header>\n<h1 class=\"entry-title\">BIRUITORII Povestea EMO\u021aIONANT\u0102 a t\u00e2n\u0103rului care p\u00e2n\u0103 la v\u00e2rsta de 4 ani nu a \u0219tiut ce \u00eenseamn\u0103 cuv\u00e2ntul \u201eMAMA\u201d: \u201eAm evoluat pentru c\u0103 am iertat-o c\u0103 m-a p\u0103r\u0103sit\u201d. Cum \u00eei recunoa\u0219te pe cei care au crescut \u00een orfelinate<\/h1>\n<div class=\"meta-info\">\n<div class=\"td-post-author-name\">\n<div class=\"td-author-by\">De<\/div>\n<p><a href=\"https:\/\/www.pressalert.ro\/author\/adriana-mit\/\">Adriana M\u00ee\u021b<\/a><\/p>\n<div class=\"td-author-line\"> &#8211; <\/div>\n<\/div>\n<p><span class=\"td-post-date\"><time class=\"entry-date updated td-module-date\" datetime=\"2015-04-09T08:28:08+00:00\">apr. 9, 2015<\/time><\/span><\/p>\n<div class=\"td-post-comments\"><a href=\"https:\/\/www.pressalert.ro\/2015\/04\/biruitorii-povestea-emotionanta-tanarului-din-timisoara-consilier-juridic-care-pana-la-varsta-de-4-ani-nu-stiut-ce-inseamna-cuvantul-mama-evoluat-pentru-ca-iertat-o-ca-m-parasit-cu\/#comments\">3<\/a><\/div>\n<\/div>\n<\/header>\n<\/div>\n<div class=\"td-post-sharing td-post-sharing-top td-pb-padding-side\"><span class=\"td-post-share-title\">DISTRIBUI\u021aI<\/span><\/p>\n<div class=\"td-default-sharing \"><a class=\"td-social-sharing-buttons td-social-facebook\" href=\"http:\/\/www.facebook.com\/sharer.php?u=https%3A%2F%2Fwww.pressalert.ro%2F2015%2F04%2Fbiruitorii-povestea-emotionanta-tanarului-din-timisoara-consilier-juridic-care-pana-la-varsta-de-4-ani-nu-stiut-ce-inseamna-cuvantul-mama-evoluat-pentru-ca-iertat-o-ca-m-parasit-cu%2F\"><\/p>\n<div class=\"td-social-but-text\">Facebook<\/div>\n<p><\/a><a class=\"td-social-sharing-buttons td-social-twitter\" href=\"https:\/\/twitter.com\/intent\/tweet?text=BIRUITORII+Povestea+EMO%C8%9AIONANT%C4%82+a+t%C3%A2n%C4%83rului+care+p%C3%A2n%C4%83+la+v%C3%A2rsta+de+4+ani+nu+a+%C8%99tiut+ce+%C3%AEnseamn%C4%83+cuv%C3%A2ntul+%E2%80%9EMAMA%E2%80%9D%3A+%E2%80%9EAm+evoluat+pentru+c%C4%83+am+iertat-o+c%C4%83+m-a+p%C4%83r%C4%83sit%E2%80%9D.+Cum+%C3%AEi+recunoa%C8%99te+pe+cei+care+au+crescut+%C3%AEn+orfelinate&amp;url=https%3A%2F%2Fwww.pressalert.ro%2F2015%2F04%2Fbiruitorii-povestea-emotionanta-tanarului-din-timisoara-consilier-juridic-care-pana-la-varsta-de-4-ani-nu-stiut-ce-inseamna-cuvantul-mama-evoluat-pentru-ca-iertat-o-ca-m-parasit-cu%2F&amp;via=PRESSALERT.ro\"><\/p>\n<div class=\"td-social-but-text\">Twitter<\/div>\n<p><\/a><\/div>\n<\/div>\n<div class=\"td-post-content td-pb-padding-side\">\n<p><a href=\"http:\/\/www.pressalert.ro\/wp-content\/uploads\/2015\/04\/IMG_20140407_172633_edit.jpg\"><img loading=\"lazy\" decoding=\"async\" class=\"alignnone size-medium wp-image-172269\" src=\"https:\/\/analyse.optim.biz\/wp-content\/uploads\/2026\/01\/img_20140407_172633_edit-640x516-1.jpg\" alt=\"denis buta\" width=\"640\" height=\"516\" title=\"img_20140407_172633_edit-640x516-1\"><\/a><\/p>\n<p><strong>P\u0103r\u0103si\u021bi de cei care le-au dat via\u021b\u0103 au ajuns s\u0103-\u0219i petreac\u0103 primii ani din via\u021b\u0103 \u00een orfelinate. Marginaliza\u021bi de societate \u0219i lipsi\u021bi de dragostea pe care o mam\u0103 le-o poate oferi. Nu au avut \u0219ansa s\u0103 aib\u0103 o via\u021b\u0103 normal\u0103, \u00eens\u0103 s-au ambi\u021bionat s\u0103 cread\u0103 c\u0103 vor reu\u0219i. \u0218i au biruit. PRESSALERT.ro v\u0103 prezint\u0103, \u00eenainte de S\u0103rb\u0103torile Pascale, pove\u0219tile impresionante a mai mul\u021bi tineri care au crescut \u00een centre de plasament \u0219i care au demonstrat c\u0103 se poate s\u0103 reu\u0219e\u0219ti \u00een via\u021b\u0103, dac\u0103 \u00ee\u0219i dore\u0219ti cu adev\u0103rat.<\/strong><\/p>\n<p>\u201eP\u00e2n\u0103 la v\u00e2rsta de patru ani, eu nu am \u0219tiut ce \u00eenseamn\u0103 cuv\u00e2ntul mama. Mi se p\u0103rea normal s\u0103 dorm cu al\u021bi 20 de copii \u00een camer\u0103 \u0219i s\u0103 m\u0103n\u00e2nc la mas\u0103 cu 50\u201d, a\u0219a \u00ee\u0219i \u00eencepe povestea Denis Buta, un t\u00e2n\u0103r de 27 de ani din Timi\u0219oara care \u0219i-a petrecut cei mai mul\u021bi ani din via\u021b\u0103 \u00een orfelinat. Denis nu a \u0219tiut, \u00een anii copil\u0103riei, ce \u00eenseamn\u0103 s\u0103 ai o mam\u0103, o familie, s\u0103 prime\u0219ti afec\u021biune din partea persoanelor iubite. \u201eAm ur\u00e2t-o mult pe mama pentru c\u0103 m-a p\u0103r\u0103sit, \u00een total, de trei ori\u201d, \u00ee\u0219i aduce aminte cu durere \u00een suflet t\u00e2n\u0103rul. Anii au trecut, \u00eens\u0103, iar Denis a realizat c\u0103 singura \u0219ans\u0103 de a reu\u0219i s\u0103 fac\u0103 ceva \u00een via\u021b\u0103 \u0219i de a deveni un om care are o via\u021b\u0103 normal\u0103 este s\u0103 \u00eenve\u021be. A\u0219a se face c\u0103 acum Denis lucreaz\u0103 la o firm\u0103 privat\u0103 din ora\u0219 ca \u0219i consilier juridic \u0219i \u00eenva\u021b\u0103 de zor \u00een speran\u021ba c\u0103 va reu\u0219i s\u0103 ajung\u0103 avocat, \u00een viitorul apropiat.<\/p>\n<p><strong>\u201eMama avea cas\u0103, ma\u0219in\u0103, nu \u00een\u021beleg de ce m-a p\u0103r\u0103sit\u201d<\/strong><\/p>\n<p>Denis a locuit 19 ani din via\u021b\u0103 \u00een orfelinat al\u0103turi de al\u021bi zeci de copii care aveau pove\u0219ti de via\u021b\u0103 la fel de triste ca a lui. Mama acestuia l-a p\u0103r\u0103sit la v\u00e2rsta de nici doi ani \u00een orfelinatul din Lugoj, iar ani \u00eentregi cea care i-a dat via\u021b\u0103 nu a dorit s\u0103 aud\u0103 de el, astfel c\u0103 nici nu l-a vizitat. \u201eC\u00e2nd aveam patru ani am \u00eenceput s\u0103 realizez c\u0103 ceva nu e normal cu mine. Vedeam c\u0103 pe unii copii din orfelinat venea cineva s\u0103-i mai ia \u00een weekend acas\u0103 \u0219i auzeam c\u0103 spun mama. Eu nu \u0219tiam ce \u00eenseamn\u0103 cuv\u00e2ntul mama, apoi am \u00een\u021beles \u0219i am \u00eenceput s\u0103 \u00eentreb \u201eunde e mama mea?\u201d, \u00ee\u0219i aminte\u0219te Denis Buta.<\/p>\n<p>Pe c\u00e2nd avea nou\u0103 ani, dorin\u021ba arz\u0103toare de a-\u0219i \u00eent\u00e2lni mama i s-a \u00eemplinit, iar momentul revederii a fost unul de-a dreptul emo\u021bionant. \u201e\u00cemi aduc aminte c\u0103 m-am rugat la Dumnezeu cu o sear\u0103 \u00eenainte \u0219i i-am spus \u201edoamne, dac\u0103 exi\u0219ti, a\u0219 vrea s\u0103 vin\u0103 mama s\u0103 m\u0103 scoat\u0103 de aici\u201d, iar a doua zi, pe 16 august, a venit mama la orfelinat. Era o femeie \u00eenalt\u0103, frumoas\u0103, avea un palton maro, jean\u0219i negri, cizme \u0219i a cobor\u00e2t dintr-un Mercedes ro\u0219u. \u0218i acum, Mercedes-ul e ma\u0219ina mea preferat\u0103. \u0218tiu c\u0103 a pl\u00e2ns, era foarte emo\u021bionat\u0103 \u0219i a decis s\u0103 m\u0103 ia acas\u0103. Mama avea ma\u0219in\u0103, cas\u0103, nu \u00een\u021beleg nici acum de ce m-a p\u0103r\u0103sit\u201d, ne poveste\u0219te Denis.<\/p>\n<p>\u00cens\u0103, din p\u0103cate, pentru el, mutarea la mama lui nu a fost a\u0219a cum \u0219i-a dorit. T\u00e2n\u0103rul ne explic\u0103 faptul c\u0103 \u201ea fost un \u0219oc pentru mine, ea nu m\u0103 \u00een\u021belegea, m\u0103 b\u0103tea foarte mult \u0219i am ajuns s\u0103 r\u0103m\u00e2n repetent \u00een clasa a IV-a\u201d. Dup\u0103 un an, Denis a luat decizia de a fugi de acas\u0103 la centrul de copii din Periam pentru c\u0103 a considerat c\u0103 e mai bine \u00een orfelinat dec\u00e2t acas\u0103, centru \u00een care a locuit de la v\u00e2rsta de \u0219apte ani. B\u0103iatul a repetat clasa a IV-a \u0219i spune c\u0103 \u0219i-a revenit cu \u0219coala. \u201eDe abia am reu\u0219it s\u0103-i conving pe educatori s\u0103 m\u0103 lase s\u0103 merg la liceu, ei voiau s\u0103 fac \u0219coala profesional\u0103, dar eu \u0219tiam c\u0103 pot mai mult, visam s\u0103 termin o facultate\u201d, \u00ee\u0219i aduce aminte Denis, care s-a \u00eenscris la liceu la Periam, \u00eens\u0103 \u00eentre timp a fost transferat la o \u0219coal\u0103 din Timi\u0219oara pentru c\u0103 centrul de plasament din Periam a fost desfiin\u021bat.<\/p>\n<p><a href=\"https:\/\/analyse.optim.biz\/wp-content\/uploads\/2026\/01\/img_20140407_172619.jpg\"><img loading=\"lazy\" decoding=\"async\" class=\"alignnone size-full wp-image-172270\" src=\"https:\/\/analyse.optim.biz\/wp-content\/uploads\/2026\/01\/img_20140407_172619.jpg\" alt=\"denis buta\" width=\"621\" height=\"459\" title=\"img_20140407_172619\"><\/a><\/p>\n<p><strong>\u201eLa 21 de ani am decis s\u0103 iau via\u021ba \u00een piept \u0219i s\u0103 plec din orfelinat\u201d<\/strong><\/p>\n<p>T\u00e2n\u0103rul poveste\u0219te c\u0103 a urmat o perioad\u0103 foarte dificil\u0103 pentru el.<\/p>\n<p> Asta pentru c\u0103 ziua mergea la ore, iar noaptea era nevoit s\u0103 munceasc\u0103 ca s\u0103 c\u00e2\u0219tige un ban. Astfel, la doar 17 ani, Denis lucra opt ore noaptea \u00eentr-o brut\u0103rie, apoi s-a angajat ca manipulant marf\u0103 \u00eentr-un depozit. \u201eLa 18 ani am luat permisul de conducere. Pentru mine, munca a fost o pl\u0103cere\u201d, ne explic\u0103 Denis Buta.<\/p>\n<p>La v\u00e2rsta de 21 de ani, t\u00e2n\u0103rul a luat o decizie radical\u0103, s-a decis s\u0103 plece din orfelinat definitiv, asta de\u0219i mai putea s\u0103 stea p\u00e2n\u0103 la v\u00e2rsta de 26 de ani, dac\u0103 era \u00eenscris la o institu\u021bie de \u00eenv\u0103\u021b\u0103m\u00e2nt. Denis ne spune c\u0103 s-a hot\u0103r\u00e2t s\u0103 fac\u0103 acest lucru pentru c\u0103 \u201eeram s\u0103tul s\u0103 stau \u00een centru, nu mai aveam nicio provocare \u0219i am considerat c\u0103 nu mai avea rost s\u0103 mai am\u00e2n. \u00cen final, oricum acea zi venea. Pentru unii copii era un \u0219oc s\u0103 plece din centru, erau anun\u021ba\u021bi cu \u0219ase luni \u00eenainte de a fi evacua\u021bi. La 21 de ani am decis s\u0103 iau via\u021ba \u00een piept \u0219i s\u0103 plec din orfelinat, de\u0219i mi-a fost destul de greu\u201d.<\/p>\n<p>Dup\u0103 un an \u00een care a stat \u00een apartamentul unei asocia\u021bii al\u0103turi de al\u021bi tineri care au crescut \u00een centre de plasament, Denis s-a mutat, din nou, la mama lui, la Lugoj \u0219i s-a angajat. Totul \u00een speran\u021ba c\u0103 va str\u00e2nge banii necesari ca s\u0103 pl\u0103teasc\u0103 taxa de \u0219colarizare pentru a se \u00eenscrie la facultate. Din p\u0103cate, la v\u00e2rsta de 22 ani, Denis a trecut, din nou, printr-un moment nepl\u0103cut, pentru c\u0103 a aflat c\u0103 are TBC, iar medicii i-au spus c\u0103 este \u00een faz\u0103 terminal\u0103.<\/p>\n<p>Totu\u0219i, dup\u0103 c\u00e2teva luni de tratament, t\u00e2n\u0103rul spune c\u0103 \u0219i-a revenit \u00een mod miraculos, \u00eens\u0103 a r\u0103mas f\u0103r\u0103 loc de munc\u0103, dar \u0219i f\u0103r\u0103 banii necesari s\u0103 se \u00eenscrie la facultate, ca s\u0103-\u0219i \u00eendeplineasc\u0103 visul, pentru c\u0103 i-a cheltuit pe medicamente. Denis ne poveste\u0219te c\u0103, din acel moment, au re\u00eenceput certurile cu mama lui, iar \u00een noaptea de Cr\u0103ciun aceasta l-a dat afar\u0103 din cas\u0103.<\/p>\n<p>\u201eMi-a spus c\u0103 nu am cl\u0103dit nimic \u00een cei 22 de ani ai mei, multe lucruri grele \u0219i atunci i-am zis \u0219i eu \u201edar tu unde ai fost \u00een tot acest timp?\u201d. A fost groaznic, am mers pe malul Timi\u0219ului \u0219i \u00eemi aduc aminte c\u0103 am pl\u00e2ns toat\u0103 noaptea, era foarte frig. L-am sunat pe fratele meu, dar mi-a spus c\u0103 nu poate s\u0103 m\u0103 primeasc\u0103 \u00een acea noapte \u0219i atunci l-am sunat pe un norvegian, care mai venea la orfelinat s\u0103 m\u0103 vad\u0103 \u0219i mi-a spus s\u0103 merg la Timi\u0219oara, unde avea un apartament. \u00cen acel apartament stau \u0219i acum\u201d, ne poveste\u0219te Denis, care spune cu triste\u021be c\u0103 \u00een acea noapte de Cr\u0103ciun a sim\u021bit c\u0103 mama lui l-a p\u0103r\u0103sit pentru a treia oar\u0103 \u00een via\u021b\u0103, de\u0219i avea mare nevoie de ea.<\/p>\n<p><strong>\u201eM-am \u00eenscris la Facultatea de Drept, de\u0219i nu aveam to\u021bi banii de tax\u0103\u201d<\/strong><\/p>\n<p>Denis Buta ne poveste\u0219te c\u0103 dup\u0103 v\u00e2rsta de 22 de ani, via\u021ba lui s-a schimbat \u00een bine. Asta pentru c\u0103 s-a decis s\u0103 se \u00eenscrie la Facultatea de Drept la Universitatea de Vest din Timi\u0219oara, asta de\u0219i nu avea banii necesari pentru a pl\u0103ti taxa de \u0219colarizare. \u201eMi s-a spus la \u00eenceput c\u0103 eu nu sunt capabil s\u0103 fac facultatea \u0219i m-a deranjat acest lucru, m-a f\u0103cut s\u0103 m\u0103 ambi\u021bionez mai tare. Am vorbit cu omul din Norvegia, care era un fel de tat\u0103 adoptiv pentru mine, \u0219i mi-a spus c\u0103 \u00eemi pl\u0103te\u0219te jum\u0103tate din tax\u0103 \u0219i atunci mi-am b\u0103gat dosarul, mi-am zis c\u0103 o s\u0103 m\u0103 descurc eu. Am avut noroc c\u0103 se f\u0103ceau angaj\u0103ri \u00een universitate \u0219i nu am mai pl\u0103tit niciun an, pentru c\u0103 to\u021bi anii am lucrat la UVT, m\u0103 ocupam de calculatoarele facult\u0103\u021bii\u201d, ne spune Denis Buta.<\/p>\n<p>Acum, t\u00e2n\u0103rul din Timi\u0219oara este \u00eenscris \u00een primul an la master, lucreaz\u0103 ca \u0219i consilier juridic \u0219i este decis ca \u00een toamn\u0103 s\u0103 sus\u021bin\u0103 examenul de admitere \u00een profesia de avocat. Denis poveste\u0219te, pu\u021bin nemul\u021bumit, faptul c\u0103 \u201esistemul nu m-a ajutat foarte mult, expansiunea mea s-a produs dup\u0103 22 de ani. Este o lupt\u0103 grea \u0219i foarte pu\u021bini copii din centrele de plasament reu\u0219esc, asta pentru c\u0103 nu sunt sus\u021binu\u021bi, este important ca educatorii s\u0103 le transmit\u0103 valori. Cei care au crescut \u00een orfelinate \u0219tiu s\u0103 se descurce c\u00e2nd ies, dar nu corect. Cred c\u0103 am evoluat \u0219i pentru c\u0103 am iertat-o pe mama pentru ce a f\u0103cut, dar \u0219i pe tata. M-a sunat \u00een urm\u0103 cu dou\u0103 luni s\u0103-\u0219i cear\u0103 iertare c\u0103 m-a abandonat\u201d.<\/p>\n<p><strong>Denis Buta nu i-au uitat pe copiii din orfelinate. Cum \u00eencearc\u0103 s\u0103-i ajute?<\/strong><\/p>\n<p>T\u00e2n\u0103rul din Timi\u0219oara este un adev\u0103rat model pentru copiii din centrele de plasament din jude\u021b. De fiecare dat\u0103 c\u00e2nd are timp, Denis \u00eei viziteaz\u0103 pe copii \u0219i chiar a \u201eadoptat\u201d doi fra\u021bi, care o s\u0103 ias\u0103 din orfelinat \u00een viitorul apropiat. \u201e\u00cencerc s\u0103 vorbesc cu ei, pentru c\u0103 sunt de p\u0103rere c\u0103 orice copil abandonat are nevoie de valori \u0219i eu asta \u00eencerc s\u0103 le transmit. Ei trebuie s\u0103 cread\u0103 \u00een ceva \u0219i s\u0103 fie \u00eenc\u0103p\u0103\u021b\u00e2na\u021bi, doar a\u0219a vor reu\u0219i. Este o lupt\u0103 grea care, uneori, pare c\u0103 nu se mai termin\u0103. Eu m-am folosit de resursele oferite de stat ca s\u0103 fac ceva \u00een via\u021b\u0103 \u0219i am reu\u0219it\u201d, conchide Denis Buta.<\/p>\n<p>\u00cen final, t\u00e2n\u0103rul poveste\u0219te c\u0103 a ajuns, dup\u0103 19 ani petrecu\u021bi \u00een orfelinate, s\u0103-i cunoasc\u0103 pe cei care au crescut \u00een astfel de locuri \u201edup\u0103 mers, privire, felul \u00een care vorbesc, b\u00e2lb\u00e2it\u201d.<\/p>\n<\/div>\n<footer>\n<div class=\"td-post-source-tags td-pb-padding-side\">\n<ul class=\"td-tags td-post-small-box clearfix\">\n<li><span>ETICHETE<\/span><\/li>\n<li><a href=\"https:\/\/www.pressalert.ro\/tag\/biruitorii\/\">BIRUITORII<\/a><\/li>\n<li><a href=\"https:\/\/www.pressalert.ro\/tag\/campanie\/\">campanie<\/a><\/li>\n<li><a href=\"https:\/\/www.pressalert.ro\/tag\/centru-de-plasament\/\">centru de plasament<\/a><\/li>\n<li><a href=\"https:\/\/www.pressalert.ro\/tag\/consilier-juridic\/\">consilier juridic<\/a><\/li>\n<li><a href=\"https:\/\/www.pressalert.ro\/tag\/denis-buta\/\">denis buta<\/a><\/li>\n<li><a href=\"https:\/\/www.pressalert.ro\/tag\/lugoj\/\">lugoj<\/a><\/li>\n<li><a href=\"https:\/\/www.pressalert.ro\/tag\/orfelinat\/\">orfelinat<\/a><\/li>\n<li><a href=\"https:\/\/www.pressalert.ro\/tag\/timisoara\/\">Timisoara<\/a><\/li>\n<\/ul>\n<\/div>\n<div class=\"td-post-sharing td-post-sharing-bottom td-pb-padding-side\"><span class=\"td-post-share-title\">DISTRIBUI\u021aI<\/span><\/p>\n<div class=\"td-default-sharing \"><a class=\"td-social-sharing-buttons td-social-facebook\" href=\"http:\/\/www.facebook.com\/sharer.php?u=https%3A%2F%2Fwww.pressalert.ro%2F2015%2F04%2Fbiruitorii-povestea-emotionanta-tanarului-din-timisoara-consilier-juridic-care-pana-la-varsta-de-4-ani-nu-stiut-ce-inseamna-cuvantul-mama-evoluat-pentru-ca-iertat-o-ca-m-parasit-cu%2F\"><\/p>\n<div class=\"td-social-but-text\">Facebook<\/div>\n<p><\/a><a class=\"td-social-sharing-buttons td-social-twitter\" href=\"https:\/\/twitter.com\/intent\/tweet?text=BIRUITORII+Povestea+EMO%C8%9AIONANT%C4%82+a+t%C3%A2n%C4%83rului+care+p%C3%A2n%C4%83+la+v%C3%A2rsta+de+4+ani+nu+a+%C8%99tiut+ce+%C3%AEnseamn%C4%83+cuv%C3%A2ntul+%E2%80%9EMAMA%E2%80%9D%3A+%E2%80%9EAm+evoluat+pentru+c%C4%83+am+iertat-o+c%C4%83+m-a+p%C4%83r%C4%83sit%E2%80%9D.+Cum+%C3%AEi+recunoa%C8%99te+pe+cei+care+au+crescut+%C3%AEn+orfelinate&amp;url=https%3A%2F%2Fwww.pressalert.ro%2F2015%2F04%2Fbiruitorii-povestea-emotionanta-tanarului-din-timisoara-consilier-juridic-care-pana-la-varsta-de-4-ani-nu-stiut-ce-inseamna-cuvantul-mama-evoluat-pentru-ca-iertat-o-ca-m-parasit-cu%2F&amp;via=PRESSALERT.ro\"><\/p>\n<div class=\"td-social-but-text\">Twitter<\/div>\n<p><\/a><\/div>\n<\/div>\n<div class=\"td-block-row td-post-next-prev\">\n<div class=\"td-block-span6 td-post-prev-post\">\n<div class=\"td-post-next-prev-content\"><span>Articolul precedent<\/span><a href=\"https:\/\/www.pressalert.ro\/2015\/04\/verdict-pentru-doctorii-anchetati-in-cazul-unui-copil-nascut-fara-picioare-si-fara-o-mana-ce-a-decis-colegiul-medicilor\/\">VERDICT pentru doctorii ancheta\u021bi \u00een cazul unui copil n\u0103scut f\u0103r\u0103 picioare \u0219i f\u0103r\u0103 o m\u00e2n\u0103. Ce a decis Colegiul Medicilor<\/a><\/div>\n<\/div>\n<div class=\"td-block-span6 td-post-next-post\">\n<div class=\"td-post-next-prev-content\"><span>Articolul urm\u0103tor<\/span><a href=\"https:\/\/www.pressalert.ro\/2015\/04\/aeroportul-din-arad-porti-inchise-pentru-pasageri-de-ce-nu-va-mai-opera-wizzair-zboruri\/\">Aeroportul din Arad, por\u021bi \u00eenchise pentru pasageri. De ce nu va mai opera WizzAir zboruri<\/a><\/div>\n<\/div>\n<\/div>\n<div class=\"author-box-wrap\"><a href=\"https:\/\/www.pressalert.ro\/author\/adriana-mit\/\"><img loading=\"lazy\" decoding=\"async\" src=\"https:\/\/analyse.optim.biz\/wp-content\/uploads\/2026\/01\/b1f9b7c06ee21da21325bdc897b6b37a-2.jpg\" class=\"avatar avatar-96 photo\" height=\"96\" width=\"96\" title=\"b1f9b7c06ee21da21325bdc897b6b37a-2\"><\/a><\/p>\n<div class=\"desc\">\n<div class=\"td-author-name vcard author\"><span class=\"fn\"><a href=\"https:\/\/www.pressalert.ro\/author\/adriana-mit\/\">Adriana M\u00ee\u021b<\/a><\/span><\/div>\n<div class=\"td-author-url\"><a href=\"http:\/\/www.pressalert.ro\">http:\/\/www.pressalert.ro<\/a><\/div>\n<\/div>\n<\/div>\n<p><span><\/span><span><span><\/span><\/span><span><\/span><\/footer>\n<\/article>\n<div class=\"td-post-content td-pb-padding-side\">\n<p><a href=\"http:\/\/www.pressalert.ro\/wp-content\/uploads\/2015\/04\/IMG_20140407_172633_edit.jpg\"><img loading=\"lazy\" decoding=\"async\" class=\"alignnone size-medium wp-image-172269\" src=\"https:\/\/analyse.optim.biz\/wp-content\/uploads\/2026\/01\/img_20140407_172633_edit-640x516-1.jpg\" alt=\"denis buta\" width=\"640\" height=\"516\" title=\"img_20140407_172633_edit-640x516-1\"><\/a><\/p>\n<p><strong>P\u0103r\u0103si\u021bi de cei care le-au dat via\u021b\u0103 au ajuns s\u0103-\u0219i petreac\u0103 primii ani din via\u021b\u0103 \u00een orfelinate. Marginaliza\u021bi de societate \u0219i lipsi\u021bi de dragostea pe care o mam\u0103 le-o poate oferi. Nu au avut \u0219ansa s\u0103 aib\u0103 o via\u021b\u0103 normal\u0103, \u00eens\u0103 s-au ambi\u021bionat s\u0103 cread\u0103 c\u0103 vor reu\u0219i. \u0218i au biruit. PRESSALERT.ro v\u0103 prezint\u0103, \u00eenainte de S\u0103rb\u0103torile Pascale, pove\u0219tile impresionante a mai mul\u021bi tineri care au crescut \u00een centre de plasament \u0219i care au demonstrat c\u0103 se poate s\u0103 reu\u0219e\u0219ti \u00een via\u021b\u0103, dac\u0103 \u00ee\u0219i dore\u0219ti cu adev\u0103rat.<\/strong><\/p>\n<p>\u201eP\u00e2n\u0103 la v\u00e2rsta de patru ani, eu nu am \u0219tiut ce \u00eenseamn\u0103 cuv\u00e2ntul mama. Mi se p\u0103rea normal s\u0103 dorm cu al\u021bi 20 de copii \u00een camer\u0103 \u0219i s\u0103 m\u0103n\u00e2nc la mas\u0103 cu 50\u201d, a\u0219a \u00ee\u0219i \u00eencepe povestea Denis Buta, un t\u00e2n\u0103r de 27 de ani din Timi\u0219oara care \u0219i-a petrecut cei mai mul\u021bi ani din via\u021b\u0103 \u00een orfelinat. Denis nu a \u0219tiut, \u00een anii copil\u0103riei, ce \u00eenseamn\u0103 s\u0103 ai o mam\u0103, o familie, s\u0103 prime\u0219ti afec\u021biune din partea persoanelor iubite. \u201eAm ur\u00e2t-o mult pe mama pentru c\u0103 m-a p\u0103r\u0103sit, \u00een total, de trei ori\u201d, \u00ee\u0219i aduce aminte cu durere \u00een suflet t\u00e2n\u0103rul. Anii au trecut, \u00eens\u0103, iar Denis a realizat c\u0103 singura \u0219ans\u0103 de a reu\u0219i s\u0103 fac\u0103 ceva \u00een via\u021b\u0103 \u0219i de a deveni un om care are o via\u021b\u0103 normal\u0103 este s\u0103 \u00eenve\u021be. A\u0219a se face c\u0103 acum Denis lucreaz\u0103 la o firm\u0103 privat\u0103 din ora\u0219 ca \u0219i consilier juridic \u0219i \u00eenva\u021b\u0103 de zor \u00een speran\u021ba c\u0103 va reu\u0219i s\u0103 ajung\u0103 avocat, \u00een viitorul apropiat.<\/p>\n<p><strong>\u201eMama avea cas\u0103, ma\u0219in\u0103, nu \u00een\u021beleg de ce m-a p\u0103r\u0103sit\u201d<\/strong><\/p>\n<p>Denis a locuit 19 ani din via\u021b\u0103 \u00een orfelinat al\u0103turi de al\u021bi zeci de copii care aveau pove\u0219ti de via\u021b\u0103 la fel de triste ca a lui. Mama acestuia l-a p\u0103r\u0103sit la v\u00e2rsta de nici doi ani \u00een orfelinatul din Lugoj, iar ani \u00eentregi cea care i-a dat via\u021b\u0103 nu a dorit s\u0103 aud\u0103 de el, astfel c\u0103 nici nu l-a vizitat. \u201eC\u00e2nd aveam patru ani am \u00eenceput s\u0103 realizez c\u0103 ceva nu e normal cu mine. Vedeam c\u0103 pe unii copii din orfelinat venea cineva s\u0103-i mai ia \u00een weekend acas\u0103 \u0219i auzeam c\u0103 spun mama. Eu nu \u0219tiam ce \u00eenseamn\u0103 cuv\u00e2ntul mama, apoi am \u00een\u021beles \u0219i am \u00eenceput s\u0103 \u00eentreb \u201eunde e mama mea?\u201d, \u00ee\u0219i aminte\u0219te Denis Buta.<\/p>\n<p>Pe c\u00e2nd avea nou\u0103 ani, dorin\u021ba arz\u0103toare de a-\u0219i \u00eent\u00e2lni mama i s-a \u00eemplinit, iar momentul revederii a fost unul de-a dreptul emo\u021bionant. \u201e\u00cemi aduc aminte c\u0103 m-am rugat la Dumnezeu cu o sear\u0103 \u00eenainte \u0219i i-am spus \u201edoamne, dac\u0103 exi\u0219ti, a\u0219 vrea s\u0103 vin\u0103 mama s\u0103 m\u0103 scoat\u0103 de aici\u201d, iar a doua zi, pe 16 august, a venit mama la orfelinat. Era o femeie \u00eenalt\u0103, frumoas\u0103, avea un palton maro, jean\u0219i negri, cizme \u0219i a cobor\u00e2t dintr-un Mercedes ro\u0219u. \u0218i acum, Mercedes-ul e ma\u0219ina mea preferat\u0103. \u0218tiu c\u0103 a pl\u00e2ns, era foarte emo\u021bionat\u0103 \u0219i a decis s\u0103 m\u0103 ia acas\u0103. Mama avea ma\u0219in\u0103, cas\u0103, nu \u00een\u021beleg nici acum de ce m-a p\u0103r\u0103sit\u201d, ne poveste\u0219te Denis.<\/p>\n<p>\u00cens\u0103, din p\u0103cate, pentru el, mutarea la mama lui nu a fost a\u0219a cum \u0219i-a dorit. T\u00e2n\u0103rul ne explic\u0103 faptul c\u0103 \u201ea fost un \u0219oc pentru mine, ea nu m\u0103 \u00een\u021belegea, m\u0103 b\u0103tea foarte mult \u0219i am ajuns s\u0103 r\u0103m\u00e2n repetent \u00een clasa a IV-a\u201d. Dup\u0103 un an, Denis a luat decizia de a fugi de acas\u0103 la centrul de copii din Periam pentru c\u0103 a considerat c\u0103 e mai bine \u00een orfelinat dec\u00e2t acas\u0103, centru \u00een care a locuit de la v\u00e2rsta de \u0219apte ani. B\u0103iatul a repetat clasa a IV-a \u0219i spune c\u0103 \u0219i-a revenit cu \u0219coala. \u201eDe abia am reu\u0219it s\u0103-i conving pe educatori s\u0103 m\u0103 lase s\u0103 merg la liceu, ei voiau s\u0103 fac \u0219coala profesional\u0103, dar eu \u0219tiam c\u0103 pot mai mult, visam s\u0103 termin o facultate\u201d, \u00ee\u0219i aduce aminte Denis, care s-a \u00eenscris la liceu la Periam, \u00eens\u0103 \u00eentre timp a fost transferat la o \u0219coal\u0103 din Timi\u0219oara pentru c\u0103 centrul de plasament din Periam a fost desfiin\u021bat.<\/p>\n<p><a href=\"https:\/\/analyse.optim.biz\/wp-content\/uploads\/2026\/01\/img_20140407_172619.jpg\"><img loading=\"lazy\" decoding=\"async\" class=\"alignnone size-full wp-image-172270\" src=\"https:\/\/analyse.optim.biz\/wp-content\/uploads\/2026\/01\/img_20140407_172619.jpg\" alt=\"denis buta\" width=\"621\" height=\"459\" title=\"img_20140407_172619\"><\/a><\/p>\n<p><strong>\u201eLa 21 de ani am decis s\u0103 iau via\u021ba \u00een piept \u0219i s\u0103 plec din orfelinat\u201d<\/strong><\/p>\n<p>T\u00e2n\u0103rul poveste\u0219te c\u0103 a urmat o perioad\u0103 foarte dificil\u0103 pentru el.<\/p>\n<p> Asta pentru c\u0103 ziua mergea la ore, iar noaptea era nevoit s\u0103 munceasc\u0103 ca s\u0103 c\u00e2\u0219tige un ban. Astfel, la doar 17 ani, Denis lucra opt ore noaptea \u00eentr-o brut\u0103rie, apoi s-a angajat ca manipulant marf\u0103 \u00eentr-un depozit. \u201eLa 18 ani am luat permisul de conducere. Pentru mine, munca a fost o pl\u0103cere\u201d, ne explic\u0103 Denis Buta.<\/p>\n<p>La v\u00e2rsta de 21 de ani, t\u00e2n\u0103rul a luat o decizie radical\u0103, s-a decis s\u0103 plece din orfelinat definitiv, asta de\u0219i mai putea s\u0103 stea p\u00e2n\u0103 la v\u00e2rsta de 26 de ani, dac\u0103 era \u00eenscris la o institu\u021bie de \u00eenv\u0103\u021b\u0103m\u00e2nt. Denis ne spune c\u0103 s-a hot\u0103r\u00e2t s\u0103 fac\u0103 acest lucru pentru c\u0103 \u201eeram s\u0103tul s\u0103 stau \u00een centru, nu mai aveam nicio provocare \u0219i am considerat c\u0103 nu mai avea rost s\u0103 mai am\u00e2n. \u00cen final, oricum acea zi venea. Pentru unii copii era un \u0219oc s\u0103 plece din centru, erau anun\u021ba\u021bi cu \u0219ase luni \u00eenainte de a fi evacua\u021bi. La 21 de ani am decis s\u0103 iau via\u021ba \u00een piept \u0219i s\u0103 plec din orfelinat, de\u0219i mi-a fost destul de greu\u201d.<\/p>\n<p>Dup\u0103 un an \u00een care a stat \u00een apartamentul unei asocia\u021bii al\u0103turi de al\u021bi tineri care au crescut \u00een centre de plasament, Denis s-a mutat, din nou, la mama lui, la Lugoj \u0219i s-a angajat. Totul \u00een speran\u021ba c\u0103 va str\u00e2nge banii necesari ca s\u0103 pl\u0103teasc\u0103 taxa de \u0219colarizare pentru a se \u00eenscrie la facultate. Din p\u0103cate, la v\u00e2rsta de 22 ani, Denis a trecut, din nou, printr-un moment nepl\u0103cut, pentru c\u0103 a aflat c\u0103 are TBC, iar medicii i-au spus c\u0103 este \u00een faz\u0103 terminal\u0103.<\/p>\n<p>Totu\u0219i, dup\u0103 c\u00e2teva luni de tratament, t\u00e2n\u0103rul spune c\u0103 \u0219i-a revenit \u00een mod miraculos, \u00eens\u0103 a r\u0103mas f\u0103r\u0103 loc de munc\u0103, dar \u0219i f\u0103r\u0103 banii necesari s\u0103 se \u00eenscrie la facultate, ca s\u0103-\u0219i \u00eendeplineasc\u0103 visul, pentru c\u0103 i-a cheltuit pe medicamente. Denis ne poveste\u0219te c\u0103, din acel moment, au re\u00eenceput certurile cu mama lui, iar \u00een noaptea de Cr\u0103ciun aceasta l-a dat afar\u0103 din cas\u0103.<\/p>\n<p>\u201eMi-a spus c\u0103 nu am cl\u0103dit nimic \u00een cei 22 de ani ai mei, multe lucruri grele \u0219i atunci i-am zis \u0219i eu \u201edar tu unde ai fost \u00een tot acest timp?\u201d. A fost groaznic, am mers pe malul Timi\u0219ului \u0219i \u00eemi aduc aminte c\u0103 am pl\u00e2ns toat\u0103 noaptea, era foarte frig. L-am sunat pe fratele meu, dar mi-a spus c\u0103 nu poate s\u0103 m\u0103 primeasc\u0103 \u00een acea noapte \u0219i atunci l-am sunat pe un norvegian, care mai venea la orfelinat s\u0103 m\u0103 vad\u0103 \u0219i mi-a spus s\u0103 merg la Timi\u0219oara, unde avea un apartament. \u00cen acel apartament stau \u0219i acum\u201d, ne poveste\u0219te Denis, care spune cu triste\u021be c\u0103 \u00een acea noapte de Cr\u0103ciun a sim\u021bit c\u0103 mama lui l-a p\u0103r\u0103sit pentru a treia oar\u0103 \u00een via\u021b\u0103, de\u0219i avea mare nevoie de ea.<\/p>\n<p><strong>\u201eM-am \u00eenscris la Facultatea de Drept, de\u0219i nu aveam to\u021bi banii de tax\u0103\u201d<\/strong><\/p>\n<p>Denis Buta ne poveste\u0219te c\u0103 dup\u0103 v\u00e2rsta de 22 de ani, via\u021ba lui s-a schimbat \u00een bine. Asta pentru c\u0103 s-a decis s\u0103 se \u00eenscrie la Facultatea de Drept la Universitatea de Vest din Timi\u0219oara, asta de\u0219i nu avea banii necesari pentru a pl\u0103ti taxa de \u0219colarizare. \u201eMi s-a spus la \u00eenceput c\u0103 eu nu sunt capabil s\u0103 fac facultatea \u0219i m-a deranjat acest lucru, m-a f\u0103cut s\u0103 m\u0103 ambi\u021bionez mai tare. Am vorbit cu omul din Norvegia, care era un fel de tat\u0103 adoptiv pentru mine, \u0219i mi-a spus c\u0103 \u00eemi pl\u0103te\u0219te jum\u0103tate din tax\u0103 \u0219i atunci mi-am b\u0103gat dosarul, mi-am zis c\u0103 o s\u0103 m\u0103 descurc eu. Am avut noroc c\u0103 se f\u0103ceau angaj\u0103ri \u00een universitate \u0219i nu am mai pl\u0103tit niciun an, pentru c\u0103 to\u021bi anii am lucrat la UVT, m\u0103 ocupam de calculatoarele facult\u0103\u021bii\u201d, ne spune Denis Buta.<\/p>\n<p>Acum, t\u00e2n\u0103rul din Timi\u0219oara este \u00eenscris \u00een primul an la master, lucreaz\u0103 ca \u0219i consilier juridic \u0219i este decis ca \u00een toamn\u0103 s\u0103 sus\u021bin\u0103 examenul de admitere \u00een profesia de avocat. Denis poveste\u0219te, pu\u021bin nemul\u021bumit, faptul c\u0103 \u201esistemul nu m-a ajutat foarte mult, expansiunea mea s-a produs dup\u0103 22 de ani. Este o lupt\u0103 grea \u0219i foarte pu\u021bini copii din centrele de plasament reu\u0219esc, asta pentru c\u0103 nu sunt sus\u021binu\u021bi, este important ca educatorii s\u0103 le transmit\u0103 valori. Cei care au crescut \u00een orfelinate \u0219tiu s\u0103 se descurce c\u00e2nd ies, dar nu corect. Cred c\u0103 am evoluat \u0219i pentru c\u0103 am iertat-o pe mama pentru ce a f\u0103cut, dar \u0219i pe tata. M-a sunat \u00een urm\u0103 cu dou\u0103 luni s\u0103-\u0219i cear\u0103 iertare c\u0103 m-a abandonat\u201d.<\/p>\n<p><strong>Denis Buta nu i-au uitat pe copiii din orfelinate. Cum \u00eencearc\u0103 s\u0103-i ajute?<\/strong><\/p>\n<p>T\u00e2n\u0103rul din Timi\u0219oara este un adev\u0103rat model pentru copiii din centrele de plasament din jude\u021b. De fiecare dat\u0103 c\u00e2nd are timp, Denis \u00eei viziteaz\u0103 pe copii \u0219i chiar a \u201eadoptat\u201d doi fra\u021bi, care o s\u0103 ias\u0103 din orfelinat \u00een viitorul apropiat. \u201e\u00cencerc s\u0103 vorbesc cu ei, pentru c\u0103 sunt de p\u0103rere c\u0103 orice copil abandonat are nevoie de valori \u0219i eu asta \u00eencerc s\u0103 le transmit. Ei trebuie s\u0103 cread\u0103 \u00een ceva \u0219i s\u0103 fie \u00eenc\u0103p\u0103\u021b\u00e2na\u021bi, doar a\u0219a vor reu\u0219i. Este o lupt\u0103 grea care, uneori, pare c\u0103 nu se mai termin\u0103. Eu m-am folosit de resursele oferite de stat ca s\u0103 fac ceva \u00een via\u021b\u0103 \u0219i am reu\u0219it\u201d, conchide Denis Buta.<\/p>\n<p>\u00cen final, t\u00e2n\u0103rul poveste\u0219te c\u0103 a ajuns, dup\u0103 19 ani petrecu\u021bi \u00een orfelinate, s\u0103-i cunoasc\u0103 pe cei care au crescut \u00een astfel de locuri \u201edup\u0103 mers, privire, felul \u00een care vorbesc, b\u00e2lb\u00e2it\u201d.<\/p>\n<\/div>\n<p> Source URL: https:\/\/www.pressalert.ro\/2015\/04\/biruitorii-povestea-emotionanta-tanarului-din-timisoara-consilier-juridic-care-pana-la-varsta-de-4-ani-nu-stiut-ce-inseamna-cuvantul-mama-evoluat-pentru-ca-iertat-o-ca-m-parasit-cu\/<\/p>\n","protected":false},"excerpt":{"rendered":"<p>Acas\u0103Campanii PRESSALERTBIRUITORIIBIRUITORII Povestea EMO\u021aIONANT\u0102 a t\u00e2n\u0103rului care p\u00e2n\u0103 la v\u00e2rsta de 4 ani&#8230; Campanii PRESSALERT BIRUITORII \u015etiri BIRUITORII Povestea EMO\u021aIONANT\u0102 a t\u00e2n\u0103rului care p\u00e2n\u0103 la v\u00e2rsta de 4 ani nu a \u0219tiut ce \u00eenseamn\u0103 cuv\u00e2ntul \u201eMAMA\u201d: \u201eAm evoluat pentru c\u0103 am iertat-o c\u0103 m-a p\u0103r\u0103sit\u201d. Cum \u00eei recunoa\u0219te pe cei care au crescut \u00een orfelinate [&hellip;]<\/p>\n","protected":false},"author":1,"featured_media":1535474,"comment_status":"open","ping_status":"","sticky":false,"template":"","format":"standard","meta":{"footnotes":""},"categories":[89],"tags":[176],"class_list":["post-1535471","post","type-post","status-publish","format-standard","has-post-thumbnail","hentry","category-romania","tag-pressalert-ro"],"_links":{"self":[{"href":"https:\/\/analyse.optim.biz\/index.php?rest_route=\/wp\/v2\/posts\/1535471","targetHints":{"allow":["GET"]}}],"collection":[{"href":"https:\/\/analyse.optim.biz\/index.php?rest_route=\/wp\/v2\/posts"}],"about":[{"href":"https:\/\/analyse.optim.biz\/index.php?rest_route=\/wp\/v2\/types\/post"}],"author":[{"embeddable":true,"href":"https:\/\/analyse.optim.biz\/index.php?rest_route=\/wp\/v2\/users\/1"}],"replies":[{"embeddable":true,"href":"https:\/\/analyse.optim.biz\/index.php?rest_route=%2Fwp%2Fv2%2Fcomments&post=1535471"}],"version-history":[{"count":0,"href":"https:\/\/analyse.optim.biz\/index.php?rest_route=\/wp\/v2\/posts\/1535471\/revisions"}],"wp:featuredmedia":[{"embeddable":true,"href":"https:\/\/analyse.optim.biz\/index.php?rest_route=\/wp\/v2\/media\/1535474"}],"wp:attachment":[{"href":"https:\/\/analyse.optim.biz\/index.php?rest_route=%2Fwp%2Fv2%2Fmedia&parent=1535471"}],"wp:term":[{"taxonomy":"category","embeddable":true,"href":"https:\/\/analyse.optim.biz\/index.php?rest_route=%2Fwp%2Fv2%2Fcategories&post=1535471"},{"taxonomy":"post_tag","embeddable":true,"href":"https:\/\/analyse.optim.biz\/index.php?rest_route=%2Fwp%2Fv2%2Ftags&post=1535471"}],"curies":[{"name":"wp","href":"https:\/\/api.w.org\/{rel}","templated":true}]}}