{"id":1535199,"date":"2018-08-22T09:47:09","date_gmt":"2018-08-22T06:47:09","guid":{"rendered":"https:\/\/analyse.optim.biz\/?p=1535199"},"modified":"2018-08-22T09:47:09","modified_gmt":"2018-08-22T06:47:09","slug":"zeci-de-migranti-ascunsi-in-remorca-unui-camion-prinsi-in-timp-ce-incercau-sa-iasa-din-tara","status":"publish","type":"post","link":"https:\/\/analyse.optim.biz\/?p=1535199","title":{"rendered":"Zeci de migran\u021bi, ascun\u0219i \u00een remorca unui camion, prin\u0219i \u00een timp ce \u00eencercau s\u0103 ias\u0103 din \u021bar\u0103!"},"content":{"rendered":"<div class=\"td-post-content tagdiv-type\">\n<div class=\"td-post-featured-image\"><a href=\"https:\/\/analyse.optim.biz\/wp-content\/uploads\/2026\/01\/frontira-migranti-tir.jpg\" data-caption><img loading=\"lazy\" decoding=\"async\" width=\"696\" height=\"413\" class=\"entry-thumb td-modal-image\" src=\"https:\/\/analyse.optim.biz\/wp-content\/uploads\/2026\/01\/frontira-migranti-tir-696x413-1.jpg\" title=\"frontira migranti tir\"><\/a><\/div>\n<p><strong>42 de migran\u021bi care \u00eencercau s\u0103 iasa din \u021bar\u0103, ascun\u0219i \u00eentr-un camion, prin\u0219i de poli\u021bi\u0219tii de frontier\u0103 ar\u0103deni.<\/strong><\/p>\n<p>Migran\u021bii, din Irak, Palestina \u0219i Siria, \u00eentre care 16 copii, erau solicitan\u021bi de azil \u00een Rom\u00e2nia \u0219i au declarat poli\u021bi\u0219tilor c\u0103 \u00ee\u0219i doreau s\u0103 ajung\u0103 \u00eentr-un stat din vestul Europei.<\/p>\n<p>\u0218oferul camionului, un cetatean turc, sus\u021bine c\u0103 nu stia despre faptul c\u0103 persoanele respective sunt ascunse \u00een interiorul mijlocului de transport.<\/p>\n<p>Poli\u021bi\u0219tii de frontier\u0103 au deschis o anchet\u0103.<\/p>\n<\/div>\n<div class=\"td-post-content tagdiv-type\">\n<div class=\"td-post-featured-image\"><a href=\"https:\/\/analyse.optim.biz\/wp-content\/uploads\/2026\/01\/frontira-migranti-tir.jpg\" data-caption><img loading=\"lazy\" decoding=\"async\" width=\"696\" height=\"413\" class=\"entry-thumb td-modal-image\" src=\"https:\/\/analyse.optim.biz\/wp-content\/uploads\/2026\/01\/frontira-migranti-tir-696x413-1.jpg\" title=\"frontira migranti tir\"><\/a><\/div>\n<p><strong>42 de migran\u021bi care \u00eencercau s\u0103 iasa din \u021bar\u0103, ascun\u0219i \u00eentr-un camion, prin\u0219i de poli\u021bi\u0219tii de frontier\u0103 ar\u0103deni.<\/strong><\/p>\n<p>Migran\u021bii, din Irak, Palestina \u0219i Siria, \u00eentre care 16 copii, erau solicitan\u021bi de azil \u00een Rom\u00e2nia \u0219i au declarat poli\u021bi\u0219tilor c\u0103 \u00ee\u0219i doreau s\u0103 ajung\u0103 \u00eentr-un stat din vestul Europei.<\/p>\n<p>\u0218oferul camionului, un cetatean turc, sus\u021bine c\u0103 nu stia despre faptul c\u0103 persoanele respective sunt ascunse \u00een interiorul mijlocului de transport.<\/p>\n<p>Poli\u021bi\u0219tii de frontier\u0103 au deschis o anchet\u0103.<\/p>\n<\/div>\n<p> Source URL: https:\/\/gazetadinvest.ro\/zeci-de-migranti-ascunsi-in-remorca-unui-camion-prinsi-in-timp-ce-incercau-sa-iasa-din-tara\/<\/p>\n","protected":false},"excerpt":{"rendered":"<p>42 de migran\u021bi care \u00eencercau s\u0103 iasa din \u021bar\u0103, ascun\u0219i \u00eentr-un camion, prin\u0219i de poli\u021bi\u0219tii de frontier\u0103 ar\u0103deni. Migran\u021bii, din Irak, Palestina \u0219i Siria, \u00eentre care 16 copii, erau solicitan\u021bi de azil \u00een Rom\u00e2nia \u0219i au declarat poli\u021bi\u0219tilor c\u0103 \u00ee\u0219i doreau s\u0103 ajung\u0103 \u00eentr-un stat din vestul Europei. \u0218oferul camionului, un cetatean turc, sus\u021bine c\u0103 [&hellip;]<\/p>\n","protected":false},"author":1,"featured_media":1535203,"comment_status":"open","ping_status":"","sticky":false,"template":"","format":"standard","meta":{"footnotes":""},"categories":[89],"tags":[203],"class_list":["post-1535199","post","type-post","status-publish","format-standard","has-post-thumbnail","hentry","category-romania","tag-gazetadinvest-ro"],"_links":{"self":[{"href":"https:\/\/analyse.optim.biz\/index.php?rest_route=\/wp\/v2\/posts\/1535199","targetHints":{"allow":["GET"]}}],"collection":[{"href":"https:\/\/analyse.optim.biz\/index.php?rest_route=\/wp\/v2\/posts"}],"about":[{"href":"https:\/\/analyse.optim.biz\/index.php?rest_route=\/wp\/v2\/types\/post"}],"author":[{"embeddable":true,"href":"https:\/\/analyse.optim.biz\/index.php?rest_route=\/wp\/v2\/users\/1"}],"replies":[{"embeddable":true,"href":"https:\/\/analyse.optim.biz\/index.php?rest_route=%2Fwp%2Fv2%2Fcomments&post=1535199"}],"version-history":[{"count":0,"href":"https:\/\/analyse.optim.biz\/index.php?rest_route=\/wp\/v2\/posts\/1535199\/revisions"}],"wp:featuredmedia":[{"embeddable":true,"href":"https:\/\/analyse.optim.biz\/index.php?rest_route=\/wp\/v2\/media\/1535203"}],"wp:attachment":[{"href":"https:\/\/analyse.optim.biz\/index.php?rest_route=%2Fwp%2Fv2%2Fmedia&parent=1535199"}],"wp:term":[{"taxonomy":"category","embeddable":true,"href":"https:\/\/analyse.optim.biz\/index.php?rest_route=%2Fwp%2Fv2%2Fcategories&post=1535199"},{"taxonomy":"post_tag","embeddable":true,"href":"https:\/\/analyse.optim.biz\/index.php?rest_route=%2Fwp%2Fv2%2Ftags&post=1535199"}],"curies":[{"name":"wp","href":"https:\/\/api.w.org\/{rel}","templated":true}]}}