{"id":1534240,"date":"2015-12-04T13:34:19","date_gmt":"2015-12-04T10:34:19","guid":{"rendered":"https:\/\/analyse.optim.biz\/?p=1534240"},"modified":"2015-12-04T13:34:19","modified_gmt":"2015-12-04T10:34:19","slug":"romania-a-pierdut-oportunitatea-de-a-obtine-3-miliarde-de-euro-din-vanzarea-surplusului-de-certificate-de-emisii","status":"publish","type":"post","link":"https:\/\/analyse.optim.biz\/?p=1534240","title":{"rendered":"Rom\u00e2nia a pierdut oportunitatea de a ob\u021bine 3 miliarde de euro din v\u00e2nzarea surplusului de certificate de emisii"},"content":{"rendered":"<article id=\"post-510\" class=\"post-510 post type-post status-publish format-standard has-post-thumbnail hentry category-national tag-anpm tag-ines tag-poluare tag-romania\">\n<div class=\"featured-image\"><a href=\"https:\/\/analyse.optim.biz\/wp-content\/uploads\/2026\/01\/img-307.jpg\" class=\"image-popup\"><img decoding=\"async\" width=\"630\" height=\"445\" src=\"https:\/\/analyse.optim.biz\/wp-content\/uploads\/2026\/01\/img-630x445-1.jpg\" class=\"attachment-colormag-featured-image size-colormag-featured-image wp-post-image\" loading=\"lazy\" title=\"img-630x445-1\"><\/a><\/div>\n<div class=\"article-content clearfix\">\n<div class=\"above-entry-meta\"><span class=\"cat-links\"><a href=\"http:\/\/www.ziaruldevaslui.ro\/national\/\" rel=\"category tag\">Na\u021bional<\/a>\u00a0<\/span><\/div>\n<header class=\"entry-header\">\n<h1 class=\"entry-title\">\n\t\t\t\tRom\u00e2nia a pierdut oportunitatea de a ob\u021bine 3 miliarde de euro din v\u00e2nzarea surplusului de certificate de emisii\t\t\t<\/h1>\n<\/header>\n<div class=\"below-entry-meta\"><span class=\"posted-on\"><a href=\"http:\/\/www.ziaruldevaslui.ro\/romania-a-pierdut-oportunitatea-de-a-obtine-3-miliarde-de-euro-din-vanzarea-surplusului-de-certificate-de-emisii\/\" title=\"15:34\" rel=\"bookmark\"><time class=\"entry-date published updated\" datetime=\"2015-12-04T15:34:19+02:00\">4 decembrie 2015<\/time><\/a><\/span><span class=\"byline\"><span class=\"author vcard\"><a class=\"url fn n\" href=\"http:\/\/www.ziaruldevaslui.ro\/author\/admin\/\" title=\"Ziarul de Vaslui\"><br \/>\n\t\t\t\t\t\tZiarul de Vaslui\t\t\t\t\t<\/a><\/span><\/span><span class=\"comments\"><a href=\"http:\/\/www.ziaruldevaslui.ro\/romania-a-pierdut-oportunitatea-de-a-obtine-3-miliarde-de-euro-din-vanzarea-surplusului-de-certificate-de-emisii\/#respond\"> Niciun comentariu<\/a><\/span><span class=\"tag-links\"><a href=\"http:\/\/www.ziaruldevaslui.ro\/tag\/anpm\/\" rel=\"tag\">anpm<\/a>, <a href=\"http:\/\/www.ziaruldevaslui.ro\/tag\/ines\/\" rel=\"tag\">ines<\/a>, <a href=\"http:\/\/www.ziaruldevaslui.ro\/tag\/poluare\/\" rel=\"tag\">poluare<\/a>, <a href=\"http:\/\/www.ziaruldevaslui.ro\/tag\/romania\/\" rel=\"tag\">romania<\/a><\/span><\/div>\n<div class=\"entry-content clearfix\">\n<p><strong>Rom\u00e2nia ar fi putut ob\u021bine 3 miliarde de euro din comercializarea surplusului de certificate de emisii de dioxid de carbon, \u00eens\u0103 acest drept i-a fost suspendat pe o perioad\u0103 nedeterminat\u0103 din cauz\u0103 c\u0103 Agen\u021bia Na\u021bional\u0103 pentru Protec\u021bia Mediului (ANPM) nu a gestionat coerent acest capitol, potrivit unui raport al Cur\u021bii de Conturi elaborat \u00een urma unui control realizat \u00een trimestrul \u00eent\u00e2i din 2012.<\/strong><\/p>\n<p>Raportul men\u021bioneaz\u0103 c\u0103 Rom\u00e2nia s-a angajat, \u00een cadrul protocolului de la Kyoto, ca, pentru perioada 2008-2012, cantitatea de dioxid de carbon emis\u0103 anual de operatorii economici poluatori s\u0103 fie mai redus\u0103 cu 8% fa\u021b\u0103 de 1990, fapt pentru care i-au fost alocate 1.279.835.099 certificate de gaze cu efect de ser\u0103. Acestea reprezint\u0103 dreptul Rom\u00e2niei de a emite, \u00een perioada 2008-2012, o cantitate de 1.279.835.099 tone de dioxid de carbon.<\/p>\n<p>La data controlului, Rom\u00e2nia de\u021binea un surplus de certificate de 515.080.892 tone de dioxid de carbon. La un pre\u021b estimat de 6 euro pe ton\u0103, rezult\u0103 c\u0103 valoarea surplusului de certificate se ridica la 3,09 miliarde de euro.<\/p>\n<p>\u201eLa data de 27.08.2011, potrivit Deciziei finale a Comitetului de conformare al Protocolului de la Kyoto (\u2026), Rom\u00e2niei i-a fost suspendat, pe o perioad\u0103 nedeterminat\u0103, dreptul comercializ\u0103rii interna\u021bionale a certificatelor de emisie de gaze cu efect de ser\u0103, datorit\u0103 lipsei valorilor unor parametri cu reprezentativitate na\u021bional\u0103, fapt ce a condus la imposibilitatea estim\u0103rii nivelelor de emisie specifice activit\u0103\u021bilor Sectoarelor INEGES (Energie, Procese Industriale, Agricultur\u0103, Folosin\u021ba terenurilor, Schimbarea folosin\u021bei terenurilor \u0219i silvicultur\u0103 \u2014 LULUCF \u0219i De\u0219euri), prin aplicarea unor metode de calcul specifice nivelelor superioare de abordare \u00een cazul categoriilor importante\u2019, arat\u0103 raportul Cur\u021bii de Conturi.<\/p>\n<p>Exper\u021bii institu\u021biei men\u021bioneaz\u0103 c\u0103, \u201eurmare a suspend\u0103rii eligibilit\u0103\u021bii Rom\u00e2niei de la tranzac\u021bionarea interna\u021bional\u0103 a certificatelor de emisie de gaze cu efect de ser\u0103, \u021bara noastr\u0103 a pierdut anumite oportunit\u0103\u021bi de moment oferite de pia\u021ba certificatelor de emisii de gaze cu efect de ser\u0103 (interesul Japoniei, Spaniei \u0219i Germaniei pentru achizi\u021bionarea de certificate de emisii de gaze cu efect de ser\u0103)\u2019.<\/p>\n<p>Prin urmare, Curtea de Conturi precizeaz\u0103 c\u0103, \u00een urma controlului realizat la Agen\u021bia Na\u021bional\u0103 pentru Protec\u021bia Mediului, s-a constatat c\u0103 nu au fost luate toate m\u0103surile \u00een vederea asigur\u0103rii \u0219i organiz\u0103rii corespunz\u0103toare a resurselor materiale, financiare \u0219i umane necesare pentru realizarea inventarului na\u021bional, inclusiv cu privire la colectarea datelor pentru estimarea nivelului emisiilor.<\/p>\n<p>\u00cen plus, nu au fost contractate servicii de consultan\u021b\u0103, studii \u0219i analize \u00een acest sens, de\u0219i ANPM avea posibilitatea de a face acest lucru.<\/p>\n<p>De asemenea, de\u0219i certificatele de emisie de gaze cu efect de ser\u0103 reprezint\u0103 drepturile tranzac\u021bionabile ale Rom\u00e2niei de a emite o anumit\u0103 cantitate de gaze cu efect de ser\u0103, aceste drepturi, neav\u00e2nd conferit\u0103 o valoare nominal\u0103, nu au fost \u00eenregistrate \u0219i prezentate \u00een cadrul situa\u021biilor financiare \u00eentocmite de ANPM.<\/p>\n<p>\u201eConsecin\u021ba ne\u00eenregistr\u0103rii \u0219i neeviden\u021bierii \u00een contabilitatea entit\u0103\u021bii a sumei de 33.019.745.554 lei reprezent\u00e2nd valoarea estimativ\u0103 a activului necorporal \u2014 dreptul de emisie a 1.279.835.099 tone CO2 alocat Rom\u00e2niei prin Protocolul de la Kyoto a constat \u00een prezentarea denaturat\u0103 a eviden\u021bei contabile \u0219i a patrimoniului la data de 31.12.2011, precum \u0219i a situa\u021biilor financiare care nu ofer\u0103 o imagine fidel\u0103 a pozi\u021biei \u0219i performan\u021belor financiare ale entit\u0103\u021bii. Urmare m\u0103surii dispuse prin decizia Cur\u021bii de Conturi, c\u00e2t \u0219i a preciz\u0103rilor primite \u00een coresponden\u021ba purtat\u0103 cu Ministerul Finan\u021belor Publice, contravaloarea certificatelor de emisii de gaze cu efect de ser\u0103 a fost \u00eenregistrat\u0103 la 31.12.2012 \u00een contul 8039 Alte valori \u00een afara bilan\u021bului\u2019, se mai arat\u0103 \u00een raportul citat.<\/p>\n<p>Sursa: AGERPRES<\/p>\n<aside class=\"mashsb-container mashsb-main \">\n<div class=\"mashsb-box\">\n<div class=\"mashsb-count mash-medium\">\n<div class=\"counts mashsbcount\">0<\/div>\n<p><span class=\"mashsb-sharetext\">SHARES<\/span><\/div>\n<div class=\"mashsb-buttons\"><a class=\"mashicon-facebook mash-medium mashsb-noshadow\" href=\"https:\/\/www.facebook.com\/sharer.php?u=http%3A%2F%2Fwww.ziaruldevaslui.ro%2Fromania-a-pierdut-oportunitatea-de-a-obtine-3-miliarde-de-euro-din-vanzarea-surplusului-de-certificate-de-emisii%2F\" target=\"_top\" rel=\"nofollow\"><span class=\"text\">Share\u00a0pe\u00a0facebook<\/span><\/a><a class=\"mashicon-twitter mash-medium mashsb-noshadow\" href=\"https:\/\/twitter.com\/intent\/tweet?text=Rom%C3%A2nia%20a%20pierdut%20oportunitatea%20de%20a%20ob%C8%9Bine%203%20miliarde%20de%20euro%20din%20v%C3%A2nzarea%20surplusului%20de%20certificate%20de%20emisii&amp;url=http:\/\/www.ziaruldevaslui.ro\/?p=510\" target=\"_top\" rel=\"nofollow\"><span class=\"text\">Share\u00a0pe\u00a0twitter<\/span><\/a><\/div>\n<\/div>\n<\/aside>\n<\/div>\n<\/div>\n<\/article>\n<div class=\"article-content clearfix\">\n<div class=\"above-entry-meta\"><span class=\"cat-links\"><a href=\"http:\/\/www.ziaruldevaslui.ro\/national\/\" rel=\"category tag\">Na\u021bional<\/a>\u00a0<\/span><\/div>\n<header class=\"entry-header\">\n<h1 class=\"entry-title\">\n\t\t\t\tRom\u00e2nia a pierdut oportunitatea de a ob\u021bine 3 miliarde de euro din v\u00e2nzarea surplusului de certificate de emisii\t\t\t<\/h1>\n<\/header>\n<div class=\"below-entry-meta\"><span class=\"posted-on\"><a href=\"http:\/\/www.ziaruldevaslui.ro\/romania-a-pierdut-oportunitatea-de-a-obtine-3-miliarde-de-euro-din-vanzarea-surplusului-de-certificate-de-emisii\/\" title=\"15:34\" rel=\"bookmark\"><time class=\"entry-date published updated\" datetime=\"2015-12-04T15:34:19+02:00\">4 decembrie 2015<\/time><\/a><\/span><span class=\"byline\"><span class=\"author vcard\"><a class=\"url fn n\" href=\"http:\/\/www.ziaruldevaslui.ro\/author\/admin\/\" title=\"Ziarul de Vaslui\"><br \/>\n\t\t\t\t\t\tZiarul de Vaslui\t\t\t\t\t<\/a><\/span><\/span><span class=\"comments\"><a href=\"http:\/\/www.ziaruldevaslui.ro\/romania-a-pierdut-oportunitatea-de-a-obtine-3-miliarde-de-euro-din-vanzarea-surplusului-de-certificate-de-emisii\/#respond\"> Niciun comentariu<\/a><\/span><span class=\"tag-links\"><a href=\"http:\/\/www.ziaruldevaslui.ro\/tag\/anpm\/\" rel=\"tag\">anpm<\/a>, <a href=\"http:\/\/www.ziaruldevaslui.ro\/tag\/ines\/\" rel=\"tag\">ines<\/a>, <a href=\"http:\/\/www.ziaruldevaslui.ro\/tag\/poluare\/\" rel=\"tag\">poluare<\/a>, <a href=\"http:\/\/www.ziaruldevaslui.ro\/tag\/romania\/\" rel=\"tag\">romania<\/a><\/span><\/div>\n<div class=\"entry-content clearfix\">\n<p><strong>Rom\u00e2nia ar fi putut ob\u021bine 3 miliarde de euro din comercializarea surplusului de certificate de emisii de dioxid de carbon, \u00eens\u0103 acest drept i-a fost suspendat pe o perioad\u0103 nedeterminat\u0103 din cauz\u0103 c\u0103 Agen\u021bia Na\u021bional\u0103 pentru Protec\u021bia Mediului (ANPM) nu a gestionat coerent acest capitol, potrivit unui raport al Cur\u021bii de Conturi elaborat \u00een urma unui control realizat \u00een trimestrul \u00eent\u00e2i din 2012.<\/strong><\/p>\n<p>Raportul men\u021bioneaz\u0103 c\u0103 Rom\u00e2nia s-a angajat, \u00een cadrul protocolului de la Kyoto, ca, pentru perioada 2008-2012, cantitatea de dioxid de carbon emis\u0103 anual de operatorii economici poluatori s\u0103 fie mai redus\u0103 cu 8% fa\u021b\u0103 de 1990, fapt pentru care i-au fost alocate 1.279.835.099 certificate de gaze cu efect de ser\u0103. Acestea reprezint\u0103 dreptul Rom\u00e2niei de a emite, \u00een perioada 2008-2012, o cantitate de 1.279.835.099 tone de dioxid de carbon.<\/p>\n<p>La data controlului, Rom\u00e2nia de\u021binea un surplus de certificate de 515.080.892 tone de dioxid de carbon. La un pre\u021b estimat de 6 euro pe ton\u0103, rezult\u0103 c\u0103 valoarea surplusului de certificate se ridica la 3,09 miliarde de euro.<\/p>\n<p>\u201eLa data de 27.08.2011, potrivit Deciziei finale a Comitetului de conformare al Protocolului de la Kyoto (\u2026), Rom\u00e2niei i-a fost suspendat, pe o perioad\u0103 nedeterminat\u0103, dreptul comercializ\u0103rii interna\u021bionale a certificatelor de emisie de gaze cu efect de ser\u0103, datorit\u0103 lipsei valorilor unor parametri cu reprezentativitate na\u021bional\u0103, fapt ce a condus la imposibilitatea estim\u0103rii nivelelor de emisie specifice activit\u0103\u021bilor Sectoarelor INEGES (Energie, Procese Industriale, Agricultur\u0103, Folosin\u021ba terenurilor, Schimbarea folosin\u021bei terenurilor \u0219i silvicultur\u0103 \u2014 LULUCF \u0219i De\u0219euri), prin aplicarea unor metode de calcul specifice nivelelor superioare de abordare \u00een cazul categoriilor importante\u2019, arat\u0103 raportul Cur\u021bii de Conturi.<\/p>\n<p>Exper\u021bii institu\u021biei men\u021bioneaz\u0103 c\u0103, \u201eurmare a suspend\u0103rii eligibilit\u0103\u021bii Rom\u00e2niei de la tranzac\u021bionarea interna\u021bional\u0103 a certificatelor de emisie de gaze cu efect de ser\u0103, \u021bara noastr\u0103 a pierdut anumite oportunit\u0103\u021bi de moment oferite de pia\u021ba certificatelor de emisii de gaze cu efect de ser\u0103 (interesul Japoniei, Spaniei \u0219i Germaniei pentru achizi\u021bionarea de certificate de emisii de gaze cu efect de ser\u0103)\u2019.<\/p>\n<p>Prin urmare, Curtea de Conturi precizeaz\u0103 c\u0103, \u00een urma controlului realizat la Agen\u021bia Na\u021bional\u0103 pentru Protec\u021bia Mediului, s-a constatat c\u0103 nu au fost luate toate m\u0103surile \u00een vederea asigur\u0103rii \u0219i organiz\u0103rii corespunz\u0103toare a resurselor materiale, financiare \u0219i umane necesare pentru realizarea inventarului na\u021bional, inclusiv cu privire la colectarea datelor pentru estimarea nivelului emisiilor.<\/p>\n<p>\u00cen plus, nu au fost contractate servicii de consultan\u021b\u0103, studii \u0219i analize \u00een acest sens, de\u0219i ANPM avea posibilitatea de a face acest lucru.<\/p>\n<p>De asemenea, de\u0219i certificatele de emisie de gaze cu efect de ser\u0103 reprezint\u0103 drepturile tranzac\u021bionabile ale Rom\u00e2niei de a emite o anumit\u0103 cantitate de gaze cu efect de ser\u0103, aceste drepturi, neav\u00e2nd conferit\u0103 o valoare nominal\u0103, nu au fost \u00eenregistrate \u0219i prezentate \u00een cadrul situa\u021biilor financiare \u00eentocmite de ANPM.<\/p>\n<p>\u201eConsecin\u021ba ne\u00eenregistr\u0103rii \u0219i neeviden\u021bierii \u00een contabilitatea entit\u0103\u021bii a sumei de 33.019.745.554 lei reprezent\u00e2nd valoarea estimativ\u0103 a activului necorporal \u2014 dreptul de emisie a 1.279.835.099 tone CO2 alocat Rom\u00e2niei prin Protocolul de la Kyoto a constat \u00een prezentarea denaturat\u0103 a eviden\u021bei contabile \u0219i a patrimoniului la data de 31.12.2011, precum \u0219i a situa\u021biilor financiare care nu ofer\u0103 o imagine fidel\u0103 a pozi\u021biei \u0219i performan\u021belor financiare ale entit\u0103\u021bii. Urmare m\u0103surii dispuse prin decizia Cur\u021bii de Conturi, c\u00e2t \u0219i a preciz\u0103rilor primite \u00een coresponden\u021ba purtat\u0103 cu Ministerul Finan\u021belor Publice, contravaloarea certificatelor de emisii de gaze cu efect de ser\u0103 a fost \u00eenregistrat\u0103 la 31.12.2012 \u00een contul 8039 Alte valori \u00een afara bilan\u021bului\u2019, se mai arat\u0103 \u00een raportul citat.<\/p>\n<p>Sursa: AGERPRES<\/p>\n<aside class=\"mashsb-container mashsb-main \">\n<div class=\"mashsb-box\">\n<div class=\"mashsb-count mash-medium\">\n<div class=\"counts mashsbcount\">0<\/div>\n<p><span class=\"mashsb-sharetext\">SHARES<\/span><\/div>\n<div class=\"mashsb-buttons\"><a class=\"mashicon-facebook mash-medium mashsb-noshadow\" href=\"https:\/\/www.facebook.com\/sharer.php?u=http%3A%2F%2Fwww.ziaruldevaslui.ro%2Fromania-a-pierdut-oportunitatea-de-a-obtine-3-miliarde-de-euro-din-vanzarea-surplusului-de-certificate-de-emisii%2F\" target=\"_top\" rel=\"nofollow\"><span class=\"text\">Share\u00a0pe\u00a0facebook<\/span><\/a><a class=\"mashicon-twitter mash-medium mashsb-noshadow\" href=\"https:\/\/twitter.com\/intent\/tweet?text=Rom%C3%A2nia%20a%20pierdut%20oportunitatea%20de%20a%20ob%C8%9Bine%203%20miliarde%20de%20euro%20din%20v%C3%A2nzarea%20surplusului%20de%20certificate%20de%20emisii&amp;url=http:\/\/www.ziaruldevaslui.ro\/?p=510\" target=\"_top\" rel=\"nofollow\"><span class=\"text\">Share\u00a0pe\u00a0twitter<\/span><\/a><\/div>\n<\/div>\n<\/aside>\n<\/div>\n<\/div>\n<div class=\"entry-content clearfix\">\n<p><strong>Rom\u00e2nia ar fi putut ob\u021bine 3 miliarde de euro din comercializarea surplusului de certificate de emisii de dioxid de carbon, \u00eens\u0103 acest drept i-a fost suspendat pe o perioad\u0103 nedeterminat\u0103 din cauz\u0103 c\u0103 Agen\u021bia Na\u021bional\u0103 pentru Protec\u021bia Mediului (ANPM) nu a gestionat coerent acest capitol, potrivit unui raport al Cur\u021bii de Conturi elaborat \u00een urma unui control realizat \u00een trimestrul \u00eent\u00e2i din 2012.<\/strong><\/p>\n<p>Raportul men\u021bioneaz\u0103 c\u0103 Rom\u00e2nia s-a angajat, \u00een cadrul protocolului de la Kyoto, ca, pentru perioada 2008-2012, cantitatea de dioxid de carbon emis\u0103 anual de operatorii economici poluatori s\u0103 fie mai redus\u0103 cu 8% fa\u021b\u0103 de 1990, fapt pentru care i-au fost alocate 1.279.835.099 certificate de gaze cu efect de ser\u0103. Acestea reprezint\u0103 dreptul Rom\u00e2niei de a emite, \u00een perioada 2008-2012, o cantitate de 1.279.835.099 tone de dioxid de carbon.<\/p>\n<p>La data controlului, Rom\u00e2nia de\u021binea un surplus de certificate de 515.080.892 tone de dioxid de carbon. La un pre\u021b estimat de 6 euro pe ton\u0103, rezult\u0103 c\u0103 valoarea surplusului de certificate se ridica la 3,09 miliarde de euro.<\/p>\n<p>\u201eLa data de 27.08.2011, potrivit Deciziei finale a Comitetului de conformare al Protocolului de la Kyoto (\u2026), Rom\u00e2niei i-a fost suspendat, pe o perioad\u0103 nedeterminat\u0103, dreptul comercializ\u0103rii interna\u021bionale a certificatelor de emisie de gaze cu efect de ser\u0103, datorit\u0103 lipsei valorilor unor parametri cu reprezentativitate na\u021bional\u0103, fapt ce a condus la imposibilitatea estim\u0103rii nivelelor de emisie specifice activit\u0103\u021bilor Sectoarelor INEGES (Energie, Procese Industriale, Agricultur\u0103, Folosin\u021ba terenurilor, Schimbarea folosin\u021bei terenurilor \u0219i silvicultur\u0103 \u2014 LULUCF \u0219i De\u0219euri), prin aplicarea unor metode de calcul specifice nivelelor superioare de abordare \u00een cazul categoriilor importante\u2019, arat\u0103 raportul Cur\u021bii de Conturi.<\/p>\n<p>Exper\u021bii institu\u021biei men\u021bioneaz\u0103 c\u0103, \u201eurmare a suspend\u0103rii eligibilit\u0103\u021bii Rom\u00e2niei de la tranzac\u021bionarea interna\u021bional\u0103 a certificatelor de emisie de gaze cu efect de ser\u0103, \u021bara noastr\u0103 a pierdut anumite oportunit\u0103\u021bi de moment oferite de pia\u021ba certificatelor de emisii de gaze cu efect de ser\u0103 (interesul Japoniei, Spaniei \u0219i Germaniei pentru achizi\u021bionarea de certificate de emisii de gaze cu efect de ser\u0103)\u2019.<\/p>\n<p>Prin urmare, Curtea de Conturi precizeaz\u0103 c\u0103, \u00een urma controlului realizat la Agen\u021bia Na\u021bional\u0103 pentru Protec\u021bia Mediului, s-a constatat c\u0103 nu au fost luate toate m\u0103surile \u00een vederea asigur\u0103rii \u0219i organiz\u0103rii corespunz\u0103toare a resurselor materiale, financiare \u0219i umane necesare pentru realizarea inventarului na\u021bional, inclusiv cu privire la colectarea datelor pentru estimarea nivelului emisiilor.<\/p>\n<p>\u00cen plus, nu au fost contractate servicii de consultan\u021b\u0103, studii \u0219i analize \u00een acest sens, de\u0219i ANPM avea posibilitatea de a face acest lucru.<\/p>\n<p>De asemenea, de\u0219i certificatele de emisie de gaze cu efect de ser\u0103 reprezint\u0103 drepturile tranzac\u021bionabile ale Rom\u00e2niei de a emite o anumit\u0103 cantitate de gaze cu efect de ser\u0103, aceste drepturi, neav\u00e2nd conferit\u0103 o valoare nominal\u0103, nu au fost \u00eenregistrate \u0219i prezentate \u00een cadrul situa\u021biilor financiare \u00eentocmite de ANPM.<\/p>\n<p>\u201eConsecin\u021ba ne\u00eenregistr\u0103rii \u0219i neeviden\u021bierii \u00een contabilitatea entit\u0103\u021bii a sumei de 33.019.745.554 lei reprezent\u00e2nd valoarea estimativ\u0103 a activului necorporal \u2014 dreptul de emisie a 1.279.835.099 tone CO2 alocat Rom\u00e2niei prin Protocolul de la Kyoto a constat \u00een prezentarea denaturat\u0103 a eviden\u021bei contabile \u0219i a patrimoniului la data de 31.12.2011, precum \u0219i a situa\u021biilor financiare care nu ofer\u0103 o imagine fidel\u0103 a pozi\u021biei \u0219i performan\u021belor financiare ale entit\u0103\u021bii. Urmare m\u0103surii dispuse prin decizia Cur\u021bii de Conturi, c\u00e2t \u0219i a preciz\u0103rilor primite \u00een coresponden\u021ba purtat\u0103 cu Ministerul Finan\u021belor Publice, contravaloarea certificatelor de emisii de gaze cu efect de ser\u0103 a fost \u00eenregistrat\u0103 la 31.12.2012 \u00een contul 8039 Alte valori \u00een afara bilan\u021bului\u2019, se mai arat\u0103 \u00een raportul citat.<\/p>\n<p>Sursa: AGERPRES<\/p>\n<aside class=\"mashsb-container mashsb-main \">\n<div class=\"mashsb-box\">\n<div class=\"mashsb-count mash-medium\">\n<div class=\"counts mashsbcount\">0<\/div>\n<p><span class=\"mashsb-sharetext\">SHARES<\/span><\/div>\n<div class=\"mashsb-buttons\"><a class=\"mashicon-facebook mash-medium mashsb-noshadow\" href=\"https:\/\/www.facebook.com\/sharer.php?u=http%3A%2F%2Fwww.ziaruldevaslui.ro%2Fromania-a-pierdut-oportunitatea-de-a-obtine-3-miliarde-de-euro-din-vanzarea-surplusului-de-certificate-de-emisii%2F\" target=\"_top\" rel=\"nofollow\"><span class=\"text\">Share\u00a0pe\u00a0facebook<\/span><\/a><a class=\"mashicon-twitter mash-medium mashsb-noshadow\" href=\"https:\/\/twitter.com\/intent\/tweet?text=Rom%C3%A2nia%20a%20pierdut%20oportunitatea%20de%20a%20ob%C8%9Bine%203%20miliarde%20de%20euro%20din%20v%C3%A2nzarea%20surplusului%20de%20certificate%20de%20emisii&amp;url=http:\/\/www.ziaruldevaslui.ro\/?p=510\" target=\"_top\" rel=\"nofollow\"><span class=\"text\">Share\u00a0pe\u00a0twitter<\/span><\/a><\/div>\n<\/div>\n<\/aside>\n<\/div>\n<div class=\"article-content\">\n<h3 class=\"entry-title\"><a href=\"http:\/\/www.ziaruldevaslui.ro\/43-de-cazuri-noi-de-infectie-cu-coronavirus-in-ultimele-24-de-ore\/\" rel=\"bookmark\" title=\"43 de cazuri noi de infec\u021bie cu coronavirus \u00een ultimele 24 de ore\"><br \/>\n\t\t\t\t\t\t\t\t43 de cazuri noi de infec\u021bie cu coronavirus \u00een ultimele 24 de ore\t\t\t\t\t\t\t<\/a><\/h3>\n<div class=\"below-entry-meta\"><span class=\"posted-on\"><a href=\"http:\/\/www.ziaruldevaslui.ro\/43-de-cazuri-noi-de-infectie-cu-coronavirus-in-ultimele-24-de-ore\/\" title=\"21:30\" rel=\"bookmark\"><time class=\"entry-date published updated\" datetime=\"2020-03-18T21:30:47+02:00\">18 martie 2020<\/time><\/a><\/span><span class=\"byline\"><span class=\"author vcard\"><a class=\"url fn n\" href=\"http:\/\/www.ziaruldevaslui.ro\/author\/admin\/\" title=\"Ziarul de Vaslui\"><br \/>\n\t\t\t\t\t\tZiarul de Vaslui\t\t\t\t\t<\/a><\/span><\/span><\/div>\n<\/div>\n<div class=\"article-content\">\n<h3 class=\"entry-title\"><a href=\"http:\/\/www.ziaruldevaslui.ro\/atentie-de-luni-8-mai-se-inchide-accesul-auto-catre-aeroportul-din-iasi\/\" rel=\"bookmark\" title=\"Aten\u021bie! De luni, 8 Mai, se \u00eenchide accesul auto c\u0103tre Aeroportul din Ia\u0219i\"><br \/>\n\t\t\t\t\t\t\t\tAten\u021bie! De luni, 8 Mai, se \u00eenchide accesul auto c\u0103tre Aeroportul din Ia\u0219i\t\t\t\t\t\t\t<\/a><\/h3>\n<div class=\"below-entry-meta\"><span class=\"posted-on\"><a href=\"http:\/\/www.ziaruldevaslui.ro\/atentie-de-luni-8-mai-se-inchide-accesul-auto-catre-aeroportul-din-iasi\/\" title=\"09:16\" rel=\"bookmark\"><time class=\"entry-date published\" datetime=\"2023-05-08T09:16:11+02:00\">8 mai 2023<\/time><time class=\"updated\" datetime=\"2023-05-08T09:16:13+02:00\">8 mai 2023<\/time><\/a><\/span><span class=\"byline\"><span class=\"author vcard\"><a class=\"url fn n\" href=\"http:\/\/www.ziaruldevaslui.ro\/author\/admin\/\" title=\"Ziarul de Vaslui\"><br \/>\n\t\t\t\t\t\tZiarul de Vaslui\t\t\t\t\t<\/a><\/span><\/span><\/div>\n<\/div>\n<div class=\"article-content\">\n<h3 class=\"entry-title\"><a href=\"http:\/\/www.ziaruldevaslui.ro\/principalele-masuri-legislative-intrate-in-vigoare-de-la-1-ianuarie-2018\/\" rel=\"bookmark\" title=\"Principalele m\u0103suri legislative intrate \u00een vigoare de la 1 ianuarie 2018\"><br \/>\n\t\t\t\t\t\t\t\tPrincipalele m\u0103suri legislative intrate \u00een vigoare de la 1 ianuarie 2018\t\t\t\t\t\t\t<\/a><\/h3>\n<div class=\"below-entry-meta\"><span class=\"posted-on\"><a href=\"http:\/\/www.ziaruldevaslui.ro\/principalele-masuri-legislative-intrate-in-vigoare-de-la-1-ianuarie-2018\/\" title=\"12:04\" rel=\"bookmark\"><time class=\"entry-date published updated\" datetime=\"2018-01-08T12:04:08+02:00\">8 ianuarie 2018<\/time><\/a><\/span><span class=\"byline\"><span class=\"author vcard\"><a class=\"url fn n\" href=\"http:\/\/www.ziaruldevaslui.ro\/author\/rodan-mihai\/\" title=\"Mihai Rodan\"><br \/>\n\t\t\t\t\t\tMihai Rodan\t\t\t\t\t<\/a><\/span><\/span><span class=\"comments\"><a href=\"http:\/\/www.ziaruldevaslui.ro\/principalele-masuri-legislative-intrate-in-vigoare-de-la-1-ianuarie-2018\/#respond\">0<\/a><\/span><\/div>\n<\/div>\n<div class=\"article-content\">\n<div class=\"above-entry-meta\"><span class=\"cat-links\"><a href=\"http:\/\/www.ziaruldevaslui.ro\/local\/\" rel=\"category tag\">Local<\/a>\u00a0<a href=\"http:\/\/www.ziaruldevaslui.ro\/tabloul-principal\/\" rel=\"category tag\">NOUT\u0102\u021aI<\/a>\u00a0<a href=\"http:\/\/www.ziaruldevaslui.ro\/opinii\/\" rel=\"category tag\">Opinii<\/a>\u00a0<\/span><\/div>\n<h3 class=\"entry-title\"><a href=\"http:\/\/www.ziaruldevaslui.ro\/stand-up-comedy-cu-ionel-sandu-de-la-aur-spatiile-pentru-copiii-cu-autism-sunt-bazaconii\/\" title=\"Stand Up Comedy cu Ionel Sandu, candidat AUR: spa\u021biile pentru copiii cu autism sunt \u201ebazaconii\u201d\"><br \/>\n\t\t\t\tStand Up Comedy cu Ionel Sandu, candidat AUR: spa\u021biile pentru copiii cu autism sunt \u201ebazaconii\u201d\t\t\t<\/a><\/h3>\n<div class=\"below-entry-meta\"><span class=\"posted-on\"><a href=\"http:\/\/www.ziaruldevaslui.ro\/stand-up-comedy-cu-ionel-sandu-de-la-aur-spatiile-pentru-copiii-cu-autism-sunt-bazaconii\/\" title=\"22:46\" rel=\"bookmark\"><time class=\"entry-date published\" datetime=\"2024-03-14T22:46:43+02:00\">14 martie 2024<\/time><time class=\"updated\" datetime=\"2024-03-15T08:54:58+02:00\">15 martie 2024<\/time><\/a><\/span><span class=\"byline\"><span class=\"author vcard\"><a class=\"url fn n\" href=\"http:\/\/www.ziaruldevaslui.ro\/author\/admin\/\" title=\"Ziarul de Vaslui\"><br \/>\n\t\t\t\t\tZiarul de Vaslui\t\t\t\t<\/a><\/span><\/span><\/div>\n<div class=\"entry-content\">\n<p>Ini\u021bial am crezut c\u0103 Ionel Sandu s-a apucat de Stand Up Comedy. Cu afacerile nu st\u0103 extraordinar, cu politica nici<\/p>\n<\/div>\n<\/div>\n<div class=\"entry-content\">\n<p>Ini\u021bial am crezut c\u0103 Ionel Sandu s-a apucat de Stand Up Comedy. Cu afacerile nu st\u0103 extraordinar, cu politica nici<\/p>\n<\/div>\n<div class=\"article-content\">\n<div class=\"above-entry-meta\"><span class=\"cat-links\"><a href=\"http:\/\/www.ziaruldevaslui.ro\/literatura\/\" rel=\"category tag\">Literatur\u0103<\/a>\u00a0<a href=\"http:\/\/www.ziaruldevaslui.ro\/magazin\/\" rel=\"category tag\">Magazin<\/a>\u00a0<a href=\"http:\/\/www.ziaruldevaslui.ro\/opinii\/\" rel=\"category tag\">Opinii<\/a>\u00a0<\/span><\/div>\n<h3 class=\"entry-title\"><a href=\"http:\/\/www.ziaruldevaslui.ro\/pledoarie-pentru-o-carte-pe-zi\/\" title=\"Pledoarie pentru \u2026 o carte pe zi\"><br \/>\n\t\t\t\tPledoarie pentru \u2026 o carte pe zi\t\t\t<\/a><\/h3>\n<div class=\"below-entry-meta\"><span class=\"posted-on\"><a href=\"http:\/\/www.ziaruldevaslui.ro\/pledoarie-pentru-o-carte-pe-zi\/\" title=\"09:48\" rel=\"bookmark\"><time class=\"entry-date published\" datetime=\"2021-11-13T09:48:23+02:00\">13 noiembrie 2021<\/time><time class=\"updated\" datetime=\"2022-05-04T20:22:06+02:00\">4 mai 2022<\/time><\/a><\/span><span class=\"byline\"><span class=\"author vcard\"><a class=\"url fn n\" href=\"http:\/\/www.ziaruldevaslui.ro\/author\/admin\/\" title=\"Ziarul de Vaslui\"><br \/>\n\t\t\t\t\tZiarul de Vaslui\t\t\t\t<\/a><\/span><\/span><\/div>\n<\/div>\n<div class=\"article-content\">\n<div class=\"above-entry-meta\"><span class=\"cat-links\"><a href=\"http:\/\/www.ziaruldevaslui.ro\/local\/\" rel=\"category tag\">Local<\/a>\u00a0<a href=\"http:\/\/www.ziaruldevaslui.ro\/tabloul-principal\/\" rel=\"category tag\">NOUT\u0102\u021aI<\/a>\u00a0<a href=\"http:\/\/www.ziaruldevaslui.ro\/oameni-si-locuri\/\" rel=\"category tag\">Oameni si locuri<\/a>\u00a0<a href=\"http:\/\/www.ziaruldevaslui.ro\/opinii\/\" rel=\"category tag\">Opinii<\/a>\u00a0<\/span><\/div>\n<h3 class=\"entry-title\"><a href=\"http:\/\/www.ziaruldevaslui.ro\/vasluianca-madalina-tudorache-admisa-ca-doctorand-la-oxford-interviu\/\" title=\"Vasluianca M\u0103d\u0103lina Tudorache, admis\u0103 ca doctorand la Oxford\"><br \/>\n\t\t\t\tVasluianca M\u0103d\u0103lina Tudorache, admis\u0103 ca doctorand la Oxford\t\t\t<\/a><\/h3>\n<div class=\"below-entry-meta\"><span class=\"posted-on\"><a href=\"http:\/\/www.ziaruldevaslui.ro\/vasluianca-madalina-tudorache-admisa-ca-doctorand-la-oxford-interviu\/\" title=\"09:24\" rel=\"bookmark\"><time class=\"entry-date published\" datetime=\"2020-07-21T09:24:55+02:00\">21 iulie 2020<\/time><time class=\"updated\" datetime=\"2021-12-15T08:32:02+02:00\">15 decembrie 2021<\/time><\/a><\/span><span class=\"byline\"><span class=\"author vcard\"><a class=\"url fn n\" href=\"http:\/\/www.ziaruldevaslui.ro\/author\/admin\/\" title=\"Ziarul de Vaslui\"><br \/>\n\t\t\t\t\tZiarul de Vaslui\t\t\t\t<\/a><\/span><\/span><\/div>\n<\/div>\n<div class=\"article-content\">\n<div class=\"above-entry-meta\"><span class=\"cat-links\"><a href=\"http:\/\/www.ziaruldevaslui.ro\/local\/\" rel=\"category tag\">Local<\/a>\u00a0<a href=\"http:\/\/www.ziaruldevaslui.ro\/tabloul-principal\/\" rel=\"category tag\">NOUT\u0102\u021aI<\/a>\u00a0<a href=\"http:\/\/www.ziaruldevaslui.ro\/oameni-si-locuri\/\" rel=\"category tag\">Oameni si locuri<\/a>\u00a0<a href=\"http:\/\/www.ziaruldevaslui.ro\/opinii\/\" rel=\"category tag\">Opinii<\/a>\u00a0<\/span><\/div>\n<h3 class=\"entry-title\"><a href=\"http:\/\/www.ziaruldevaslui.ro\/manifestul-unui-eleve-de-clasa-a-12-a-din-vaslui-cel-mai-mare-vis-al-nostru-era-sa-imbracam-roba\/\" title=\"Manifestul unei eleve de clasa a 12-a din Vaslui: \u201eCel mai mare vis al nostru era s\u0103 \u00eembr\u0103c\u0103m roba\u201d\"><br \/>\n\t\t\t\tManifestul unei eleve de clasa a 12-a din Vaslui: \u201eCel mai mare vis al nostru era s\u0103 \u00eembr\u0103c\u0103m roba\u201d\t\t\t<\/a><\/h3>\n<div class=\"below-entry-meta\"><span class=\"posted-on\"><a href=\"http:\/\/www.ziaruldevaslui.ro\/manifestul-unui-eleve-de-clasa-a-12-a-din-vaslui-cel-mai-mare-vis-al-nostru-era-sa-imbracam-roba\/\" title=\"21:33\" rel=\"bookmark\"><time class=\"entry-date published\" datetime=\"2020-05-02T21:33:04+02:00\">2 mai 2020<\/time><time class=\"updated\" datetime=\"2020-05-03T18:03:27+02:00\">3 mai 2020<\/time><\/a><\/span><span class=\"byline\"><span class=\"author vcard\"><a class=\"url fn n\" href=\"http:\/\/www.ziaruldevaslui.ro\/author\/admin\/\" title=\"Ziarul de Vaslui\"><br \/>\n\t\t\t\t\tZiarul de Vaslui\t\t\t\t<\/a><\/span><\/span><\/div>\n<\/div>\n<p> Source URL: http:\/\/www.ziaruldevaslui.ro\/romania-a-pierdut-oportunitatea-de-a-obtine-3-miliarde-de-euro-din-vanzarea-surplusului-de-certificate-de-emisii\/<\/p>\n","protected":false},"excerpt":{"rendered":"<p>Na\u021bional\u00a0 Rom\u00e2nia a pierdut oportunitatea de a ob\u021bine 3 miliarde de euro din v\u00e2nzarea surplusului de certificate de emisii 4 decembrie 2015 Ziarul de Vaslui Niciun comentariuanpm, ines, poluare, romania Rom\u00e2nia ar fi putut ob\u021bine 3 miliarde de euro din comercializarea surplusului de certificate de emisii de dioxid de carbon, \u00eens\u0103 acest drept i-a fost [&hellip;]<\/p>\n","protected":false},"author":1,"featured_media":1534241,"comment_status":"open","ping_status":"","sticky":false,"template":"","format":"standard","meta":{"footnotes":""},"categories":[89],"tags":[218],"class_list":["post-1534240","post","type-post","status-publish","format-standard","has-post-thumbnail","hentry","category-romania","tag-ziaruldevaslui-ro"],"_links":{"self":[{"href":"https:\/\/analyse.optim.biz\/index.php?rest_route=\/wp\/v2\/posts\/1534240","targetHints":{"allow":["GET"]}}],"collection":[{"href":"https:\/\/analyse.optim.biz\/index.php?rest_route=\/wp\/v2\/posts"}],"about":[{"href":"https:\/\/analyse.optim.biz\/index.php?rest_route=\/wp\/v2\/types\/post"}],"author":[{"embeddable":true,"href":"https:\/\/analyse.optim.biz\/index.php?rest_route=\/wp\/v2\/users\/1"}],"replies":[{"embeddable":true,"href":"https:\/\/analyse.optim.biz\/index.php?rest_route=%2Fwp%2Fv2%2Fcomments&post=1534240"}],"version-history":[{"count":0,"href":"https:\/\/analyse.optim.biz\/index.php?rest_route=\/wp\/v2\/posts\/1534240\/revisions"}],"wp:featuredmedia":[{"embeddable":true,"href":"https:\/\/analyse.optim.biz\/index.php?rest_route=\/wp\/v2\/media\/1534241"}],"wp:attachment":[{"href":"https:\/\/analyse.optim.biz\/index.php?rest_route=%2Fwp%2Fv2%2Fmedia&parent=1534240"}],"wp:term":[{"taxonomy":"category","embeddable":true,"href":"https:\/\/analyse.optim.biz\/index.php?rest_route=%2Fwp%2Fv2%2Fcategories&post=1534240"},{"taxonomy":"post_tag","embeddable":true,"href":"https:\/\/analyse.optim.biz\/index.php?rest_route=%2Fwp%2Fv2%2Ftags&post=1534240"}],"curies":[{"name":"wp","href":"https:\/\/api.w.org\/{rel}","templated":true}]}}