{"id":1534217,"date":"2018-05-30T08:34:51","date_gmt":"2018-05-30T05:34:51","guid":{"rendered":"https:\/\/analyse.optim.biz\/?p=1534217"},"modified":"2018-05-30T08:34:51","modified_gmt":"2018-05-30T05:34:51","slug":"parcul-tulcean-amenajat-in-ucraina","status":"publish","type":"post","link":"https:\/\/analyse.optim.biz\/?p=1534217","title":{"rendered":"\u201eParcul Tulcean\u201c, amenajat \u00een Ucraina"},"content":{"rendered":"<div class=\"td-post-content td-pb-padding-side\">\n<div class=\"td-post-featured-image\"><a href=\"https:\/\/analyse.optim.biz\/wp-content\/uploads\/2026\/01\/tulcea-infratire-izmail.jpg\" data-caption><img loading=\"lazy\" decoding=\"async\" width=\"640\" height=\"259\" class=\"entry-thumb td-modal-image\" src=\"https:\/\/analyse.optim.biz\/wp-content\/uploads\/2026\/01\/tulcea-infratire-izmail-640x259-1.jpg\" title=\"Tulcea infratire Izmail\"><\/a><\/div>\n<p>Autorit\u0103\u0163ile din Ismail (Ucraina) vor amenaja \u201eParcul Tulcean\u201c ca simbol al rela\u0163iei de \u00eenfr\u0103\u0163ire cu jude\u0163ul Tulcea, dar \u015fi \u00een cinstea Centenarului Marii Uniri.<br \/>\nDeputatul PSD Mirela Furtun\u0103 a participat, recent, al\u0103turi de o delega\u0163ie tulcean\u0103 format\u0103 din autorit\u0103\u0163i publice ale jude\u0163ului \u015fi municipiului Tulcea, parlamentari social-democra\u0163i \u015fi reprezentan\u0163i ai societ\u0103\u0163ii civile, la Festivalul \u201ePrim\u0103vara Dun\u0103rean\u0103\u201c de la Ismail, Ucraina.<br \/>\nVizita a prilejuit discu\u0163ii cu privire la oportunit\u0103\u0163ile oferite de Programul Opera\u0163ional Comun Rom\u00e2nia-Ucraina 2014 \u2013 2020, care prevede investi\u0163ii \u00een valoare de peste 6.000.000 euro, \u00een consor\u0163iu: institu\u0163ii publice din jude\u0163ul Tulcea \u00een parteneriat cu Prim\u0103ria Izmail \u2013 Regiunea Odesa, Ucraina.<\/p>\n<\/div>\n<div class=\"td-post-content td-pb-padding-side\">\n<div class=\"td-post-featured-image\"><a href=\"https:\/\/analyse.optim.biz\/wp-content\/uploads\/2026\/01\/tulcea-infratire-izmail.jpg\" data-caption><img loading=\"lazy\" decoding=\"async\" width=\"640\" height=\"259\" class=\"entry-thumb td-modal-image\" src=\"https:\/\/analyse.optim.biz\/wp-content\/uploads\/2026\/01\/tulcea-infratire-izmail-640x259-1.jpg\" title=\"Tulcea infratire Izmail\"><\/a><\/div>\n<p>Autorit\u0103\u0163ile din Ismail (Ucraina) vor amenaja \u201eParcul Tulcean\u201c ca simbol al rela\u0163iei de \u00eenfr\u0103\u0163ire cu jude\u0163ul Tulcea, dar \u015fi \u00een cinstea Centenarului Marii Uniri.<br \/>\nDeputatul PSD Mirela Furtun\u0103 a participat, recent, al\u0103turi de o delega\u0163ie tulcean\u0103 format\u0103 din autorit\u0103\u0163i publice ale jude\u0163ului \u015fi municipiului Tulcea, parlamentari social-democra\u0163i \u015fi reprezentan\u0163i ai societ\u0103\u0163ii civile, la Festivalul \u201ePrim\u0103vara Dun\u0103rean\u0103\u201c de la Ismail, Ucraina.<br \/>\nVizita a prilejuit discu\u0163ii cu privire la oportunit\u0103\u0163ile oferite de Programul Opera\u0163ional Comun Rom\u00e2nia-Ucraina 2014 \u2013 2020, care prevede investi\u0163ii \u00een valoare de peste 6.000.000 euro, \u00een consor\u0163iu: institu\u0163ii publice din jude\u0163ul Tulcea \u00een parteneriat cu Prim\u0103ria Izmail \u2013 Regiunea Odesa, Ucraina.<\/p>\n<\/div>\n<p> Source URL: https:\/\/subiectivtulcea.ro\/parcul-tulcean-amenajat-in-ucraina\/<\/p>\n","protected":false},"excerpt":{"rendered":"<p>Autorit\u0103\u0163ile din Ismail (Ucraina) vor amenaja \u201eParcul Tulcean\u201c ca simbol al rela\u0163iei de \u00eenfr\u0103\u0163ire cu jude\u0163ul Tulcea, dar \u015fi \u00een cinstea Centenarului Marii Uniri. Deputatul PSD Mirela Furtun\u0103 a participat, recent, al\u0103turi de o delega\u0163ie tulcean\u0103 format\u0103 din autorit\u0103\u0163i publice ale jude\u0163ului \u015fi municipiului Tulcea, parlamentari social-democra\u0163i \u015fi reprezentan\u0163i ai societ\u0103\u0163ii civile, la Festivalul \u201ePrim\u0103vara [&hellip;]<\/p>\n","protected":false},"author":1,"featured_media":1534218,"comment_status":"open","ping_status":"","sticky":false,"template":"","format":"standard","meta":{"footnotes":""},"categories":[89],"tags":[222],"class_list":["post-1534217","post","type-post","status-publish","format-standard","has-post-thumbnail","hentry","category-romania","tag-subiectivtulcea-ro"],"_links":{"self":[{"href":"https:\/\/analyse.optim.biz\/index.php?rest_route=\/wp\/v2\/posts\/1534217","targetHints":{"allow":["GET"]}}],"collection":[{"href":"https:\/\/analyse.optim.biz\/index.php?rest_route=\/wp\/v2\/posts"}],"about":[{"href":"https:\/\/analyse.optim.biz\/index.php?rest_route=\/wp\/v2\/types\/post"}],"author":[{"embeddable":true,"href":"https:\/\/analyse.optim.biz\/index.php?rest_route=\/wp\/v2\/users\/1"}],"replies":[{"embeddable":true,"href":"https:\/\/analyse.optim.biz\/index.php?rest_route=%2Fwp%2Fv2%2Fcomments&post=1534217"}],"version-history":[{"count":0,"href":"https:\/\/analyse.optim.biz\/index.php?rest_route=\/wp\/v2\/posts\/1534217\/revisions"}],"wp:featuredmedia":[{"embeddable":true,"href":"https:\/\/analyse.optim.biz\/index.php?rest_route=\/wp\/v2\/media\/1534218"}],"wp:attachment":[{"href":"https:\/\/analyse.optim.biz\/index.php?rest_route=%2Fwp%2Fv2%2Fmedia&parent=1534217"}],"wp:term":[{"taxonomy":"category","embeddable":true,"href":"https:\/\/analyse.optim.biz\/index.php?rest_route=%2Fwp%2Fv2%2Fcategories&post=1534217"},{"taxonomy":"post_tag","embeddable":true,"href":"https:\/\/analyse.optim.biz\/index.php?rest_route=%2Fwp%2Fv2%2Ftags&post=1534217"}],"curies":[{"name":"wp","href":"https:\/\/api.w.org\/{rel}","templated":true}]}}