{"id":1534169,"date":"2015-12-07T10:39:58","date_gmt":"2015-12-07T07:39:58","guid":{"rendered":"https:\/\/analyse.optim.biz\/?p=1534169"},"modified":"2015-12-07T10:39:58","modified_gmt":"2015-12-07T07:39:58","slug":"anm-vremea-se-mai-raceste-in-urmatoarele-doua-saptamani","status":"publish","type":"post","link":"https:\/\/analyse.optim.biz\/?p=1534169","title":{"rendered":"ANM: Vremea se mai r\u0103ce\u0219te \u00een urm\u0103toarele dou\u0103 s\u0103pt\u0103m\u00e2ni"},"content":{"rendered":"<article id=\"post-604\" class=\"post-604 post type-post status-publish format-standard has-post-thumbnail hentry category-national category-recomandate tag-anm tag-craciun tag-revelion tag-vremea tag-zapada\">\n<div class=\"featured-image\"><a href=\"https:\/\/analyse.optim.biz\/wp-content\/uploads\/2026\/01\/weather-uk-winter-snow-220815-1.jpg\" class=\"image-popup\"><img decoding=\"async\" width=\"590\" height=\"350\" src=\"https:\/\/analyse.optim.biz\/wp-content\/uploads\/2026\/01\/weather-uk-winter-snow-220815-1.jpg\" class=\"attachment-colormag-featured-image size-colormag-featured-image wp-post-image\" loading=\"lazy\" title=\"weather-uk-winter-snow-220815-1\"><\/a><\/div>\n<div class=\"article-content clearfix\">\n<div class=\"above-entry-meta\"><span class=\"cat-links\"><a href=\"http:\/\/www.ziaruldevaslui.ro\/national\/\" rel=\"category tag\">Na\u021bional<\/a>\u00a0<a href=\"http:\/\/www.ziaruldevaslui.ro\/recomandate\/\" rel=\"category tag\">RECOMANDATE<\/a>\u00a0<\/span><\/div>\n<header class=\"entry-header\">\n<h1 class=\"entry-title\">\n\t\t\t\tANM: Vremea se mai r\u0103ce\u0219te \u00een urm\u0103toarele dou\u0103 s\u0103pt\u0103m\u00e2ni\t\t\t<\/h1>\n<\/header>\n<div class=\"below-entry-meta\"><span class=\"posted-on\"><a href=\"http:\/\/www.ziaruldevaslui.ro\/anm-vremea-se-mai-raceste-in-urmatoarele-doua-saptamani-precipitatii-mixte-si-ninsori-dupa-16-decembrie\/\" title=\"12:39\" rel=\"bookmark\"><time class=\"entry-date published\" datetime=\"2015-12-07T12:39:58+02:00\">7 decembrie 2015<\/time><time class=\"updated\" datetime=\"2015-12-12T19:21:55+02:00\">12 decembrie 2015<\/time><\/a><\/span><span class=\"byline\"><span class=\"author vcard\"><a class=\"url fn n\" href=\"http:\/\/www.ziaruldevaslui.ro\/author\/admin\/\" title=\"Ziarul de Vaslui\"><br \/>\n\t\t\t\t\t\tZiarul de Vaslui\t\t\t\t\t<\/a><\/span><\/span><span class=\"comments\"><a href=\"http:\/\/www.ziaruldevaslui.ro\/anm-vremea-se-mai-raceste-in-urmatoarele-doua-saptamani-precipitatii-mixte-si-ninsori-dupa-16-decembrie\/#respond\"> Niciun comentariu<\/a><\/span><span class=\"tag-links\"><a href=\"http:\/\/www.ziaruldevaslui.ro\/tag\/anm\/\" rel=\"tag\">anm<\/a>, <a href=\"http:\/\/www.ziaruldevaslui.ro\/tag\/craciun\/\" rel=\"tag\">Craciun<\/a>, <a href=\"http:\/\/www.ziaruldevaslui.ro\/tag\/revelion\/\" rel=\"tag\">Revelion<\/a>, <a href=\"http:\/\/www.ziaruldevaslui.ro\/tag\/vremea\/\" rel=\"tag\">vremea<\/a>, <a href=\"http:\/\/www.ziaruldevaslui.ro\/tag\/zapada\/\" rel=\"tag\">zapada<\/a><\/span><\/div>\n<div class=\"entry-content clearfix\">\n<p><strong>Urm\u0103toarele dou\u0103 s\u0103pt\u0103m\u00e2ni se vor afla sub un regim termic normal pentru aceast\u0103 perioad\u0103, cu temperaturi maxime \u00eencadrate \u00eentre 5 \u0219i 9 grade Celsius, \u00een timp ce precipita\u021biile, \u00een general mixte, dar \u0219i sub form\u0103 de ploaie, \u00ee\u0219i vor face apari\u021bia dup\u0103 jum\u0103tatea acestei luni, iar la munte va ninge, se arat\u0103 \u00een prognoza Administra\u021biei Na\u021bionale de Meteorologie \/ANM\/, valabil\u0103 pentru perioada 7 \u2013 20 decembrie 2015.<\/strong><\/p>\n<p>\u00cen <b>Banat<\/b>, \u00een cea mai mare parte a intervalului de prognoz\u0103, se vor \u00eenregistra temperaturi maxime, \u00een medie regional\u0103, de 5 \u2014 9 grade, valori ce caracterizeaz\u0103 o vreme u\u0219or mai cald\u0103 dec\u00e2t normal pentru luna decembrie. Temperaturi diurne mai cobor\u00e2te, dar \u00een limitele climatologic specifice, vor fi posibile \u00een perioada 11\u201413 decembrie, dar \u0219i spre sf\u00e2r\u0219itul celor dou\u0103 s\u0103pt\u0103m\u00e2ni de referin\u021b\u0103, c\u00e2nd sunt estimate valori de 3 \u2014 5 grade, mediat pe regiune. Mediile minimelor vor fi, \u00een general, u\u0219or peste pragul de \u00eenghe\u021b, zero la 3 grade, cu excep\u021bia intervalului 12 \u2014 16 decembrie c\u00e2nd vor predomina valorile negative, de altfel normale pentru data calendaristic\u0103. \u00cen jurul datei de 9 decembrie vor fi ploi slabe, locale, iar probabilitatea de apari\u021bie a precipita\u021biilor va cre\u0219te din nou dup\u0103 data de 16 decembrie.<\/p>\n<p>\u00cen <b>Cri\u0219ana<\/b>, regimul termic diurn va fi caracterizat \u00een cea mai mare parte a intervalului de prognoz\u0103 de valori mai ridicate dec\u00e2t cele climatologic specifice perioadei, cu medii regionale ale maximelor de 5 \u2014 8 grade. Temperaturi mai cobor\u00e2te, dar apropiate de mediile multianuale, vor fi posibile \u00een perioada 11 \u2014 13 decembrie, dar \u0219i spre sf\u00e2r\u0219itul celor dou\u0103 s\u0103pt\u0103m\u00e2ni de referin\u021b\u0103, c\u00e2nd sunt estimate valori mediate \u00eentre dou\u0103 \u0219i 5 grade. \u00cen privin\u021ba minimelor nocturne, sunt de a\u0219teptat valori \u00een general u\u0219or peste pragul de \u00eenghe\u021b, zero la 3 grade, mai pu\u021bin \u00een intervalul 12 \u2014 15 decembrie, c\u00e2nd vor predomina temperaturile negative. \u00cen jurul datei de 9 decembrie vor fi ploi slabe, locale, apoi probabilitatea de apari\u021bie a precipita\u021biilor va fi \u00een cre\u0219tere dup\u0103 data de 16 decembrie.<\/p>\n<p>\u00cen <b>Transilvania<\/b>, \u00een mare parte a intervalului de prognoz\u0103, temperaturile maxime se vor men\u021bine u\u0219or mai ridicate dec\u00e2t cele normale pentru aceast\u0103 perioad\u0103 din an, cu valori medii de 3 \u2014 6 grade. Temperaturi diurne u\u0219or mai cobor\u00e2te, dar \u00een limitele climatologic specifice, vor fi posibile spre sf\u00e2r\u0219itul celor dou\u0103 s\u0103pt\u0103m\u00e2ni de referin\u021b\u0103. Minimele termice vor fi u\u0219or negative \u0219i se vor \u00eencadra, \u00een medie regional\u0103, \u00eentre\u20143 \u0219i zero grade, cu valori posibil mai sc\u0103zute, dar apropiate de norma pentru a doua decad\u0103 a lunii \u00een curs, \u00een perioada 12 \u2014 16 decembrie. \u00cen intervalul 9 \u2014 10 decembrie, local se vor semnala precipita\u021bii mixte, slabe, apoi probabilitatea de apari\u021bie a precipita\u021biilor va cre\u0219te din nou \u00eencep\u00e2nd din 16 decembrie.<\/p>\n<p>\u00cen <b>Maramure\u0219<\/b>, \u00een cea mai mare parte a intervalului de prognoz\u0103, se vor \u00eenregistra medii regionale ale maximelor termice de 4 \u2014 7 grade, valori ce caracterizeaz\u0103 o vreme u\u0219or mai cald\u0103 dec\u00e2t normal pentru luna decembrie. Temperaturi diurne mai cobor\u00e2te vor fi posibile \u00een perioada 11 \u2014 13 decembrie, dar \u0219i \u00een a doua s\u0103pt\u0103m\u00e2n\u0103, c\u00e2nd sunt estimate valori \u00eentre dou\u0103 \u0219i 4 grade, mediat pe regiune. Mediile minimelor vor fi \u00een general \u00een jurul a zero grade, cu excep\u021bia intervalului 12-16 decembrie c\u00e2nd vor predomina valorile negative, \u00eentre\u20144 \u0219i minus dou\u0103 grade, de altfel normale pentru data calendaristic\u0103. \u00cen intervalul 9 \u2014 10 decembrie vor fi precipita\u021bii slabe, predominant ploi, iar probabilitatea de apari\u021bie a precipita\u021biilor va cre\u0219te din nou dup\u0103 data de 15 decembrie.<\/p>\n<p>\u00cen <b>Moldova<\/b>, la \u00eenceputul intervalului de referin\u021b\u0103, regimul termic va fi caracterizat de valori peste cele climatologic specifice \u00een luna decembrie, fiind de a\u0219teptat, \u00een medie pe regiune, maxime de 5 \u2014 9 grade \u0219i minime \u00een jurul a zero grade. Dup\u0103 data de 14 decembrie se estimeaz\u0103 o r\u0103cire a vremii ce va determina \u00eenregistrarea unor temperaturi maxime apropiate de cele normale, respectiv dou\u0103 \u0219i 5 grade, \u00een timp ce minimele nocturne se vor men\u021bine mai ridicate dec\u00e2t mediile multianuale caracteristice.<br \/>\n\u00cen jurul datei de 10 decembrie local vor fi ploi sau lapovi\u021b\u0103, ne\u00eensemnate cantitativ, iar probabilitatea pentru precipita\u021bii va cre\u0219te dup\u0103 data de 17 decembrie.<\/p>\n<p>\u00cen <b>Dobrogea<\/b>, intervalul celor dou\u0103 s\u0103pt\u0103m\u00e2ni va fi caracterizat de valori termice peste cele specifice \u00een luna decembrie. Astfel, ziua vor fi \u00een medie 5 la 9 grade, iar noaptea valori u\u0219or pozitive, \u00een marea lor majoritate de p\u00e2n\u0103 la 3 grade. La sf\u00e2r\u0219itul perioadei de referin\u021b\u0103 va fi posibil\u0103 o r\u0103cire a vremii care s\u0103 determine un regim termic mai apropiat de cel normal al perioadei. \u00cen jurul datei de 10 decembrie vor fi posibile ploi slabe, apoi probabilitatea pentru precipita\u021bii va cre\u0219te dup\u0103 data de 16 decembrie.<\/p>\n<p>\u00cen <b>Muntenia<\/b>, intervalul de prognoz\u0103 va fi caracterizat de valori termice peste cele specifice \u00een luna decembrie. Astfel, ziua vor fi \u00een medie 4 la 9 grade, iar noaptea valori u\u0219or pozitive (\u00eentre 0 \u0219i 3 grade) la \u00eenceput, apoi preponderent negative, cu p\u00e2n\u0103 la\u20144 grade, mediat pe regiune. La sf\u00e2r\u0219itul celor dou\u0103 s\u0103pt\u0103m\u00e2ni, va fi posibil\u0103 o r\u0103cire a vremii care s\u0103 determine un regim termic mai apropiat de cel normal al perioadei. \u00cen jurul datei de 10 decembrie vor fi posibile ploi ne\u00eensemnate cantitativ \u0219i burni\u021be, iar probabilitatea de apari\u021bie a precipita\u021biilor va cre\u0219te dup\u0103 data de 17 decembrie.<\/p>\n<p>\u00cen <b>Oltenia<\/b>, vremea va fi \u00een general cald\u0103 pentru aceast\u0103 perioad\u0103. Astfel, ziua vor fi \u00een medie 6 la 9 grade (valori chiar mai ridicate \u00een primele dou\u0103 zile), iar noaptea se vor \u00eenregistra temperaturi u\u0219or pozitive (0 \u2014 3 grade) la \u00eenceput, apoi sub pragul de \u00eenghe\u021b, cu\u20143\u2026-1 grad, mediat pe regiune. La sf\u00e2r\u0219itul celor dou\u0103 s\u0103pt\u0103m\u00e2ni, este estimat\u0103 o r\u0103cire a vremii care s\u0103 determine un regim termic mai apropiat de cel normal al perioadei. Probabilitatea pentru precipita\u021bii va cre\u0219te dup\u0103 data de 17 decembrie.<\/p>\n<p>La munte, \u00een cea mai mare parte a intervalului, dar cu prec\u0103dere \u00een primele zile, valorile termice se vor situa peste norma termic\u0103 a perioadei, cu maxime diurne \u00een general pozitive, \u00een medie de 0 \u2014 5 grade \u0219i minime de\u20145\u2026-2 grade. Temperaturi mai sc\u0103zute sunt estimate \u00een jurul datei de 10 decembrie \u0219i posibil la sf\u00e2r\u0219itul celor dou\u0103 s\u0103pt\u0103m\u00e2ni. \u00cen perioada 9 \u2014 10 decembrie vor fi precipita\u021bii slabe, sub form\u0103 de ploaie, lapovi\u021b\u0103 \u0219i ninsoare, iar probabilitatea pentru precipita\u021bii va cre\u0219te din nou dup\u0103 data de 16 decembrie.<\/p>\n<p>Estim\u0103rile meteo sunt realizate de ANM, pe baza produselor numerice ale Centrului European pentru prognoze pe medie durat\u0103 (ECMWF) de la Reading, Anglia.<\/p>\n<p>Sursa: AGERPRES<\/p>\n<p>\u00a0<\/p>\n<aside class=\"mashsb-container mashsb-main \">\n<div class=\"mashsb-box\">\n<div class=\"mashsb-count mash-medium\">\n<div class=\"counts mashsbcount\">0<\/div>\n<p><span class=\"mashsb-sharetext\">SHARES<\/span><\/div>\n<div class=\"mashsb-buttons\"><a class=\"mashicon-facebook mash-medium mashsb-noshadow\" href=\"https:\/\/www.facebook.com\/sharer.php?u=http%3A%2F%2Fwww.ziaruldevaslui.ro%2Fanm-vremea-se-mai-raceste-in-urmatoarele-doua-saptamani-precipitatii-mixte-si-ninsori-dupa-16-decembrie%2F\" target=\"_top\" rel=\"nofollow\"><span class=\"text\">Share\u00a0pe\u00a0facebook<\/span><\/a><a class=\"mashicon-twitter mash-medium mashsb-noshadow\" href=\"https:\/\/twitter.com\/intent\/tweet?text=ANM%3A%20Vremea%20se%20mai%20r%C4%83ce%C8%99te%20%C3%AEn%20urm%C4%83toarele%20dou%C4%83%20s%C4%83pt%C4%83m%C3%A2ni&amp;url=http:\/\/www.ziaruldevaslui.ro\/?p=604\" target=\"_top\" rel=\"nofollow\"><span class=\"text\">Share\u00a0pe\u00a0twitter<\/span><\/a><\/div>\n<\/div>\n<\/aside>\n<\/div>\n<\/div>\n<\/article>\n<div class=\"article-content clearfix\">\n<div class=\"above-entry-meta\"><span class=\"cat-links\"><a href=\"http:\/\/www.ziaruldevaslui.ro\/national\/\" rel=\"category tag\">Na\u021bional<\/a>\u00a0<a href=\"http:\/\/www.ziaruldevaslui.ro\/recomandate\/\" rel=\"category tag\">RECOMANDATE<\/a>\u00a0<\/span><\/div>\n<header class=\"entry-header\">\n<h1 class=\"entry-title\">\n\t\t\t\tANM: Vremea se mai r\u0103ce\u0219te \u00een urm\u0103toarele dou\u0103 s\u0103pt\u0103m\u00e2ni\t\t\t<\/h1>\n<\/header>\n<div class=\"below-entry-meta\"><span class=\"posted-on\"><a href=\"http:\/\/www.ziaruldevaslui.ro\/anm-vremea-se-mai-raceste-in-urmatoarele-doua-saptamani-precipitatii-mixte-si-ninsori-dupa-16-decembrie\/\" title=\"12:39\" rel=\"bookmark\"><time class=\"entry-date published\" datetime=\"2015-12-07T12:39:58+02:00\">7 decembrie 2015<\/time><time class=\"updated\" datetime=\"2015-12-12T19:21:55+02:00\">12 decembrie 2015<\/time><\/a><\/span><span class=\"byline\"><span class=\"author vcard\"><a class=\"url fn n\" href=\"http:\/\/www.ziaruldevaslui.ro\/author\/admin\/\" title=\"Ziarul de Vaslui\"><br \/>\n\t\t\t\t\t\tZiarul de Vaslui\t\t\t\t\t<\/a><\/span><\/span><span class=\"comments\"><a href=\"http:\/\/www.ziaruldevaslui.ro\/anm-vremea-se-mai-raceste-in-urmatoarele-doua-saptamani-precipitatii-mixte-si-ninsori-dupa-16-decembrie\/#respond\"> Niciun comentariu<\/a><\/span><span class=\"tag-links\"><a href=\"http:\/\/www.ziaruldevaslui.ro\/tag\/anm\/\" rel=\"tag\">anm<\/a>, <a href=\"http:\/\/www.ziaruldevaslui.ro\/tag\/craciun\/\" rel=\"tag\">Craciun<\/a>, <a href=\"http:\/\/www.ziaruldevaslui.ro\/tag\/revelion\/\" rel=\"tag\">Revelion<\/a>, <a href=\"http:\/\/www.ziaruldevaslui.ro\/tag\/vremea\/\" rel=\"tag\">vremea<\/a>, <a href=\"http:\/\/www.ziaruldevaslui.ro\/tag\/zapada\/\" rel=\"tag\">zapada<\/a><\/span><\/div>\n<div class=\"entry-content clearfix\">\n<p><strong>Urm\u0103toarele dou\u0103 s\u0103pt\u0103m\u00e2ni se vor afla sub un regim termic normal pentru aceast\u0103 perioad\u0103, cu temperaturi maxime \u00eencadrate \u00eentre 5 \u0219i 9 grade Celsius, \u00een timp ce precipita\u021biile, \u00een general mixte, dar \u0219i sub form\u0103 de ploaie, \u00ee\u0219i vor face apari\u021bia dup\u0103 jum\u0103tatea acestei luni, iar la munte va ninge, se arat\u0103 \u00een prognoza Administra\u021biei Na\u021bionale de Meteorologie \/ANM\/, valabil\u0103 pentru perioada 7 \u2013 20 decembrie 2015.<\/strong><\/p>\n<p>\u00cen <b>Banat<\/b>, \u00een cea mai mare parte a intervalului de prognoz\u0103, se vor \u00eenregistra temperaturi maxime, \u00een medie regional\u0103, de 5 \u2014 9 grade, valori ce caracterizeaz\u0103 o vreme u\u0219or mai cald\u0103 dec\u00e2t normal pentru luna decembrie. Temperaturi diurne mai cobor\u00e2te, dar \u00een limitele climatologic specifice, vor fi posibile \u00een perioada 11\u201413 decembrie, dar \u0219i spre sf\u00e2r\u0219itul celor dou\u0103 s\u0103pt\u0103m\u00e2ni de referin\u021b\u0103, c\u00e2nd sunt estimate valori de 3 \u2014 5 grade, mediat pe regiune. Mediile minimelor vor fi, \u00een general, u\u0219or peste pragul de \u00eenghe\u021b, zero la 3 grade, cu excep\u021bia intervalului 12 \u2014 16 decembrie c\u00e2nd vor predomina valorile negative, de altfel normale pentru data calendaristic\u0103. \u00cen jurul datei de 9 decembrie vor fi ploi slabe, locale, iar probabilitatea de apari\u021bie a precipita\u021biilor va cre\u0219te din nou dup\u0103 data de 16 decembrie.<\/p>\n<p>\u00cen <b>Cri\u0219ana<\/b>, regimul termic diurn va fi caracterizat \u00een cea mai mare parte a intervalului de prognoz\u0103 de valori mai ridicate dec\u00e2t cele climatologic specifice perioadei, cu medii regionale ale maximelor de 5 \u2014 8 grade. Temperaturi mai cobor\u00e2te, dar apropiate de mediile multianuale, vor fi posibile \u00een perioada 11 \u2014 13 decembrie, dar \u0219i spre sf\u00e2r\u0219itul celor dou\u0103 s\u0103pt\u0103m\u00e2ni de referin\u021b\u0103, c\u00e2nd sunt estimate valori mediate \u00eentre dou\u0103 \u0219i 5 grade. \u00cen privin\u021ba minimelor nocturne, sunt de a\u0219teptat valori \u00een general u\u0219or peste pragul de \u00eenghe\u021b, zero la 3 grade, mai pu\u021bin \u00een intervalul 12 \u2014 15 decembrie, c\u00e2nd vor predomina temperaturile negative. \u00cen jurul datei de 9 decembrie vor fi ploi slabe, locale, apoi probabilitatea de apari\u021bie a precipita\u021biilor va fi \u00een cre\u0219tere dup\u0103 data de 16 decembrie.<\/p>\n<p>\u00cen <b>Transilvania<\/b>, \u00een mare parte a intervalului de prognoz\u0103, temperaturile maxime se vor men\u021bine u\u0219or mai ridicate dec\u00e2t cele normale pentru aceast\u0103 perioad\u0103 din an, cu valori medii de 3 \u2014 6 grade. Temperaturi diurne u\u0219or mai cobor\u00e2te, dar \u00een limitele climatologic specifice, vor fi posibile spre sf\u00e2r\u0219itul celor dou\u0103 s\u0103pt\u0103m\u00e2ni de referin\u021b\u0103. Minimele termice vor fi u\u0219or negative \u0219i se vor \u00eencadra, \u00een medie regional\u0103, \u00eentre\u20143 \u0219i zero grade, cu valori posibil mai sc\u0103zute, dar apropiate de norma pentru a doua decad\u0103 a lunii \u00een curs, \u00een perioada 12 \u2014 16 decembrie. \u00cen intervalul 9 \u2014 10 decembrie, local se vor semnala precipita\u021bii mixte, slabe, apoi probabilitatea de apari\u021bie a precipita\u021biilor va cre\u0219te din nou \u00eencep\u00e2nd din 16 decembrie.<\/p>\n<p>\u00cen <b>Maramure\u0219<\/b>, \u00een cea mai mare parte a intervalului de prognoz\u0103, se vor \u00eenregistra medii regionale ale maximelor termice de 4 \u2014 7 grade, valori ce caracterizeaz\u0103 o vreme u\u0219or mai cald\u0103 dec\u00e2t normal pentru luna decembrie. Temperaturi diurne mai cobor\u00e2te vor fi posibile \u00een perioada 11 \u2014 13 decembrie, dar \u0219i \u00een a doua s\u0103pt\u0103m\u00e2n\u0103, c\u00e2nd sunt estimate valori \u00eentre dou\u0103 \u0219i 4 grade, mediat pe regiune. Mediile minimelor vor fi \u00een general \u00een jurul a zero grade, cu excep\u021bia intervalului 12-16 decembrie c\u00e2nd vor predomina valorile negative, \u00eentre\u20144 \u0219i minus dou\u0103 grade, de altfel normale pentru data calendaristic\u0103. \u00cen intervalul 9 \u2014 10 decembrie vor fi precipita\u021bii slabe, predominant ploi, iar probabilitatea de apari\u021bie a precipita\u021biilor va cre\u0219te din nou dup\u0103 data de 15 decembrie.<\/p>\n<p>\u00cen <b>Moldova<\/b>, la \u00eenceputul intervalului de referin\u021b\u0103, regimul termic va fi caracterizat de valori peste cele climatologic specifice \u00een luna decembrie, fiind de a\u0219teptat, \u00een medie pe regiune, maxime de 5 \u2014 9 grade \u0219i minime \u00een jurul a zero grade. Dup\u0103 data de 14 decembrie se estimeaz\u0103 o r\u0103cire a vremii ce va determina \u00eenregistrarea unor temperaturi maxime apropiate de cele normale, respectiv dou\u0103 \u0219i 5 grade, \u00een timp ce minimele nocturne se vor men\u021bine mai ridicate dec\u00e2t mediile multianuale caracteristice.<br \/>\n\u00cen jurul datei de 10 decembrie local vor fi ploi sau lapovi\u021b\u0103, ne\u00eensemnate cantitativ, iar probabilitatea pentru precipita\u021bii va cre\u0219te dup\u0103 data de 17 decembrie.<\/p>\n<p>\u00cen <b>Dobrogea<\/b>, intervalul celor dou\u0103 s\u0103pt\u0103m\u00e2ni va fi caracterizat de valori termice peste cele specifice \u00een luna decembrie. Astfel, ziua vor fi \u00een medie 5 la 9 grade, iar noaptea valori u\u0219or pozitive, \u00een marea lor majoritate de p\u00e2n\u0103 la 3 grade. La sf\u00e2r\u0219itul perioadei de referin\u021b\u0103 va fi posibil\u0103 o r\u0103cire a vremii care s\u0103 determine un regim termic mai apropiat de cel normal al perioadei. \u00cen jurul datei de 10 decembrie vor fi posibile ploi slabe, apoi probabilitatea pentru precipita\u021bii va cre\u0219te dup\u0103 data de 16 decembrie.<\/p>\n<p>\u00cen <b>Muntenia<\/b>, intervalul de prognoz\u0103 va fi caracterizat de valori termice peste cele specifice \u00een luna decembrie. Astfel, ziua vor fi \u00een medie 4 la 9 grade, iar noaptea valori u\u0219or pozitive (\u00eentre 0 \u0219i 3 grade) la \u00eenceput, apoi preponderent negative, cu p\u00e2n\u0103 la\u20144 grade, mediat pe regiune. La sf\u00e2r\u0219itul celor dou\u0103 s\u0103pt\u0103m\u00e2ni, va fi posibil\u0103 o r\u0103cire a vremii care s\u0103 determine un regim termic mai apropiat de cel normal al perioadei. \u00cen jurul datei de 10 decembrie vor fi posibile ploi ne\u00eensemnate cantitativ \u0219i burni\u021be, iar probabilitatea de apari\u021bie a precipita\u021biilor va cre\u0219te dup\u0103 data de 17 decembrie.<\/p>\n<p>\u00cen <b>Oltenia<\/b>, vremea va fi \u00een general cald\u0103 pentru aceast\u0103 perioad\u0103. Astfel, ziua vor fi \u00een medie 6 la 9 grade (valori chiar mai ridicate \u00een primele dou\u0103 zile), iar noaptea se vor \u00eenregistra temperaturi u\u0219or pozitive (0 \u2014 3 grade) la \u00eenceput, apoi sub pragul de \u00eenghe\u021b, cu\u20143\u2026-1 grad, mediat pe regiune. La sf\u00e2r\u0219itul celor dou\u0103 s\u0103pt\u0103m\u00e2ni, este estimat\u0103 o r\u0103cire a vremii care s\u0103 determine un regim termic mai apropiat de cel normal al perioadei. Probabilitatea pentru precipita\u021bii va cre\u0219te dup\u0103 data de 17 decembrie.<\/p>\n<p>La munte, \u00een cea mai mare parte a intervalului, dar cu prec\u0103dere \u00een primele zile, valorile termice se vor situa peste norma termic\u0103 a perioadei, cu maxime diurne \u00een general pozitive, \u00een medie de 0 \u2014 5 grade \u0219i minime de\u20145\u2026-2 grade. Temperaturi mai sc\u0103zute sunt estimate \u00een jurul datei de 10 decembrie \u0219i posibil la sf\u00e2r\u0219itul celor dou\u0103 s\u0103pt\u0103m\u00e2ni. \u00cen perioada 9 \u2014 10 decembrie vor fi precipita\u021bii slabe, sub form\u0103 de ploaie, lapovi\u021b\u0103 \u0219i ninsoare, iar probabilitatea pentru precipita\u021bii va cre\u0219te din nou dup\u0103 data de 16 decembrie.<\/p>\n<p>Estim\u0103rile meteo sunt realizate de ANM, pe baza produselor numerice ale Centrului European pentru prognoze pe medie durat\u0103 (ECMWF) de la Reading, Anglia.<\/p>\n<p>Sursa: AGERPRES<\/p>\n<p>\u00a0<\/p>\n<aside class=\"mashsb-container mashsb-main \">\n<div class=\"mashsb-box\">\n<div class=\"mashsb-count mash-medium\">\n<div class=\"counts mashsbcount\">0<\/div>\n<p><span class=\"mashsb-sharetext\">SHARES<\/span><\/div>\n<div class=\"mashsb-buttons\"><a class=\"mashicon-facebook mash-medium mashsb-noshadow\" href=\"https:\/\/www.facebook.com\/sharer.php?u=http%3A%2F%2Fwww.ziaruldevaslui.ro%2Fanm-vremea-se-mai-raceste-in-urmatoarele-doua-saptamani-precipitatii-mixte-si-ninsori-dupa-16-decembrie%2F\" target=\"_top\" rel=\"nofollow\"><span class=\"text\">Share\u00a0pe\u00a0facebook<\/span><\/a><a class=\"mashicon-twitter mash-medium mashsb-noshadow\" href=\"https:\/\/twitter.com\/intent\/tweet?text=ANM%3A%20Vremea%20se%20mai%20r%C4%83ce%C8%99te%20%C3%AEn%20urm%C4%83toarele%20dou%C4%83%20s%C4%83pt%C4%83m%C3%A2ni&amp;url=http:\/\/www.ziaruldevaslui.ro\/?p=604\" target=\"_top\" rel=\"nofollow\"><span class=\"text\">Share\u00a0pe\u00a0twitter<\/span><\/a><\/div>\n<\/div>\n<\/aside>\n<\/div>\n<\/div>\n<div class=\"entry-content clearfix\">\n<p><strong>Urm\u0103toarele dou\u0103 s\u0103pt\u0103m\u00e2ni se vor afla sub un regim termic normal pentru aceast\u0103 perioad\u0103, cu temperaturi maxime \u00eencadrate \u00eentre 5 \u0219i 9 grade Celsius, \u00een timp ce precipita\u021biile, \u00een general mixte, dar \u0219i sub form\u0103 de ploaie, \u00ee\u0219i vor face apari\u021bia dup\u0103 jum\u0103tatea acestei luni, iar la munte va ninge, se arat\u0103 \u00een prognoza Administra\u021biei Na\u021bionale de Meteorologie \/ANM\/, valabil\u0103 pentru perioada 7 \u2013 20 decembrie 2015.<\/strong><\/p>\n<p>\u00cen <b>Banat<\/b>, \u00een cea mai mare parte a intervalului de prognoz\u0103, se vor \u00eenregistra temperaturi maxime, \u00een medie regional\u0103, de 5 \u2014 9 grade, valori ce caracterizeaz\u0103 o vreme u\u0219or mai cald\u0103 dec\u00e2t normal pentru luna decembrie. Temperaturi diurne mai cobor\u00e2te, dar \u00een limitele climatologic specifice, vor fi posibile \u00een perioada 11\u201413 decembrie, dar \u0219i spre sf\u00e2r\u0219itul celor dou\u0103 s\u0103pt\u0103m\u00e2ni de referin\u021b\u0103, c\u00e2nd sunt estimate valori de 3 \u2014 5 grade, mediat pe regiune. Mediile minimelor vor fi, \u00een general, u\u0219or peste pragul de \u00eenghe\u021b, zero la 3 grade, cu excep\u021bia intervalului 12 \u2014 16 decembrie c\u00e2nd vor predomina valorile negative, de altfel normale pentru data calendaristic\u0103. \u00cen jurul datei de 9 decembrie vor fi ploi slabe, locale, iar probabilitatea de apari\u021bie a precipita\u021biilor va cre\u0219te din nou dup\u0103 data de 16 decembrie.<\/p>\n<p>\u00cen <b>Cri\u0219ana<\/b>, regimul termic diurn va fi caracterizat \u00een cea mai mare parte a intervalului de prognoz\u0103 de valori mai ridicate dec\u00e2t cele climatologic specifice perioadei, cu medii regionale ale maximelor de 5 \u2014 8 grade. Temperaturi mai cobor\u00e2te, dar apropiate de mediile multianuale, vor fi posibile \u00een perioada 11 \u2014 13 decembrie, dar \u0219i spre sf\u00e2r\u0219itul celor dou\u0103 s\u0103pt\u0103m\u00e2ni de referin\u021b\u0103, c\u00e2nd sunt estimate valori mediate \u00eentre dou\u0103 \u0219i 5 grade. \u00cen privin\u021ba minimelor nocturne, sunt de a\u0219teptat valori \u00een general u\u0219or peste pragul de \u00eenghe\u021b, zero la 3 grade, mai pu\u021bin \u00een intervalul 12 \u2014 15 decembrie, c\u00e2nd vor predomina temperaturile negative. \u00cen jurul datei de 9 decembrie vor fi ploi slabe, locale, apoi probabilitatea de apari\u021bie a precipita\u021biilor va fi \u00een cre\u0219tere dup\u0103 data de 16 decembrie.<\/p>\n<p>\u00cen <b>Transilvania<\/b>, \u00een mare parte a intervalului de prognoz\u0103, temperaturile maxime se vor men\u021bine u\u0219or mai ridicate dec\u00e2t cele normale pentru aceast\u0103 perioad\u0103 din an, cu valori medii de 3 \u2014 6 grade. Temperaturi diurne u\u0219or mai cobor\u00e2te, dar \u00een limitele climatologic specifice, vor fi posibile spre sf\u00e2r\u0219itul celor dou\u0103 s\u0103pt\u0103m\u00e2ni de referin\u021b\u0103. Minimele termice vor fi u\u0219or negative \u0219i se vor \u00eencadra, \u00een medie regional\u0103, \u00eentre\u20143 \u0219i zero grade, cu valori posibil mai sc\u0103zute, dar apropiate de norma pentru a doua decad\u0103 a lunii \u00een curs, \u00een perioada 12 \u2014 16 decembrie. \u00cen intervalul 9 \u2014 10 decembrie, local se vor semnala precipita\u021bii mixte, slabe, apoi probabilitatea de apari\u021bie a precipita\u021biilor va cre\u0219te din nou \u00eencep\u00e2nd din 16 decembrie.<\/p>\n<p>\u00cen <b>Maramure\u0219<\/b>, \u00een cea mai mare parte a intervalului de prognoz\u0103, se vor \u00eenregistra medii regionale ale maximelor termice de 4 \u2014 7 grade, valori ce caracterizeaz\u0103 o vreme u\u0219or mai cald\u0103 dec\u00e2t normal pentru luna decembrie. Temperaturi diurne mai cobor\u00e2te vor fi posibile \u00een perioada 11 \u2014 13 decembrie, dar \u0219i \u00een a doua s\u0103pt\u0103m\u00e2n\u0103, c\u00e2nd sunt estimate valori \u00eentre dou\u0103 \u0219i 4 grade, mediat pe regiune. Mediile minimelor vor fi \u00een general \u00een jurul a zero grade, cu excep\u021bia intervalului 12-16 decembrie c\u00e2nd vor predomina valorile negative, \u00eentre\u20144 \u0219i minus dou\u0103 grade, de altfel normale pentru data calendaristic\u0103. \u00cen intervalul 9 \u2014 10 decembrie vor fi precipita\u021bii slabe, predominant ploi, iar probabilitatea de apari\u021bie a precipita\u021biilor va cre\u0219te din nou dup\u0103 data de 15 decembrie.<\/p>\n<p>\u00cen <b>Moldova<\/b>, la \u00eenceputul intervalului de referin\u021b\u0103, regimul termic va fi caracterizat de valori peste cele climatologic specifice \u00een luna decembrie, fiind de a\u0219teptat, \u00een medie pe regiune, maxime de 5 \u2014 9 grade \u0219i minime \u00een jurul a zero grade. Dup\u0103 data de 14 decembrie se estimeaz\u0103 o r\u0103cire a vremii ce va determina \u00eenregistrarea unor temperaturi maxime apropiate de cele normale, respectiv dou\u0103 \u0219i 5 grade, \u00een timp ce minimele nocturne se vor men\u021bine mai ridicate dec\u00e2t mediile multianuale caracteristice.<br \/>\n\u00cen jurul datei de 10 decembrie local vor fi ploi sau lapovi\u021b\u0103, ne\u00eensemnate cantitativ, iar probabilitatea pentru precipita\u021bii va cre\u0219te dup\u0103 data de 17 decembrie.<\/p>\n<p>\u00cen <b>Dobrogea<\/b>, intervalul celor dou\u0103 s\u0103pt\u0103m\u00e2ni va fi caracterizat de valori termice peste cele specifice \u00een luna decembrie. Astfel, ziua vor fi \u00een medie 5 la 9 grade, iar noaptea valori u\u0219or pozitive, \u00een marea lor majoritate de p\u00e2n\u0103 la 3 grade. La sf\u00e2r\u0219itul perioadei de referin\u021b\u0103 va fi posibil\u0103 o r\u0103cire a vremii care s\u0103 determine un regim termic mai apropiat de cel normal al perioadei. \u00cen jurul datei de 10 decembrie vor fi posibile ploi slabe, apoi probabilitatea pentru precipita\u021bii va cre\u0219te dup\u0103 data de 16 decembrie.<\/p>\n<p>\u00cen <b>Muntenia<\/b>, intervalul de prognoz\u0103 va fi caracterizat de valori termice peste cele specifice \u00een luna decembrie. Astfel, ziua vor fi \u00een medie 4 la 9 grade, iar noaptea valori u\u0219or pozitive (\u00eentre 0 \u0219i 3 grade) la \u00eenceput, apoi preponderent negative, cu p\u00e2n\u0103 la\u20144 grade, mediat pe regiune. La sf\u00e2r\u0219itul celor dou\u0103 s\u0103pt\u0103m\u00e2ni, va fi posibil\u0103 o r\u0103cire a vremii care s\u0103 determine un regim termic mai apropiat de cel normal al perioadei. \u00cen jurul datei de 10 decembrie vor fi posibile ploi ne\u00eensemnate cantitativ \u0219i burni\u021be, iar probabilitatea de apari\u021bie a precipita\u021biilor va cre\u0219te dup\u0103 data de 17 decembrie.<\/p>\n<p>\u00cen <b>Oltenia<\/b>, vremea va fi \u00een general cald\u0103 pentru aceast\u0103 perioad\u0103. Astfel, ziua vor fi \u00een medie 6 la 9 grade (valori chiar mai ridicate \u00een primele dou\u0103 zile), iar noaptea se vor \u00eenregistra temperaturi u\u0219or pozitive (0 \u2014 3 grade) la \u00eenceput, apoi sub pragul de \u00eenghe\u021b, cu\u20143\u2026-1 grad, mediat pe regiune. La sf\u00e2r\u0219itul celor dou\u0103 s\u0103pt\u0103m\u00e2ni, este estimat\u0103 o r\u0103cire a vremii care s\u0103 determine un regim termic mai apropiat de cel normal al perioadei. Probabilitatea pentru precipita\u021bii va cre\u0219te dup\u0103 data de 17 decembrie.<\/p>\n<p>La munte, \u00een cea mai mare parte a intervalului, dar cu prec\u0103dere \u00een primele zile, valorile termice se vor situa peste norma termic\u0103 a perioadei, cu maxime diurne \u00een general pozitive, \u00een medie de 0 \u2014 5 grade \u0219i minime de\u20145\u2026-2 grade. Temperaturi mai sc\u0103zute sunt estimate \u00een jurul datei de 10 decembrie \u0219i posibil la sf\u00e2r\u0219itul celor dou\u0103 s\u0103pt\u0103m\u00e2ni. \u00cen perioada 9 \u2014 10 decembrie vor fi precipita\u021bii slabe, sub form\u0103 de ploaie, lapovi\u021b\u0103 \u0219i ninsoare, iar probabilitatea pentru precipita\u021bii va cre\u0219te din nou dup\u0103 data de 16 decembrie.<\/p>\n<p>Estim\u0103rile meteo sunt realizate de ANM, pe baza produselor numerice ale Centrului European pentru prognoze pe medie durat\u0103 (ECMWF) de la Reading, Anglia.<\/p>\n<p>Sursa: AGERPRES<\/p>\n<p>\u00a0<\/p>\n<aside class=\"mashsb-container mashsb-main \">\n<div class=\"mashsb-box\">\n<div class=\"mashsb-count mash-medium\">\n<div class=\"counts mashsbcount\">0<\/div>\n<p><span class=\"mashsb-sharetext\">SHARES<\/span><\/div>\n<div class=\"mashsb-buttons\"><a class=\"mashicon-facebook mash-medium mashsb-noshadow\" href=\"https:\/\/www.facebook.com\/sharer.php?u=http%3A%2F%2Fwww.ziaruldevaslui.ro%2Fanm-vremea-se-mai-raceste-in-urmatoarele-doua-saptamani-precipitatii-mixte-si-ninsori-dupa-16-decembrie%2F\" target=\"_top\" rel=\"nofollow\"><span class=\"text\">Share\u00a0pe\u00a0facebook<\/span><\/a><a class=\"mashicon-twitter mash-medium mashsb-noshadow\" href=\"https:\/\/twitter.com\/intent\/tweet?text=ANM%3A%20Vremea%20se%20mai%20r%C4%83ce%C8%99te%20%C3%AEn%20urm%C4%83toarele%20dou%C4%83%20s%C4%83pt%C4%83m%C3%A2ni&amp;url=http:\/\/www.ziaruldevaslui.ro\/?p=604\" target=\"_top\" rel=\"nofollow\"><span class=\"text\">Share\u00a0pe\u00a0twitter<\/span><\/a><\/div>\n<\/div>\n<\/aside>\n<\/div>\n<div class=\"article-content\">\n<h3 class=\"entry-title\"><a href=\"http:\/\/www.ziaruldevaslui.ro\/sase-persoane-au-ajuns-astazi-la-spital-in-urma-unui-accident-rutier-grav-produs-pe-raza-comunei-oltenesti\/\" rel=\"bookmark\" title=\"\u015ease persoane au ajuns la spital, \u00een urma unui accident rutier grav, produs pe raza comunei Oltene\u015fti\"><br \/>\n\t\t\t\t\t\t\t\t\u015ease persoane au ajuns la spital, \u00een urma unui accident rutier grav, produs pe raza comunei Oltene\u015fti\t\t\t\t\t\t\t<\/a><\/h3>\n<div class=\"below-entry-meta\"><span class=\"posted-on\"><a href=\"http:\/\/www.ziaruldevaslui.ro\/sase-persoane-au-ajuns-astazi-la-spital-in-urma-unui-accident-rutier-grav-produs-pe-raza-comunei-oltenesti\/\" title=\"18:42\" rel=\"bookmark\"><time class=\"entry-date published\" datetime=\"2016-06-24T18:42:15+02:00\">24 iunie 2016<\/time><time class=\"updated\" datetime=\"2016-06-24T18:42:58+02:00\">24 iunie 2016<\/time><\/a><\/span><span class=\"byline\"><span class=\"author vcard\"><a class=\"url fn n\" href=\"http:\/\/www.ziaruldevaslui.ro\/author\/rodan-mihai\/\" title=\"Mihai Rodan\"><br \/>\n\t\t\t\t\t\tMihai Rodan\t\t\t\t\t<\/a><\/span><\/span><span class=\"comments\"><a href=\"http:\/\/www.ziaruldevaslui.ro\/sase-persoane-au-ajuns-astazi-la-spital-in-urma-unui-accident-rutier-grav-produs-pe-raza-comunei-oltenesti\/#respond\">0<\/a><\/span><\/div>\n<\/div>\n<div class=\"article-content\">\n<h3 class=\"entry-title\"><a href=\"http:\/\/www.ziaruldevaslui.ro\/ajofm-vaslui-locuri-de-munca-vacante\/\" rel=\"bookmark\" title=\"AJOFM Vaslui: 396 locuri de munc\u0103 vacante\"><br \/>\n\t\t\t\t\t\t\t\tAJOFM Vaslui: 396 locuri de munc\u0103 vacante\t\t\t\t\t\t\t<\/a><\/h3>\n<div class=\"below-entry-meta\"><span class=\"posted-on\"><a href=\"http:\/\/www.ziaruldevaslui.ro\/ajofm-vaslui-locuri-de-munca-vacante\/\" title=\"16:13\" rel=\"bookmark\"><time class=\"entry-date published\" datetime=\"2019-10-18T16:13:11+02:00\">18 octombrie 2019<\/time><time class=\"updated\" datetime=\"2019-10-18T16:13:28+02:00\">18 octombrie 2019<\/time><\/a><\/span><span class=\"byline\"><span class=\"author vcard\"><a class=\"url fn n\" href=\"http:\/\/www.ziaruldevaslui.ro\/author\/admin\/\" title=\"Ziarul de Vaslui\"><br \/>\n\t\t\t\t\t\tZiarul de Vaslui\t\t\t\t\t<\/a><\/span><\/span><\/div>\n<\/div>\n<div class=\"article-content\">\n<h3 class=\"entry-title\"><a href=\"http:\/\/www.ziaruldevaslui.ro\/tanarul-gasit-legat-de-copac-preluat-de-dgaspc\/\" rel=\"bookmark\" title=\"T\u00e2n\u0103rul g\u0103sit legat de copac, preluat de DGASPC\"><br \/>\n\t\t\t\t\t\t\t\tT\u00e2n\u0103rul g\u0103sit legat de copac, preluat de DGASPC\t\t\t\t\t\t\t<\/a><\/h3>\n<div class=\"below-entry-meta\"><span class=\"posted-on\"><a href=\"http:\/\/www.ziaruldevaslui.ro\/tanarul-gasit-legat-de-copac-preluat-de-dgaspc\/\" title=\"21:05\" rel=\"bookmark\"><time class=\"entry-date published\" datetime=\"2020-07-07T21:05:06+02:00\">7 iulie 2020<\/time><time class=\"updated\" datetime=\"2020-07-07T21:05:38+02:00\">7 iulie 2020<\/time><\/a><\/span><span class=\"byline\"><span class=\"author vcard\"><a class=\"url fn n\" href=\"http:\/\/www.ziaruldevaslui.ro\/author\/admin\/\" title=\"Ziarul de Vaslui\"><br \/>\n\t\t\t\t\t\tZiarul de Vaslui\t\t\t\t\t<\/a><\/span><\/span><\/div>\n<\/div>\n<div class=\"article-content\">\n<div class=\"above-entry-meta\"><span class=\"cat-links\"><a href=\"http:\/\/www.ziaruldevaslui.ro\/local\/\" rel=\"category tag\">Local<\/a>\u00a0<a href=\"http:\/\/www.ziaruldevaslui.ro\/tabloul-principal\/\" rel=\"category tag\">NOUT\u0102\u021aI<\/a>\u00a0<a href=\"http:\/\/www.ziaruldevaslui.ro\/opinii\/\" rel=\"category tag\">Opinii<\/a>\u00a0<\/span><\/div>\n<h3 class=\"entry-title\"><a href=\"http:\/\/www.ziaruldevaslui.ro\/stand-up-comedy-cu-ionel-sandu-de-la-aur-spatiile-pentru-copiii-cu-autism-sunt-bazaconii\/\" title=\"Stand Up Comedy cu Ionel Sandu, candidat AUR: spa\u021biile pentru copiii cu autism sunt \u201ebazaconii\u201d\"><br \/>\n\t\t\t\tStand Up Comedy cu Ionel Sandu, candidat AUR: spa\u021biile pentru copiii cu autism sunt \u201ebazaconii\u201d\t\t\t<\/a><\/h3>\n<div class=\"below-entry-meta\"><span class=\"posted-on\"><a href=\"http:\/\/www.ziaruldevaslui.ro\/stand-up-comedy-cu-ionel-sandu-de-la-aur-spatiile-pentru-copiii-cu-autism-sunt-bazaconii\/\" title=\"22:46\" rel=\"bookmark\"><time class=\"entry-date published\" datetime=\"2024-03-14T22:46:43+02:00\">14 martie 2024<\/time><time class=\"updated\" datetime=\"2024-03-15T08:54:58+02:00\">15 martie 2024<\/time><\/a><\/span><span class=\"byline\"><span class=\"author vcard\"><a class=\"url fn n\" href=\"http:\/\/www.ziaruldevaslui.ro\/author\/admin\/\" title=\"Ziarul de Vaslui\"><br \/>\n\t\t\t\t\tZiarul de Vaslui\t\t\t\t<\/a><\/span><\/span><\/div>\n<div class=\"entry-content\">\n<p>Ini\u021bial am crezut c\u0103 Ionel Sandu s-a apucat de Stand Up Comedy. Cu afacerile nu st\u0103 extraordinar, cu politica nici<\/p>\n<\/div>\n<\/div>\n<div class=\"entry-content\">\n<p>Ini\u021bial am crezut c\u0103 Ionel Sandu s-a apucat de Stand Up Comedy. Cu afacerile nu st\u0103 extraordinar, cu politica nici<\/p>\n<\/div>\n<div class=\"article-content\">\n<div class=\"above-entry-meta\"><span class=\"cat-links\"><a href=\"http:\/\/www.ziaruldevaslui.ro\/literatura\/\" rel=\"category tag\">Literatur\u0103<\/a>\u00a0<a href=\"http:\/\/www.ziaruldevaslui.ro\/magazin\/\" rel=\"category tag\">Magazin<\/a>\u00a0<a href=\"http:\/\/www.ziaruldevaslui.ro\/opinii\/\" rel=\"category tag\">Opinii<\/a>\u00a0<\/span><\/div>\n<h3 class=\"entry-title\"><a href=\"http:\/\/www.ziaruldevaslui.ro\/pledoarie-pentru-o-carte-pe-zi\/\" title=\"Pledoarie pentru \u2026 o carte pe zi\"><br \/>\n\t\t\t\tPledoarie pentru \u2026 o carte pe zi\t\t\t<\/a><\/h3>\n<div class=\"below-entry-meta\"><span class=\"posted-on\"><a href=\"http:\/\/www.ziaruldevaslui.ro\/pledoarie-pentru-o-carte-pe-zi\/\" title=\"09:48\" rel=\"bookmark\"><time class=\"entry-date published\" datetime=\"2021-11-13T09:48:23+02:00\">13 noiembrie 2021<\/time><time class=\"updated\" datetime=\"2022-05-04T20:22:06+02:00\">4 mai 2022<\/time><\/a><\/span><span class=\"byline\"><span class=\"author vcard\"><a class=\"url fn n\" href=\"http:\/\/www.ziaruldevaslui.ro\/author\/admin\/\" title=\"Ziarul de Vaslui\"><br \/>\n\t\t\t\t\tZiarul de Vaslui\t\t\t\t<\/a><\/span><\/span><\/div>\n<\/div>\n<div class=\"article-content\">\n<div class=\"above-entry-meta\"><span class=\"cat-links\"><a href=\"http:\/\/www.ziaruldevaslui.ro\/local\/\" rel=\"category tag\">Local<\/a>\u00a0<a href=\"http:\/\/www.ziaruldevaslui.ro\/tabloul-principal\/\" rel=\"category tag\">NOUT\u0102\u021aI<\/a>\u00a0<a href=\"http:\/\/www.ziaruldevaslui.ro\/oameni-si-locuri\/\" rel=\"category tag\">Oameni si locuri<\/a>\u00a0<a href=\"http:\/\/www.ziaruldevaslui.ro\/opinii\/\" rel=\"category tag\">Opinii<\/a>\u00a0<\/span><\/div>\n<h3 class=\"entry-title\"><a href=\"http:\/\/www.ziaruldevaslui.ro\/vasluianca-madalina-tudorache-admisa-ca-doctorand-la-oxford-interviu\/\" title=\"Vasluianca M\u0103d\u0103lina Tudorache, admis\u0103 ca doctorand la Oxford\"><br \/>\n\t\t\t\tVasluianca M\u0103d\u0103lina Tudorache, admis\u0103 ca doctorand la Oxford\t\t\t<\/a><\/h3>\n<div class=\"below-entry-meta\"><span class=\"posted-on\"><a href=\"http:\/\/www.ziaruldevaslui.ro\/vasluianca-madalina-tudorache-admisa-ca-doctorand-la-oxford-interviu\/\" title=\"09:24\" rel=\"bookmark\"><time class=\"entry-date published\" datetime=\"2020-07-21T09:24:55+02:00\">21 iulie 2020<\/time><time class=\"updated\" datetime=\"2021-12-15T08:32:02+02:00\">15 decembrie 2021<\/time><\/a><\/span><span class=\"byline\"><span class=\"author vcard\"><a class=\"url fn n\" href=\"http:\/\/www.ziaruldevaslui.ro\/author\/admin\/\" title=\"Ziarul de Vaslui\"><br \/>\n\t\t\t\t\tZiarul de Vaslui\t\t\t\t<\/a><\/span><\/span><\/div>\n<\/div>\n<div class=\"article-content\">\n<div class=\"above-entry-meta\"><span class=\"cat-links\"><a href=\"http:\/\/www.ziaruldevaslui.ro\/local\/\" rel=\"category tag\">Local<\/a>\u00a0<a href=\"http:\/\/www.ziaruldevaslui.ro\/tabloul-principal\/\" rel=\"category tag\">NOUT\u0102\u021aI<\/a>\u00a0<a href=\"http:\/\/www.ziaruldevaslui.ro\/oameni-si-locuri\/\" rel=\"category tag\">Oameni si locuri<\/a>\u00a0<a href=\"http:\/\/www.ziaruldevaslui.ro\/opinii\/\" rel=\"category tag\">Opinii<\/a>\u00a0<\/span><\/div>\n<h3 class=\"entry-title\"><a href=\"http:\/\/www.ziaruldevaslui.ro\/manifestul-unui-eleve-de-clasa-a-12-a-din-vaslui-cel-mai-mare-vis-al-nostru-era-sa-imbracam-roba\/\" title=\"Manifestul unei eleve de clasa a 12-a din Vaslui: \u201eCel mai mare vis al nostru era s\u0103 \u00eembr\u0103c\u0103m roba\u201d\"><br \/>\n\t\t\t\tManifestul unei eleve de clasa a 12-a din Vaslui: \u201eCel mai mare vis al nostru era s\u0103 \u00eembr\u0103c\u0103m roba\u201d\t\t\t<\/a><\/h3>\n<div class=\"below-entry-meta\"><span class=\"posted-on\"><a href=\"http:\/\/www.ziaruldevaslui.ro\/manifestul-unui-eleve-de-clasa-a-12-a-din-vaslui-cel-mai-mare-vis-al-nostru-era-sa-imbracam-roba\/\" title=\"21:33\" rel=\"bookmark\"><time class=\"entry-date published\" datetime=\"2020-05-02T21:33:04+02:00\">2 mai 2020<\/time><time class=\"updated\" datetime=\"2020-05-03T18:03:27+02:00\">3 mai 2020<\/time><\/a><\/span><span class=\"byline\"><span class=\"author vcard\"><a class=\"url fn n\" href=\"http:\/\/www.ziaruldevaslui.ro\/author\/admin\/\" title=\"Ziarul de Vaslui\"><br \/>\n\t\t\t\t\tZiarul de Vaslui\t\t\t\t<\/a><\/span><\/span><\/div>\n<\/div>\n<p> Source URL: http:\/\/www.ziaruldevaslui.ro\/anm-vremea-se-mai-raceste-in-urmatoarele-doua-saptamani-precipitatii-mixte-si-ninsori-dupa-16-decembrie\/<\/p>\n","protected":false},"excerpt":{"rendered":"<p>Na\u021bional\u00a0RECOMANDATE\u00a0 ANM: Vremea se mai r\u0103ce\u0219te \u00een urm\u0103toarele dou\u0103 s\u0103pt\u0103m\u00e2ni 7 decembrie 201512 decembrie 2015 Ziarul de Vaslui Niciun comentariuanm, Craciun, Revelion, vremea, zapada Urm\u0103toarele dou\u0103 s\u0103pt\u0103m\u00e2ni se vor afla sub un regim termic normal pentru aceast\u0103 perioad\u0103, cu temperaturi maxime \u00eencadrate \u00eentre 5 \u0219i 9 grade Celsius, \u00een timp ce precipita\u021biile, \u00een general mixte, [&hellip;]<\/p>\n","protected":false},"author":1,"featured_media":1534170,"comment_status":"open","ping_status":"","sticky":false,"template":"","format":"standard","meta":{"footnotes":""},"categories":[89],"tags":[218],"class_list":["post-1534169","post","type-post","status-publish","format-standard","has-post-thumbnail","hentry","category-romania","tag-ziaruldevaslui-ro"],"_links":{"self":[{"href":"https:\/\/analyse.optim.biz\/index.php?rest_route=\/wp\/v2\/posts\/1534169","targetHints":{"allow":["GET"]}}],"collection":[{"href":"https:\/\/analyse.optim.biz\/index.php?rest_route=\/wp\/v2\/posts"}],"about":[{"href":"https:\/\/analyse.optim.biz\/index.php?rest_route=\/wp\/v2\/types\/post"}],"author":[{"embeddable":true,"href":"https:\/\/analyse.optim.biz\/index.php?rest_route=\/wp\/v2\/users\/1"}],"replies":[{"embeddable":true,"href":"https:\/\/analyse.optim.biz\/index.php?rest_route=%2Fwp%2Fv2%2Fcomments&post=1534169"}],"version-history":[{"count":0,"href":"https:\/\/analyse.optim.biz\/index.php?rest_route=\/wp\/v2\/posts\/1534169\/revisions"}],"wp:featuredmedia":[{"embeddable":true,"href":"https:\/\/analyse.optim.biz\/index.php?rest_route=\/wp\/v2\/media\/1534170"}],"wp:attachment":[{"href":"https:\/\/analyse.optim.biz\/index.php?rest_route=%2Fwp%2Fv2%2Fmedia&parent=1534169"}],"wp:term":[{"taxonomy":"category","embeddable":true,"href":"https:\/\/analyse.optim.biz\/index.php?rest_route=%2Fwp%2Fv2%2Fcategories&post=1534169"},{"taxonomy":"post_tag","embeddable":true,"href":"https:\/\/analyse.optim.biz\/index.php?rest_route=%2Fwp%2Fv2%2Ftags&post=1534169"}],"curies":[{"name":"wp","href":"https:\/\/api.w.org\/{rel}","templated":true}]}}