{"id":1533998,"date":"2016-01-04T19:01:23","date_gmt":"2016-01-04T16:01:23","guid":{"rendered":"https:\/\/analyse.optim.biz\/?p=1533998"},"modified":"2016-01-04T19:01:23","modified_gmt":"2016-01-04T16:01:23","slug":"sanctiuni-mai-mari-pentru-soferii-agresivi","status":"publish","type":"post","link":"https:\/\/analyse.optim.biz\/?p=1533998","title":{"rendered":"Sanc\u0163iuni mai mari pentru \u015foferii agresivi"},"content":{"rendered":"<article id=\"post-1363\" class=\"post-1363 post type-post status-publish format-standard has-post-thumbnail hentry category-national category-recomandate tag-amenzi tag-cod-rutier\">\n<div class=\"featured-image\"><a href=\"https:\/\/analyse.optim.biz\/wp-content\/uploads\/2026\/01\/sofer-agresiv.jpg\" class=\"image-popup\"><img decoding=\"async\" width=\"700\" height=\"445\" src=\"https:\/\/analyse.optim.biz\/wp-content\/uploads\/2026\/01\/sofer-agresiv-700x445-1.jpg\" class=\"attachment-colormag-featured-image size-colormag-featured-image wp-post-image\" loading=\"lazy\" title=\"sofer-agresiv-700x445-1\"><\/a><\/div>\n<div class=\"article-content clearfix\">\n<div class=\"above-entry-meta\"><span class=\"cat-links\"><a href=\"http:\/\/www.ziaruldevaslui.ro\/national\/\" rel=\"category tag\">Na\u021bional<\/a>\u00a0<a href=\"http:\/\/www.ziaruldevaslui.ro\/recomandate\/\" rel=\"category tag\">RECOMANDATE<\/a>\u00a0<\/span><\/div>\n<header class=\"entry-header\">\n<h1 class=\"entry-title\">\n\t\t\t\tSanc\u0163iuni mai mari pentru \u015foferii agresivi\t\t\t<\/h1>\n<\/header>\n<div class=\"below-entry-meta\"><span class=\"posted-on\"><a href=\"http:\/\/www.ziaruldevaslui.ro\/sanctiuni-mai-mari-pentru-soferii-agresivi\/\" title=\"21:01\" rel=\"bookmark\"><time class=\"entry-date published updated\" datetime=\"2016-01-04T21:01:23+02:00\">4 ianuarie 2016<\/time><\/a><\/span><span class=\"byline\"><span class=\"author vcard\"><a class=\"url fn n\" href=\"http:\/\/www.ziaruldevaslui.ro\/author\/rodan-mihai\/\" title=\"Mihai Rodan\"><br \/>\n\t\t\t\t\t\tMihai Rodan\t\t\t\t\t<\/a><\/span><\/span><span class=\"comments\"><a href=\"http:\/\/www.ziaruldevaslui.ro\/sanctiuni-mai-mari-pentru-soferii-agresivi\/#respond\"> Niciun comentariu<\/a><\/span><span class=\"tag-links\"><a href=\"http:\/\/www.ziaruldevaslui.ro\/tag\/amenzi\/\" rel=\"tag\">amenzi<\/a>, <a href=\"http:\/\/www.ziaruldevaslui.ro\/tag\/cod-rutier\/\" rel=\"tag\">cod rutier<\/a><\/span><\/div>\n<div class=\"entry-content clearfix\">\n<div id=\"stcpDiv\">\nParlamentarii vor s\u0103 modifice din nou Codul Rutier. \u00cei au \u00een vedere pe \u015foferii agresivi \u00een trafic, din cauza c\u0103rora se produc cele mai multe accidente rutiere. Ei vor fi sanc\u0163iona\u0163i mai aspru, cu amenzi de p\u00e2n\u0103 la 1.000 de lei \u015fi chiar re\u0163inerea permisului pentru dou\u0103 luni.<br \/>\nDac\u0103 noua lege va intra \u00een vigoare \u00een forma propus\u0103, comportamentele agresive din trafic vor fi aspru sanc\u0163ionate. Vor pl\u0103ti scump \u015fi \u015foferii care demareaz\u0103 cu scr\u00e2\u015fnit de ro\u0163i, claxoneaz\u0103 \u00een mod repetat sau schimb\u0103 succesiv benzile pentru dep\u0103\u015firea coloanelor. A\u015fa cum face \u015foferul gr\u0103bit din imagini.<br \/>\nComportamentul agresiv \u00een trafic ar putea fi pedepsit cu amenzi \u00eentre 750 \u015fi 1.000 de lei.<br \/>\nProiectul con\u0163ine \u015fi o prevedere extrem de important\u0103: de acum ar putea fi tra\u015fi la r\u0103spundere \u015fi administratorii de drumuri dac\u0103 nu men\u0163in \u015foselele sigure pentru trafic.<br \/>\nSunt propunerile la care au lucrat 40 de parlamentari de la PSD, PNL \u015fi PC, poli\u0163i\u015fti de la Rutier\u0103 \u015fi transportatori.Proiectul de lege a fost depus la Senat \u015fi urmeaz\u0103 s\u0103 intre \u00een dezbatere.<\/div>\n<div>Sigur este c\u0103, de la 1 mai, punctul de amend\u0103 cre\u015fte la 125 de lei, pentru c\u0103 se majoreaz\u0103 salariul minim pe economie\n<\/div>\n<aside class=\"mashsb-container mashsb-main \">\n<div class=\"mashsb-box\">\n<div class=\"mashsb-count mash-medium\">\n<div class=\"counts mashsbcount\">3<\/div>\n<p><span class=\"mashsb-sharetext\">SHARES<\/span><\/div>\n<div class=\"mashsb-buttons\"><a class=\"mashicon-facebook mash-medium mashsb-noshadow\" href=\"https:\/\/www.facebook.com\/sharer.php?u=http%3A%2F%2Fwww.ziaruldevaslui.ro%2Fsanctiuni-mai-mari-pentru-soferii-agresivi%2F\" target=\"_top\" rel=\"nofollow\"><span class=\"text\">Share\u00a0pe\u00a0facebook<\/span><\/a><a class=\"mashicon-twitter mash-medium mashsb-noshadow\" href=\"https:\/\/twitter.com\/intent\/tweet?text=Sanc%C5%A3iuni%20mai%20mari%20pentru%20%C5%9Foferii%20agresivi&amp;url=http:\/\/www.ziaruldevaslui.ro\/?p=1363\" target=\"_top\" rel=\"nofollow\"><span class=\"text\">Share\u00a0pe\u00a0twitter<\/span><\/a><\/div>\n<\/div>\n<\/aside>\n<\/div>\n<\/div>\n<\/article>\n<div class=\"article-content clearfix\">\n<div class=\"above-entry-meta\"><span class=\"cat-links\"><a href=\"http:\/\/www.ziaruldevaslui.ro\/national\/\" rel=\"category tag\">Na\u021bional<\/a>\u00a0<a href=\"http:\/\/www.ziaruldevaslui.ro\/recomandate\/\" rel=\"category tag\">RECOMANDATE<\/a>\u00a0<\/span><\/div>\n<header class=\"entry-header\">\n<h1 class=\"entry-title\">\n\t\t\t\tSanc\u0163iuni mai mari pentru \u015foferii agresivi\t\t\t<\/h1>\n<\/header>\n<div class=\"below-entry-meta\"><span class=\"posted-on\"><a href=\"http:\/\/www.ziaruldevaslui.ro\/sanctiuni-mai-mari-pentru-soferii-agresivi\/\" title=\"21:01\" rel=\"bookmark\"><time class=\"entry-date published updated\" datetime=\"2016-01-04T21:01:23+02:00\">4 ianuarie 2016<\/time><\/a><\/span><span class=\"byline\"><span class=\"author vcard\"><a class=\"url fn n\" href=\"http:\/\/www.ziaruldevaslui.ro\/author\/rodan-mihai\/\" title=\"Mihai Rodan\"><br \/>\n\t\t\t\t\t\tMihai Rodan\t\t\t\t\t<\/a><\/span><\/span><span class=\"comments\"><a href=\"http:\/\/www.ziaruldevaslui.ro\/sanctiuni-mai-mari-pentru-soferii-agresivi\/#respond\"> Niciun comentariu<\/a><\/span><span class=\"tag-links\"><a href=\"http:\/\/www.ziaruldevaslui.ro\/tag\/amenzi\/\" rel=\"tag\">amenzi<\/a>, <a href=\"http:\/\/www.ziaruldevaslui.ro\/tag\/cod-rutier\/\" rel=\"tag\">cod rutier<\/a><\/span><\/div>\n<div class=\"entry-content clearfix\">\n<div id=\"stcpDiv\">\nParlamentarii vor s\u0103 modifice din nou Codul Rutier. \u00cei au \u00een vedere pe \u015foferii agresivi \u00een trafic, din cauza c\u0103rora se produc cele mai multe accidente rutiere. Ei vor fi sanc\u0163iona\u0163i mai aspru, cu amenzi de p\u00e2n\u0103 la 1.000 de lei \u015fi chiar re\u0163inerea permisului pentru dou\u0103 luni.<br \/>\nDac\u0103 noua lege va intra \u00een vigoare \u00een forma propus\u0103, comportamentele agresive din trafic vor fi aspru sanc\u0163ionate. Vor pl\u0103ti scump \u015fi \u015foferii care demareaz\u0103 cu scr\u00e2\u015fnit de ro\u0163i, claxoneaz\u0103 \u00een mod repetat sau schimb\u0103 succesiv benzile pentru dep\u0103\u015firea coloanelor. A\u015fa cum face \u015foferul gr\u0103bit din imagini.<br \/>\nComportamentul agresiv \u00een trafic ar putea fi pedepsit cu amenzi \u00eentre 750 \u015fi 1.000 de lei.<br \/>\nProiectul con\u0163ine \u015fi o prevedere extrem de important\u0103: de acum ar putea fi tra\u015fi la r\u0103spundere \u015fi administratorii de drumuri dac\u0103 nu men\u0163in \u015foselele sigure pentru trafic.<br \/>\nSunt propunerile la care au lucrat 40 de parlamentari de la PSD, PNL \u015fi PC, poli\u0163i\u015fti de la Rutier\u0103 \u015fi transportatori.Proiectul de lege a fost depus la Senat \u015fi urmeaz\u0103 s\u0103 intre \u00een dezbatere.<\/div>\n<div>Sigur este c\u0103, de la 1 mai, punctul de amend\u0103 cre\u015fte la 125 de lei, pentru c\u0103 se majoreaz\u0103 salariul minim pe economie\n<\/div>\n<aside class=\"mashsb-container mashsb-main \">\n<div class=\"mashsb-box\">\n<div class=\"mashsb-count mash-medium\">\n<div class=\"counts mashsbcount\">3<\/div>\n<p><span class=\"mashsb-sharetext\">SHARES<\/span><\/div>\n<div class=\"mashsb-buttons\"><a class=\"mashicon-facebook mash-medium mashsb-noshadow\" href=\"https:\/\/www.facebook.com\/sharer.php?u=http%3A%2F%2Fwww.ziaruldevaslui.ro%2Fsanctiuni-mai-mari-pentru-soferii-agresivi%2F\" target=\"_top\" rel=\"nofollow\"><span class=\"text\">Share\u00a0pe\u00a0facebook<\/span><\/a><a class=\"mashicon-twitter mash-medium mashsb-noshadow\" href=\"https:\/\/twitter.com\/intent\/tweet?text=Sanc%C5%A3iuni%20mai%20mari%20pentru%20%C5%9Foferii%20agresivi&amp;url=http:\/\/www.ziaruldevaslui.ro\/?p=1363\" target=\"_top\" rel=\"nofollow\"><span class=\"text\">Share\u00a0pe\u00a0twitter<\/span><\/a><\/div>\n<\/div>\n<\/aside>\n<\/div>\n<\/div>\n<div class=\"entry-content clearfix\">\n<div id=\"stcpDiv\">\nParlamentarii vor s\u0103 modifice din nou Codul Rutier. \u00cei au \u00een vedere pe \u015foferii agresivi \u00een trafic, din cauza c\u0103rora se produc cele mai multe accidente rutiere. Ei vor fi sanc\u0163iona\u0163i mai aspru, cu amenzi de p\u00e2n\u0103 la 1.000 de lei \u015fi chiar re\u0163inerea permisului pentru dou\u0103 luni.<br \/>\nDac\u0103 noua lege va intra \u00een vigoare \u00een forma propus\u0103, comportamentele agresive din trafic vor fi aspru sanc\u0163ionate. Vor pl\u0103ti scump \u015fi \u015foferii care demareaz\u0103 cu scr\u00e2\u015fnit de ro\u0163i, claxoneaz\u0103 \u00een mod repetat sau schimb\u0103 succesiv benzile pentru dep\u0103\u015firea coloanelor. A\u015fa cum face \u015foferul gr\u0103bit din imagini.<br \/>\nComportamentul agresiv \u00een trafic ar putea fi pedepsit cu amenzi \u00eentre 750 \u015fi 1.000 de lei.<br \/>\nProiectul con\u0163ine \u015fi o prevedere extrem de important\u0103: de acum ar putea fi tra\u015fi la r\u0103spundere \u015fi administratorii de drumuri dac\u0103 nu men\u0163in \u015foselele sigure pentru trafic.<br \/>\nSunt propunerile la care au lucrat 40 de parlamentari de la PSD, PNL \u015fi PC, poli\u0163i\u015fti de la Rutier\u0103 \u015fi transportatori.Proiectul de lege a fost depus la Senat \u015fi urmeaz\u0103 s\u0103 intre \u00een dezbatere.<\/div>\n<div>Sigur este c\u0103, de la 1 mai, punctul de amend\u0103 cre\u015fte la 125 de lei, pentru c\u0103 se majoreaz\u0103 salariul minim pe economie\n<\/div>\n<aside class=\"mashsb-container mashsb-main \">\n<div class=\"mashsb-box\">\n<div class=\"mashsb-count mash-medium\">\n<div class=\"counts mashsbcount\">3<\/div>\n<p><span class=\"mashsb-sharetext\">SHARES<\/span><\/div>\n<div class=\"mashsb-buttons\"><a class=\"mashicon-facebook mash-medium mashsb-noshadow\" href=\"https:\/\/www.facebook.com\/sharer.php?u=http%3A%2F%2Fwww.ziaruldevaslui.ro%2Fsanctiuni-mai-mari-pentru-soferii-agresivi%2F\" target=\"_top\" rel=\"nofollow\"><span class=\"text\">Share\u00a0pe\u00a0facebook<\/span><\/a><a class=\"mashicon-twitter mash-medium mashsb-noshadow\" href=\"https:\/\/twitter.com\/intent\/tweet?text=Sanc%C5%A3iuni%20mai%20mari%20pentru%20%C5%9Foferii%20agresivi&amp;url=http:\/\/www.ziaruldevaslui.ro\/?p=1363\" target=\"_top\" rel=\"nofollow\"><span class=\"text\">Share\u00a0pe\u00a0twitter<\/span><\/a><\/div>\n<\/div>\n<\/aside>\n<\/div>\n<div class=\"article-content\">\n<h3 class=\"entry-title\"><a href=\"http:\/\/www.ziaruldevaslui.ro\/un-nou-episod-de-iarna-cu-viscol-si-ninsori-in-judetul-vaslui\/\" rel=\"bookmark\" title=\"Un nou episod de iarn\u0103, cu viscol \u0219i ninsori, \u00een jude\u021bul Vaslui\"><br \/>\n\t\t\t\t\t\t\t\tUn nou episod de iarn\u0103, cu viscol \u0219i ninsori, \u00een jude\u021bul Vaslui\t\t\t\t\t\t\t<\/a><\/h3>\n<div class=\"below-entry-meta\"><span class=\"posted-on\"><a href=\"http:\/\/www.ziaruldevaslui.ro\/un-nou-episod-de-iarna-cu-viscol-si-ninsori-in-judetul-vaslui\/\" title=\"11:55\" rel=\"bookmark\"><time class=\"entry-date published updated\" datetime=\"2018-03-23T11:55:12+02:00\">23 martie 2018<\/time><\/a><\/span><span class=\"byline\"><span class=\"author vcard\"><a class=\"url fn n\" href=\"http:\/\/www.ziaruldevaslui.ro\/author\/admin\/\" title=\"Ziarul de Vaslui\"><br \/>\n\t\t\t\t\t\tZiarul de Vaslui\t\t\t\t\t<\/a><\/span><\/span><span class=\"comments\"><a href=\"http:\/\/www.ziaruldevaslui.ro\/un-nou-episod-de-iarna-cu-viscol-si-ninsori-in-judetul-vaslui\/#respond\">0<\/a><\/span><\/div>\n<\/div>\n<div class=\"article-content\">\n<h3 class=\"entry-title\"><a href=\"http:\/\/www.ziaruldevaslui.ro\/tir-incarcat-cu-motorina-lovit-de-un-autoturism\/\" rel=\"bookmark\" title=\"TIR \u00eenc\u0103rcat cu motorin\u0103, lovit de un autoturism\"><br \/>\n\t\t\t\t\t\t\t\tTIR \u00eenc\u0103rcat cu motorin\u0103, lovit de un autoturism\t\t\t\t\t\t\t<\/a><\/h3>\n<div class=\"below-entry-meta\"><span class=\"posted-on\"><a href=\"http:\/\/www.ziaruldevaslui.ro\/tir-incarcat-cu-motorina-lovit-de-un-autoturism\/\" title=\"18:39\" rel=\"bookmark\"><time class=\"entry-date published updated\" datetime=\"2021-02-18T18:39:54+02:00\">18 februarie 2021<\/time><\/a><\/span><span class=\"byline\"><span class=\"author vcard\"><a class=\"url fn n\" href=\"http:\/\/www.ziaruldevaslui.ro\/author\/admin\/\" title=\"Ziarul de Vaslui\"><br \/>\n\t\t\t\t\t\tZiarul de Vaslui\t\t\t\t\t<\/a><\/span><\/span><\/div>\n<\/div>\n<div class=\"article-content\">\n<h3 class=\"entry-title\"><a href=\"http:\/\/www.ziaruldevaslui.ro\/filme-de-exceptie-la-happy-cinema-vaslui-in-perioada-9-15-decembrie\/\" rel=\"bookmark\" title=\"Filme de excep\u021bie la Happy Cinema Vaslui, \u00een perioada 9-15 decembrie\"><br \/>\n\t\t\t\t\t\t\t\tFilme de excep\u021bie la Happy Cinema Vaslui, \u00een perioada 9-15 decembrie\t\t\t\t\t\t\t<\/a><\/h3>\n<div class=\"below-entry-meta\"><span class=\"posted-on\"><a href=\"http:\/\/www.ziaruldevaslui.ro\/filme-de-exceptie-la-happy-cinema-vaslui-in-perioada-9-15-decembrie\/\" title=\"18:12\" rel=\"bookmark\"><time class=\"entry-date published\" datetime=\"2022-12-09T18:12:09+02:00\">9 decembrie 2022<\/time><time class=\"updated\" datetime=\"2022-12-09T18:12:11+02:00\">9 decembrie 2022<\/time><\/a><\/span><span class=\"byline\"><span class=\"author vcard\"><a class=\"url fn n\" href=\"http:\/\/www.ziaruldevaslui.ro\/author\/admin\/\" title=\"Ziarul de Vaslui\"><br \/>\n\t\t\t\t\t\tZiarul de Vaslui\t\t\t\t\t<\/a><\/span><\/span><\/div>\n<\/div>\n<div class=\"article-content\">\n<div class=\"above-entry-meta\"><span class=\"cat-links\"><a href=\"http:\/\/www.ziaruldevaslui.ro\/local\/\" rel=\"category tag\">Local<\/a>\u00a0<a href=\"http:\/\/www.ziaruldevaslui.ro\/tabloul-principal\/\" rel=\"category tag\">NOUT\u0102\u021aI<\/a>\u00a0<a href=\"http:\/\/www.ziaruldevaslui.ro\/opinii\/\" rel=\"category tag\">Opinii<\/a>\u00a0<\/span><\/div>\n<h3 class=\"entry-title\"><a href=\"http:\/\/www.ziaruldevaslui.ro\/stand-up-comedy-cu-ionel-sandu-de-la-aur-spatiile-pentru-copiii-cu-autism-sunt-bazaconii\/\" title=\"Stand Up Comedy cu Ionel Sandu, candidat AUR: spa\u021biile pentru copiii cu autism sunt \u201ebazaconii\u201d\"><br \/>\n\t\t\t\tStand Up Comedy cu Ionel Sandu, candidat AUR: spa\u021biile pentru copiii cu autism sunt \u201ebazaconii\u201d\t\t\t<\/a><\/h3>\n<div class=\"below-entry-meta\"><span class=\"posted-on\"><a href=\"http:\/\/www.ziaruldevaslui.ro\/stand-up-comedy-cu-ionel-sandu-de-la-aur-spatiile-pentru-copiii-cu-autism-sunt-bazaconii\/\" title=\"22:46\" rel=\"bookmark\"><time class=\"entry-date published\" datetime=\"2024-03-14T22:46:43+02:00\">14 martie 2024<\/time><time class=\"updated\" datetime=\"2024-03-15T08:54:58+02:00\">15 martie 2024<\/time><\/a><\/span><span class=\"byline\"><span class=\"author vcard\"><a class=\"url fn n\" href=\"http:\/\/www.ziaruldevaslui.ro\/author\/admin\/\" title=\"Ziarul de Vaslui\"><br \/>\n\t\t\t\t\tZiarul de Vaslui\t\t\t\t<\/a><\/span><\/span><\/div>\n<div class=\"entry-content\">\n<p>Ini\u021bial am crezut c\u0103 Ionel Sandu s-a apucat de Stand Up Comedy. Cu afacerile nu st\u0103 extraordinar, cu politica nici<\/p>\n<\/div>\n<\/div>\n<div class=\"entry-content\">\n<p>Ini\u021bial am crezut c\u0103 Ionel Sandu s-a apucat de Stand Up Comedy. Cu afacerile nu st\u0103 extraordinar, cu politica nici<\/p>\n<\/div>\n<div class=\"article-content\">\n<div class=\"above-entry-meta\"><span class=\"cat-links\"><a href=\"http:\/\/www.ziaruldevaslui.ro\/literatura\/\" rel=\"category tag\">Literatur\u0103<\/a>\u00a0<a href=\"http:\/\/www.ziaruldevaslui.ro\/magazin\/\" rel=\"category tag\">Magazin<\/a>\u00a0<a href=\"http:\/\/www.ziaruldevaslui.ro\/opinii\/\" rel=\"category tag\">Opinii<\/a>\u00a0<\/span><\/div>\n<h3 class=\"entry-title\"><a href=\"http:\/\/www.ziaruldevaslui.ro\/pledoarie-pentru-o-carte-pe-zi\/\" title=\"Pledoarie pentru \u2026 o carte pe zi\"><br \/>\n\t\t\t\tPledoarie pentru \u2026 o carte pe zi\t\t\t<\/a><\/h3>\n<div class=\"below-entry-meta\"><span class=\"posted-on\"><a href=\"http:\/\/www.ziaruldevaslui.ro\/pledoarie-pentru-o-carte-pe-zi\/\" title=\"09:48\" rel=\"bookmark\"><time class=\"entry-date published\" datetime=\"2021-11-13T09:48:23+02:00\">13 noiembrie 2021<\/time><time class=\"updated\" datetime=\"2022-05-04T20:22:06+02:00\">4 mai 2022<\/time><\/a><\/span><span class=\"byline\"><span class=\"author vcard\"><a class=\"url fn n\" href=\"http:\/\/www.ziaruldevaslui.ro\/author\/admin\/\" title=\"Ziarul de Vaslui\"><br \/>\n\t\t\t\t\tZiarul de Vaslui\t\t\t\t<\/a><\/span><\/span><\/div>\n<\/div>\n<div class=\"article-content\">\n<div class=\"above-entry-meta\"><span class=\"cat-links\"><a href=\"http:\/\/www.ziaruldevaslui.ro\/local\/\" rel=\"category tag\">Local<\/a>\u00a0<a href=\"http:\/\/www.ziaruldevaslui.ro\/tabloul-principal\/\" rel=\"category tag\">NOUT\u0102\u021aI<\/a>\u00a0<a href=\"http:\/\/www.ziaruldevaslui.ro\/oameni-si-locuri\/\" rel=\"category tag\">Oameni si locuri<\/a>\u00a0<a href=\"http:\/\/www.ziaruldevaslui.ro\/opinii\/\" rel=\"category tag\">Opinii<\/a>\u00a0<\/span><\/div>\n<h3 class=\"entry-title\"><a href=\"http:\/\/www.ziaruldevaslui.ro\/vasluianca-madalina-tudorache-admisa-ca-doctorand-la-oxford-interviu\/\" title=\"Vasluianca M\u0103d\u0103lina Tudorache, admis\u0103 ca doctorand la Oxford\"><br \/>\n\t\t\t\tVasluianca M\u0103d\u0103lina Tudorache, admis\u0103 ca doctorand la Oxford\t\t\t<\/a><\/h3>\n<div class=\"below-entry-meta\"><span class=\"posted-on\"><a href=\"http:\/\/www.ziaruldevaslui.ro\/vasluianca-madalina-tudorache-admisa-ca-doctorand-la-oxford-interviu\/\" title=\"09:24\" rel=\"bookmark\"><time class=\"entry-date published\" datetime=\"2020-07-21T09:24:55+02:00\">21 iulie 2020<\/time><time class=\"updated\" datetime=\"2021-12-15T08:32:02+02:00\">15 decembrie 2021<\/time><\/a><\/span><span class=\"byline\"><span class=\"author vcard\"><a class=\"url fn n\" href=\"http:\/\/www.ziaruldevaslui.ro\/author\/admin\/\" title=\"Ziarul de Vaslui\"><br \/>\n\t\t\t\t\tZiarul de Vaslui\t\t\t\t<\/a><\/span><\/span><\/div>\n<\/div>\n<div class=\"article-content\">\n<div class=\"above-entry-meta\"><span class=\"cat-links\"><a href=\"http:\/\/www.ziaruldevaslui.ro\/local\/\" rel=\"category tag\">Local<\/a>\u00a0<a href=\"http:\/\/www.ziaruldevaslui.ro\/tabloul-principal\/\" rel=\"category tag\">NOUT\u0102\u021aI<\/a>\u00a0<a href=\"http:\/\/www.ziaruldevaslui.ro\/oameni-si-locuri\/\" rel=\"category tag\">Oameni si locuri<\/a>\u00a0<a href=\"http:\/\/www.ziaruldevaslui.ro\/opinii\/\" rel=\"category tag\">Opinii<\/a>\u00a0<\/span><\/div>\n<h3 class=\"entry-title\"><a href=\"http:\/\/www.ziaruldevaslui.ro\/manifestul-unui-eleve-de-clasa-a-12-a-din-vaslui-cel-mai-mare-vis-al-nostru-era-sa-imbracam-roba\/\" title=\"Manifestul unei eleve de clasa a 12-a din Vaslui: \u201eCel mai mare vis al nostru era s\u0103 \u00eembr\u0103c\u0103m roba\u201d\"><br \/>\n\t\t\t\tManifestul unei eleve de clasa a 12-a din Vaslui: \u201eCel mai mare vis al nostru era s\u0103 \u00eembr\u0103c\u0103m roba\u201d\t\t\t<\/a><\/h3>\n<div class=\"below-entry-meta\"><span class=\"posted-on\"><a href=\"http:\/\/www.ziaruldevaslui.ro\/manifestul-unui-eleve-de-clasa-a-12-a-din-vaslui-cel-mai-mare-vis-al-nostru-era-sa-imbracam-roba\/\" title=\"21:33\" rel=\"bookmark\"><time class=\"entry-date published\" datetime=\"2020-05-02T21:33:04+02:00\">2 mai 2020<\/time><time class=\"updated\" datetime=\"2020-05-03T18:03:27+02:00\">3 mai 2020<\/time><\/a><\/span><span class=\"byline\"><span class=\"author vcard\"><a class=\"url fn n\" href=\"http:\/\/www.ziaruldevaslui.ro\/author\/admin\/\" title=\"Ziarul de Vaslui\"><br \/>\n\t\t\t\t\tZiarul de Vaslui\t\t\t\t<\/a><\/span><\/span><\/div>\n<\/div>\n<p> Source URL: http:\/\/www.ziaruldevaslui.ro\/sanctiuni-mai-mari-pentru-soferii-agresivi\/<\/p>\n","protected":false},"excerpt":{"rendered":"<p>Na\u021bional\u00a0RECOMANDATE\u00a0 Sanc\u0163iuni mai mari pentru \u015foferii agresivi 4 ianuarie 2016 Mihai Rodan Niciun comentariuamenzi, cod rutier Parlamentarii vor s\u0103 modifice din nou Codul Rutier. \u00cei au \u00een vedere pe \u015foferii agresivi \u00een trafic, din cauza c\u0103rora se produc cele mai multe accidente rutiere. Ei vor fi sanc\u0163iona\u0163i mai aspru, cu amenzi de p\u00e2n\u0103 la 1.000 [&hellip;]<\/p>\n","protected":false},"author":1,"featured_media":1533999,"comment_status":"open","ping_status":"","sticky":false,"template":"","format":"standard","meta":{"footnotes":""},"categories":[89],"tags":[218],"class_list":["post-1533998","post","type-post","status-publish","format-standard","has-post-thumbnail","hentry","category-romania","tag-ziaruldevaslui-ro"],"_links":{"self":[{"href":"https:\/\/analyse.optim.biz\/index.php?rest_route=\/wp\/v2\/posts\/1533998","targetHints":{"allow":["GET"]}}],"collection":[{"href":"https:\/\/analyse.optim.biz\/index.php?rest_route=\/wp\/v2\/posts"}],"about":[{"href":"https:\/\/analyse.optim.biz\/index.php?rest_route=\/wp\/v2\/types\/post"}],"author":[{"embeddable":true,"href":"https:\/\/analyse.optim.biz\/index.php?rest_route=\/wp\/v2\/users\/1"}],"replies":[{"embeddable":true,"href":"https:\/\/analyse.optim.biz\/index.php?rest_route=%2Fwp%2Fv2%2Fcomments&post=1533998"}],"version-history":[{"count":0,"href":"https:\/\/analyse.optim.biz\/index.php?rest_route=\/wp\/v2\/posts\/1533998\/revisions"}],"wp:featuredmedia":[{"embeddable":true,"href":"https:\/\/analyse.optim.biz\/index.php?rest_route=\/wp\/v2\/media\/1533999"}],"wp:attachment":[{"href":"https:\/\/analyse.optim.biz\/index.php?rest_route=%2Fwp%2Fv2%2Fmedia&parent=1533998"}],"wp:term":[{"taxonomy":"category","embeddable":true,"href":"https:\/\/analyse.optim.biz\/index.php?rest_route=%2Fwp%2Fv2%2Fcategories&post=1533998"},{"taxonomy":"post_tag","embeddable":true,"href":"https:\/\/analyse.optim.biz\/index.php?rest_route=%2Fwp%2Fv2%2Ftags&post=1533998"}],"curies":[{"name":"wp","href":"https:\/\/api.w.org\/{rel}","templated":true}]}}