{"id":1533989,"date":"2016-01-04T19:20:41","date_gmt":"2016-01-04T16:20:41","guid":{"rendered":"https:\/\/analyse.optim.biz\/?p=1533989"},"modified":"2016-01-04T19:20:41","modified_gmt":"2016-01-04T16:20:41","slug":"pentru-ce-vor-salarii-mari-peste-30-de-senatori-nu-au-avut-nicio-declaratie-politica","status":"publish","type":"post","link":"https:\/\/analyse.optim.biz\/?p=1533989","title":{"rendered":"Pentru ce vor salarii mari: peste 30 de senatori nu au avut nicio declara\u021bie politic\u0103"},"content":{"rendered":"<article id=\"post-1366\" class=\"post-1366 post type-post status-publish format-standard has-post-thumbnail hentry category-national category-recomandate\">\n<div class=\"featured-image\"><a href=\"https:\/\/analyse.optim.biz\/wp-content\/uploads\/2026\/01\/agerpres_4960637-655x435-2.jpg\" class=\"image-popup\"><img decoding=\"async\" width=\"655\" height=\"435\" src=\"https:\/\/analyse.optim.biz\/wp-content\/uploads\/2026\/01\/agerpres_4960637-655x435-2.jpg\" class=\"attachment-colormag-featured-image size-colormag-featured-image wp-post-image\" loading=\"lazy\" title=\"agerpres_4960637-655x435-2\"><\/a><\/div>\n<div class=\"article-content clearfix\">\n<div class=\"above-entry-meta\"><span class=\"cat-links\"><a href=\"http:\/\/www.ziaruldevaslui.ro\/national\/\" rel=\"category tag\">Na\u021bional<\/a>\u00a0<a href=\"http:\/\/www.ziaruldevaslui.ro\/recomandate\/\" rel=\"category tag\">RECOMANDATE<\/a>\u00a0<\/span><\/div>\n<header class=\"entry-header\">\n<h1 class=\"entry-title\">\n\t\t\t\tPentru ce vor salarii mari: peste 30 de senatori nu au avut nicio declara\u021bie politic\u0103\t\t\t<\/h1>\n<\/header>\n<div class=\"below-entry-meta\"><span class=\"posted-on\"><a href=\"http:\/\/www.ziaruldevaslui.ro\/pentru-ce-vor-salarii-mari-peste-30-de-senatori-nu-au-avut-nicio-declaratie-politica\/\" title=\"21:20\" rel=\"bookmark\"><time class=\"entry-date published\" datetime=\"2016-01-04T21:20:41+02:00\">4 ianuarie 2016<\/time><time class=\"updated\" datetime=\"2016-01-04T22:12:36+02:00\">4 ianuarie 2016<\/time><\/a><\/span><span class=\"byline\"><span class=\"author vcard\"><a class=\"url fn n\" href=\"http:\/\/www.ziaruldevaslui.ro\/author\/rodan-mihai\/\" title=\"Mihai Rodan\"><br \/>\n\t\t\t\t\t\tMihai Rodan\t\t\t\t\t<\/a><\/span><\/span><span class=\"comments\"><a href=\"http:\/\/www.ziaruldevaslui.ro\/pentru-ce-vor-salarii-mari-peste-30-de-senatori-nu-au-avut-nicio-declaratie-politica\/#respond\"> Niciun comentariu<\/a><\/span><\/div>\n<div class=\"entry-content clearfix\">\n<p>O parte din ale\u0219ii neamului \u0219i-au ob\u021binut lefurile f\u0103r\u0103 a depune nici un efort, unii chiar nici nu binevoiesc s\u0103 se deplaseze la locul de munc\u0103. Unul dintre cei mai cunoscu\u021bi chiulangii este chiar fostul lider liberal, Crin Antonescu.<br \/>\nUn num\u0103r de 34 de senatori nu au depus \u00een 2015 nicio interpelare, \u00eentrebare sau declara\u0163ie politic\u0103, potrivit datelor publicate pe site-ul Senatului, printre ace\u015ftia figur\u00e2nd Crin Antonescu, Vasile Blaga, Mircea Geoan\u0103 sau Ecaterina Andronescu.<br \/>\nInterpel\u0103rile \u2013 la adresa mini\u015ftrilor \u015fi a premierului \u2013 \u015fi \u00eentreb\u0103rile sunt instrumentele juridice uzuale \u00eentr-un regim parlamentar de control al Parlamentului asupra Executivului. Av\u00e2nd \u00een vedere r\u0103spunderea politic\u0103 a Guvernului fa\u0163\u0103 de Legislativ, \u00eentreb\u0103rile \u015fi interpel\u0103rile sunt demersuri la \u00eendem\u00e2na fiec\u0103rui parlamentar, fiind ac\u0163iuni individuale, spre deosebire de cazul ini\u0163iativelor legislative, c\u00e2nd mai mul\u0163i ale\u015fi \u00ee\u015fi pun semn\u0103tura pe acela\u015fi proiect, de multe ori f\u0103r\u0103 a avea nicio contribu\u0163ie la elaborarea acestuia.<br \/>\nCu toate acestea, mul\u0163i dintre parlamentari aleg s\u0103 nu depun\u0103 nicio \u00eentrebare sau interpelare. Potrivit datelor disponibile pe site-ul Senatului, acesta este cazul cu aproape o treime dintre ei, peste 30 reu\u015find \u201cperforman\u0163a\u201d de a nu depune nici m\u0103car declara\u0163ii politice \u00een 2015.<br \/>\nFostul pre\u015fedinte PNL Crin Antonescu este \u201dcampionul absolut\u201d \u00een anul care a trecut \u2013 el are la activ zero declara\u0163ii politice, interpel\u0103ri, \u00eentreb\u0103ri, nicio luare de cuv\u00e2nt \u015fi niciun proiect de lege ini\u0163iat sau semnat. La r\u00e2ndul s\u0103u, copre\u015fedintele PNL Vasile Blaga figureaz\u0103, pe site-ul Senatului, cu doar 4 lu\u0103ri de cuv\u00e2nt anul trecut. Nici el nu a apelat din decembrie 2012 p\u00e2n\u0103 \u00een prezent la instrumentul interpel\u0103rilor \u015fi \u00eentreb\u0103rilor. El \u015fi-a pus semn\u0103tura pe 9 proiecte de lege anul trecut, al\u0103turi de al\u0163i colegi, potrivit Mediafax.<br \/>\nUnii dintre liberali au fost prea ocupa\u0163i cu problemele pe care le au cu justi\u0163ia pentru a mai avea activitate palamentar\u0103. Este cazul lui Ion Ariton, care are \u00een 2015 are la activ o singur\u0103 luare de cuv\u00e2nt, \u00een februarie, atunci c\u00e2nd s-a dat votul pentru \u00eenceperea urm\u0103rii penale \u00een dosarul \u201dGala Bute\u201d.<br \/>\nPe de alt\u0103 parte, colegii s\u0103i Tudor Chiuariu \u015fi Corneliu Dobritoiu, care au \u015fi ei probleme cu legea, nu au depus nicio declara\u0163ie politic\u0103, \u00eentrebare sau interpelare \u00een tot mandatul. La fel \u015fi Nicolae Neagu, care se poate \u201dl\u0103uda\u201d cu 3 declara\u0163ii politice \u00een 3 ani \u015fi 2 lu\u0103ri de cuv\u00e2nt \u00een plen anul trecut. \u015ei fostul ministru al Muncii Mariana C\u00e2mpeanu nu a depus nicio \u00eentrebare sau interpelare \u00een 2015, av\u00e2nd la activ o singur\u0103 \u00eentrebare \u00een tot mandatul.<br \/>\nSenatorii social-democra\u0163i nu au utilizat aceste instrumente parlamentare \u00een 2015 sunt: Ecaterina Andronescu (care nu a depus \u00eentreb\u0103ri sau interpel\u0103ri \u00een acest mandat, are 3 declara\u0163ii politice depuse \u00een 2013), Neculai Bereanu, Leonard Cad\u0103r, Aurel Duru\u021b (o singur\u0103 luare de cuv\u00e2nt \u00een 2015, zero interpel\u0103ri \u015fi \u00eentreb\u0103ri, o singur\u0103 declara\u0163ie politic\u0103 \u00een acest mandat, \u00een 2013).<br \/>\nC\u0103t\u0103lin Croitoru nu are la nicio interpelare, \u00eentrebare sau declara\u0163ie politic\u0103 \u00een ultimii 3 ani, iar \u00een plen a luat cuv\u00e2ntul de 3 ori anul trecut. Cristian Dumitrescu \u015fi Timotei Stuparu nu au avut nevoie de l\u0103muriri de la Guvern niciodat\u0103 \u00een actualul mandat \u015fi nici declara\u0163ii politice nu au redactat. Dan \u015eova a fost absorbit de problemele cu justi\u0163ia, a\u015fa c\u0103 tot ce a f\u0103cut anul acesta \u00een Senat a fost s\u0103 ia cuv\u00e2ntul \u00een problema dosarelor sale \u015fi s\u0103 \u00ee\u015fi pun\u0103 semn\u0103tura pe 4 proiecte de lege, al\u0103turi de al\u0163i ale\u015fi. Mihnea Costoiu a fost \u00een cea mai mare parte a anului trecut consilier onorific al premierului Victor Ponta, pozi\u0163ie din care nu a considerat necesar s\u0103 semneze interpel\u0103ri, \u00eentreb\u0103ri sau declara\u0163ii politice.<br \/>\n\u00cen cadrul grupului parlamentar Liberal Conservator, tonul este dat de liderul Dumitru Pelican (PC), care are la activ \u00een tot mandatul o singur\u0103 interpelare. Pre\u015fedintele Senatului, C\u0103lin Popescu T\u0103riceanu, nu a utilizat nici el acest instrumente \u00een acest mandat, la fel ca fostul ministru Daniel Barbu (5 interven\u0163ii \u00een plen anul trecut). Anul trecut Varujan Vosganian \u015fi-a pus semn\u0103tura doar pe o declara\u0163ie politic\u0103 \u015fi pe patru proiecte de lege, al\u0103turi de mai mul\u0163i colegi.<br \/>\nPetru Ehegartner nu a depus interpel\u0103ri, \u00eentreb\u0103ri sau declara\u0163ii politice \u00een 2015, \u00een vreme ce Dumitru \u2013 Dian Popescu, senator independent afiliat LC, nu a f\u0103cut aceste demersuri tot mandatul.<br \/>\n\u00cen cadrul grupului parlamentar al UDMR ignorarea acestor demersuri pare s\u0103 fie mai degrab\u0103 regula. Kl\u00e1rik L\u00e1szl\u00f3-Attila a depus o singur\u0103 interpelare \u015fi o declara\u0163ie politic\u0103 din decembrie 2012 p\u00e2n\u0103 \u00een prezent, iar L\u00e1szl\u00f3 Attila a semnat o singur\u0103 interpelare \u00een acela\u015fi interval de timp. Marko Bela nu a are nici el la activ nicio \u00eentrebare, interpelare sau declara\u0163ie politic\u0103 \u00een acest mandat, la fel ca Pataki Csaba \u015fi Verestoy Attila.<br \/>\nLa UNPR, Florina Jip\u0103 nu a semnat nicio interpelare, \u00eentrebare sau declara\u0163ie politic\u0103 \u00een acest mandat, la fel ca Ilie N\u0103stase. Ion Purec este autorul unei interpel\u0103ri \u015fi a unei declara\u0163ii politice \u00een trei ani.<br \/>\nPrintre independen\u0163i, Tudor Barbu (afiliat grupului PNL) nu a depus \u00een ultimele 12 luni nicio \u00eentrebare, interpelare sau declara\u0163ie politic\u0103, \u00een vreme ce Dan-Aurel Ioni\u0163\u0103, ales pe listele PP-DD, are acela\u015fi bilan\u0163 \u015fi doar o singur\u0103 luare de cuv\u00e2nt \u00een plen. Alfred Lauren\u0163iu Antonio Mihai \u015fi fostul social-democrat Dan T\u0103taru nu au depus nicio interpelare, \u00eentrebarea sau declara\u0163ie politic\u0103 \u00een ultimii 3 ani, timp \u00een care au luat cuv\u00e2ntul \u00een plen doar de c\u00e2te 3 ori.<br \/>\nNici Mircea Geoan\u0103 nu a considerat necesar s\u0103 depun\u0103 declara\u0163ii politice, \u00eentreb\u0103ri sau interpel\u0103ri \u00een acest mandat.<br \/>\nUnii senatori au depus doar declara\u0163ii politice \u00een anul care s-a \u00eencheiat \u2013 este cazul senatorilor liberali Petru Filip, Puiu Ha\u015fotti, Iulian Dumitrescu, Viorel Riceard Badea, Dorin P\u0103ran, Eugen \u0162apu, to\u0163i de la PNL. Lor li se al\u0103tur\u0103 Marius Coste, Petru Fr\u0103tean, Victor Mocanu, \u015etefan Radu Oprea, Florian Popa, Georgic\u0103 Severin, Constantin T\u0103mag\u0103, de la PSD \u015fi Octavian Bumbu, Ioan Iovescu, Ion Toma de la UNPR, \u00eempreun\u0103 cu Mircea Banias, Mihai Ni\u0163\u0103 de la PC.<br \/>\nAstfel, aproape o treime dintre senatori nu au apelat la instrumentul interpel\u0103rilor \u015fi \u00eentreb\u0103rilor \u00een 2015.<br \/>\nDe asemenea, un num\u0103r \u00eensemnat de senatori au f\u0103cut \u00een anul care a trecut mai pu\u0163in de 5 astfel de demersuri. Liberalul Teodor Atanasiu, de pild\u0103, are o singur\u0103 interpelare \u00een 2015, singura din \u00eentreg mandatul.<br \/>\nLa polul activ, cei mai activi senatori la acest capitol sunt liberalii Alin Ti\u015fe, Marin Cotescu, Gavril\u0103 Ghilea \u015fi social-democratul Alexandru Cordo\u015f.<\/p>\n<aside class=\"mashsb-container mashsb-main \">\n<div class=\"mashsb-box\">\n<div class=\"mashsb-count mash-medium\">\n<div class=\"counts mashsbcount\">3<\/div>\n<p><span class=\"mashsb-sharetext\">SHARES<\/span><\/div>\n<div class=\"mashsb-buttons\"><a class=\"mashicon-facebook mash-medium mashsb-noshadow\" href=\"https:\/\/www.facebook.com\/sharer.php?u=http%3A%2F%2Fwww.ziaruldevaslui.ro%2Fpentru-ce-vor-salarii-mari-peste-30-de-senatori-nu-au-avut-nicio-declaratie-politica%2F\" target=\"_top\" rel=\"nofollow\"><span class=\"text\">Share\u00a0pe\u00a0facebook<\/span><\/a><a class=\"mashicon-twitter mash-medium mashsb-noshadow\" href=\"https:\/\/twitter.com\/intent\/tweet?text=Pentru%20ce%20vor%20salarii%20mari%3A%20peste%2030%20de%20senatori%20nu%20au%20avut%20nicio%20declara%C8%9Bie%20politic%C4%83&amp;url=http:\/\/www.ziaruldevaslui.ro\/?p=1366\" target=\"_top\" rel=\"nofollow\"><span class=\"text\">Share\u00a0pe\u00a0twitter<\/span><\/a><\/div>\n<\/div>\n<\/aside>\n<\/div>\n<\/div>\n<\/article>\n<div class=\"article-content clearfix\">\n<div class=\"above-entry-meta\"><span class=\"cat-links\"><a href=\"http:\/\/www.ziaruldevaslui.ro\/national\/\" rel=\"category tag\">Na\u021bional<\/a>\u00a0<a href=\"http:\/\/www.ziaruldevaslui.ro\/recomandate\/\" rel=\"category tag\">RECOMANDATE<\/a>\u00a0<\/span><\/div>\n<header class=\"entry-header\">\n<h1 class=\"entry-title\">\n\t\t\t\tPentru ce vor salarii mari: peste 30 de senatori nu au avut nicio declara\u021bie politic\u0103\t\t\t<\/h1>\n<\/header>\n<div class=\"below-entry-meta\"><span class=\"posted-on\"><a href=\"http:\/\/www.ziaruldevaslui.ro\/pentru-ce-vor-salarii-mari-peste-30-de-senatori-nu-au-avut-nicio-declaratie-politica\/\" title=\"21:20\" rel=\"bookmark\"><time class=\"entry-date published\" datetime=\"2016-01-04T21:20:41+02:00\">4 ianuarie 2016<\/time><time class=\"updated\" datetime=\"2016-01-04T22:12:36+02:00\">4 ianuarie 2016<\/time><\/a><\/span><span class=\"byline\"><span class=\"author vcard\"><a class=\"url fn n\" href=\"http:\/\/www.ziaruldevaslui.ro\/author\/rodan-mihai\/\" title=\"Mihai Rodan\"><br \/>\n\t\t\t\t\t\tMihai Rodan\t\t\t\t\t<\/a><\/span><\/span><span class=\"comments\"><a href=\"http:\/\/www.ziaruldevaslui.ro\/pentru-ce-vor-salarii-mari-peste-30-de-senatori-nu-au-avut-nicio-declaratie-politica\/#respond\"> Niciun comentariu<\/a><\/span><\/div>\n<div class=\"entry-content clearfix\">\n<p>O parte din ale\u0219ii neamului \u0219i-au ob\u021binut lefurile f\u0103r\u0103 a depune nici un efort, unii chiar nici nu binevoiesc s\u0103 se deplaseze la locul de munc\u0103. Unul dintre cei mai cunoscu\u021bi chiulangii este chiar fostul lider liberal, Crin Antonescu.<br \/>\nUn num\u0103r de 34 de senatori nu au depus \u00een 2015 nicio interpelare, \u00eentrebare sau declara\u0163ie politic\u0103, potrivit datelor publicate pe site-ul Senatului, printre ace\u015ftia figur\u00e2nd Crin Antonescu, Vasile Blaga, Mircea Geoan\u0103 sau Ecaterina Andronescu.<br \/>\nInterpel\u0103rile \u2013 la adresa mini\u015ftrilor \u015fi a premierului \u2013 \u015fi \u00eentreb\u0103rile sunt instrumentele juridice uzuale \u00eentr-un regim parlamentar de control al Parlamentului asupra Executivului. Av\u00e2nd \u00een vedere r\u0103spunderea politic\u0103 a Guvernului fa\u0163\u0103 de Legislativ, \u00eentreb\u0103rile \u015fi interpel\u0103rile sunt demersuri la \u00eendem\u00e2na fiec\u0103rui parlamentar, fiind ac\u0163iuni individuale, spre deosebire de cazul ini\u0163iativelor legislative, c\u00e2nd mai mul\u0163i ale\u015fi \u00ee\u015fi pun semn\u0103tura pe acela\u015fi proiect, de multe ori f\u0103r\u0103 a avea nicio contribu\u0163ie la elaborarea acestuia.<br \/>\nCu toate acestea, mul\u0163i dintre parlamentari aleg s\u0103 nu depun\u0103 nicio \u00eentrebare sau interpelare. Potrivit datelor disponibile pe site-ul Senatului, acesta este cazul cu aproape o treime dintre ei, peste 30 reu\u015find \u201cperforman\u0163a\u201d de a nu depune nici m\u0103car declara\u0163ii politice \u00een 2015.<br \/>\nFostul pre\u015fedinte PNL Crin Antonescu este \u201dcampionul absolut\u201d \u00een anul care a trecut \u2013 el are la activ zero declara\u0163ii politice, interpel\u0103ri, \u00eentreb\u0103ri, nicio luare de cuv\u00e2nt \u015fi niciun proiect de lege ini\u0163iat sau semnat. La r\u00e2ndul s\u0103u, copre\u015fedintele PNL Vasile Blaga figureaz\u0103, pe site-ul Senatului, cu doar 4 lu\u0103ri de cuv\u00e2nt anul trecut. Nici el nu a apelat din decembrie 2012 p\u00e2n\u0103 \u00een prezent la instrumentul interpel\u0103rilor \u015fi \u00eentreb\u0103rilor. El \u015fi-a pus semn\u0103tura pe 9 proiecte de lege anul trecut, al\u0103turi de al\u0163i colegi, potrivit Mediafax.<br \/>\nUnii dintre liberali au fost prea ocupa\u0163i cu problemele pe care le au cu justi\u0163ia pentru a mai avea activitate palamentar\u0103. Este cazul lui Ion Ariton, care are \u00een 2015 are la activ o singur\u0103 luare de cuv\u00e2nt, \u00een februarie, atunci c\u00e2nd s-a dat votul pentru \u00eenceperea urm\u0103rii penale \u00een dosarul \u201dGala Bute\u201d.<br \/>\nPe de alt\u0103 parte, colegii s\u0103i Tudor Chiuariu \u015fi Corneliu Dobritoiu, care au \u015fi ei probleme cu legea, nu au depus nicio declara\u0163ie politic\u0103, \u00eentrebare sau interpelare \u00een tot mandatul. La fel \u015fi Nicolae Neagu, care se poate \u201dl\u0103uda\u201d cu 3 declara\u0163ii politice \u00een 3 ani \u015fi 2 lu\u0103ri de cuv\u00e2nt \u00een plen anul trecut. \u015ei fostul ministru al Muncii Mariana C\u00e2mpeanu nu a depus nicio \u00eentrebare sau interpelare \u00een 2015, av\u00e2nd la activ o singur\u0103 \u00eentrebare \u00een tot mandatul.<br \/>\nSenatorii social-democra\u0163i nu au utilizat aceste instrumente parlamentare \u00een 2015 sunt: Ecaterina Andronescu (care nu a depus \u00eentreb\u0103ri sau interpel\u0103ri \u00een acest mandat, are 3 declara\u0163ii politice depuse \u00een 2013), Neculai Bereanu, Leonard Cad\u0103r, Aurel Duru\u021b (o singur\u0103 luare de cuv\u00e2nt \u00een 2015, zero interpel\u0103ri \u015fi \u00eentreb\u0103ri, o singur\u0103 declara\u0163ie politic\u0103 \u00een acest mandat, \u00een 2013).<br \/>\nC\u0103t\u0103lin Croitoru nu are la nicio interpelare, \u00eentrebare sau declara\u0163ie politic\u0103 \u00een ultimii 3 ani, iar \u00een plen a luat cuv\u00e2ntul de 3 ori anul trecut. Cristian Dumitrescu \u015fi Timotei Stuparu nu au avut nevoie de l\u0103muriri de la Guvern niciodat\u0103 \u00een actualul mandat \u015fi nici declara\u0163ii politice nu au redactat. Dan \u015eova a fost absorbit de problemele cu justi\u0163ia, a\u015fa c\u0103 tot ce a f\u0103cut anul acesta \u00een Senat a fost s\u0103 ia cuv\u00e2ntul \u00een problema dosarelor sale \u015fi s\u0103 \u00ee\u015fi pun\u0103 semn\u0103tura pe 4 proiecte de lege, al\u0103turi de al\u0163i ale\u015fi. Mihnea Costoiu a fost \u00een cea mai mare parte a anului trecut consilier onorific al premierului Victor Ponta, pozi\u0163ie din care nu a considerat necesar s\u0103 semneze interpel\u0103ri, \u00eentreb\u0103ri sau declara\u0163ii politice.<br \/>\n\u00cen cadrul grupului parlamentar Liberal Conservator, tonul este dat de liderul Dumitru Pelican (PC), care are la activ \u00een tot mandatul o singur\u0103 interpelare. Pre\u015fedintele Senatului, C\u0103lin Popescu T\u0103riceanu, nu a utilizat nici el acest instrumente \u00een acest mandat, la fel ca fostul ministru Daniel Barbu (5 interven\u0163ii \u00een plen anul trecut). Anul trecut Varujan Vosganian \u015fi-a pus semn\u0103tura doar pe o declara\u0163ie politic\u0103 \u015fi pe patru proiecte de lege, al\u0103turi de mai mul\u0163i colegi.<br \/>\nPetru Ehegartner nu a depus interpel\u0103ri, \u00eentreb\u0103ri sau declara\u0163ii politice \u00een 2015, \u00een vreme ce Dumitru \u2013 Dian Popescu, senator independent afiliat LC, nu a f\u0103cut aceste demersuri tot mandatul.<br \/>\n\u00cen cadrul grupului parlamentar al UDMR ignorarea acestor demersuri pare s\u0103 fie mai degrab\u0103 regula. Kl\u00e1rik L\u00e1szl\u00f3-Attila a depus o singur\u0103 interpelare \u015fi o declara\u0163ie politic\u0103 din decembrie 2012 p\u00e2n\u0103 \u00een prezent, iar L\u00e1szl\u00f3 Attila a semnat o singur\u0103 interpelare \u00een acela\u015fi interval de timp. Marko Bela nu a are nici el la activ nicio \u00eentrebare, interpelare sau declara\u0163ie politic\u0103 \u00een acest mandat, la fel ca Pataki Csaba \u015fi Verestoy Attila.<br \/>\nLa UNPR, Florina Jip\u0103 nu a semnat nicio interpelare, \u00eentrebare sau declara\u0163ie politic\u0103 \u00een acest mandat, la fel ca Ilie N\u0103stase. Ion Purec este autorul unei interpel\u0103ri \u015fi a unei declara\u0163ii politice \u00een trei ani.<br \/>\nPrintre independen\u0163i, Tudor Barbu (afiliat grupului PNL) nu a depus \u00een ultimele 12 luni nicio \u00eentrebare, interpelare sau declara\u0163ie politic\u0103, \u00een vreme ce Dan-Aurel Ioni\u0163\u0103, ales pe listele PP-DD, are acela\u015fi bilan\u0163 \u015fi doar o singur\u0103 luare de cuv\u00e2nt \u00een plen. Alfred Lauren\u0163iu Antonio Mihai \u015fi fostul social-democrat Dan T\u0103taru nu au depus nicio interpelare, \u00eentrebarea sau declara\u0163ie politic\u0103 \u00een ultimii 3 ani, timp \u00een care au luat cuv\u00e2ntul \u00een plen doar de c\u00e2te 3 ori.<br \/>\nNici Mircea Geoan\u0103 nu a considerat necesar s\u0103 depun\u0103 declara\u0163ii politice, \u00eentreb\u0103ri sau interpel\u0103ri \u00een acest mandat.<br \/>\nUnii senatori au depus doar declara\u0163ii politice \u00een anul care s-a \u00eencheiat \u2013 este cazul senatorilor liberali Petru Filip, Puiu Ha\u015fotti, Iulian Dumitrescu, Viorel Riceard Badea, Dorin P\u0103ran, Eugen \u0162apu, to\u0163i de la PNL. Lor li se al\u0103tur\u0103 Marius Coste, Petru Fr\u0103tean, Victor Mocanu, \u015etefan Radu Oprea, Florian Popa, Georgic\u0103 Severin, Constantin T\u0103mag\u0103, de la PSD \u015fi Octavian Bumbu, Ioan Iovescu, Ion Toma de la UNPR, \u00eempreun\u0103 cu Mircea Banias, Mihai Ni\u0163\u0103 de la PC.<br \/>\nAstfel, aproape o treime dintre senatori nu au apelat la instrumentul interpel\u0103rilor \u015fi \u00eentreb\u0103rilor \u00een 2015.<br \/>\nDe asemenea, un num\u0103r \u00eensemnat de senatori au f\u0103cut \u00een anul care a trecut mai pu\u0163in de 5 astfel de demersuri. Liberalul Teodor Atanasiu, de pild\u0103, are o singur\u0103 interpelare \u00een 2015, singura din \u00eentreg mandatul.<br \/>\nLa polul activ, cei mai activi senatori la acest capitol sunt liberalii Alin Ti\u015fe, Marin Cotescu, Gavril\u0103 Ghilea \u015fi social-democratul Alexandru Cordo\u015f.<\/p>\n<aside class=\"mashsb-container mashsb-main \">\n<div class=\"mashsb-box\">\n<div class=\"mashsb-count mash-medium\">\n<div class=\"counts mashsbcount\">3<\/div>\n<p><span class=\"mashsb-sharetext\">SHARES<\/span><\/div>\n<div class=\"mashsb-buttons\"><a class=\"mashicon-facebook mash-medium mashsb-noshadow\" href=\"https:\/\/www.facebook.com\/sharer.php?u=http%3A%2F%2Fwww.ziaruldevaslui.ro%2Fpentru-ce-vor-salarii-mari-peste-30-de-senatori-nu-au-avut-nicio-declaratie-politica%2F\" target=\"_top\" rel=\"nofollow\"><span class=\"text\">Share\u00a0pe\u00a0facebook<\/span><\/a><a class=\"mashicon-twitter mash-medium mashsb-noshadow\" href=\"https:\/\/twitter.com\/intent\/tweet?text=Pentru%20ce%20vor%20salarii%20mari%3A%20peste%2030%20de%20senatori%20nu%20au%20avut%20nicio%20declara%C8%9Bie%20politic%C4%83&amp;url=http:\/\/www.ziaruldevaslui.ro\/?p=1366\" target=\"_top\" rel=\"nofollow\"><span class=\"text\">Share\u00a0pe\u00a0twitter<\/span><\/a><\/div>\n<\/div>\n<\/aside>\n<\/div>\n<\/div>\n<div class=\"entry-content clearfix\">\n<p>O parte din ale\u0219ii neamului \u0219i-au ob\u021binut lefurile f\u0103r\u0103 a depune nici un efort, unii chiar nici nu binevoiesc s\u0103 se deplaseze la locul de munc\u0103. Unul dintre cei mai cunoscu\u021bi chiulangii este chiar fostul lider liberal, Crin Antonescu.<br \/>\nUn num\u0103r de 34 de senatori nu au depus \u00een 2015 nicio interpelare, \u00eentrebare sau declara\u0163ie politic\u0103, potrivit datelor publicate pe site-ul Senatului, printre ace\u015ftia figur\u00e2nd Crin Antonescu, Vasile Blaga, Mircea Geoan\u0103 sau Ecaterina Andronescu.<br \/>\nInterpel\u0103rile \u2013 la adresa mini\u015ftrilor \u015fi a premierului \u2013 \u015fi \u00eentreb\u0103rile sunt instrumentele juridice uzuale \u00eentr-un regim parlamentar de control al Parlamentului asupra Executivului. Av\u00e2nd \u00een vedere r\u0103spunderea politic\u0103 a Guvernului fa\u0163\u0103 de Legislativ, \u00eentreb\u0103rile \u015fi interpel\u0103rile sunt demersuri la \u00eendem\u00e2na fiec\u0103rui parlamentar, fiind ac\u0163iuni individuale, spre deosebire de cazul ini\u0163iativelor legislative, c\u00e2nd mai mul\u0163i ale\u015fi \u00ee\u015fi pun semn\u0103tura pe acela\u015fi proiect, de multe ori f\u0103r\u0103 a avea nicio contribu\u0163ie la elaborarea acestuia.<br \/>\nCu toate acestea, mul\u0163i dintre parlamentari aleg s\u0103 nu depun\u0103 nicio \u00eentrebare sau interpelare. Potrivit datelor disponibile pe site-ul Senatului, acesta este cazul cu aproape o treime dintre ei, peste 30 reu\u015find \u201cperforman\u0163a\u201d de a nu depune nici m\u0103car declara\u0163ii politice \u00een 2015.<br \/>\nFostul pre\u015fedinte PNL Crin Antonescu este \u201dcampionul absolut\u201d \u00een anul care a trecut \u2013 el are la activ zero declara\u0163ii politice, interpel\u0103ri, \u00eentreb\u0103ri, nicio luare de cuv\u00e2nt \u015fi niciun proiect de lege ini\u0163iat sau semnat. La r\u00e2ndul s\u0103u, copre\u015fedintele PNL Vasile Blaga figureaz\u0103, pe site-ul Senatului, cu doar 4 lu\u0103ri de cuv\u00e2nt anul trecut. Nici el nu a apelat din decembrie 2012 p\u00e2n\u0103 \u00een prezent la instrumentul interpel\u0103rilor \u015fi \u00eentreb\u0103rilor. El \u015fi-a pus semn\u0103tura pe 9 proiecte de lege anul trecut, al\u0103turi de al\u0163i colegi, potrivit Mediafax.<br \/>\nUnii dintre liberali au fost prea ocupa\u0163i cu problemele pe care le au cu justi\u0163ia pentru a mai avea activitate palamentar\u0103. Este cazul lui Ion Ariton, care are \u00een 2015 are la activ o singur\u0103 luare de cuv\u00e2nt, \u00een februarie, atunci c\u00e2nd s-a dat votul pentru \u00eenceperea urm\u0103rii penale \u00een dosarul \u201dGala Bute\u201d.<br \/>\nPe de alt\u0103 parte, colegii s\u0103i Tudor Chiuariu \u015fi Corneliu Dobritoiu, care au \u015fi ei probleme cu legea, nu au depus nicio declara\u0163ie politic\u0103, \u00eentrebare sau interpelare \u00een tot mandatul. La fel \u015fi Nicolae Neagu, care se poate \u201dl\u0103uda\u201d cu 3 declara\u0163ii politice \u00een 3 ani \u015fi 2 lu\u0103ri de cuv\u00e2nt \u00een plen anul trecut. \u015ei fostul ministru al Muncii Mariana C\u00e2mpeanu nu a depus nicio \u00eentrebare sau interpelare \u00een 2015, av\u00e2nd la activ o singur\u0103 \u00eentrebare \u00een tot mandatul.<br \/>\nSenatorii social-democra\u0163i nu au utilizat aceste instrumente parlamentare \u00een 2015 sunt: Ecaterina Andronescu (care nu a depus \u00eentreb\u0103ri sau interpel\u0103ri \u00een acest mandat, are 3 declara\u0163ii politice depuse \u00een 2013), Neculai Bereanu, Leonard Cad\u0103r, Aurel Duru\u021b (o singur\u0103 luare de cuv\u00e2nt \u00een 2015, zero interpel\u0103ri \u015fi \u00eentreb\u0103ri, o singur\u0103 declara\u0163ie politic\u0103 \u00een acest mandat, \u00een 2013).<br \/>\nC\u0103t\u0103lin Croitoru nu are la nicio interpelare, \u00eentrebare sau declara\u0163ie politic\u0103 \u00een ultimii 3 ani, iar \u00een plen a luat cuv\u00e2ntul de 3 ori anul trecut. Cristian Dumitrescu \u015fi Timotei Stuparu nu au avut nevoie de l\u0103muriri de la Guvern niciodat\u0103 \u00een actualul mandat \u015fi nici declara\u0163ii politice nu au redactat. Dan \u015eova a fost absorbit de problemele cu justi\u0163ia, a\u015fa c\u0103 tot ce a f\u0103cut anul acesta \u00een Senat a fost s\u0103 ia cuv\u00e2ntul \u00een problema dosarelor sale \u015fi s\u0103 \u00ee\u015fi pun\u0103 semn\u0103tura pe 4 proiecte de lege, al\u0103turi de al\u0163i ale\u015fi. Mihnea Costoiu a fost \u00een cea mai mare parte a anului trecut consilier onorific al premierului Victor Ponta, pozi\u0163ie din care nu a considerat necesar s\u0103 semneze interpel\u0103ri, \u00eentreb\u0103ri sau declara\u0163ii politice.<br \/>\n\u00cen cadrul grupului parlamentar Liberal Conservator, tonul este dat de liderul Dumitru Pelican (PC), care are la activ \u00een tot mandatul o singur\u0103 interpelare. Pre\u015fedintele Senatului, C\u0103lin Popescu T\u0103riceanu, nu a utilizat nici el acest instrumente \u00een acest mandat, la fel ca fostul ministru Daniel Barbu (5 interven\u0163ii \u00een plen anul trecut). Anul trecut Varujan Vosganian \u015fi-a pus semn\u0103tura doar pe o declara\u0163ie politic\u0103 \u015fi pe patru proiecte de lege, al\u0103turi de mai mul\u0163i colegi.<br \/>\nPetru Ehegartner nu a depus interpel\u0103ri, \u00eentreb\u0103ri sau declara\u0163ii politice \u00een 2015, \u00een vreme ce Dumitru \u2013 Dian Popescu, senator independent afiliat LC, nu a f\u0103cut aceste demersuri tot mandatul.<br \/>\n\u00cen cadrul grupului parlamentar al UDMR ignorarea acestor demersuri pare s\u0103 fie mai degrab\u0103 regula. Kl\u00e1rik L\u00e1szl\u00f3-Attila a depus o singur\u0103 interpelare \u015fi o declara\u0163ie politic\u0103 din decembrie 2012 p\u00e2n\u0103 \u00een prezent, iar L\u00e1szl\u00f3 Attila a semnat o singur\u0103 interpelare \u00een acela\u015fi interval de timp. Marko Bela nu a are nici el la activ nicio \u00eentrebare, interpelare sau declara\u0163ie politic\u0103 \u00een acest mandat, la fel ca Pataki Csaba \u015fi Verestoy Attila.<br \/>\nLa UNPR, Florina Jip\u0103 nu a semnat nicio interpelare, \u00eentrebare sau declara\u0163ie politic\u0103 \u00een acest mandat, la fel ca Ilie N\u0103stase. Ion Purec este autorul unei interpel\u0103ri \u015fi a unei declara\u0163ii politice \u00een trei ani.<br \/>\nPrintre independen\u0163i, Tudor Barbu (afiliat grupului PNL) nu a depus \u00een ultimele 12 luni nicio \u00eentrebare, interpelare sau declara\u0163ie politic\u0103, \u00een vreme ce Dan-Aurel Ioni\u0163\u0103, ales pe listele PP-DD, are acela\u015fi bilan\u0163 \u015fi doar o singur\u0103 luare de cuv\u00e2nt \u00een plen. Alfred Lauren\u0163iu Antonio Mihai \u015fi fostul social-democrat Dan T\u0103taru nu au depus nicio interpelare, \u00eentrebarea sau declara\u0163ie politic\u0103 \u00een ultimii 3 ani, timp \u00een care au luat cuv\u00e2ntul \u00een plen doar de c\u00e2te 3 ori.<br \/>\nNici Mircea Geoan\u0103 nu a considerat necesar s\u0103 depun\u0103 declara\u0163ii politice, \u00eentreb\u0103ri sau interpel\u0103ri \u00een acest mandat.<br \/>\nUnii senatori au depus doar declara\u0163ii politice \u00een anul care s-a \u00eencheiat \u2013 este cazul senatorilor liberali Petru Filip, Puiu Ha\u015fotti, Iulian Dumitrescu, Viorel Riceard Badea, Dorin P\u0103ran, Eugen \u0162apu, to\u0163i de la PNL. Lor li se al\u0103tur\u0103 Marius Coste, Petru Fr\u0103tean, Victor Mocanu, \u015etefan Radu Oprea, Florian Popa, Georgic\u0103 Severin, Constantin T\u0103mag\u0103, de la PSD \u015fi Octavian Bumbu, Ioan Iovescu, Ion Toma de la UNPR, \u00eempreun\u0103 cu Mircea Banias, Mihai Ni\u0163\u0103 de la PC.<br \/>\nAstfel, aproape o treime dintre senatori nu au apelat la instrumentul interpel\u0103rilor \u015fi \u00eentreb\u0103rilor \u00een 2015.<br \/>\nDe asemenea, un num\u0103r \u00eensemnat de senatori au f\u0103cut \u00een anul care a trecut mai pu\u0163in de 5 astfel de demersuri. Liberalul Teodor Atanasiu, de pild\u0103, are o singur\u0103 interpelare \u00een 2015, singura din \u00eentreg mandatul.<br \/>\nLa polul activ, cei mai activi senatori la acest capitol sunt liberalii Alin Ti\u015fe, Marin Cotescu, Gavril\u0103 Ghilea \u015fi social-democratul Alexandru Cordo\u015f.<\/p>\n<aside class=\"mashsb-container mashsb-main \">\n<div class=\"mashsb-box\">\n<div class=\"mashsb-count mash-medium\">\n<div class=\"counts mashsbcount\">3<\/div>\n<p><span class=\"mashsb-sharetext\">SHARES<\/span><\/div>\n<div class=\"mashsb-buttons\"><a class=\"mashicon-facebook mash-medium mashsb-noshadow\" href=\"https:\/\/www.facebook.com\/sharer.php?u=http%3A%2F%2Fwww.ziaruldevaslui.ro%2Fpentru-ce-vor-salarii-mari-peste-30-de-senatori-nu-au-avut-nicio-declaratie-politica%2F\" target=\"_top\" rel=\"nofollow\"><span class=\"text\">Share\u00a0pe\u00a0facebook<\/span><\/a><a class=\"mashicon-twitter mash-medium mashsb-noshadow\" href=\"https:\/\/twitter.com\/intent\/tweet?text=Pentru%20ce%20vor%20salarii%20mari%3A%20peste%2030%20de%20senatori%20nu%20au%20avut%20nicio%20declara%C8%9Bie%20politic%C4%83&amp;url=http:\/\/www.ziaruldevaslui.ro\/?p=1366\" target=\"_top\" rel=\"nofollow\"><span class=\"text\">Share\u00a0pe\u00a0twitter<\/span><\/a><\/div>\n<\/div>\n<\/aside>\n<\/div>\n<div class=\"article-content\">\n<h3 class=\"entry-title\"><a href=\"http:\/\/www.ziaruldevaslui.ro\/recomandari-de-la-politie-pentru-o-mini-vacana-in-siguranta\/\" rel=\"bookmark\" title=\"Recomand\u0103ri de la Poli\u021bie, pentru o mini-vacan\u0103 \u00een siguran\u021b\u0103\"><br \/>\n\t\t\t\t\t\t\t\tRecomand\u0103ri de la Poli\u021bie, pentru o mini-vacan\u0103 \u00een siguran\u021b\u0103\t\t\t\t\t\t\t<\/a><\/h3>\n<div class=\"below-entry-meta\"><span class=\"posted-on\"><a href=\"http:\/\/www.ziaruldevaslui.ro\/recomandari-de-la-politie-pentru-o-mini-vacana-in-siguranta\/\" title=\"20:27\" rel=\"bookmark\"><time class=\"entry-date published updated\" datetime=\"2020-01-23T20:27:45+02:00\">23 ianuarie 2020<\/time><\/a><\/span><span class=\"byline\"><span class=\"author vcard\"><a class=\"url fn n\" href=\"http:\/\/www.ziaruldevaslui.ro\/author\/admin\/\" title=\"Ziarul de Vaslui\"><br \/>\n\t\t\t\t\t\tZiarul de Vaslui\t\t\t\t\t<\/a><\/span><\/span><\/div>\n<\/div>\n<div class=\"article-content\">\n<h3 class=\"entry-title\"><a href=\"http:\/\/www.ziaruldevaslui.ro\/politia-vaslui-controale-de-amploare-in-centre-comerciale-piete-si-pe-terase\/\" rel=\"bookmark\" title=\"Poli\u021bia Vaslui: Controale de amploare \u00een centre comerciale, pie\u021be \u0219i pe terase\"><br \/>\n\t\t\t\t\t\t\t\tPoli\u021bia Vaslui: Controale de amploare \u00een centre comerciale, pie\u021be \u0219i pe terase\t\t\t\t\t\t\t<\/a><\/h3>\n<div class=\"below-entry-meta\"><span class=\"posted-on\"><a href=\"http:\/\/www.ziaruldevaslui.ro\/politia-vaslui-controale-de-amploare-in-centre-comerciale-piete-si-pe-terase\/\" title=\"06:48\" rel=\"bookmark\"><time class=\"entry-date published\" datetime=\"2020-07-27T06:48:42+02:00\">27 iulie 2020<\/time><time class=\"updated\" datetime=\"2020-07-27T06:50:40+02:00\">27 iulie 2020<\/time><\/a><\/span><span class=\"byline\"><span class=\"author vcard\"><a class=\"url fn n\" href=\"http:\/\/www.ziaruldevaslui.ro\/author\/admin\/\" title=\"Ziarul de Vaslui\"><br \/>\n\t\t\t\t\t\tZiarul de Vaslui\t\t\t\t\t<\/a><\/span><\/span><\/div>\n<\/div>\n<div class=\"article-content\">\n<h3 class=\"entry-title\"><a href=\"http:\/\/www.ziaruldevaslui.ro\/anunt-das-vaslui\/\" rel=\"bookmark\" title=\"Anun\u021b DAS  Vaslui\"><br \/>\n\t\t\t\t\t\t\t\tAnun\u021b DAS  Vaslui\t\t\t\t\t\t\t<\/a><\/h3>\n<div class=\"below-entry-meta\"><span class=\"posted-on\"><a href=\"http:\/\/www.ziaruldevaslui.ro\/anunt-das-vaslui\/\" title=\"12:15\" rel=\"bookmark\"><time class=\"entry-date published\" datetime=\"2022-06-17T12:15:44+02:00\">17 iunie 2022<\/time><time class=\"updated\" datetime=\"2022-06-17T12:21:13+02:00\">17 iunie 2022<\/time><\/a><\/span><span class=\"byline\"><span class=\"author vcard\"><a class=\"url fn n\" href=\"http:\/\/www.ziaruldevaslui.ro\/author\/admin\/\" title=\"Ziarul de Vaslui\"><br \/>\n\t\t\t\t\t\tZiarul de Vaslui\t\t\t\t\t<\/a><\/span><\/span><\/div>\n<\/div>\n<div class=\"article-content\">\n<div class=\"above-entry-meta\"><span class=\"cat-links\"><a href=\"http:\/\/www.ziaruldevaslui.ro\/local\/\" rel=\"category tag\">Local<\/a>\u00a0<a href=\"http:\/\/www.ziaruldevaslui.ro\/tabloul-principal\/\" rel=\"category tag\">NOUT\u0102\u021aI<\/a>\u00a0<a href=\"http:\/\/www.ziaruldevaslui.ro\/opinii\/\" rel=\"category tag\">Opinii<\/a>\u00a0<\/span><\/div>\n<h3 class=\"entry-title\"><a href=\"http:\/\/www.ziaruldevaslui.ro\/stand-up-comedy-cu-ionel-sandu-de-la-aur-spatiile-pentru-copiii-cu-autism-sunt-bazaconii\/\" title=\"Stand Up Comedy cu Ionel Sandu, candidat AUR: spa\u021biile pentru copiii cu autism sunt \u201ebazaconii\u201d\"><br \/>\n\t\t\t\tStand Up Comedy cu Ionel Sandu, candidat AUR: spa\u021biile pentru copiii cu autism sunt \u201ebazaconii\u201d\t\t\t<\/a><\/h3>\n<div class=\"below-entry-meta\"><span class=\"posted-on\"><a href=\"http:\/\/www.ziaruldevaslui.ro\/stand-up-comedy-cu-ionel-sandu-de-la-aur-spatiile-pentru-copiii-cu-autism-sunt-bazaconii\/\" title=\"22:46\" rel=\"bookmark\"><time class=\"entry-date published\" datetime=\"2024-03-14T22:46:43+02:00\">14 martie 2024<\/time><time class=\"updated\" datetime=\"2024-03-15T08:54:58+02:00\">15 martie 2024<\/time><\/a><\/span><span class=\"byline\"><span class=\"author vcard\"><a class=\"url fn n\" href=\"http:\/\/www.ziaruldevaslui.ro\/author\/admin\/\" title=\"Ziarul de Vaslui\"><br \/>\n\t\t\t\t\tZiarul de Vaslui\t\t\t\t<\/a><\/span><\/span><\/div>\n<div class=\"entry-content\">\n<p>Ini\u021bial am crezut c\u0103 Ionel Sandu s-a apucat de Stand Up Comedy. Cu afacerile nu st\u0103 extraordinar, cu politica nici<\/p>\n<\/div>\n<\/div>\n<div class=\"entry-content\">\n<p>Ini\u021bial am crezut c\u0103 Ionel Sandu s-a apucat de Stand Up Comedy. Cu afacerile nu st\u0103 extraordinar, cu politica nici<\/p>\n<\/div>\n<div class=\"article-content\">\n<div class=\"above-entry-meta\"><span class=\"cat-links\"><a href=\"http:\/\/www.ziaruldevaslui.ro\/literatura\/\" rel=\"category tag\">Literatur\u0103<\/a>\u00a0<a href=\"http:\/\/www.ziaruldevaslui.ro\/magazin\/\" rel=\"category tag\">Magazin<\/a>\u00a0<a href=\"http:\/\/www.ziaruldevaslui.ro\/opinii\/\" rel=\"category tag\">Opinii<\/a>\u00a0<\/span><\/div>\n<h3 class=\"entry-title\"><a href=\"http:\/\/www.ziaruldevaslui.ro\/pledoarie-pentru-o-carte-pe-zi\/\" title=\"Pledoarie pentru \u2026 o carte pe zi\"><br \/>\n\t\t\t\tPledoarie pentru \u2026 o carte pe zi\t\t\t<\/a><\/h3>\n<div class=\"below-entry-meta\"><span class=\"posted-on\"><a href=\"http:\/\/www.ziaruldevaslui.ro\/pledoarie-pentru-o-carte-pe-zi\/\" title=\"09:48\" rel=\"bookmark\"><time class=\"entry-date published\" datetime=\"2021-11-13T09:48:23+02:00\">13 noiembrie 2021<\/time><time class=\"updated\" datetime=\"2022-05-04T20:22:06+02:00\">4 mai 2022<\/time><\/a><\/span><span class=\"byline\"><span class=\"author vcard\"><a class=\"url fn n\" href=\"http:\/\/www.ziaruldevaslui.ro\/author\/admin\/\" title=\"Ziarul de Vaslui\"><br \/>\n\t\t\t\t\tZiarul de Vaslui\t\t\t\t<\/a><\/span><\/span><\/div>\n<\/div>\n<div class=\"article-content\">\n<div class=\"above-entry-meta\"><span class=\"cat-links\"><a href=\"http:\/\/www.ziaruldevaslui.ro\/local\/\" rel=\"category tag\">Local<\/a>\u00a0<a href=\"http:\/\/www.ziaruldevaslui.ro\/tabloul-principal\/\" rel=\"category tag\">NOUT\u0102\u021aI<\/a>\u00a0<a href=\"http:\/\/www.ziaruldevaslui.ro\/oameni-si-locuri\/\" rel=\"category tag\">Oameni si locuri<\/a>\u00a0<a href=\"http:\/\/www.ziaruldevaslui.ro\/opinii\/\" rel=\"category tag\">Opinii<\/a>\u00a0<\/span><\/div>\n<h3 class=\"entry-title\"><a href=\"http:\/\/www.ziaruldevaslui.ro\/vasluianca-madalina-tudorache-admisa-ca-doctorand-la-oxford-interviu\/\" title=\"Vasluianca M\u0103d\u0103lina Tudorache, admis\u0103 ca doctorand la Oxford\"><br \/>\n\t\t\t\tVasluianca M\u0103d\u0103lina Tudorache, admis\u0103 ca doctorand la Oxford\t\t\t<\/a><\/h3>\n<div class=\"below-entry-meta\"><span class=\"posted-on\"><a href=\"http:\/\/www.ziaruldevaslui.ro\/vasluianca-madalina-tudorache-admisa-ca-doctorand-la-oxford-interviu\/\" title=\"09:24\" rel=\"bookmark\"><time class=\"entry-date published\" datetime=\"2020-07-21T09:24:55+02:00\">21 iulie 2020<\/time><time class=\"updated\" datetime=\"2021-12-15T08:32:02+02:00\">15 decembrie 2021<\/time><\/a><\/span><span class=\"byline\"><span class=\"author vcard\"><a class=\"url fn n\" href=\"http:\/\/www.ziaruldevaslui.ro\/author\/admin\/\" title=\"Ziarul de Vaslui\"><br \/>\n\t\t\t\t\tZiarul de Vaslui\t\t\t\t<\/a><\/span><\/span><\/div>\n<\/div>\n<div class=\"article-content\">\n<div class=\"above-entry-meta\"><span class=\"cat-links\"><a href=\"http:\/\/www.ziaruldevaslui.ro\/local\/\" rel=\"category tag\">Local<\/a>\u00a0<a href=\"http:\/\/www.ziaruldevaslui.ro\/tabloul-principal\/\" rel=\"category tag\">NOUT\u0102\u021aI<\/a>\u00a0<a href=\"http:\/\/www.ziaruldevaslui.ro\/oameni-si-locuri\/\" rel=\"category tag\">Oameni si locuri<\/a>\u00a0<a href=\"http:\/\/www.ziaruldevaslui.ro\/opinii\/\" rel=\"category tag\">Opinii<\/a>\u00a0<\/span><\/div>\n<h3 class=\"entry-title\"><a href=\"http:\/\/www.ziaruldevaslui.ro\/manifestul-unui-eleve-de-clasa-a-12-a-din-vaslui-cel-mai-mare-vis-al-nostru-era-sa-imbracam-roba\/\" title=\"Manifestul unei eleve de clasa a 12-a din Vaslui: \u201eCel mai mare vis al nostru era s\u0103 \u00eembr\u0103c\u0103m roba\u201d\"><br \/>\n\t\t\t\tManifestul unei eleve de clasa a 12-a din Vaslui: \u201eCel mai mare vis al nostru era s\u0103 \u00eembr\u0103c\u0103m roba\u201d\t\t\t<\/a><\/h3>\n<div class=\"below-entry-meta\"><span class=\"posted-on\"><a href=\"http:\/\/www.ziaruldevaslui.ro\/manifestul-unui-eleve-de-clasa-a-12-a-din-vaslui-cel-mai-mare-vis-al-nostru-era-sa-imbracam-roba\/\" title=\"21:33\" rel=\"bookmark\"><time class=\"entry-date published\" datetime=\"2020-05-02T21:33:04+02:00\">2 mai 2020<\/time><time class=\"updated\" datetime=\"2020-05-03T18:03:27+02:00\">3 mai 2020<\/time><\/a><\/span><span class=\"byline\"><span class=\"author vcard\"><a class=\"url fn n\" href=\"http:\/\/www.ziaruldevaslui.ro\/author\/admin\/\" title=\"Ziarul de Vaslui\"><br \/>\n\t\t\t\t\tZiarul de Vaslui\t\t\t\t<\/a><\/span><\/span><\/div>\n<\/div>\n<p> Source URL: http:\/\/www.ziaruldevaslui.ro\/pentru-ce-vor-salarii-mari-peste-30-de-senatori-nu-au-avut-nicio-declaratie-politica\/<\/p>\n","protected":false},"excerpt":{"rendered":"<p>Na\u021bional\u00a0RECOMANDATE\u00a0 Pentru ce vor salarii mari: peste 30 de senatori nu au avut nicio declara\u021bie politic\u0103 4 ianuarie 20164 ianuarie 2016 Mihai Rodan Niciun comentariu O parte din ale\u0219ii neamului \u0219i-au ob\u021binut lefurile f\u0103r\u0103 a depune nici un efort, unii chiar nici nu binevoiesc s\u0103 se deplaseze la locul de munc\u0103. Unul dintre cei mai [&hellip;]<\/p>\n","protected":false},"author":1,"featured_media":1533990,"comment_status":"open","ping_status":"","sticky":false,"template":"","format":"standard","meta":{"footnotes":""},"categories":[89],"tags":[218],"class_list":["post-1533989","post","type-post","status-publish","format-standard","has-post-thumbnail","hentry","category-romania","tag-ziaruldevaslui-ro"],"_links":{"self":[{"href":"https:\/\/analyse.optim.biz\/index.php?rest_route=\/wp\/v2\/posts\/1533989","targetHints":{"allow":["GET"]}}],"collection":[{"href":"https:\/\/analyse.optim.biz\/index.php?rest_route=\/wp\/v2\/posts"}],"about":[{"href":"https:\/\/analyse.optim.biz\/index.php?rest_route=\/wp\/v2\/types\/post"}],"author":[{"embeddable":true,"href":"https:\/\/analyse.optim.biz\/index.php?rest_route=\/wp\/v2\/users\/1"}],"replies":[{"embeddable":true,"href":"https:\/\/analyse.optim.biz\/index.php?rest_route=%2Fwp%2Fv2%2Fcomments&post=1533989"}],"version-history":[{"count":0,"href":"https:\/\/analyse.optim.biz\/index.php?rest_route=\/wp\/v2\/posts\/1533989\/revisions"}],"wp:featuredmedia":[{"embeddable":true,"href":"https:\/\/analyse.optim.biz\/index.php?rest_route=\/wp\/v2\/media\/1533990"}],"wp:attachment":[{"href":"https:\/\/analyse.optim.biz\/index.php?rest_route=%2Fwp%2Fv2%2Fmedia&parent=1533989"}],"wp:term":[{"taxonomy":"category","embeddable":true,"href":"https:\/\/analyse.optim.biz\/index.php?rest_route=%2Fwp%2Fv2%2Fcategories&post=1533989"},{"taxonomy":"post_tag","embeddable":true,"href":"https:\/\/analyse.optim.biz\/index.php?rest_route=%2Fwp%2Fv2%2Ftags&post=1533989"}],"curies":[{"name":"wp","href":"https:\/\/api.w.org\/{rel}","templated":true}]}}