{"id":1533986,"date":"2016-01-04T19:30:43","date_gmt":"2016-01-04T16:30:43","guid":{"rendered":"https:\/\/analyse.optim.biz\/?p=1533986"},"modified":"2016-01-04T19:30:43","modified_gmt":"2016-01-04T16:30:43","slug":"avertisment-important-lansat-de-mae","status":"publish","type":"post","link":"https:\/\/analyse.optim.biz\/?p=1533986","title":{"rendered":"Avertisment important, lansat de MAE"},"content":{"rendered":"<article id=\"post-1369\" class=\"post-1369 post type-post status-publish format-standard has-post-thumbnail hentry category-national category-recomandate\">\n<div class=\"featured-image\"><a href=\"https:\/\/analyse.optim.biz\/wp-content\/uploads\/2026\/01\/mae-1-1.jpg\" class=\"image-popup\"><img decoding=\"async\" width=\"700\" height=\"433\" src=\"https:\/\/analyse.optim.biz\/wp-content\/uploads\/2026\/01\/mae-1-1.jpg\" class=\"attachment-colormag-featured-image size-colormag-featured-image wp-post-image\" loading=\"lazy\" title=\"mae-1-1\"><\/a><\/div>\n<div class=\"article-content clearfix\">\n<div class=\"above-entry-meta\"><span class=\"cat-links\"><a href=\"http:\/\/www.ziaruldevaslui.ro\/national\/\" rel=\"category tag\">Na\u021bional<\/a>\u00a0<a href=\"http:\/\/www.ziaruldevaslui.ro\/recomandate\/\" rel=\"category tag\">RECOMANDATE<\/a>\u00a0<\/span><\/div>\n<header class=\"entry-header\">\n<h1 class=\"entry-title\">\n\t\t\t\tAvertisment important, lansat de MAE\t\t\t<\/h1>\n<\/header>\n<div class=\"below-entry-meta\"><span class=\"posted-on\"><a href=\"http:\/\/www.ziaruldevaslui.ro\/avertisment-important-lansat-de-mae\/\" title=\"21:30\" rel=\"bookmark\"><time class=\"entry-date published\" datetime=\"2016-01-04T21:30:43+02:00\">4 ianuarie 2016<\/time><time class=\"updated\" datetime=\"2016-01-04T22:11:36+02:00\">4 ianuarie 2016<\/time><\/a><\/span><span class=\"byline\"><span class=\"author vcard\"><a class=\"url fn n\" href=\"http:\/\/www.ziaruldevaslui.ro\/author\/rodan-mihai\/\" title=\"Mihai Rodan\"><br \/>\n\t\t\t\t\t\tMihai Rodan\t\t\t\t\t<\/a><\/span><\/span><span class=\"comments\"><a href=\"http:\/\/www.ziaruldevaslui.ro\/avertisment-important-lansat-de-mae\/#respond\"> Niciun comentariu<\/a><\/span><\/div>\n<div class=\"entry-content clearfix\">\n<p>MAE a lansat un avertisment important pentru cei care vor s\u0103 c\u0103l\u0103toreasc\u0103 \u00een Bosnia \u015fi Her\u0163egovina. Autorit\u0103\u0163ile din Bosnia \u015fi Her\u0163egovina anun\u0163\u0103 c\u0103 urmeaz\u0103 s\u0103 ning\u0103 abundent \u00een mai multe zone ale \u0163\u0103rii, dar \u015fi temperaturi extrem de sc\u0103zute care vor favoriza producerea \u00eenghe\u0163ului pe \u015fosele, informeaz\u0103 o aten\u0163ionare de c\u0103l\u0103torie emis\u0103, luni, de Ministerul Afacerilor Externe. Potrivit sursei citate, autoritatea de supraveghere a traficului rutier din Bosnia \u015fi Her\u0163egovina \u2013 BIHAMK \u2013 avertizeaz\u0103 asupra condi\u0163iilor grele de trafic rutier, cu prec\u0103dere \u00een zonele de munte, respectiv pasurile \u015fi trec\u0103torile Ivan (pe ruta Sarajevo-Konjic), Nisici (pe ruta Srednje-Olovo), Rostovo (pe ruta Novi Travnik-Bugojno), Laniste (pe ruta Kljuc-Bosnanski Petrovac), Ostrelj (pe ruta Bosanski Petrovac-Drvar).Se recomand\u0103 folosirea echipamentelor de iarn\u0103 de c\u0103tre to\u0163i participan\u0163ii la trafic, iar pentru tiruri \u015fi ma\u015fini grele este precizat\u0103 obligativitatea folosirii lan\u0163urilor. \u2018MAE recomand\u0103 cet\u0103\u0163enilor rom\u00e2ni care doresc s\u0103 tranziteze Bosnia \u015fi Her\u0163egovina s\u0103 se informeze \u00eenainte de a pleca la drum \u015fi s\u0103 evite pe c\u00e2t posibil zonele men\u0163ionate \u00een urm\u0103toarele 5-7 zile\u2019, precizeaz\u0103 aceea\u015fi surs\u0103.<\/p>\n<aside class=\"mashsb-container mashsb-main \">\n<div class=\"mashsb-box\">\n<div class=\"mashsb-count mash-medium\">\n<div class=\"counts mashsbcount\">1<\/div>\n<p><span class=\"mashsb-sharetext\">SHARES<\/span><\/div>\n<div class=\"mashsb-buttons\"><a class=\"mashicon-facebook mash-medium mashsb-noshadow\" href=\"https:\/\/www.facebook.com\/sharer.php?u=http%3A%2F%2Fwww.ziaruldevaslui.ro%2Favertisment-important-lansat-de-mae%2F\" target=\"_top\" rel=\"nofollow\"><span class=\"text\">Share\u00a0pe\u00a0facebook<\/span><\/a><a class=\"mashicon-twitter mash-medium mashsb-noshadow\" href=\"https:\/\/twitter.com\/intent\/tweet?text=Avertisment%20important%2C%20lansat%20de%20MAE&amp;url=http:\/\/www.ziaruldevaslui.ro\/?p=1369\" target=\"_top\" rel=\"nofollow\"><span class=\"text\">Share\u00a0pe\u00a0twitter<\/span><\/a><\/div>\n<\/div>\n<\/aside>\n<\/div>\n<\/div>\n<\/article>\n<div class=\"article-content clearfix\">\n<div class=\"above-entry-meta\"><span class=\"cat-links\"><a href=\"http:\/\/www.ziaruldevaslui.ro\/national\/\" rel=\"category tag\">Na\u021bional<\/a>\u00a0<a href=\"http:\/\/www.ziaruldevaslui.ro\/recomandate\/\" rel=\"category tag\">RECOMANDATE<\/a>\u00a0<\/span><\/div>\n<header class=\"entry-header\">\n<h1 class=\"entry-title\">\n\t\t\t\tAvertisment important, lansat de MAE\t\t\t<\/h1>\n<\/header>\n<div class=\"below-entry-meta\"><span class=\"posted-on\"><a href=\"http:\/\/www.ziaruldevaslui.ro\/avertisment-important-lansat-de-mae\/\" title=\"21:30\" rel=\"bookmark\"><time class=\"entry-date published\" datetime=\"2016-01-04T21:30:43+02:00\">4 ianuarie 2016<\/time><time class=\"updated\" datetime=\"2016-01-04T22:11:36+02:00\">4 ianuarie 2016<\/time><\/a><\/span><span class=\"byline\"><span class=\"author vcard\"><a class=\"url fn n\" href=\"http:\/\/www.ziaruldevaslui.ro\/author\/rodan-mihai\/\" title=\"Mihai Rodan\"><br \/>\n\t\t\t\t\t\tMihai Rodan\t\t\t\t\t<\/a><\/span><\/span><span class=\"comments\"><a href=\"http:\/\/www.ziaruldevaslui.ro\/avertisment-important-lansat-de-mae\/#respond\"> Niciun comentariu<\/a><\/span><\/div>\n<div class=\"entry-content clearfix\">\n<p>MAE a lansat un avertisment important pentru cei care vor s\u0103 c\u0103l\u0103toreasc\u0103 \u00een Bosnia \u015fi Her\u0163egovina. Autorit\u0103\u0163ile din Bosnia \u015fi Her\u0163egovina anun\u0163\u0103 c\u0103 urmeaz\u0103 s\u0103 ning\u0103 abundent \u00een mai multe zone ale \u0163\u0103rii, dar \u015fi temperaturi extrem de sc\u0103zute care vor favoriza producerea \u00eenghe\u0163ului pe \u015fosele, informeaz\u0103 o aten\u0163ionare de c\u0103l\u0103torie emis\u0103, luni, de Ministerul Afacerilor Externe. Potrivit sursei citate, autoritatea de supraveghere a traficului rutier din Bosnia \u015fi Her\u0163egovina \u2013 BIHAMK \u2013 avertizeaz\u0103 asupra condi\u0163iilor grele de trafic rutier, cu prec\u0103dere \u00een zonele de munte, respectiv pasurile \u015fi trec\u0103torile Ivan (pe ruta Sarajevo-Konjic), Nisici (pe ruta Srednje-Olovo), Rostovo (pe ruta Novi Travnik-Bugojno), Laniste (pe ruta Kljuc-Bosnanski Petrovac), Ostrelj (pe ruta Bosanski Petrovac-Drvar).Se recomand\u0103 folosirea echipamentelor de iarn\u0103 de c\u0103tre to\u0163i participan\u0163ii la trafic, iar pentru tiruri \u015fi ma\u015fini grele este precizat\u0103 obligativitatea folosirii lan\u0163urilor. \u2018MAE recomand\u0103 cet\u0103\u0163enilor rom\u00e2ni care doresc s\u0103 tranziteze Bosnia \u015fi Her\u0163egovina s\u0103 se informeze \u00eenainte de a pleca la drum \u015fi s\u0103 evite pe c\u00e2t posibil zonele men\u0163ionate \u00een urm\u0103toarele 5-7 zile\u2019, precizeaz\u0103 aceea\u015fi surs\u0103.<\/p>\n<aside class=\"mashsb-container mashsb-main \">\n<div class=\"mashsb-box\">\n<div class=\"mashsb-count mash-medium\">\n<div class=\"counts mashsbcount\">1<\/div>\n<p><span class=\"mashsb-sharetext\">SHARES<\/span><\/div>\n<div class=\"mashsb-buttons\"><a class=\"mashicon-facebook mash-medium mashsb-noshadow\" href=\"https:\/\/www.facebook.com\/sharer.php?u=http%3A%2F%2Fwww.ziaruldevaslui.ro%2Favertisment-important-lansat-de-mae%2F\" target=\"_top\" rel=\"nofollow\"><span class=\"text\">Share\u00a0pe\u00a0facebook<\/span><\/a><a class=\"mashicon-twitter mash-medium mashsb-noshadow\" href=\"https:\/\/twitter.com\/intent\/tweet?text=Avertisment%20important%2C%20lansat%20de%20MAE&amp;url=http:\/\/www.ziaruldevaslui.ro\/?p=1369\" target=\"_top\" rel=\"nofollow\"><span class=\"text\">Share\u00a0pe\u00a0twitter<\/span><\/a><\/div>\n<\/div>\n<\/aside>\n<\/div>\n<\/div>\n<div class=\"entry-content clearfix\">\n<p>MAE a lansat un avertisment important pentru cei care vor s\u0103 c\u0103l\u0103toreasc\u0103 \u00een Bosnia \u015fi Her\u0163egovina. Autorit\u0103\u0163ile din Bosnia \u015fi Her\u0163egovina anun\u0163\u0103 c\u0103 urmeaz\u0103 s\u0103 ning\u0103 abundent \u00een mai multe zone ale \u0163\u0103rii, dar \u015fi temperaturi extrem de sc\u0103zute care vor favoriza producerea \u00eenghe\u0163ului pe \u015fosele, informeaz\u0103 o aten\u0163ionare de c\u0103l\u0103torie emis\u0103, luni, de Ministerul Afacerilor Externe. Potrivit sursei citate, autoritatea de supraveghere a traficului rutier din Bosnia \u015fi Her\u0163egovina \u2013 BIHAMK \u2013 avertizeaz\u0103 asupra condi\u0163iilor grele de trafic rutier, cu prec\u0103dere \u00een zonele de munte, respectiv pasurile \u015fi trec\u0103torile Ivan (pe ruta Sarajevo-Konjic), Nisici (pe ruta Srednje-Olovo), Rostovo (pe ruta Novi Travnik-Bugojno), Laniste (pe ruta Kljuc-Bosnanski Petrovac), Ostrelj (pe ruta Bosanski Petrovac-Drvar).Se recomand\u0103 folosirea echipamentelor de iarn\u0103 de c\u0103tre to\u0163i participan\u0163ii la trafic, iar pentru tiruri \u015fi ma\u015fini grele este precizat\u0103 obligativitatea folosirii lan\u0163urilor. \u2018MAE recomand\u0103 cet\u0103\u0163enilor rom\u00e2ni care doresc s\u0103 tranziteze Bosnia \u015fi Her\u0163egovina s\u0103 se informeze \u00eenainte de a pleca la drum \u015fi s\u0103 evite pe c\u00e2t posibil zonele men\u0163ionate \u00een urm\u0103toarele 5-7 zile\u2019, precizeaz\u0103 aceea\u015fi surs\u0103.<\/p>\n<aside class=\"mashsb-container mashsb-main \">\n<div class=\"mashsb-box\">\n<div class=\"mashsb-count mash-medium\">\n<div class=\"counts mashsbcount\">1<\/div>\n<p><span class=\"mashsb-sharetext\">SHARES<\/span><\/div>\n<div class=\"mashsb-buttons\"><a class=\"mashicon-facebook mash-medium mashsb-noshadow\" href=\"https:\/\/www.facebook.com\/sharer.php?u=http%3A%2F%2Fwww.ziaruldevaslui.ro%2Favertisment-important-lansat-de-mae%2F\" target=\"_top\" rel=\"nofollow\"><span class=\"text\">Share\u00a0pe\u00a0facebook<\/span><\/a><a class=\"mashicon-twitter mash-medium mashsb-noshadow\" href=\"https:\/\/twitter.com\/intent\/tweet?text=Avertisment%20important%2C%20lansat%20de%20MAE&amp;url=http:\/\/www.ziaruldevaslui.ro\/?p=1369\" target=\"_top\" rel=\"nofollow\"><span class=\"text\">Share\u00a0pe\u00a0twitter<\/span><\/a><\/div>\n<\/div>\n<\/aside>\n<\/div>\n<div class=\"article-content\">\n<h3 class=\"entry-title\"><a href=\"http:\/\/www.ziaruldevaslui.ro\/adaposturile-de-protectie-civila-in-judetul-vaslui\/\" rel=\"bookmark\" title=\"Ad\u0103posturile de protec\u021bie civil\u0103 \u00een jude\u021bul Vaslui\"><br \/>\n\t\t\t\t\t\t\t\tAd\u0103posturile de protec\u021bie civil\u0103 \u00een jude\u021bul Vaslui\t\t\t\t\t\t\t<\/a><\/h3>\n<div class=\"below-entry-meta\"><span class=\"posted-on\"><a href=\"http:\/\/www.ziaruldevaslui.ro\/adaposturile-de-protectie-civila-in-judetul-vaslui\/\" title=\"13:47\" rel=\"bookmark\"><time class=\"entry-date published\" datetime=\"2022-02-25T13:47:57+02:00\">25 februarie 2022<\/time><time class=\"updated\" datetime=\"2022-02-25T13:47:58+02:00\">25 februarie 2022<\/time><\/a><\/span><span class=\"byline\"><span class=\"author vcard\"><a class=\"url fn n\" href=\"http:\/\/www.ziaruldevaslui.ro\/author\/admin\/\" title=\"Ziarul de Vaslui\"><br \/>\n\t\t\t\t\t\tZiarul de Vaslui\t\t\t\t\t<\/a><\/span><\/span><\/div>\n<\/div>\n<div class=\"article-content\">\n<h3 class=\"entry-title\"><a href=\"http:\/\/www.ziaruldevaslui.ro\/vezi-cum-va-fi-vremea-de-craciun-si-revelion\/\" rel=\"bookmark\" title=\"Vezi cum va fi vremea de Cr\u0103ciun \u0219i Revelion\"><br \/>\n\t\t\t\t\t\t\t\tVezi cum va fi vremea de Cr\u0103ciun \u0219i Revelion\t\t\t\t\t\t\t<\/a><\/h3>\n<div class=\"below-entry-meta\"><span class=\"posted-on\"><a href=\"http:\/\/www.ziaruldevaslui.ro\/vezi-cum-va-fi-vremea-de-craciun-si-revelion\/\" title=\"17:59\" rel=\"bookmark\"><time class=\"entry-date published updated\" datetime=\"2018-12-11T17:59:10+02:00\">11 decembrie 2018<\/time><\/a><\/span><span class=\"byline\"><span class=\"author vcard\"><a class=\"url fn n\" href=\"http:\/\/www.ziaruldevaslui.ro\/author\/admin\/\" title=\"Ziarul de Vaslui\"><br \/>\n\t\t\t\t\t\tZiarul de Vaslui\t\t\t\t\t<\/a><\/span><\/span><\/div>\n<\/div>\n<div class=\"article-content\">\n<h3 class=\"entry-title\"><a href=\"http:\/\/www.ziaruldevaslui.ro\/masina-inmatriculata-in-vaslui-lovita-cu-putere-de-o-cisterna-in-bucium\/\" rel=\"bookmark\" title=\"Ma\u0219in\u0103 \u00eenmatriculat\u0103 \u00een Vaslui, lovit\u0103 cu putere de o cistern\u0103 la Schitul Duca\"><br \/>\n\t\t\t\t\t\t\t\tMa\u0219in\u0103 \u00eenmatriculat\u0103 \u00een Vaslui, lovit\u0103 cu putere de o cistern\u0103 la Schitul Duca\t\t\t\t\t\t\t<\/a><\/h3>\n<div class=\"below-entry-meta\"><span class=\"posted-on\"><a href=\"http:\/\/www.ziaruldevaslui.ro\/masina-inmatriculata-in-vaslui-lovita-cu-putere-de-o-cisterna-in-bucium\/\" title=\"20:20\" rel=\"bookmark\"><time class=\"entry-date published\" datetime=\"2020-12-14T20:20:49+02:00\">14 decembrie 2020<\/time><time class=\"updated\" datetime=\"2020-12-14T20:37:53+02:00\">14 decembrie 2020<\/time><\/a><\/span><span class=\"byline\"><span class=\"author vcard\"><a class=\"url fn n\" href=\"http:\/\/www.ziaruldevaslui.ro\/author\/admin\/\" title=\"Ziarul de Vaslui\"><br \/>\n\t\t\t\t\t\tZiarul de Vaslui\t\t\t\t\t<\/a><\/span><\/span><\/div>\n<\/div>\n<div class=\"article-content\">\n<div class=\"above-entry-meta\"><span class=\"cat-links\"><a href=\"http:\/\/www.ziaruldevaslui.ro\/local\/\" rel=\"category tag\">Local<\/a>\u00a0<a href=\"http:\/\/www.ziaruldevaslui.ro\/tabloul-principal\/\" rel=\"category tag\">NOUT\u0102\u021aI<\/a>\u00a0<a href=\"http:\/\/www.ziaruldevaslui.ro\/opinii\/\" rel=\"category tag\">Opinii<\/a>\u00a0<\/span><\/div>\n<h3 class=\"entry-title\"><a href=\"http:\/\/www.ziaruldevaslui.ro\/stand-up-comedy-cu-ionel-sandu-de-la-aur-spatiile-pentru-copiii-cu-autism-sunt-bazaconii\/\" title=\"Stand Up Comedy cu Ionel Sandu, candidat AUR: spa\u021biile pentru copiii cu autism sunt \u201ebazaconii\u201d\"><br \/>\n\t\t\t\tStand Up Comedy cu Ionel Sandu, candidat AUR: spa\u021biile pentru copiii cu autism sunt \u201ebazaconii\u201d\t\t\t<\/a><\/h3>\n<div class=\"below-entry-meta\"><span class=\"posted-on\"><a href=\"http:\/\/www.ziaruldevaslui.ro\/stand-up-comedy-cu-ionel-sandu-de-la-aur-spatiile-pentru-copiii-cu-autism-sunt-bazaconii\/\" title=\"22:46\" rel=\"bookmark\"><time class=\"entry-date published\" datetime=\"2024-03-14T22:46:43+02:00\">14 martie 2024<\/time><time class=\"updated\" datetime=\"2024-03-15T08:54:58+02:00\">15 martie 2024<\/time><\/a><\/span><span class=\"byline\"><span class=\"author vcard\"><a class=\"url fn n\" href=\"http:\/\/www.ziaruldevaslui.ro\/author\/admin\/\" title=\"Ziarul de Vaslui\"><br \/>\n\t\t\t\t\tZiarul de Vaslui\t\t\t\t<\/a><\/span><\/span><\/div>\n<div class=\"entry-content\">\n<p>Ini\u021bial am crezut c\u0103 Ionel Sandu s-a apucat de Stand Up Comedy. Cu afacerile nu st\u0103 extraordinar, cu politica nici<\/p>\n<\/div>\n<\/div>\n<div class=\"entry-content\">\n<p>Ini\u021bial am crezut c\u0103 Ionel Sandu s-a apucat de Stand Up Comedy. Cu afacerile nu st\u0103 extraordinar, cu politica nici<\/p>\n<\/div>\n<div class=\"article-content\">\n<div class=\"above-entry-meta\"><span class=\"cat-links\"><a href=\"http:\/\/www.ziaruldevaslui.ro\/literatura\/\" rel=\"category tag\">Literatur\u0103<\/a>\u00a0<a href=\"http:\/\/www.ziaruldevaslui.ro\/magazin\/\" rel=\"category tag\">Magazin<\/a>\u00a0<a href=\"http:\/\/www.ziaruldevaslui.ro\/opinii\/\" rel=\"category tag\">Opinii<\/a>\u00a0<\/span><\/div>\n<h3 class=\"entry-title\"><a href=\"http:\/\/www.ziaruldevaslui.ro\/pledoarie-pentru-o-carte-pe-zi\/\" title=\"Pledoarie pentru \u2026 o carte pe zi\"><br \/>\n\t\t\t\tPledoarie pentru \u2026 o carte pe zi\t\t\t<\/a><\/h3>\n<div class=\"below-entry-meta\"><span class=\"posted-on\"><a href=\"http:\/\/www.ziaruldevaslui.ro\/pledoarie-pentru-o-carte-pe-zi\/\" title=\"09:48\" rel=\"bookmark\"><time class=\"entry-date published\" datetime=\"2021-11-13T09:48:23+02:00\">13 noiembrie 2021<\/time><time class=\"updated\" datetime=\"2022-05-04T20:22:06+02:00\">4 mai 2022<\/time><\/a><\/span><span class=\"byline\"><span class=\"author vcard\"><a class=\"url fn n\" href=\"http:\/\/www.ziaruldevaslui.ro\/author\/admin\/\" title=\"Ziarul de Vaslui\"><br \/>\n\t\t\t\t\tZiarul de Vaslui\t\t\t\t<\/a><\/span><\/span><\/div>\n<\/div>\n<div class=\"article-content\">\n<div class=\"above-entry-meta\"><span class=\"cat-links\"><a href=\"http:\/\/www.ziaruldevaslui.ro\/local\/\" rel=\"category tag\">Local<\/a>\u00a0<a href=\"http:\/\/www.ziaruldevaslui.ro\/tabloul-principal\/\" rel=\"category tag\">NOUT\u0102\u021aI<\/a>\u00a0<a href=\"http:\/\/www.ziaruldevaslui.ro\/oameni-si-locuri\/\" rel=\"category tag\">Oameni si locuri<\/a>\u00a0<a href=\"http:\/\/www.ziaruldevaslui.ro\/opinii\/\" rel=\"category tag\">Opinii<\/a>\u00a0<\/span><\/div>\n<h3 class=\"entry-title\"><a href=\"http:\/\/www.ziaruldevaslui.ro\/vasluianca-madalina-tudorache-admisa-ca-doctorand-la-oxford-interviu\/\" title=\"Vasluianca M\u0103d\u0103lina Tudorache, admis\u0103 ca doctorand la Oxford\"><br \/>\n\t\t\t\tVasluianca M\u0103d\u0103lina Tudorache, admis\u0103 ca doctorand la Oxford\t\t\t<\/a><\/h3>\n<div class=\"below-entry-meta\"><span class=\"posted-on\"><a href=\"http:\/\/www.ziaruldevaslui.ro\/vasluianca-madalina-tudorache-admisa-ca-doctorand-la-oxford-interviu\/\" title=\"09:24\" rel=\"bookmark\"><time class=\"entry-date published\" datetime=\"2020-07-21T09:24:55+02:00\">21 iulie 2020<\/time><time class=\"updated\" datetime=\"2021-12-15T08:32:02+02:00\">15 decembrie 2021<\/time><\/a><\/span><span class=\"byline\"><span class=\"author vcard\"><a class=\"url fn n\" href=\"http:\/\/www.ziaruldevaslui.ro\/author\/admin\/\" title=\"Ziarul de Vaslui\"><br \/>\n\t\t\t\t\tZiarul de Vaslui\t\t\t\t<\/a><\/span><\/span><\/div>\n<\/div>\n<div class=\"article-content\">\n<div class=\"above-entry-meta\"><span class=\"cat-links\"><a href=\"http:\/\/www.ziaruldevaslui.ro\/local\/\" rel=\"category tag\">Local<\/a>\u00a0<a href=\"http:\/\/www.ziaruldevaslui.ro\/tabloul-principal\/\" rel=\"category tag\">NOUT\u0102\u021aI<\/a>\u00a0<a href=\"http:\/\/www.ziaruldevaslui.ro\/oameni-si-locuri\/\" rel=\"category tag\">Oameni si locuri<\/a>\u00a0<a href=\"http:\/\/www.ziaruldevaslui.ro\/opinii\/\" rel=\"category tag\">Opinii<\/a>\u00a0<\/span><\/div>\n<h3 class=\"entry-title\"><a href=\"http:\/\/www.ziaruldevaslui.ro\/manifestul-unui-eleve-de-clasa-a-12-a-din-vaslui-cel-mai-mare-vis-al-nostru-era-sa-imbracam-roba\/\" title=\"Manifestul unei eleve de clasa a 12-a din Vaslui: \u201eCel mai mare vis al nostru era s\u0103 \u00eembr\u0103c\u0103m roba\u201d\"><br \/>\n\t\t\t\tManifestul unei eleve de clasa a 12-a din Vaslui: \u201eCel mai mare vis al nostru era s\u0103 \u00eembr\u0103c\u0103m roba\u201d\t\t\t<\/a><\/h3>\n<div class=\"below-entry-meta\"><span class=\"posted-on\"><a href=\"http:\/\/www.ziaruldevaslui.ro\/manifestul-unui-eleve-de-clasa-a-12-a-din-vaslui-cel-mai-mare-vis-al-nostru-era-sa-imbracam-roba\/\" title=\"21:33\" rel=\"bookmark\"><time class=\"entry-date published\" datetime=\"2020-05-02T21:33:04+02:00\">2 mai 2020<\/time><time class=\"updated\" datetime=\"2020-05-03T18:03:27+02:00\">3 mai 2020<\/time><\/a><\/span><span class=\"byline\"><span class=\"author vcard\"><a class=\"url fn n\" href=\"http:\/\/www.ziaruldevaslui.ro\/author\/admin\/\" title=\"Ziarul de Vaslui\"><br \/>\n\t\t\t\t\tZiarul de Vaslui\t\t\t\t<\/a><\/span><\/span><\/div>\n<\/div>\n<p> Source URL: http:\/\/www.ziaruldevaslui.ro\/avertisment-important-lansat-de-mae\/<\/p>\n","protected":false},"excerpt":{"rendered":"<p>Na\u021bional\u00a0RECOMANDATE\u00a0 Avertisment important, lansat de MAE 4 ianuarie 20164 ianuarie 2016 Mihai Rodan Niciun comentariu MAE a lansat un avertisment important pentru cei care vor s\u0103 c\u0103l\u0103toreasc\u0103 \u00een Bosnia \u015fi Her\u0163egovina. Autorit\u0103\u0163ile din Bosnia \u015fi Her\u0163egovina anun\u0163\u0103 c\u0103 urmeaz\u0103 s\u0103 ning\u0103 abundent \u00een mai multe zone ale \u0163\u0103rii, dar \u015fi temperaturi extrem de sc\u0103zute care [&hellip;]<\/p>\n","protected":false},"author":1,"featured_media":1533987,"comment_status":"open","ping_status":"","sticky":false,"template":"","format":"standard","meta":{"footnotes":""},"categories":[89],"tags":[218],"class_list":["post-1533986","post","type-post","status-publish","format-standard","has-post-thumbnail","hentry","category-romania","tag-ziaruldevaslui-ro"],"_links":{"self":[{"href":"https:\/\/analyse.optim.biz\/index.php?rest_route=\/wp\/v2\/posts\/1533986","targetHints":{"allow":["GET"]}}],"collection":[{"href":"https:\/\/analyse.optim.biz\/index.php?rest_route=\/wp\/v2\/posts"}],"about":[{"href":"https:\/\/analyse.optim.biz\/index.php?rest_route=\/wp\/v2\/types\/post"}],"author":[{"embeddable":true,"href":"https:\/\/analyse.optim.biz\/index.php?rest_route=\/wp\/v2\/users\/1"}],"replies":[{"embeddable":true,"href":"https:\/\/analyse.optim.biz\/index.php?rest_route=%2Fwp%2Fv2%2Fcomments&post=1533986"}],"version-history":[{"count":0,"href":"https:\/\/analyse.optim.biz\/index.php?rest_route=\/wp\/v2\/posts\/1533986\/revisions"}],"wp:featuredmedia":[{"embeddable":true,"href":"https:\/\/analyse.optim.biz\/index.php?rest_route=\/wp\/v2\/media\/1533987"}],"wp:attachment":[{"href":"https:\/\/analyse.optim.biz\/index.php?rest_route=%2Fwp%2Fv2%2Fmedia&parent=1533986"}],"wp:term":[{"taxonomy":"category","embeddable":true,"href":"https:\/\/analyse.optim.biz\/index.php?rest_route=%2Fwp%2Fv2%2Fcategories&post=1533986"},{"taxonomy":"post_tag","embeddable":true,"href":"https:\/\/analyse.optim.biz\/index.php?rest_route=%2Fwp%2Fv2%2Ftags&post=1533986"}],"curies":[{"name":"wp","href":"https:\/\/api.w.org\/{rel}","templated":true}]}}