{"id":1533965,"date":"2016-01-09T11:05:52","date_gmt":"2016-01-09T08:05:52","guid":{"rendered":"https:\/\/analyse.optim.biz\/?p=1533965"},"modified":"2016-01-09T11:05:52","modified_gmt":"2016-01-09T08:05:52","slug":"cel-mai-cautat-criminal-din-romania-in-arest-preventiv-pentru-30-de-zile","status":"publish","type":"post","link":"https:\/\/analyse.optim.biz\/?p=1533965","title":{"rendered":"Cel mai c\u0103utat criminal din Rom\u00e2nia, \u00een arest preventiv pentru 30 de zile"},"content":{"rendered":"<article id=\"post-1545\" class=\"post-1545 post type-post status-publish format-standard has-post-thumbnail hentry category-national tag-arest tag-criminal tag-iasi tag-vasile-miron\">\n<div class=\"featured-image\"><a href=\"https:\/\/analyse.optim.biz\/wp-content\/uploads\/2026\/01\/politia-arest-duba.jpg\" class=\"image-popup\"><img decoding=\"async\" width=\"630\" height=\"445\" src=\"https:\/\/analyse.optim.biz\/wp-content\/uploads\/2026\/01\/politia-arest-duba-630x445-1.jpg\" class=\"attachment-colormag-featured-image size-colormag-featured-image wp-post-image\" loading=\"lazy\" title=\"politia-arest-duba-630x445-1\"><\/a><\/div>\n<div class=\"article-content clearfix\">\n<div class=\"above-entry-meta\"><span class=\"cat-links\"><a href=\"http:\/\/www.ziaruldevaslui.ro\/national\/\" rel=\"category tag\">Na\u021bional<\/a>\u00a0<\/span><\/div>\n<header class=\"entry-header\">\n<h1 class=\"entry-title\">\n\t\t\t\tCel mai c\u0103utat criminal din Rom\u00e2nia, \u00een arest preventiv pentru 30 de zile\t\t\t<\/h1>\n<\/header>\n<div class=\"below-entry-meta\"><span class=\"posted-on\"><a href=\"http:\/\/www.ziaruldevaslui.ro\/cel-mai-cautat-criminal-din-romania-in-arest-preventiv-pentru-30-de-zile\/\" title=\"13:05\" rel=\"bookmark\"><time class=\"entry-date published updated\" datetime=\"2016-01-09T13:05:52+02:00\">9 ianuarie 2016<\/time><\/a><\/span><span class=\"byline\"><span class=\"author vcard\"><a class=\"url fn n\" href=\"http:\/\/www.ziaruldevaslui.ro\/author\/admin\/\" title=\"Ziarul de Vaslui\"><br \/>\n\t\t\t\t\t\tZiarul de Vaslui\t\t\t\t\t<\/a><\/span><\/span><span class=\"comments\"><a href=\"http:\/\/www.ziaruldevaslui.ro\/cel-mai-cautat-criminal-din-romania-in-arest-preventiv-pentru-30-de-zile\/#respond\"> Niciun comentariu<\/a><\/span><span class=\"tag-links\"><a href=\"http:\/\/www.ziaruldevaslui.ro\/tag\/arest\/\" rel=\"tag\">arest<\/a>, <a href=\"http:\/\/www.ziaruldevaslui.ro\/tag\/criminal\/\" rel=\"tag\">criminal<\/a>, <a href=\"http:\/\/www.ziaruldevaslui.ro\/tag\/iasi\/\" rel=\"tag\">iasi<\/a>, <a href=\"http:\/\/www.ziaruldevaslui.ro\/tag\/vasile-miron\/\" rel=\"tag\">Vasile Miron<\/a><\/span><\/div>\n<div class=\"entry-content clearfix\">\n<p><strong>Vasile Miron, considerat un criminal sadic \u0219i principalul suspect \u00een uciderea unui b\u0103ie\u021bel de 10 ani dintr-o comun\u0103 din jude\u021bul Ia\u0219i, va fi cercetat \u00een stare de arest, dup\u0103 ce Tribunalul Bucure\u0219ti a confirmat, s\u00e2mb\u0103t\u0103, mandatul de arestare emis anterior \u00een lips\u0103, a declarat, pentru AGERPRES, purt\u0103torul de cuv\u00e2nt al Tribunalului, magistratul Laura Andrei.<\/strong><\/p>\n<p>Considerat cel mai c\u0103utat criminal din Rom\u00e2nia, Vasile Miron a fost adus din Germania sub escort\u0103, vineri sear\u0103, \u00een urma cooper\u0103rii poli\u021biene\u0219ti interna\u021bionale cu autorit\u0103\u021bile judiciare din Germania.<\/p>\n<p>Pe numele acestuia era emis un mandat european de arestare, pentru s\u0103v\u00e2r\u0219irea infrac\u021biunii de omor calificat. El a fost dus s\u00e2mb\u0103t\u0103 la Tribunalul Bucure\u0219ti, pentru confirmarea mandatului de arestare emis anterior \u00een lips\u0103.<\/p>\n<p>Vasile Miron, de 42 de ani, este principalul suspect \u00een cazul mor\u021bii unui copil de 10 ani, Alexandru Andrei Agape, din satul Covasna, comuna Co\u0219tuleni, jude\u021bul Ia\u0219i, al c\u0103rui trup a fost g\u0103sit \u00eentr-o r\u00e2p\u0103 la sf\u00e2r\u0219itul lunii mai 2015.<\/p>\n<p>Presa local\u0103 a relatat c\u0103 b\u0103iatul provenea dintr-o familie s\u0103rac\u0103 \u0219i mai avea trei fra\u021bi, fiind nevoit s\u0103 munceasc\u0103 cu ziua prin sat.<\/p>\n<p>A fost v\u0103zut \u00een via\u021b\u0103 ultima oar\u0103 pe 29 mai 2015, c\u00e2nd s-a urcat \u00eentr-o c\u0103ru\u021b\u0103 cu doi str\u0103ini. P\u0103rin\u021bii i-au anun\u021bat dispari\u021bia abia dup\u0103 10 zile, crez\u00e2nd c\u0103 b\u0103iatul era la o st\u00e2n\u0103, unde mai muncea pentru m\u00e2ncare.<\/p>\n<p>Trupul copilului a fost descoperit de un s\u0103tean \u00eentr-o r\u00e2p\u0103, la zeci de metri distan\u021b\u0103 de drumul principal, \u00eentr-o zon\u0103 cu vegeta\u021bie, iar anchetatorii au stabilit c\u0103 el a fost ucis cu cruzime.<\/p>\n<p>Principalul suspect este Vasile Miron, care venise \u00een vizit\u0103 la rude din comuna Co\u0219tuleni \u00een perioada dispari\u021biei copilului. El a fost identificat ulterior \u00een Germania.<\/p>\n<p>Dup\u0103 ce procurorii din Ia\u0219i au deschis un dosar penal \u00een acest caz \u0219i au audiat zeci de s\u0103teni, ancheta a fost preluat\u0103 de procurorii de la Parchetul de pe l\u00e2ng\u0103 \u00cenalta Curte de Casa\u021bie \u0219i Justi\u021bie, care au f\u0103cut demersuri pentru aducerea \u00een \u021bar\u0103 a lui Vasile Miron din Germania.<\/p>\n<p>Vasile Miron este considerat un criminal sadic, el fiind inculpat \u00een anul 2002, dup\u0103 ce a violat \u0219i ucis o fat\u0103 de 17 ani, care venise la colindat de Cr\u0103ciun.<\/p>\n<p>Anchetatorii au stabilit c\u0103 el a invitat-o pe adolescent\u0103 \u00een locuin\u021ba sa din localitatea Tunari de l\u00e2ng\u0103 Bucure\u0219ti, unde a \u00eencercat s\u0103 o violeze. Pentru c\u0103 fata s-a opus, b\u0103rbatul a omor\u00e2t-o \u0219i a ascuns cadavrul \u00een WC-ul din curte.<\/p>\n<p>Fata provenea din clanul \u201eBelgienilor\u201d, iar membrii acestuia au \u00eencercat s\u0103 dea foc locuin\u021bei lui Vasile Miron, c\u00e2nd au aflat c\u0103 acesta a omor\u00e2t-o pe adolescent\u0103, \u00een sat izbucnind o adev\u0103rat\u0103 revolt\u0103.<\/p>\n<p>Familia lui Vasile Miron relata atunci c\u0103 b\u0103rbatul f\u0103cuse pu\u0219c\u0103rie pentru furt de ma\u0219ini \u0219i devenea foarte violent c\u00e2nd consuma b\u0103uturi alcoolice.<\/p>\n<p>\u201eDe\u0219i modul de comitere a faptei a fost deosebit de violent, la momentul anchetei a cooperat cu organele de anchet\u0103. \u0218i \u00een prima declara\u021bie \u0219i, ulterior, la reconstituirea modului de comitere a faptei, deci o abilitate de infractor. La data respectiv\u0103, \u00een 2002, nu avea experien\u021ba comiterii unui omor. Pentru c\u0103 el, \u00een momentul respectiv, a \u00eencercat s\u0103 sec\u021bioneze trupul victimei, dar nu a reu\u0219it tocmai pentru c\u0103 nu avea experien\u021b\u0103 \u00een a\u0219a ceva. Nu a dat dovad\u0103 de mari regrete. Totu\u0219i, nu \u0219tiu dac\u0103 \u00een tinere\u021be a fost victima unor abuzuri sexuale, dar modul lui de comportare denot\u0103 o devia\u021bie sexual\u0103\u201d, a povestit ulterior pentru un post de televiziune poli\u021bistul care s-a ocupat de acest caz, Petre Popa.<\/p>\n<p>Vasile Miron a cooperat atunci cu anchetatorii, recunosc\u00e2ndu-\u0219i fapta, motiv pentru care a fost condamnat \u00een anul 2003 la 15 ani de \u00eenchisoare, \u00eens\u0103 a ie\u0219it din deten\u021bie dup\u0103 10 ani pentru bun\u0103 purtare.<\/p>\n<p>Sursa: AGERPRES<\/p>\n<aside class=\"mashsb-container mashsb-main \">\n<div class=\"mashsb-box\">\n<div class=\"mashsb-count mash-medium\">\n<div class=\"counts mashsbcount\">3<\/div>\n<p><span class=\"mashsb-sharetext\">SHARES<\/span><\/div>\n<div class=\"mashsb-buttons\"><a class=\"mashicon-facebook mash-medium mashsb-noshadow\" href=\"https:\/\/www.facebook.com\/sharer.php?u=http%3A%2F%2Fwww.ziaruldevaslui.ro%2Fcel-mai-cautat-criminal-din-romania-in-arest-preventiv-pentru-30-de-zile%2F\" target=\"_top\" rel=\"nofollow\"><span class=\"text\">Share\u00a0pe\u00a0facebook<\/span><\/a><a class=\"mashicon-twitter mash-medium mashsb-noshadow\" href=\"https:\/\/twitter.com\/intent\/tweet?text=Cel%20mai%20c%C4%83utat%20criminal%20din%20Rom%C3%A2nia%2C%20%C3%AEn%20arest%20preventiv%20pentru%2030%20de%20zile&amp;url=http:\/\/www.ziaruldevaslui.ro\/?p=1545\" target=\"_top\" rel=\"nofollow\"><span class=\"text\">Share\u00a0pe\u00a0twitter<\/span><\/a><\/div>\n<\/div>\n<\/aside>\n<\/div>\n<\/div>\n<\/article>\n<div class=\"article-content clearfix\">\n<div class=\"above-entry-meta\"><span class=\"cat-links\"><a href=\"http:\/\/www.ziaruldevaslui.ro\/national\/\" rel=\"category tag\">Na\u021bional<\/a>\u00a0<\/span><\/div>\n<header class=\"entry-header\">\n<h1 class=\"entry-title\">\n\t\t\t\tCel mai c\u0103utat criminal din Rom\u00e2nia, \u00een arest preventiv pentru 30 de zile\t\t\t<\/h1>\n<\/header>\n<div class=\"below-entry-meta\"><span class=\"posted-on\"><a href=\"http:\/\/www.ziaruldevaslui.ro\/cel-mai-cautat-criminal-din-romania-in-arest-preventiv-pentru-30-de-zile\/\" title=\"13:05\" rel=\"bookmark\"><time class=\"entry-date published updated\" datetime=\"2016-01-09T13:05:52+02:00\">9 ianuarie 2016<\/time><\/a><\/span><span class=\"byline\"><span class=\"author vcard\"><a class=\"url fn n\" href=\"http:\/\/www.ziaruldevaslui.ro\/author\/admin\/\" title=\"Ziarul de Vaslui\"><br \/>\n\t\t\t\t\t\tZiarul de Vaslui\t\t\t\t\t<\/a><\/span><\/span><span class=\"comments\"><a href=\"http:\/\/www.ziaruldevaslui.ro\/cel-mai-cautat-criminal-din-romania-in-arest-preventiv-pentru-30-de-zile\/#respond\"> Niciun comentariu<\/a><\/span><span class=\"tag-links\"><a href=\"http:\/\/www.ziaruldevaslui.ro\/tag\/arest\/\" rel=\"tag\">arest<\/a>, <a href=\"http:\/\/www.ziaruldevaslui.ro\/tag\/criminal\/\" rel=\"tag\">criminal<\/a>, <a href=\"http:\/\/www.ziaruldevaslui.ro\/tag\/iasi\/\" rel=\"tag\">iasi<\/a>, <a href=\"http:\/\/www.ziaruldevaslui.ro\/tag\/vasile-miron\/\" rel=\"tag\">Vasile Miron<\/a><\/span><\/div>\n<div class=\"entry-content clearfix\">\n<p><strong>Vasile Miron, considerat un criminal sadic \u0219i principalul suspect \u00een uciderea unui b\u0103ie\u021bel de 10 ani dintr-o comun\u0103 din jude\u021bul Ia\u0219i, va fi cercetat \u00een stare de arest, dup\u0103 ce Tribunalul Bucure\u0219ti a confirmat, s\u00e2mb\u0103t\u0103, mandatul de arestare emis anterior \u00een lips\u0103, a declarat, pentru AGERPRES, purt\u0103torul de cuv\u00e2nt al Tribunalului, magistratul Laura Andrei.<\/strong><\/p>\n<p>Considerat cel mai c\u0103utat criminal din Rom\u00e2nia, Vasile Miron a fost adus din Germania sub escort\u0103, vineri sear\u0103, \u00een urma cooper\u0103rii poli\u021biene\u0219ti interna\u021bionale cu autorit\u0103\u021bile judiciare din Germania.<\/p>\n<p>Pe numele acestuia era emis un mandat european de arestare, pentru s\u0103v\u00e2r\u0219irea infrac\u021biunii de omor calificat. El a fost dus s\u00e2mb\u0103t\u0103 la Tribunalul Bucure\u0219ti, pentru confirmarea mandatului de arestare emis anterior \u00een lips\u0103.<\/p>\n<p>Vasile Miron, de 42 de ani, este principalul suspect \u00een cazul mor\u021bii unui copil de 10 ani, Alexandru Andrei Agape, din satul Covasna, comuna Co\u0219tuleni, jude\u021bul Ia\u0219i, al c\u0103rui trup a fost g\u0103sit \u00eentr-o r\u00e2p\u0103 la sf\u00e2r\u0219itul lunii mai 2015.<\/p>\n<p>Presa local\u0103 a relatat c\u0103 b\u0103iatul provenea dintr-o familie s\u0103rac\u0103 \u0219i mai avea trei fra\u021bi, fiind nevoit s\u0103 munceasc\u0103 cu ziua prin sat.<\/p>\n<p>A fost v\u0103zut \u00een via\u021b\u0103 ultima oar\u0103 pe 29 mai 2015, c\u00e2nd s-a urcat \u00eentr-o c\u0103ru\u021b\u0103 cu doi str\u0103ini. P\u0103rin\u021bii i-au anun\u021bat dispari\u021bia abia dup\u0103 10 zile, crez\u00e2nd c\u0103 b\u0103iatul era la o st\u00e2n\u0103, unde mai muncea pentru m\u00e2ncare.<\/p>\n<p>Trupul copilului a fost descoperit de un s\u0103tean \u00eentr-o r\u00e2p\u0103, la zeci de metri distan\u021b\u0103 de drumul principal, \u00eentr-o zon\u0103 cu vegeta\u021bie, iar anchetatorii au stabilit c\u0103 el a fost ucis cu cruzime.<\/p>\n<p>Principalul suspect este Vasile Miron, care venise \u00een vizit\u0103 la rude din comuna Co\u0219tuleni \u00een perioada dispari\u021biei copilului. El a fost identificat ulterior \u00een Germania.<\/p>\n<p>Dup\u0103 ce procurorii din Ia\u0219i au deschis un dosar penal \u00een acest caz \u0219i au audiat zeci de s\u0103teni, ancheta a fost preluat\u0103 de procurorii de la Parchetul de pe l\u00e2ng\u0103 \u00cenalta Curte de Casa\u021bie \u0219i Justi\u021bie, care au f\u0103cut demersuri pentru aducerea \u00een \u021bar\u0103 a lui Vasile Miron din Germania.<\/p>\n<p>Vasile Miron este considerat un criminal sadic, el fiind inculpat \u00een anul 2002, dup\u0103 ce a violat \u0219i ucis o fat\u0103 de 17 ani, care venise la colindat de Cr\u0103ciun.<\/p>\n<p>Anchetatorii au stabilit c\u0103 el a invitat-o pe adolescent\u0103 \u00een locuin\u021ba sa din localitatea Tunari de l\u00e2ng\u0103 Bucure\u0219ti, unde a \u00eencercat s\u0103 o violeze. Pentru c\u0103 fata s-a opus, b\u0103rbatul a omor\u00e2t-o \u0219i a ascuns cadavrul \u00een WC-ul din curte.<\/p>\n<p>Fata provenea din clanul \u201eBelgienilor\u201d, iar membrii acestuia au \u00eencercat s\u0103 dea foc locuin\u021bei lui Vasile Miron, c\u00e2nd au aflat c\u0103 acesta a omor\u00e2t-o pe adolescent\u0103, \u00een sat izbucnind o adev\u0103rat\u0103 revolt\u0103.<\/p>\n<p>Familia lui Vasile Miron relata atunci c\u0103 b\u0103rbatul f\u0103cuse pu\u0219c\u0103rie pentru furt de ma\u0219ini \u0219i devenea foarte violent c\u00e2nd consuma b\u0103uturi alcoolice.<\/p>\n<p>\u201eDe\u0219i modul de comitere a faptei a fost deosebit de violent, la momentul anchetei a cooperat cu organele de anchet\u0103. \u0218i \u00een prima declara\u021bie \u0219i, ulterior, la reconstituirea modului de comitere a faptei, deci o abilitate de infractor. La data respectiv\u0103, \u00een 2002, nu avea experien\u021ba comiterii unui omor. Pentru c\u0103 el, \u00een momentul respectiv, a \u00eencercat s\u0103 sec\u021bioneze trupul victimei, dar nu a reu\u0219it tocmai pentru c\u0103 nu avea experien\u021b\u0103 \u00een a\u0219a ceva. Nu a dat dovad\u0103 de mari regrete. Totu\u0219i, nu \u0219tiu dac\u0103 \u00een tinere\u021be a fost victima unor abuzuri sexuale, dar modul lui de comportare denot\u0103 o devia\u021bie sexual\u0103\u201d, a povestit ulterior pentru un post de televiziune poli\u021bistul care s-a ocupat de acest caz, Petre Popa.<\/p>\n<p>Vasile Miron a cooperat atunci cu anchetatorii, recunosc\u00e2ndu-\u0219i fapta, motiv pentru care a fost condamnat \u00een anul 2003 la 15 ani de \u00eenchisoare, \u00eens\u0103 a ie\u0219it din deten\u021bie dup\u0103 10 ani pentru bun\u0103 purtare.<\/p>\n<p>Sursa: AGERPRES<\/p>\n<aside class=\"mashsb-container mashsb-main \">\n<div class=\"mashsb-box\">\n<div class=\"mashsb-count mash-medium\">\n<div class=\"counts mashsbcount\">3<\/div>\n<p><span class=\"mashsb-sharetext\">SHARES<\/span><\/div>\n<div class=\"mashsb-buttons\"><a class=\"mashicon-facebook mash-medium mashsb-noshadow\" href=\"https:\/\/www.facebook.com\/sharer.php?u=http%3A%2F%2Fwww.ziaruldevaslui.ro%2Fcel-mai-cautat-criminal-din-romania-in-arest-preventiv-pentru-30-de-zile%2F\" target=\"_top\" rel=\"nofollow\"><span class=\"text\">Share\u00a0pe\u00a0facebook<\/span><\/a><a class=\"mashicon-twitter mash-medium mashsb-noshadow\" href=\"https:\/\/twitter.com\/intent\/tweet?text=Cel%20mai%20c%C4%83utat%20criminal%20din%20Rom%C3%A2nia%2C%20%C3%AEn%20arest%20preventiv%20pentru%2030%20de%20zile&amp;url=http:\/\/www.ziaruldevaslui.ro\/?p=1545\" target=\"_top\" rel=\"nofollow\"><span class=\"text\">Share\u00a0pe\u00a0twitter<\/span><\/a><\/div>\n<\/div>\n<\/aside>\n<\/div>\n<\/div>\n<div class=\"entry-content clearfix\">\n<p><strong>Vasile Miron, considerat un criminal sadic \u0219i principalul suspect \u00een uciderea unui b\u0103ie\u021bel de 10 ani dintr-o comun\u0103 din jude\u021bul Ia\u0219i, va fi cercetat \u00een stare de arest, dup\u0103 ce Tribunalul Bucure\u0219ti a confirmat, s\u00e2mb\u0103t\u0103, mandatul de arestare emis anterior \u00een lips\u0103, a declarat, pentru AGERPRES, purt\u0103torul de cuv\u00e2nt al Tribunalului, magistratul Laura Andrei.<\/strong><\/p>\n<p>Considerat cel mai c\u0103utat criminal din Rom\u00e2nia, Vasile Miron a fost adus din Germania sub escort\u0103, vineri sear\u0103, \u00een urma cooper\u0103rii poli\u021biene\u0219ti interna\u021bionale cu autorit\u0103\u021bile judiciare din Germania.<\/p>\n<p>Pe numele acestuia era emis un mandat european de arestare, pentru s\u0103v\u00e2r\u0219irea infrac\u021biunii de omor calificat. El a fost dus s\u00e2mb\u0103t\u0103 la Tribunalul Bucure\u0219ti, pentru confirmarea mandatului de arestare emis anterior \u00een lips\u0103.<\/p>\n<p>Vasile Miron, de 42 de ani, este principalul suspect \u00een cazul mor\u021bii unui copil de 10 ani, Alexandru Andrei Agape, din satul Covasna, comuna Co\u0219tuleni, jude\u021bul Ia\u0219i, al c\u0103rui trup a fost g\u0103sit \u00eentr-o r\u00e2p\u0103 la sf\u00e2r\u0219itul lunii mai 2015.<\/p>\n<p>Presa local\u0103 a relatat c\u0103 b\u0103iatul provenea dintr-o familie s\u0103rac\u0103 \u0219i mai avea trei fra\u021bi, fiind nevoit s\u0103 munceasc\u0103 cu ziua prin sat.<\/p>\n<p>A fost v\u0103zut \u00een via\u021b\u0103 ultima oar\u0103 pe 29 mai 2015, c\u00e2nd s-a urcat \u00eentr-o c\u0103ru\u021b\u0103 cu doi str\u0103ini. P\u0103rin\u021bii i-au anun\u021bat dispari\u021bia abia dup\u0103 10 zile, crez\u00e2nd c\u0103 b\u0103iatul era la o st\u00e2n\u0103, unde mai muncea pentru m\u00e2ncare.<\/p>\n<p>Trupul copilului a fost descoperit de un s\u0103tean \u00eentr-o r\u00e2p\u0103, la zeci de metri distan\u021b\u0103 de drumul principal, \u00eentr-o zon\u0103 cu vegeta\u021bie, iar anchetatorii au stabilit c\u0103 el a fost ucis cu cruzime.<\/p>\n<p>Principalul suspect este Vasile Miron, care venise \u00een vizit\u0103 la rude din comuna Co\u0219tuleni \u00een perioada dispari\u021biei copilului. El a fost identificat ulterior \u00een Germania.<\/p>\n<p>Dup\u0103 ce procurorii din Ia\u0219i au deschis un dosar penal \u00een acest caz \u0219i au audiat zeci de s\u0103teni, ancheta a fost preluat\u0103 de procurorii de la Parchetul de pe l\u00e2ng\u0103 \u00cenalta Curte de Casa\u021bie \u0219i Justi\u021bie, care au f\u0103cut demersuri pentru aducerea \u00een \u021bar\u0103 a lui Vasile Miron din Germania.<\/p>\n<p>Vasile Miron este considerat un criminal sadic, el fiind inculpat \u00een anul 2002, dup\u0103 ce a violat \u0219i ucis o fat\u0103 de 17 ani, care venise la colindat de Cr\u0103ciun.<\/p>\n<p>Anchetatorii au stabilit c\u0103 el a invitat-o pe adolescent\u0103 \u00een locuin\u021ba sa din localitatea Tunari de l\u00e2ng\u0103 Bucure\u0219ti, unde a \u00eencercat s\u0103 o violeze. Pentru c\u0103 fata s-a opus, b\u0103rbatul a omor\u00e2t-o \u0219i a ascuns cadavrul \u00een WC-ul din curte.<\/p>\n<p>Fata provenea din clanul \u201eBelgienilor\u201d, iar membrii acestuia au \u00eencercat s\u0103 dea foc locuin\u021bei lui Vasile Miron, c\u00e2nd au aflat c\u0103 acesta a omor\u00e2t-o pe adolescent\u0103, \u00een sat izbucnind o adev\u0103rat\u0103 revolt\u0103.<\/p>\n<p>Familia lui Vasile Miron relata atunci c\u0103 b\u0103rbatul f\u0103cuse pu\u0219c\u0103rie pentru furt de ma\u0219ini \u0219i devenea foarte violent c\u00e2nd consuma b\u0103uturi alcoolice.<\/p>\n<p>\u201eDe\u0219i modul de comitere a faptei a fost deosebit de violent, la momentul anchetei a cooperat cu organele de anchet\u0103. \u0218i \u00een prima declara\u021bie \u0219i, ulterior, la reconstituirea modului de comitere a faptei, deci o abilitate de infractor. La data respectiv\u0103, \u00een 2002, nu avea experien\u021ba comiterii unui omor. Pentru c\u0103 el, \u00een momentul respectiv, a \u00eencercat s\u0103 sec\u021bioneze trupul victimei, dar nu a reu\u0219it tocmai pentru c\u0103 nu avea experien\u021b\u0103 \u00een a\u0219a ceva. Nu a dat dovad\u0103 de mari regrete. Totu\u0219i, nu \u0219tiu dac\u0103 \u00een tinere\u021be a fost victima unor abuzuri sexuale, dar modul lui de comportare denot\u0103 o devia\u021bie sexual\u0103\u201d, a povestit ulterior pentru un post de televiziune poli\u021bistul care s-a ocupat de acest caz, Petre Popa.<\/p>\n<p>Vasile Miron a cooperat atunci cu anchetatorii, recunosc\u00e2ndu-\u0219i fapta, motiv pentru care a fost condamnat \u00een anul 2003 la 15 ani de \u00eenchisoare, \u00eens\u0103 a ie\u0219it din deten\u021bie dup\u0103 10 ani pentru bun\u0103 purtare.<\/p>\n<p>Sursa: AGERPRES<\/p>\n<aside class=\"mashsb-container mashsb-main \">\n<div class=\"mashsb-box\">\n<div class=\"mashsb-count mash-medium\">\n<div class=\"counts mashsbcount\">3<\/div>\n<p><span class=\"mashsb-sharetext\">SHARES<\/span><\/div>\n<div class=\"mashsb-buttons\"><a class=\"mashicon-facebook mash-medium mashsb-noshadow\" href=\"https:\/\/www.facebook.com\/sharer.php?u=http%3A%2F%2Fwww.ziaruldevaslui.ro%2Fcel-mai-cautat-criminal-din-romania-in-arest-preventiv-pentru-30-de-zile%2F\" target=\"_top\" rel=\"nofollow\"><span class=\"text\">Share\u00a0pe\u00a0facebook<\/span><\/a><a class=\"mashicon-twitter mash-medium mashsb-noshadow\" href=\"https:\/\/twitter.com\/intent\/tweet?text=Cel%20mai%20c%C4%83utat%20criminal%20din%20Rom%C3%A2nia%2C%20%C3%AEn%20arest%20preventiv%20pentru%2030%20de%20zile&amp;url=http:\/\/www.ziaruldevaslui.ro\/?p=1545\" target=\"_top\" rel=\"nofollow\"><span class=\"text\">Share\u00a0pe\u00a0twitter<\/span><\/a><\/div>\n<\/div>\n<\/aside>\n<\/div>\n<div class=\"article-content\">\n<h3 class=\"entry-title\"><a href=\"http:\/\/www.ziaruldevaslui.ro\/negocieri-pentru-traditionala-bataie-de-la-ruginoasa\/\" rel=\"bookmark\" title=\"Negocieri pentru tradi\u021bionala b\u0103taie de la Ruginoasa\"><br \/>\n\t\t\t\t\t\t\t\tNegocieri pentru tradi\u021bionala b\u0103taie de la Ruginoasa\t\t\t\t\t\t\t<\/a><\/h3>\n<div class=\"below-entry-meta\"><span class=\"posted-on\"><a href=\"http:\/\/www.ziaruldevaslui.ro\/negocieri-pentru-traditionala-bataie-de-la-ruginoasa\/\" title=\"10:28\" rel=\"bookmark\"><time class=\"entry-date published updated\" datetime=\"2015-12-30T10:28:32+02:00\">30 decembrie 2015<\/time><\/a><\/span><span class=\"byline\"><span class=\"author vcard\"><a class=\"url fn n\" href=\"http:\/\/www.ziaruldevaslui.ro\/author\/admin\/\" title=\"Ziarul de Vaslui\"><br \/>\n\t\t\t\t\t\tZiarul de Vaslui\t\t\t\t\t<\/a><\/span><\/span><span class=\"comments\"><a href=\"http:\/\/www.ziaruldevaslui.ro\/negocieri-pentru-traditionala-bataie-de-la-ruginoasa\/#respond\">0<\/a><\/span><\/div>\n<\/div>\n<div class=\"article-content\">\n<h3 class=\"entry-title\"><a href=\"http:\/\/www.ziaruldevaslui.ro\/alegeri-locale-2020-unde-votam\/\" rel=\"bookmark\" title=\"Alegeri locale 2020- Unde vot\u0103m\"><br \/>\n\t\t\t\t\t\t\t\tAlegeri locale 2020- Unde vot\u0103m\t\t\t\t\t\t\t<\/a><\/h3>\n<div class=\"below-entry-meta\"><span class=\"posted-on\"><a href=\"http:\/\/www.ziaruldevaslui.ro\/alegeri-locale-2020-unde-votam\/\" title=\"15:36\" rel=\"bookmark\"><time class=\"entry-date published updated\" datetime=\"2020-09-21T15:36:01+02:00\">21 septembrie 2020<\/time><\/a><\/span><span class=\"byline\"><span class=\"author vcard\"><a class=\"url fn n\" href=\"http:\/\/www.ziaruldevaslui.ro\/author\/admin\/\" title=\"Ziarul de Vaslui\"><br \/>\n\t\t\t\t\t\tZiarul de Vaslui\t\t\t\t\t<\/a><\/span><\/span><\/div>\n<\/div>\n<div class=\"article-content\">\n<h3 class=\"entry-title\"><a href=\"http:\/\/www.ziaruldevaslui.ro\/salarii-la-stat-vs-salarii-in-privat\/\" rel=\"bookmark\" title=\"Salarii la Stat vs salarii in privat.\"><br \/>\n\t\t\t\t\t\t\t\tSalarii la Stat vs salarii in privat.\t\t\t\t\t\t\t<\/a><\/h3>\n<div class=\"below-entry-meta\"><span class=\"posted-on\"><a href=\"http:\/\/www.ziaruldevaslui.ro\/salarii-la-stat-vs-salarii-in-privat\/\" title=\"00:01\" rel=\"bookmark\"><time class=\"entry-date published\" datetime=\"2015-12-01T00:01:12+02:00\">1 decembrie 2015<\/time><time class=\"updated\" datetime=\"2015-12-01T00:15:31+02:00\">1 decembrie 2015<\/time><\/a><\/span><span class=\"byline\"><span class=\"author vcard\"><a class=\"url fn n\" href=\"http:\/\/www.ziaruldevaslui.ro\/author\/rodan-mihai\/\" title=\"Mihai Rodan\"><br \/>\n\t\t\t\t\t\tMihai Rodan\t\t\t\t\t<\/a><\/span><\/span><span class=\"comments\"><a href=\"http:\/\/www.ziaruldevaslui.ro\/salarii-la-stat-vs-salarii-in-privat\/#respond\">0<\/a><\/span><\/div>\n<\/div>\n<div class=\"article-content\">\n<div class=\"above-entry-meta\"><span class=\"cat-links\"><a href=\"http:\/\/www.ziaruldevaslui.ro\/local\/\" rel=\"category tag\">Local<\/a>\u00a0<a href=\"http:\/\/www.ziaruldevaslui.ro\/tabloul-principal\/\" rel=\"category tag\">NOUT\u0102\u021aI<\/a>\u00a0<a href=\"http:\/\/www.ziaruldevaslui.ro\/opinii\/\" rel=\"category tag\">Opinii<\/a>\u00a0<\/span><\/div>\n<h3 class=\"entry-title\"><a href=\"http:\/\/www.ziaruldevaslui.ro\/stand-up-comedy-cu-ionel-sandu-de-la-aur-spatiile-pentru-copiii-cu-autism-sunt-bazaconii\/\" title=\"Stand Up Comedy cu Ionel Sandu, candidat AUR: spa\u021biile pentru copiii cu autism sunt \u201ebazaconii\u201d\"><br \/>\n\t\t\t\tStand Up Comedy cu Ionel Sandu, candidat AUR: spa\u021biile pentru copiii cu autism sunt \u201ebazaconii\u201d\t\t\t<\/a><\/h3>\n<div class=\"below-entry-meta\"><span class=\"posted-on\"><a href=\"http:\/\/www.ziaruldevaslui.ro\/stand-up-comedy-cu-ionel-sandu-de-la-aur-spatiile-pentru-copiii-cu-autism-sunt-bazaconii\/\" title=\"22:46\" rel=\"bookmark\"><time class=\"entry-date published\" datetime=\"2024-03-14T22:46:43+02:00\">14 martie 2024<\/time><time class=\"updated\" datetime=\"2024-03-15T08:54:58+02:00\">15 martie 2024<\/time><\/a><\/span><span class=\"byline\"><span class=\"author vcard\"><a class=\"url fn n\" href=\"http:\/\/www.ziaruldevaslui.ro\/author\/admin\/\" title=\"Ziarul de Vaslui\"><br \/>\n\t\t\t\t\tZiarul de Vaslui\t\t\t\t<\/a><\/span><\/span><\/div>\n<div class=\"entry-content\">\n<p>Ini\u021bial am crezut c\u0103 Ionel Sandu s-a apucat de Stand Up Comedy. Cu afacerile nu st\u0103 extraordinar, cu politica nici<\/p>\n<\/div>\n<\/div>\n<div class=\"entry-content\">\n<p>Ini\u021bial am crezut c\u0103 Ionel Sandu s-a apucat de Stand Up Comedy. Cu afacerile nu st\u0103 extraordinar, cu politica nici<\/p>\n<\/div>\n<div class=\"article-content\">\n<div class=\"above-entry-meta\"><span class=\"cat-links\"><a href=\"http:\/\/www.ziaruldevaslui.ro\/literatura\/\" rel=\"category tag\">Literatur\u0103<\/a>\u00a0<a href=\"http:\/\/www.ziaruldevaslui.ro\/magazin\/\" rel=\"category tag\">Magazin<\/a>\u00a0<a href=\"http:\/\/www.ziaruldevaslui.ro\/opinii\/\" rel=\"category tag\">Opinii<\/a>\u00a0<\/span><\/div>\n<h3 class=\"entry-title\"><a href=\"http:\/\/www.ziaruldevaslui.ro\/pledoarie-pentru-o-carte-pe-zi\/\" title=\"Pledoarie pentru \u2026 o carte pe zi\"><br \/>\n\t\t\t\tPledoarie pentru \u2026 o carte pe zi\t\t\t<\/a><\/h3>\n<div class=\"below-entry-meta\"><span class=\"posted-on\"><a href=\"http:\/\/www.ziaruldevaslui.ro\/pledoarie-pentru-o-carte-pe-zi\/\" title=\"09:48\" rel=\"bookmark\"><time class=\"entry-date published\" datetime=\"2021-11-13T09:48:23+02:00\">13 noiembrie 2021<\/time><time class=\"updated\" datetime=\"2022-05-04T20:22:06+02:00\">4 mai 2022<\/time><\/a><\/span><span class=\"byline\"><span class=\"author vcard\"><a class=\"url fn n\" href=\"http:\/\/www.ziaruldevaslui.ro\/author\/admin\/\" title=\"Ziarul de Vaslui\"><br \/>\n\t\t\t\t\tZiarul de Vaslui\t\t\t\t<\/a><\/span><\/span><\/div>\n<\/div>\n<div class=\"article-content\">\n<div class=\"above-entry-meta\"><span class=\"cat-links\"><a href=\"http:\/\/www.ziaruldevaslui.ro\/local\/\" rel=\"category tag\">Local<\/a>\u00a0<a href=\"http:\/\/www.ziaruldevaslui.ro\/tabloul-principal\/\" rel=\"category tag\">NOUT\u0102\u021aI<\/a>\u00a0<a href=\"http:\/\/www.ziaruldevaslui.ro\/oameni-si-locuri\/\" rel=\"category tag\">Oameni si locuri<\/a>\u00a0<a href=\"http:\/\/www.ziaruldevaslui.ro\/opinii\/\" rel=\"category tag\">Opinii<\/a>\u00a0<\/span><\/div>\n<h3 class=\"entry-title\"><a href=\"http:\/\/www.ziaruldevaslui.ro\/vasluianca-madalina-tudorache-admisa-ca-doctorand-la-oxford-interviu\/\" title=\"Vasluianca M\u0103d\u0103lina Tudorache, admis\u0103 ca doctorand la Oxford\"><br \/>\n\t\t\t\tVasluianca M\u0103d\u0103lina Tudorache, admis\u0103 ca doctorand la Oxford\t\t\t<\/a><\/h3>\n<div class=\"below-entry-meta\"><span class=\"posted-on\"><a href=\"http:\/\/www.ziaruldevaslui.ro\/vasluianca-madalina-tudorache-admisa-ca-doctorand-la-oxford-interviu\/\" title=\"09:24\" rel=\"bookmark\"><time class=\"entry-date published\" datetime=\"2020-07-21T09:24:55+02:00\">21 iulie 2020<\/time><time class=\"updated\" datetime=\"2021-12-15T08:32:02+02:00\">15 decembrie 2021<\/time><\/a><\/span><span class=\"byline\"><span class=\"author vcard\"><a class=\"url fn n\" href=\"http:\/\/www.ziaruldevaslui.ro\/author\/admin\/\" title=\"Ziarul de Vaslui\"><br \/>\n\t\t\t\t\tZiarul de Vaslui\t\t\t\t<\/a><\/span><\/span><\/div>\n<\/div>\n<div class=\"article-content\">\n<div class=\"above-entry-meta\"><span class=\"cat-links\"><a href=\"http:\/\/www.ziaruldevaslui.ro\/local\/\" rel=\"category tag\">Local<\/a>\u00a0<a href=\"http:\/\/www.ziaruldevaslui.ro\/tabloul-principal\/\" rel=\"category tag\">NOUT\u0102\u021aI<\/a>\u00a0<a href=\"http:\/\/www.ziaruldevaslui.ro\/oameni-si-locuri\/\" rel=\"category tag\">Oameni si locuri<\/a>\u00a0<a href=\"http:\/\/www.ziaruldevaslui.ro\/opinii\/\" rel=\"category tag\">Opinii<\/a>\u00a0<\/span><\/div>\n<h3 class=\"entry-title\"><a href=\"http:\/\/www.ziaruldevaslui.ro\/manifestul-unui-eleve-de-clasa-a-12-a-din-vaslui-cel-mai-mare-vis-al-nostru-era-sa-imbracam-roba\/\" title=\"Manifestul unei eleve de clasa a 12-a din Vaslui: \u201eCel mai mare vis al nostru era s\u0103 \u00eembr\u0103c\u0103m roba\u201d\"><br \/>\n\t\t\t\tManifestul unei eleve de clasa a 12-a din Vaslui: \u201eCel mai mare vis al nostru era s\u0103 \u00eembr\u0103c\u0103m roba\u201d\t\t\t<\/a><\/h3>\n<div class=\"below-entry-meta\"><span class=\"posted-on\"><a href=\"http:\/\/www.ziaruldevaslui.ro\/manifestul-unui-eleve-de-clasa-a-12-a-din-vaslui-cel-mai-mare-vis-al-nostru-era-sa-imbracam-roba\/\" title=\"21:33\" rel=\"bookmark\"><time class=\"entry-date published\" datetime=\"2020-05-02T21:33:04+02:00\">2 mai 2020<\/time><time class=\"updated\" datetime=\"2020-05-03T18:03:27+02:00\">3 mai 2020<\/time><\/a><\/span><span class=\"byline\"><span class=\"author vcard\"><a class=\"url fn n\" href=\"http:\/\/www.ziaruldevaslui.ro\/author\/admin\/\" title=\"Ziarul de Vaslui\"><br \/>\n\t\t\t\t\tZiarul de Vaslui\t\t\t\t<\/a><\/span><\/span><\/div>\n<\/div>\n<p> Source URL: http:\/\/www.ziaruldevaslui.ro\/cel-mai-cautat-criminal-din-romania-in-arest-preventiv-pentru-30-de-zile\/<\/p>\n","protected":false},"excerpt":{"rendered":"<p>Na\u021bional\u00a0 Cel mai c\u0103utat criminal din Rom\u00e2nia, \u00een arest preventiv pentru 30 de zile 9 ianuarie 2016 Ziarul de Vaslui Niciun comentariuarest, criminal, iasi, Vasile Miron Vasile Miron, considerat un criminal sadic \u0219i principalul suspect \u00een uciderea unui b\u0103ie\u021bel de 10 ani dintr-o comun\u0103 din jude\u021bul Ia\u0219i, va fi cercetat \u00een stare de arest, dup\u0103 [&hellip;]<\/p>\n","protected":false},"author":1,"featured_media":1533966,"comment_status":"open","ping_status":"","sticky":false,"template":"","format":"standard","meta":{"footnotes":""},"categories":[89],"tags":[218],"class_list":["post-1533965","post","type-post","status-publish","format-standard","has-post-thumbnail","hentry","category-romania","tag-ziaruldevaslui-ro"],"_links":{"self":[{"href":"https:\/\/analyse.optim.biz\/index.php?rest_route=\/wp\/v2\/posts\/1533965","targetHints":{"allow":["GET"]}}],"collection":[{"href":"https:\/\/analyse.optim.biz\/index.php?rest_route=\/wp\/v2\/posts"}],"about":[{"href":"https:\/\/analyse.optim.biz\/index.php?rest_route=\/wp\/v2\/types\/post"}],"author":[{"embeddable":true,"href":"https:\/\/analyse.optim.biz\/index.php?rest_route=\/wp\/v2\/users\/1"}],"replies":[{"embeddable":true,"href":"https:\/\/analyse.optim.biz\/index.php?rest_route=%2Fwp%2Fv2%2Fcomments&post=1533965"}],"version-history":[{"count":0,"href":"https:\/\/analyse.optim.biz\/index.php?rest_route=\/wp\/v2\/posts\/1533965\/revisions"}],"wp:featuredmedia":[{"embeddable":true,"href":"https:\/\/analyse.optim.biz\/index.php?rest_route=\/wp\/v2\/media\/1533966"}],"wp:attachment":[{"href":"https:\/\/analyse.optim.biz\/index.php?rest_route=%2Fwp%2Fv2%2Fmedia&parent=1533965"}],"wp:term":[{"taxonomy":"category","embeddable":true,"href":"https:\/\/analyse.optim.biz\/index.php?rest_route=%2Fwp%2Fv2%2Fcategories&post=1533965"},{"taxonomy":"post_tag","embeddable":true,"href":"https:\/\/analyse.optim.biz\/index.php?rest_route=%2Fwp%2Fv2%2Ftags&post=1533965"}],"curies":[{"name":"wp","href":"https:\/\/api.w.org\/{rel}","templated":true}]}}