{"id":1533927,"date":"2016-01-19T06:11:38","date_gmt":"2016-01-19T03:11:38","guid":{"rendered":"https:\/\/analyse.optim.biz\/?p=1533927"},"modified":"2016-01-19T06:11:38","modified_gmt":"2016-01-19T03:11:38","slug":"perchezitii-in-dambovita","status":"publish","type":"post","link":"https:\/\/analyse.optim.biz\/?p=1533927","title":{"rendered":"Perchezi\u021bii \u00een D\u00e2mbovi\u021ba"},"content":{"rendered":"<article id=\"post-1782\" class=\"post-1782 post type-post status-publish format-standard has-post-thumbnail hentry category-national category-recomandate\">\n<div class=\"featured-image\"><a href=\"https:\/\/analyse.optim.biz\/wp-content\/uploads\/2026\/01\/politie1-1.jpg\" class=\"image-popup\"><img decoding=\"async\" width=\"620\" height=\"346\" src=\"https:\/\/analyse.optim.biz\/wp-content\/uploads\/2026\/01\/politie1-1.jpg\" class=\"attachment-colormag-featured-image size-colormag-featured-image wp-post-image\" loading=\"lazy\" title=\"politie1-1\"><\/a><\/div>\n<div class=\"article-content clearfix\">\n<div class=\"above-entry-meta\"><span class=\"cat-links\"><a href=\"http:\/\/www.ziaruldevaslui.ro\/national\/\" rel=\"category tag\">Na\u021bional<\/a>\u00a0<a href=\"http:\/\/www.ziaruldevaslui.ro\/recomandate\/\" rel=\"category tag\">RECOMANDATE<\/a>\u00a0<\/span><\/div>\n<header class=\"entry-header\">\n<h1 class=\"entry-title\">\n\t\t\t\tPerchezi\u021bii \u00een D\u00e2mbovi\u021ba\t\t\t<\/h1>\n<\/header>\n<div class=\"below-entry-meta\"><span class=\"posted-on\"><a href=\"http:\/\/www.ziaruldevaslui.ro\/perchezitii-in-dambovita\/\" title=\"08:11\" rel=\"bookmark\"><time class=\"entry-date published updated\" datetime=\"2016-01-19T08:11:38+02:00\">19 ianuarie 2016<\/time><\/a><\/span><span class=\"byline\"><span class=\"author vcard\"><a class=\"url fn n\" href=\"http:\/\/www.ziaruldevaslui.ro\/author\/rodan-mihai\/\" title=\"Mihai Rodan\"><br \/>\n\t\t\t\t\t\tMihai Rodan\t\t\t\t\t<\/a><\/span><\/span><span class=\"comments\"><a href=\"http:\/\/www.ziaruldevaslui.ro\/perchezitii-in-dambovita\/#respond\"> Niciun comentariu<\/a><\/span><\/div>\n<div class=\"entry-content clearfix\">\n<div class=\"stireDesc\">\n<p><strong><em>\u00cen aceast\u0103 diminea\u021b\u0103, poli\u021bi\u0219tii din D\u00e2mbovi\u021ba efectueaz\u0103 \u0219apte perchezi\u021bii domiciliare \u0219i pun \u00een executare 26 de mandate de aducere \u00een cadrul unui dosar penal \u00een care se efectueaz\u0103 cercet\u0103ri pentru s\u0103v\u00e2r\u015firea infrac\u0163iunilor de \u015fantaj, abuz \u00een serviciu \u015fi infrac\u0163iuni conexe faptelor de corup\u0163ie.<\/em><\/strong><\/p>\n<p>La data de 19 ianuarie a.c., poli\u021bi\u0219tii Inspectoratului de Poli\u021bie Jude\u021bean D\u00e2mbovi\u021ba efectueaz\u0103 7 perchezi\u0163ii, pe raza jude\u0163ului D\u00e2mbovi\u0163a, dintre care 2 la institu\u0163ii publice \u015fi 5 la locuin\u021bele unor \u00a0persoane fizice.<\/p>\n<p>De asemenea, sunt puse \u00een executare 26 de mandate de aducere.<\/p>\n<p>Activit\u0103\u021bile se desf\u0103\u0219oar\u0103 \u00een cadrul unui dosar penal instrumentat de procurorii ai Parchetului de pe l\u00e2ng\u0103 Judec\u0103toria T\u00e2rgovi\u015fte, \u00een care se efectueaz\u0103 cercet\u0103ri pentru s\u0103v\u00e2r\u015firea infrac\u0163iunilor de \u015fantaj, abuz \u00een serviciu \u015fi infrac\u0163iuni conexe faptelor de corup\u0163ie.<\/p>\n<p>Ac\u0163iunea beneficiaz\u0103 de sprijinul de specialitate al Serviciului Rom\u00e2n de Informa\u0163ii.<\/p>\n<p>\u00a0<\/p>\n<\/div>\n<aside class=\"mashsb-container mashsb-main \">\n<div class=\"mashsb-box\">\n<div class=\"mashsb-count mash-medium\">\n<div class=\"counts mashsbcount\">4<\/div>\n<p><span class=\"mashsb-sharetext\">SHARES<\/span><\/div>\n<div class=\"mashsb-buttons\"><a class=\"mashicon-facebook mash-medium mashsb-noshadow\" href=\"https:\/\/www.facebook.com\/sharer.php?u=http%3A%2F%2Fwww.ziaruldevaslui.ro%2Fperchezitii-in-dambovita%2F\" target=\"_top\" rel=\"nofollow\"><span class=\"text\">Share\u00a0pe\u00a0facebook<\/span><\/a><a class=\"mashicon-twitter mash-medium mashsb-noshadow\" href=\"https:\/\/twitter.com\/intent\/tweet?text=Perchezi%C8%9Bii%20%C3%AEn%20D%C3%A2mbovi%C8%9Ba&amp;url=http:\/\/www.ziaruldevaslui.ro\/?p=1782\" target=\"_top\" rel=\"nofollow\"><span class=\"text\">Share\u00a0pe\u00a0twitter<\/span><\/a><\/div>\n<\/div>\n<\/aside>\n<\/div>\n<\/div>\n<\/article>\n<div class=\"article-content clearfix\">\n<div class=\"above-entry-meta\"><span class=\"cat-links\"><a href=\"http:\/\/www.ziaruldevaslui.ro\/national\/\" rel=\"category tag\">Na\u021bional<\/a>\u00a0<a href=\"http:\/\/www.ziaruldevaslui.ro\/recomandate\/\" rel=\"category tag\">RECOMANDATE<\/a>\u00a0<\/span><\/div>\n<header class=\"entry-header\">\n<h1 class=\"entry-title\">\n\t\t\t\tPerchezi\u021bii \u00een D\u00e2mbovi\u021ba\t\t\t<\/h1>\n<\/header>\n<div class=\"below-entry-meta\"><span class=\"posted-on\"><a href=\"http:\/\/www.ziaruldevaslui.ro\/perchezitii-in-dambovita\/\" title=\"08:11\" rel=\"bookmark\"><time class=\"entry-date published updated\" datetime=\"2016-01-19T08:11:38+02:00\">19 ianuarie 2016<\/time><\/a><\/span><span class=\"byline\"><span class=\"author vcard\"><a class=\"url fn n\" href=\"http:\/\/www.ziaruldevaslui.ro\/author\/rodan-mihai\/\" title=\"Mihai Rodan\"><br \/>\n\t\t\t\t\t\tMihai Rodan\t\t\t\t\t<\/a><\/span><\/span><span class=\"comments\"><a href=\"http:\/\/www.ziaruldevaslui.ro\/perchezitii-in-dambovita\/#respond\"> Niciun comentariu<\/a><\/span><\/div>\n<div class=\"entry-content clearfix\">\n<div class=\"stireDesc\">\n<p><strong><em>\u00cen aceast\u0103 diminea\u021b\u0103, poli\u021bi\u0219tii din D\u00e2mbovi\u021ba efectueaz\u0103 \u0219apte perchezi\u021bii domiciliare \u0219i pun \u00een executare 26 de mandate de aducere \u00een cadrul unui dosar penal \u00een care se efectueaz\u0103 cercet\u0103ri pentru s\u0103v\u00e2r\u015firea infrac\u0163iunilor de \u015fantaj, abuz \u00een serviciu \u015fi infrac\u0163iuni conexe faptelor de corup\u0163ie.<\/em><\/strong><\/p>\n<p>La data de 19 ianuarie a.c., poli\u021bi\u0219tii Inspectoratului de Poli\u021bie Jude\u021bean D\u00e2mbovi\u021ba efectueaz\u0103 7 perchezi\u0163ii, pe raza jude\u0163ului D\u00e2mbovi\u0163a, dintre care 2 la institu\u0163ii publice \u015fi 5 la locuin\u021bele unor \u00a0persoane fizice.<\/p>\n<p>De asemenea, sunt puse \u00een executare 26 de mandate de aducere.<\/p>\n<p>Activit\u0103\u021bile se desf\u0103\u0219oar\u0103 \u00een cadrul unui dosar penal instrumentat de procurorii ai Parchetului de pe l\u00e2ng\u0103 Judec\u0103toria T\u00e2rgovi\u015fte, \u00een care se efectueaz\u0103 cercet\u0103ri pentru s\u0103v\u00e2r\u015firea infrac\u0163iunilor de \u015fantaj, abuz \u00een serviciu \u015fi infrac\u0163iuni conexe faptelor de corup\u0163ie.<\/p>\n<p>Ac\u0163iunea beneficiaz\u0103 de sprijinul de specialitate al Serviciului Rom\u00e2n de Informa\u0163ii.<\/p>\n<p>\u00a0<\/p>\n<\/div>\n<aside class=\"mashsb-container mashsb-main \">\n<div class=\"mashsb-box\">\n<div class=\"mashsb-count mash-medium\">\n<div class=\"counts mashsbcount\">4<\/div>\n<p><span class=\"mashsb-sharetext\">SHARES<\/span><\/div>\n<div class=\"mashsb-buttons\"><a class=\"mashicon-facebook mash-medium mashsb-noshadow\" href=\"https:\/\/www.facebook.com\/sharer.php?u=http%3A%2F%2Fwww.ziaruldevaslui.ro%2Fperchezitii-in-dambovita%2F\" target=\"_top\" rel=\"nofollow\"><span class=\"text\">Share\u00a0pe\u00a0facebook<\/span><\/a><a class=\"mashicon-twitter mash-medium mashsb-noshadow\" href=\"https:\/\/twitter.com\/intent\/tweet?text=Perchezi%C8%9Bii%20%C3%AEn%20D%C3%A2mbovi%C8%9Ba&amp;url=http:\/\/www.ziaruldevaslui.ro\/?p=1782\" target=\"_top\" rel=\"nofollow\"><span class=\"text\">Share\u00a0pe\u00a0twitter<\/span><\/a><\/div>\n<\/div>\n<\/aside>\n<\/div>\n<\/div>\n<div class=\"entry-content clearfix\">\n<div class=\"stireDesc\">\n<p><strong><em>\u00cen aceast\u0103 diminea\u021b\u0103, poli\u021bi\u0219tii din D\u00e2mbovi\u021ba efectueaz\u0103 \u0219apte perchezi\u021bii domiciliare \u0219i pun \u00een executare 26 de mandate de aducere \u00een cadrul unui dosar penal \u00een care se efectueaz\u0103 cercet\u0103ri pentru s\u0103v\u00e2r\u015firea infrac\u0163iunilor de \u015fantaj, abuz \u00een serviciu \u015fi infrac\u0163iuni conexe faptelor de corup\u0163ie.<\/em><\/strong><\/p>\n<p>La data de 19 ianuarie a.c., poli\u021bi\u0219tii Inspectoratului de Poli\u021bie Jude\u021bean D\u00e2mbovi\u021ba efectueaz\u0103 7 perchezi\u0163ii, pe raza jude\u0163ului D\u00e2mbovi\u0163a, dintre care 2 la institu\u0163ii publice \u015fi 5 la locuin\u021bele unor \u00a0persoane fizice.<\/p>\n<p>De asemenea, sunt puse \u00een executare 26 de mandate de aducere.<\/p>\n<p>Activit\u0103\u021bile se desf\u0103\u0219oar\u0103 \u00een cadrul unui dosar penal instrumentat de procurorii ai Parchetului de pe l\u00e2ng\u0103 Judec\u0103toria T\u00e2rgovi\u015fte, \u00een care se efectueaz\u0103 cercet\u0103ri pentru s\u0103v\u00e2r\u015firea infrac\u0163iunilor de \u015fantaj, abuz \u00een serviciu \u015fi infrac\u0163iuni conexe faptelor de corup\u0163ie.<\/p>\n<p>Ac\u0163iunea beneficiaz\u0103 de sprijinul de specialitate al Serviciului Rom\u00e2n de Informa\u0163ii.<\/p>\n<p>\u00a0<\/p>\n<\/div>\n<aside class=\"mashsb-container mashsb-main \">\n<div class=\"mashsb-box\">\n<div class=\"mashsb-count mash-medium\">\n<div class=\"counts mashsbcount\">4<\/div>\n<p><span class=\"mashsb-sharetext\">SHARES<\/span><\/div>\n<div class=\"mashsb-buttons\"><a class=\"mashicon-facebook mash-medium mashsb-noshadow\" href=\"https:\/\/www.facebook.com\/sharer.php?u=http%3A%2F%2Fwww.ziaruldevaslui.ro%2Fperchezitii-in-dambovita%2F\" target=\"_top\" rel=\"nofollow\"><span class=\"text\">Share\u00a0pe\u00a0facebook<\/span><\/a><a class=\"mashicon-twitter mash-medium mashsb-noshadow\" href=\"https:\/\/twitter.com\/intent\/tweet?text=Perchezi%C8%9Bii%20%C3%AEn%20D%C3%A2mbovi%C8%9Ba&amp;url=http:\/\/www.ziaruldevaslui.ro\/?p=1782\" target=\"_top\" rel=\"nofollow\"><span class=\"text\">Share\u00a0pe\u00a0twitter<\/span><\/a><\/div>\n<\/div>\n<\/aside>\n<\/div>\n<div class=\"article-content\">\n<h3 class=\"entry-title\"><a href=\"http:\/\/www.ziaruldevaslui.ro\/accident-in-apropiere-de-barlad-doua-persoane-au-ajuns-la-spital\/\" rel=\"bookmark\" title=\"Accident \u00een apropiere de B\u00e2rlad! Dou\u0103 persoane au ajuns la spital\"><br \/>\n\t\t\t\t\t\t\t\tAccident \u00een apropiere de B\u00e2rlad! Dou\u0103 persoane au ajuns la spital\t\t\t\t\t\t\t<\/a><\/h3>\n<div class=\"below-entry-meta\"><span class=\"posted-on\"><a href=\"http:\/\/www.ziaruldevaslui.ro\/accident-in-apropiere-de-barlad-doua-persoane-au-ajuns-la-spital\/\" title=\"11:16\" rel=\"bookmark\"><time class=\"entry-date published updated\" datetime=\"2021-03-07T11:16:58+02:00\">7 martie 2021<\/time><\/a><\/span><span class=\"byline\"><span class=\"author vcard\"><a class=\"url fn n\" href=\"http:\/\/www.ziaruldevaslui.ro\/author\/admin\/\" title=\"Ziarul de Vaslui\"><br \/>\n\t\t\t\t\t\tZiarul de Vaslui\t\t\t\t\t<\/a><\/span><\/span><\/div>\n<\/div>\n<div class=\"article-content\">\n<h3 class=\"entry-title\"><a href=\"http:\/\/www.ziaruldevaslui.ro\/un-copil-din-negresti-a-murit-dupa-ce-s-a-electrocutat-si-a-cazut-de-pe-un-stalp\/\" rel=\"bookmark\" title=\"Un copil din Negre\u015fti a murit, dup\u0103 ce s-a electrocutat \u0219i a c\u0103zut de pe un st\u00e2lp\"><br \/>\n\t\t\t\t\t\t\t\tUn copil din Negre\u015fti a murit, dup\u0103 ce s-a electrocutat \u0219i a c\u0103zut de pe un st\u00e2lp\t\t\t\t\t\t\t<\/a><\/h3>\n<div class=\"below-entry-meta\"><span class=\"posted-on\"><a href=\"http:\/\/www.ziaruldevaslui.ro\/un-copil-din-negresti-a-murit-dupa-ce-s-a-electrocutat-si-a-cazut-de-pe-un-stalp\/\" title=\"19:23\" rel=\"bookmark\"><time class=\"entry-date published updated\" datetime=\"2019-09-24T19:23:57+02:00\">24 septembrie 2019<\/time><\/a><\/span><span class=\"byline\"><span class=\"author vcard\"><a class=\"url fn n\" href=\"http:\/\/www.ziaruldevaslui.ro\/author\/admin\/\" title=\"Ziarul de Vaslui\"><br \/>\n\t\t\t\t\t\tZiarul de Vaslui\t\t\t\t\t<\/a><\/span><\/span><\/div>\n<\/div>\n<div class=\"article-content\">\n<h3 class=\"entry-title\"><a href=\"http:\/\/www.ziaruldevaslui.ro\/alcoolemie-record-si-fara-permis-vasluian-arestat-dupa-ce-si-a-facut-de-cap-la-volan\/\" rel=\"bookmark\" title=\"Alcoolemie record \u0219i f\u0103r\u0103 permis! Vasluian arestat dup\u0103 ce \u0219i-a f\u0103cut de cap la volan\"><br \/>\n\t\t\t\t\t\t\t\tAlcoolemie record \u0219i f\u0103r\u0103 permis! Vasluian arestat dup\u0103 ce \u0219i-a f\u0103cut de cap la volan\t\t\t\t\t\t\t<\/a><\/h3>\n<div class=\"below-entry-meta\"><span class=\"posted-on\"><a href=\"http:\/\/www.ziaruldevaslui.ro\/alcoolemie-record-si-fara-permis-vasluian-arestat-dupa-ce-si-a-facut-de-cap-la-volan\/\" title=\"14:53\" rel=\"bookmark\"><time class=\"entry-date published\" datetime=\"2022-03-26T14:53:05+02:00\">26 martie 2022<\/time><time class=\"updated\" datetime=\"2022-03-26T14:53:06+02:00\">26 martie 2022<\/time><\/a><\/span><span class=\"byline\"><span class=\"author vcard\"><a class=\"url fn n\" href=\"http:\/\/www.ziaruldevaslui.ro\/author\/admin\/\" title=\"Ziarul de Vaslui\"><br \/>\n\t\t\t\t\t\tZiarul de Vaslui\t\t\t\t\t<\/a><\/span><\/span><\/div>\n<\/div>\n<div class=\"article-content\">\n<div class=\"above-entry-meta\"><span class=\"cat-links\"><a href=\"http:\/\/www.ziaruldevaslui.ro\/local\/\" rel=\"category tag\">Local<\/a>\u00a0<a href=\"http:\/\/www.ziaruldevaslui.ro\/tabloul-principal\/\" rel=\"category tag\">NOUT\u0102\u021aI<\/a>\u00a0<a href=\"http:\/\/www.ziaruldevaslui.ro\/opinii\/\" rel=\"category tag\">Opinii<\/a>\u00a0<\/span><\/div>\n<h3 class=\"entry-title\"><a href=\"http:\/\/www.ziaruldevaslui.ro\/stand-up-comedy-cu-ionel-sandu-de-la-aur-spatiile-pentru-copiii-cu-autism-sunt-bazaconii\/\" title=\"Stand Up Comedy cu Ionel Sandu, candidat AUR: spa\u021biile pentru copiii cu autism sunt \u201ebazaconii\u201d\"><br \/>\n\t\t\t\tStand Up Comedy cu Ionel Sandu, candidat AUR: spa\u021biile pentru copiii cu autism sunt \u201ebazaconii\u201d\t\t\t<\/a><\/h3>\n<div class=\"below-entry-meta\"><span class=\"posted-on\"><a href=\"http:\/\/www.ziaruldevaslui.ro\/stand-up-comedy-cu-ionel-sandu-de-la-aur-spatiile-pentru-copiii-cu-autism-sunt-bazaconii\/\" title=\"22:46\" rel=\"bookmark\"><time class=\"entry-date published\" datetime=\"2024-03-14T22:46:43+02:00\">14 martie 2024<\/time><time class=\"updated\" datetime=\"2024-03-15T08:54:58+02:00\">15 martie 2024<\/time><\/a><\/span><span class=\"byline\"><span class=\"author vcard\"><a class=\"url fn n\" href=\"http:\/\/www.ziaruldevaslui.ro\/author\/admin\/\" title=\"Ziarul de Vaslui\"><br \/>\n\t\t\t\t\tZiarul de Vaslui\t\t\t\t<\/a><\/span><\/span><\/div>\n<div class=\"entry-content\">\n<p>Ini\u021bial am crezut c\u0103 Ionel Sandu s-a apucat de Stand Up Comedy. Cu afacerile nu st\u0103 extraordinar, cu politica nici<\/p>\n<\/div>\n<\/div>\n<div class=\"entry-content\">\n<p>Ini\u021bial am crezut c\u0103 Ionel Sandu s-a apucat de Stand Up Comedy. Cu afacerile nu st\u0103 extraordinar, cu politica nici<\/p>\n<\/div>\n<div class=\"article-content\">\n<div class=\"above-entry-meta\"><span class=\"cat-links\"><a href=\"http:\/\/www.ziaruldevaslui.ro\/literatura\/\" rel=\"category tag\">Literatur\u0103<\/a>\u00a0<a href=\"http:\/\/www.ziaruldevaslui.ro\/magazin\/\" rel=\"category tag\">Magazin<\/a>\u00a0<a href=\"http:\/\/www.ziaruldevaslui.ro\/opinii\/\" rel=\"category tag\">Opinii<\/a>\u00a0<\/span><\/div>\n<h3 class=\"entry-title\"><a href=\"http:\/\/www.ziaruldevaslui.ro\/pledoarie-pentru-o-carte-pe-zi\/\" title=\"Pledoarie pentru \u2026 o carte pe zi\"><br \/>\n\t\t\t\tPledoarie pentru \u2026 o carte pe zi\t\t\t<\/a><\/h3>\n<div class=\"below-entry-meta\"><span class=\"posted-on\"><a href=\"http:\/\/www.ziaruldevaslui.ro\/pledoarie-pentru-o-carte-pe-zi\/\" title=\"09:48\" rel=\"bookmark\"><time class=\"entry-date published\" datetime=\"2021-11-13T09:48:23+02:00\">13 noiembrie 2021<\/time><time class=\"updated\" datetime=\"2022-05-04T20:22:06+02:00\">4 mai 2022<\/time><\/a><\/span><span class=\"byline\"><span class=\"author vcard\"><a class=\"url fn n\" href=\"http:\/\/www.ziaruldevaslui.ro\/author\/admin\/\" title=\"Ziarul de Vaslui\"><br \/>\n\t\t\t\t\tZiarul de Vaslui\t\t\t\t<\/a><\/span><\/span><\/div>\n<\/div>\n<div class=\"article-content\">\n<div class=\"above-entry-meta\"><span class=\"cat-links\"><a href=\"http:\/\/www.ziaruldevaslui.ro\/local\/\" rel=\"category tag\">Local<\/a>\u00a0<a href=\"http:\/\/www.ziaruldevaslui.ro\/tabloul-principal\/\" rel=\"category tag\">NOUT\u0102\u021aI<\/a>\u00a0<a href=\"http:\/\/www.ziaruldevaslui.ro\/oameni-si-locuri\/\" rel=\"category tag\">Oameni si locuri<\/a>\u00a0<a href=\"http:\/\/www.ziaruldevaslui.ro\/opinii\/\" rel=\"category tag\">Opinii<\/a>\u00a0<\/span><\/div>\n<h3 class=\"entry-title\"><a href=\"http:\/\/www.ziaruldevaslui.ro\/vasluianca-madalina-tudorache-admisa-ca-doctorand-la-oxford-interviu\/\" title=\"Vasluianca M\u0103d\u0103lina Tudorache, admis\u0103 ca doctorand la Oxford\"><br \/>\n\t\t\t\tVasluianca M\u0103d\u0103lina Tudorache, admis\u0103 ca doctorand la Oxford\t\t\t<\/a><\/h3>\n<div class=\"below-entry-meta\"><span class=\"posted-on\"><a href=\"http:\/\/www.ziaruldevaslui.ro\/vasluianca-madalina-tudorache-admisa-ca-doctorand-la-oxford-interviu\/\" title=\"09:24\" rel=\"bookmark\"><time class=\"entry-date published\" datetime=\"2020-07-21T09:24:55+02:00\">21 iulie 2020<\/time><time class=\"updated\" datetime=\"2021-12-15T08:32:02+02:00\">15 decembrie 2021<\/time><\/a><\/span><span class=\"byline\"><span class=\"author vcard\"><a class=\"url fn n\" href=\"http:\/\/www.ziaruldevaslui.ro\/author\/admin\/\" title=\"Ziarul de Vaslui\"><br \/>\n\t\t\t\t\tZiarul de Vaslui\t\t\t\t<\/a><\/span><\/span><\/div>\n<\/div>\n<div class=\"article-content\">\n<div class=\"above-entry-meta\"><span class=\"cat-links\"><a href=\"http:\/\/www.ziaruldevaslui.ro\/local\/\" rel=\"category tag\">Local<\/a>\u00a0<a href=\"http:\/\/www.ziaruldevaslui.ro\/tabloul-principal\/\" rel=\"category tag\">NOUT\u0102\u021aI<\/a>\u00a0<a href=\"http:\/\/www.ziaruldevaslui.ro\/oameni-si-locuri\/\" rel=\"category tag\">Oameni si locuri<\/a>\u00a0<a href=\"http:\/\/www.ziaruldevaslui.ro\/opinii\/\" rel=\"category tag\">Opinii<\/a>\u00a0<\/span><\/div>\n<h3 class=\"entry-title\"><a href=\"http:\/\/www.ziaruldevaslui.ro\/manifestul-unui-eleve-de-clasa-a-12-a-din-vaslui-cel-mai-mare-vis-al-nostru-era-sa-imbracam-roba\/\" title=\"Manifestul unei eleve de clasa a 12-a din Vaslui: \u201eCel mai mare vis al nostru era s\u0103 \u00eembr\u0103c\u0103m roba\u201d\"><br \/>\n\t\t\t\tManifestul unei eleve de clasa a 12-a din Vaslui: \u201eCel mai mare vis al nostru era s\u0103 \u00eembr\u0103c\u0103m roba\u201d\t\t\t<\/a><\/h3>\n<div class=\"below-entry-meta\"><span class=\"posted-on\"><a href=\"http:\/\/www.ziaruldevaslui.ro\/manifestul-unui-eleve-de-clasa-a-12-a-din-vaslui-cel-mai-mare-vis-al-nostru-era-sa-imbracam-roba\/\" title=\"21:33\" rel=\"bookmark\"><time class=\"entry-date published\" datetime=\"2020-05-02T21:33:04+02:00\">2 mai 2020<\/time><time class=\"updated\" datetime=\"2020-05-03T18:03:27+02:00\">3 mai 2020<\/time><\/a><\/span><span class=\"byline\"><span class=\"author vcard\"><a class=\"url fn n\" href=\"http:\/\/www.ziaruldevaslui.ro\/author\/admin\/\" title=\"Ziarul de Vaslui\"><br \/>\n\t\t\t\t\tZiarul de Vaslui\t\t\t\t<\/a><\/span><\/span><\/div>\n<\/div>\n<p> Source URL: http:\/\/www.ziaruldevaslui.ro\/perchezitii-in-dambovita\/<\/p>\n","protected":false},"excerpt":{"rendered":"<p>Na\u021bional\u00a0RECOMANDATE\u00a0 Perchezi\u021bii \u00een D\u00e2mbovi\u021ba 19 ianuarie 2016 Mihai Rodan Niciun comentariu \u00cen aceast\u0103 diminea\u021b\u0103, poli\u021bi\u0219tii din D\u00e2mbovi\u021ba efectueaz\u0103 \u0219apte perchezi\u021bii domiciliare \u0219i pun \u00een executare 26 de mandate de aducere \u00een cadrul unui dosar penal \u00een care se efectueaz\u0103 cercet\u0103ri pentru s\u0103v\u00e2r\u015firea infrac\u0163iunilor de \u015fantaj, abuz \u00een serviciu \u015fi infrac\u0163iuni conexe faptelor de corup\u0163ie. La [&hellip;]<\/p>\n","protected":false},"author":1,"featured_media":1533928,"comment_status":"open","ping_status":"","sticky":false,"template":"","format":"standard","meta":{"footnotes":""},"categories":[89],"tags":[218],"class_list":["post-1533927","post","type-post","status-publish","format-standard","has-post-thumbnail","hentry","category-romania","tag-ziaruldevaslui-ro"],"_links":{"self":[{"href":"https:\/\/analyse.optim.biz\/index.php?rest_route=\/wp\/v2\/posts\/1533927","targetHints":{"allow":["GET"]}}],"collection":[{"href":"https:\/\/analyse.optim.biz\/index.php?rest_route=\/wp\/v2\/posts"}],"about":[{"href":"https:\/\/analyse.optim.biz\/index.php?rest_route=\/wp\/v2\/types\/post"}],"author":[{"embeddable":true,"href":"https:\/\/analyse.optim.biz\/index.php?rest_route=\/wp\/v2\/users\/1"}],"replies":[{"embeddable":true,"href":"https:\/\/analyse.optim.biz\/index.php?rest_route=%2Fwp%2Fv2%2Fcomments&post=1533927"}],"version-history":[{"count":0,"href":"https:\/\/analyse.optim.biz\/index.php?rest_route=\/wp\/v2\/posts\/1533927\/revisions"}],"wp:featuredmedia":[{"embeddable":true,"href":"https:\/\/analyse.optim.biz\/index.php?rest_route=\/wp\/v2\/media\/1533928"}],"wp:attachment":[{"href":"https:\/\/analyse.optim.biz\/index.php?rest_route=%2Fwp%2Fv2%2Fmedia&parent=1533927"}],"wp:term":[{"taxonomy":"category","embeddable":true,"href":"https:\/\/analyse.optim.biz\/index.php?rest_route=%2Fwp%2Fv2%2Fcategories&post=1533927"},{"taxonomy":"post_tag","embeddable":true,"href":"https:\/\/analyse.optim.biz\/index.php?rest_route=%2Fwp%2Fv2%2Ftags&post=1533927"}],"curies":[{"name":"wp","href":"https:\/\/api.w.org\/{rel}","templated":true}]}}