{"id":1533921,"date":"2016-01-19T07:26:06","date_gmt":"2016-01-19T04:26:06","guid":{"rendered":"https:\/\/analyse.optim.biz\/?p=1533921"},"modified":"2016-01-19T07:26:06","modified_gmt":"2016-01-19T04:26:06","slug":"galati-sapte-localitati-izolate-si-16-drumuri-judetene-inchise","status":"publish","type":"post","link":"https:\/\/analyse.optim.biz\/?p=1533921","title":{"rendered":"Gala\u021bi: \u0218apte localit\u0103\u021bi izolate \u0219i 16 drumuri jude\u021bene \u00eenchise"},"content":{"rendered":"<article id=\"post-1789\" class=\"post-1789 post type-post status-publish format-standard has-post-thumbnail hentry category-national tag-drumuri-inchise tag-galati tag-vaslui tag-viscol tag-zapada\">\n<div class=\"featured-image\"><a href=\"https:\/\/analyse.optim.biz\/wp-content\/uploads\/2026\/01\/1390735549366fb795.jpg\" class=\"image-popup\"><img decoding=\"async\" width=\"603\" height=\"445\" src=\"https:\/\/analyse.optim.biz\/wp-content\/uploads\/2026\/01\/1390735549366fb795-603x445-1.jpg\" class=\"attachment-colormag-featured-image size-colormag-featured-image wp-post-image\" loading=\"lazy\" title=\"1390735549366fb795-603x445-1\"><\/a><\/div>\n<div class=\"article-content clearfix\">\n<div class=\"above-entry-meta\"><span class=\"cat-links\"><a href=\"http:\/\/www.ziaruldevaslui.ro\/national\/\" rel=\"category tag\">Na\u021bional<\/a>\u00a0<\/span><\/div>\n<header class=\"entry-header\">\n<h1 class=\"entry-title\">\n\t\t\t\tGala\u021bi: \u0218apte localit\u0103\u021bi izolate \u0219i 16 drumuri jude\u021bene \u00eenchise\t\t\t<\/h1>\n<\/header>\n<div class=\"below-entry-meta\"><span class=\"posted-on\"><a href=\"http:\/\/www.ziaruldevaslui.ro\/galati-sapte-localitati-izolate-si-16-drumuri-judetene-inchise\/\" title=\"09:26\" rel=\"bookmark\"><time class=\"entry-date published updated\" datetime=\"2016-01-19T09:26:06+02:00\">19 ianuarie 2016<\/time><\/a><\/span><span class=\"byline\"><span class=\"author vcard\"><a class=\"url fn n\" href=\"http:\/\/www.ziaruldevaslui.ro\/author\/admin\/\" title=\"Ziarul de Vaslui\"><br \/>\n\t\t\t\t\t\tZiarul de Vaslui\t\t\t\t\t<\/a><\/span><\/span><span class=\"comments\"><a href=\"http:\/\/www.ziaruldevaslui.ro\/galati-sapte-localitati-izolate-si-16-drumuri-judetene-inchise\/#respond\"> Niciun comentariu<\/a><\/span><span class=\"tag-links\"><a href=\"http:\/\/www.ziaruldevaslui.ro\/tag\/drumuri-inchise\/\" rel=\"tag\">drumuri inchise<\/a>, <a href=\"http:\/\/www.ziaruldevaslui.ro\/tag\/galati\/\" rel=\"tag\">galati<\/a>, <a href=\"http:\/\/www.ziaruldevaslui.ro\/tag\/vaslui\/\" rel=\"tag\">Vaslui<\/a>, <a href=\"http:\/\/www.ziaruldevaslui.ro\/tag\/viscol\/\" rel=\"tag\">viscol<\/a>, <a href=\"http:\/\/www.ziaruldevaslui.ro\/tag\/zapada\/\" rel=\"tag\">zapada<\/a><\/span><\/div>\n<div class=\"entry-content clearfix\">\n<p><strong>\u0218apte localit\u0103\u021bi din jude\u021bul Gala\u021bi sunt izolate din cauza viscolului \u0219i a z\u0103pezii spulberate, a anun\u021bat mar\u021bi printr-un comunicat de pres\u0103 transmis AGERPRES purt\u0103torul de cuv\u00e2nt al ISU Gala\u021bi, maior Eugen Chiri\u021b\u0103.<\/strong><\/p>\n<p>Potrivit comunicatului, este vorba despre localit\u0103\u021bile Smul\u021bi, Cuca, B\u0103leni, Sc\u00e2nteie\u0219ti, V\u00e2rlezi, Bere\u0219ti Meria \u0219i Ro\u0219cani-B\u0103neasa. Se ac\u021bioneaz\u0103 cu toate for\u021bele disponibile pentru asigurarea cel pu\u021bin a unei c\u0103i de acces c\u0103tre aceste localit\u0103\u021bi.<\/p>\n<p>De asemenea, \u00een sprijinul persoanelor din aceste localit\u0103\u021bi pentru urgen\u021be medicale sau pentru orice alt\u0103 solicitare din partea primarilor localit\u0103\u021bilor izolate echipajele de pompieri vor efectua misiuni cu ajutorul utilajelor \u0219i autospecialelor cu capacitate de trecere m\u0103rit\u0103 (\u0219enilate).<\/p>\n<p><b>\u00cen jude\u021bul Gala\u021bi r\u0103m\u00e2ne \u00eenchis DN 24D limita cu jude\u021bul Vaslui \u2014 Cuca \u2014 intersec\u021bie DN 26 \u0219i mai sunt blocate 16 segmente de drumuri jude\u021bene.<\/b><\/p>\n<p>Sursa: Agerpres<\/p>\n<aside class=\"mashsb-container mashsb-main \">\n<div class=\"mashsb-box\">\n<div class=\"mashsb-count mash-medium\">\n<div class=\"counts mashsbcount\">1<\/div>\n<p><span class=\"mashsb-sharetext\">SHARES<\/span><\/div>\n<div class=\"mashsb-buttons\"><a class=\"mashicon-facebook mash-medium mashsb-noshadow\" href=\"https:\/\/www.facebook.com\/sharer.php?u=http%3A%2F%2Fwww.ziaruldevaslui.ro%2Fgalati-sapte-localitati-izolate-si-16-drumuri-judetene-inchise%2F\" target=\"_top\" rel=\"nofollow\"><span class=\"text\">Share\u00a0pe\u00a0facebook<\/span><\/a><a class=\"mashicon-twitter mash-medium mashsb-noshadow\" href=\"https:\/\/twitter.com\/intent\/tweet?text=Gala%C8%9Bi%3A%20%C8%98apte%20localit%C4%83%C8%9Bi%20izolate%20%C8%99i%2016%20drumuri%20jude%C8%9Bene%20%C3%AEnchise&amp;url=http:\/\/www.ziaruldevaslui.ro\/?p=1789\" target=\"_top\" rel=\"nofollow\"><span class=\"text\">Share\u00a0pe\u00a0twitter<\/span><\/a><\/div>\n<\/div>\n<\/aside>\n<\/div>\n<\/div>\n<\/article>\n<div class=\"article-content clearfix\">\n<div class=\"above-entry-meta\"><span class=\"cat-links\"><a href=\"http:\/\/www.ziaruldevaslui.ro\/national\/\" rel=\"category tag\">Na\u021bional<\/a>\u00a0<\/span><\/div>\n<header class=\"entry-header\">\n<h1 class=\"entry-title\">\n\t\t\t\tGala\u021bi: \u0218apte localit\u0103\u021bi izolate \u0219i 16 drumuri jude\u021bene \u00eenchise\t\t\t<\/h1>\n<\/header>\n<div class=\"below-entry-meta\"><span class=\"posted-on\"><a href=\"http:\/\/www.ziaruldevaslui.ro\/galati-sapte-localitati-izolate-si-16-drumuri-judetene-inchise\/\" title=\"09:26\" rel=\"bookmark\"><time class=\"entry-date published updated\" datetime=\"2016-01-19T09:26:06+02:00\">19 ianuarie 2016<\/time><\/a><\/span><span class=\"byline\"><span class=\"author vcard\"><a class=\"url fn n\" href=\"http:\/\/www.ziaruldevaslui.ro\/author\/admin\/\" title=\"Ziarul de Vaslui\"><br \/>\n\t\t\t\t\t\tZiarul de Vaslui\t\t\t\t\t<\/a><\/span><\/span><span class=\"comments\"><a href=\"http:\/\/www.ziaruldevaslui.ro\/galati-sapte-localitati-izolate-si-16-drumuri-judetene-inchise\/#respond\"> Niciun comentariu<\/a><\/span><span class=\"tag-links\"><a href=\"http:\/\/www.ziaruldevaslui.ro\/tag\/drumuri-inchise\/\" rel=\"tag\">drumuri inchise<\/a>, <a href=\"http:\/\/www.ziaruldevaslui.ro\/tag\/galati\/\" rel=\"tag\">galati<\/a>, <a href=\"http:\/\/www.ziaruldevaslui.ro\/tag\/vaslui\/\" rel=\"tag\">Vaslui<\/a>, <a href=\"http:\/\/www.ziaruldevaslui.ro\/tag\/viscol\/\" rel=\"tag\">viscol<\/a>, <a href=\"http:\/\/www.ziaruldevaslui.ro\/tag\/zapada\/\" rel=\"tag\">zapada<\/a><\/span><\/div>\n<div class=\"entry-content clearfix\">\n<p><strong>\u0218apte localit\u0103\u021bi din jude\u021bul Gala\u021bi sunt izolate din cauza viscolului \u0219i a z\u0103pezii spulberate, a anun\u021bat mar\u021bi printr-un comunicat de pres\u0103 transmis AGERPRES purt\u0103torul de cuv\u00e2nt al ISU Gala\u021bi, maior Eugen Chiri\u021b\u0103.<\/strong><\/p>\n<p>Potrivit comunicatului, este vorba despre localit\u0103\u021bile Smul\u021bi, Cuca, B\u0103leni, Sc\u00e2nteie\u0219ti, V\u00e2rlezi, Bere\u0219ti Meria \u0219i Ro\u0219cani-B\u0103neasa. Se ac\u021bioneaz\u0103 cu toate for\u021bele disponibile pentru asigurarea cel pu\u021bin a unei c\u0103i de acces c\u0103tre aceste localit\u0103\u021bi.<\/p>\n<p>De asemenea, \u00een sprijinul persoanelor din aceste localit\u0103\u021bi pentru urgen\u021be medicale sau pentru orice alt\u0103 solicitare din partea primarilor localit\u0103\u021bilor izolate echipajele de pompieri vor efectua misiuni cu ajutorul utilajelor \u0219i autospecialelor cu capacitate de trecere m\u0103rit\u0103 (\u0219enilate).<\/p>\n<p><b>\u00cen jude\u021bul Gala\u021bi r\u0103m\u00e2ne \u00eenchis DN 24D limita cu jude\u021bul Vaslui \u2014 Cuca \u2014 intersec\u021bie DN 26 \u0219i mai sunt blocate 16 segmente de drumuri jude\u021bene.<\/b><\/p>\n<p>Sursa: Agerpres<\/p>\n<aside class=\"mashsb-container mashsb-main \">\n<div class=\"mashsb-box\">\n<div class=\"mashsb-count mash-medium\">\n<div class=\"counts mashsbcount\">1<\/div>\n<p><span class=\"mashsb-sharetext\">SHARES<\/span><\/div>\n<div class=\"mashsb-buttons\"><a class=\"mashicon-facebook mash-medium mashsb-noshadow\" href=\"https:\/\/www.facebook.com\/sharer.php?u=http%3A%2F%2Fwww.ziaruldevaslui.ro%2Fgalati-sapte-localitati-izolate-si-16-drumuri-judetene-inchise%2F\" target=\"_top\" rel=\"nofollow\"><span class=\"text\">Share\u00a0pe\u00a0facebook<\/span><\/a><a class=\"mashicon-twitter mash-medium mashsb-noshadow\" href=\"https:\/\/twitter.com\/intent\/tweet?text=Gala%C8%9Bi%3A%20%C8%98apte%20localit%C4%83%C8%9Bi%20izolate%20%C8%99i%2016%20drumuri%20jude%C8%9Bene%20%C3%AEnchise&amp;url=http:\/\/www.ziaruldevaslui.ro\/?p=1789\" target=\"_top\" rel=\"nofollow\"><span class=\"text\">Share\u00a0pe\u00a0twitter<\/span><\/a><\/div>\n<\/div>\n<\/aside>\n<\/div>\n<\/div>\n<div class=\"entry-content clearfix\">\n<p><strong>\u0218apte localit\u0103\u021bi din jude\u021bul Gala\u021bi sunt izolate din cauza viscolului \u0219i a z\u0103pezii spulberate, a anun\u021bat mar\u021bi printr-un comunicat de pres\u0103 transmis AGERPRES purt\u0103torul de cuv\u00e2nt al ISU Gala\u021bi, maior Eugen Chiri\u021b\u0103.<\/strong><\/p>\n<p>Potrivit comunicatului, este vorba despre localit\u0103\u021bile Smul\u021bi, Cuca, B\u0103leni, Sc\u00e2nteie\u0219ti, V\u00e2rlezi, Bere\u0219ti Meria \u0219i Ro\u0219cani-B\u0103neasa. Se ac\u021bioneaz\u0103 cu toate for\u021bele disponibile pentru asigurarea cel pu\u021bin a unei c\u0103i de acces c\u0103tre aceste localit\u0103\u021bi.<\/p>\n<p>De asemenea, \u00een sprijinul persoanelor din aceste localit\u0103\u021bi pentru urgen\u021be medicale sau pentru orice alt\u0103 solicitare din partea primarilor localit\u0103\u021bilor izolate echipajele de pompieri vor efectua misiuni cu ajutorul utilajelor \u0219i autospecialelor cu capacitate de trecere m\u0103rit\u0103 (\u0219enilate).<\/p>\n<p><b>\u00cen jude\u021bul Gala\u021bi r\u0103m\u00e2ne \u00eenchis DN 24D limita cu jude\u021bul Vaslui \u2014 Cuca \u2014 intersec\u021bie DN 26 \u0219i mai sunt blocate 16 segmente de drumuri jude\u021bene.<\/b><\/p>\n<p>Sursa: Agerpres<\/p>\n<aside class=\"mashsb-container mashsb-main \">\n<div class=\"mashsb-box\">\n<div class=\"mashsb-count mash-medium\">\n<div class=\"counts mashsbcount\">1<\/div>\n<p><span class=\"mashsb-sharetext\">SHARES<\/span><\/div>\n<div class=\"mashsb-buttons\"><a class=\"mashicon-facebook mash-medium mashsb-noshadow\" href=\"https:\/\/www.facebook.com\/sharer.php?u=http%3A%2F%2Fwww.ziaruldevaslui.ro%2Fgalati-sapte-localitati-izolate-si-16-drumuri-judetene-inchise%2F\" target=\"_top\" rel=\"nofollow\"><span class=\"text\">Share\u00a0pe\u00a0facebook<\/span><\/a><a class=\"mashicon-twitter mash-medium mashsb-noshadow\" href=\"https:\/\/twitter.com\/intent\/tweet?text=Gala%C8%9Bi%3A%20%C8%98apte%20localit%C4%83%C8%9Bi%20izolate%20%C8%99i%2016%20drumuri%20jude%C8%9Bene%20%C3%AEnchise&amp;url=http:\/\/www.ziaruldevaslui.ro\/?p=1789\" target=\"_top\" rel=\"nofollow\"><span class=\"text\">Share\u00a0pe\u00a0twitter<\/span><\/a><\/div>\n<\/div>\n<\/aside>\n<\/div>\n<div class=\"article-content\">\n<h3 class=\"entry-title\"><a href=\"http:\/\/www.ziaruldevaslui.ro\/sute-de-vasluieni-la-deschiderea-magazinului-jysk-de-la-vaslui\/\" rel=\"bookmark\" title=\"Sute de vasluieni, la deschiderea magazinului JYSK  de la Vaslui\"><br \/>\n\t\t\t\t\t\t\t\tSute de vasluieni, la deschiderea magazinului JYSK  de la Vaslui\t\t\t\t\t\t\t<\/a><\/h3>\n<div class=\"below-entry-meta\"><span class=\"posted-on\"><a href=\"http:\/\/www.ziaruldevaslui.ro\/sute-de-vasluieni-la-deschiderea-magazinului-jysk-de-la-vaslui\/\" title=\"15:15\" rel=\"bookmark\"><time class=\"entry-date published updated\" datetime=\"2017-03-02T15:15:23+02:00\">2 martie 2017<\/time><\/a><\/span><span class=\"byline\"><span class=\"author vcard\"><a class=\"url fn n\" href=\"http:\/\/www.ziaruldevaslui.ro\/author\/rodan-mihai\/\" title=\"Mihai Rodan\"><br \/>\n\t\t\t\t\t\tMihai Rodan\t\t\t\t\t<\/a><\/span><\/span><span class=\"comments\"><a href=\"http:\/\/www.ziaruldevaslui.ro\/sute-de-vasluieni-la-deschiderea-magazinului-jysk-de-la-vaslui\/#respond\">0<\/a><\/span><\/div>\n<\/div>\n<div class=\"article-content\">\n<h3 class=\"entry-title\"><a href=\"http:\/\/www.ziaruldevaslui.ro\/vremea-in-urmatoarele-doua-saptamani\/\" rel=\"bookmark\" title=\"Vremea \u00een urm\u0103toarele dou\u0103 s\u0103pt\u0103m\u00e2ni\"><br \/>\n\t\t\t\t\t\t\t\tVremea \u00een urm\u0103toarele dou\u0103 s\u0103pt\u0103m\u00e2ni\t\t\t\t\t\t\t<\/a><\/h3>\n<div class=\"below-entry-meta\"><span class=\"posted-on\"><a href=\"http:\/\/www.ziaruldevaslui.ro\/vremea-in-urmatoarele-doua-saptamani\/\" title=\"19:39\" rel=\"bookmark\"><time class=\"entry-date published updated\" datetime=\"2016-01-25T19:39:34+02:00\">25 ianuarie 2016<\/time><\/a><\/span><span class=\"byline\"><span class=\"author vcard\"><a class=\"url fn n\" href=\"http:\/\/www.ziaruldevaslui.ro\/author\/rodan-mihai\/\" title=\"Mihai Rodan\"><br \/>\n\t\t\t\t\t\tMihai Rodan\t\t\t\t\t<\/a><\/span><\/span><span class=\"comments\"><a href=\"http:\/\/www.ziaruldevaslui.ro\/vremea-in-urmatoarele-doua-saptamani\/#respond\">0<\/a><\/span><\/div>\n<\/div>\n<div class=\"article-content\">\n<h3 class=\"entry-title\"><a href=\"http:\/\/www.ziaruldevaslui.ro\/standardele-minime-de-cost-pentru-serviciile-sociale-actualizate-astazi-de-guvern\/\" rel=\"bookmark\" title=\"Standardele minime de cost pentru serviciile sociale, actualizate ast\u0103zi de Guvern\"><br \/>\n\t\t\t\t\t\t\t\tStandardele minime de cost pentru serviciile sociale, actualizate ast\u0103zi de Guvern\t\t\t\t\t\t\t<\/a><\/h3>\n<div class=\"below-entry-meta\"><span class=\"posted-on\"><a href=\"http:\/\/www.ziaruldevaslui.ro\/standardele-minime-de-cost-pentru-serviciile-sociale-actualizate-astazi-de-guvern\/\" title=\"23:21\" rel=\"bookmark\"><time class=\"entry-date published\" datetime=\"2015-12-16T23:21:23+02:00\">16 decembrie 2015<\/time><time class=\"updated\" datetime=\"2015-12-16T23:21:48+02:00\">16 decembrie 2015<\/time><\/a><\/span><span class=\"byline\"><span class=\"author vcard\"><a class=\"url fn n\" href=\"http:\/\/www.ziaruldevaslui.ro\/author\/rodan-mihai\/\" title=\"Mihai Rodan\"><br \/>\n\t\t\t\t\t\tMihai Rodan\t\t\t\t\t<\/a><\/span><\/span><span class=\"comments\"><a href=\"http:\/\/www.ziaruldevaslui.ro\/standardele-minime-de-cost-pentru-serviciile-sociale-actualizate-astazi-de-guvern\/#respond\">0<\/a><\/span><\/div>\n<\/div>\n<div class=\"article-content\">\n<div class=\"above-entry-meta\"><span class=\"cat-links\"><a href=\"http:\/\/www.ziaruldevaslui.ro\/local\/\" rel=\"category tag\">Local<\/a>\u00a0<a href=\"http:\/\/www.ziaruldevaslui.ro\/tabloul-principal\/\" rel=\"category tag\">NOUT\u0102\u021aI<\/a>\u00a0<a href=\"http:\/\/www.ziaruldevaslui.ro\/opinii\/\" rel=\"category tag\">Opinii<\/a>\u00a0<\/span><\/div>\n<h3 class=\"entry-title\"><a href=\"http:\/\/www.ziaruldevaslui.ro\/stand-up-comedy-cu-ionel-sandu-de-la-aur-spatiile-pentru-copiii-cu-autism-sunt-bazaconii\/\" title=\"Stand Up Comedy cu Ionel Sandu, candidat AUR: spa\u021biile pentru copiii cu autism sunt \u201ebazaconii\u201d\"><br \/>\n\t\t\t\tStand Up Comedy cu Ionel Sandu, candidat AUR: spa\u021biile pentru copiii cu autism sunt \u201ebazaconii\u201d\t\t\t<\/a><\/h3>\n<div class=\"below-entry-meta\"><span class=\"posted-on\"><a href=\"http:\/\/www.ziaruldevaslui.ro\/stand-up-comedy-cu-ionel-sandu-de-la-aur-spatiile-pentru-copiii-cu-autism-sunt-bazaconii\/\" title=\"22:46\" rel=\"bookmark\"><time class=\"entry-date published\" datetime=\"2024-03-14T22:46:43+02:00\">14 martie 2024<\/time><time class=\"updated\" datetime=\"2024-03-15T08:54:58+02:00\">15 martie 2024<\/time><\/a><\/span><span class=\"byline\"><span class=\"author vcard\"><a class=\"url fn n\" href=\"http:\/\/www.ziaruldevaslui.ro\/author\/admin\/\" title=\"Ziarul de Vaslui\"><br \/>\n\t\t\t\t\tZiarul de Vaslui\t\t\t\t<\/a><\/span><\/span><\/div>\n<div class=\"entry-content\">\n<p>Ini\u021bial am crezut c\u0103 Ionel Sandu s-a apucat de Stand Up Comedy. Cu afacerile nu st\u0103 extraordinar, cu politica nici<\/p>\n<\/div>\n<\/div>\n<div class=\"entry-content\">\n<p>Ini\u021bial am crezut c\u0103 Ionel Sandu s-a apucat de Stand Up Comedy. Cu afacerile nu st\u0103 extraordinar, cu politica nici<\/p>\n<\/div>\n<div class=\"article-content\">\n<div class=\"above-entry-meta\"><span class=\"cat-links\"><a href=\"http:\/\/www.ziaruldevaslui.ro\/literatura\/\" rel=\"category tag\">Literatur\u0103<\/a>\u00a0<a href=\"http:\/\/www.ziaruldevaslui.ro\/magazin\/\" rel=\"category tag\">Magazin<\/a>\u00a0<a href=\"http:\/\/www.ziaruldevaslui.ro\/opinii\/\" rel=\"category tag\">Opinii<\/a>\u00a0<\/span><\/div>\n<h3 class=\"entry-title\"><a href=\"http:\/\/www.ziaruldevaslui.ro\/pledoarie-pentru-o-carte-pe-zi\/\" title=\"Pledoarie pentru \u2026 o carte pe zi\"><br \/>\n\t\t\t\tPledoarie pentru \u2026 o carte pe zi\t\t\t<\/a><\/h3>\n<div class=\"below-entry-meta\"><span class=\"posted-on\"><a href=\"http:\/\/www.ziaruldevaslui.ro\/pledoarie-pentru-o-carte-pe-zi\/\" title=\"09:48\" rel=\"bookmark\"><time class=\"entry-date published\" datetime=\"2021-11-13T09:48:23+02:00\">13 noiembrie 2021<\/time><time class=\"updated\" datetime=\"2022-05-04T20:22:06+02:00\">4 mai 2022<\/time><\/a><\/span><span class=\"byline\"><span class=\"author vcard\"><a class=\"url fn n\" href=\"http:\/\/www.ziaruldevaslui.ro\/author\/admin\/\" title=\"Ziarul de Vaslui\"><br \/>\n\t\t\t\t\tZiarul de Vaslui\t\t\t\t<\/a><\/span><\/span><\/div>\n<\/div>\n<div class=\"article-content\">\n<div class=\"above-entry-meta\"><span class=\"cat-links\"><a href=\"http:\/\/www.ziaruldevaslui.ro\/local\/\" rel=\"category tag\">Local<\/a>\u00a0<a href=\"http:\/\/www.ziaruldevaslui.ro\/tabloul-principal\/\" rel=\"category tag\">NOUT\u0102\u021aI<\/a>\u00a0<a href=\"http:\/\/www.ziaruldevaslui.ro\/oameni-si-locuri\/\" rel=\"category tag\">Oameni si locuri<\/a>\u00a0<a href=\"http:\/\/www.ziaruldevaslui.ro\/opinii\/\" rel=\"category tag\">Opinii<\/a>\u00a0<\/span><\/div>\n<h3 class=\"entry-title\"><a href=\"http:\/\/www.ziaruldevaslui.ro\/vasluianca-madalina-tudorache-admisa-ca-doctorand-la-oxford-interviu\/\" title=\"Vasluianca M\u0103d\u0103lina Tudorache, admis\u0103 ca doctorand la Oxford\"><br \/>\n\t\t\t\tVasluianca M\u0103d\u0103lina Tudorache, admis\u0103 ca doctorand la Oxford\t\t\t<\/a><\/h3>\n<div class=\"below-entry-meta\"><span class=\"posted-on\"><a href=\"http:\/\/www.ziaruldevaslui.ro\/vasluianca-madalina-tudorache-admisa-ca-doctorand-la-oxford-interviu\/\" title=\"09:24\" rel=\"bookmark\"><time class=\"entry-date published\" datetime=\"2020-07-21T09:24:55+02:00\">21 iulie 2020<\/time><time class=\"updated\" datetime=\"2021-12-15T08:32:02+02:00\">15 decembrie 2021<\/time><\/a><\/span><span class=\"byline\"><span class=\"author vcard\"><a class=\"url fn n\" href=\"http:\/\/www.ziaruldevaslui.ro\/author\/admin\/\" title=\"Ziarul de Vaslui\"><br \/>\n\t\t\t\t\tZiarul de Vaslui\t\t\t\t<\/a><\/span><\/span><\/div>\n<\/div>\n<div class=\"article-content\">\n<div class=\"above-entry-meta\"><span class=\"cat-links\"><a href=\"http:\/\/www.ziaruldevaslui.ro\/local\/\" rel=\"category tag\">Local<\/a>\u00a0<a href=\"http:\/\/www.ziaruldevaslui.ro\/tabloul-principal\/\" rel=\"category tag\">NOUT\u0102\u021aI<\/a>\u00a0<a href=\"http:\/\/www.ziaruldevaslui.ro\/oameni-si-locuri\/\" rel=\"category tag\">Oameni si locuri<\/a>\u00a0<a href=\"http:\/\/www.ziaruldevaslui.ro\/opinii\/\" rel=\"category tag\">Opinii<\/a>\u00a0<\/span><\/div>\n<h3 class=\"entry-title\"><a href=\"http:\/\/www.ziaruldevaslui.ro\/manifestul-unui-eleve-de-clasa-a-12-a-din-vaslui-cel-mai-mare-vis-al-nostru-era-sa-imbracam-roba\/\" title=\"Manifestul unei eleve de clasa a 12-a din Vaslui: \u201eCel mai mare vis al nostru era s\u0103 \u00eembr\u0103c\u0103m roba\u201d\"><br \/>\n\t\t\t\tManifestul unei eleve de clasa a 12-a din Vaslui: \u201eCel mai mare vis al nostru era s\u0103 \u00eembr\u0103c\u0103m roba\u201d\t\t\t<\/a><\/h3>\n<div class=\"below-entry-meta\"><span class=\"posted-on\"><a href=\"http:\/\/www.ziaruldevaslui.ro\/manifestul-unui-eleve-de-clasa-a-12-a-din-vaslui-cel-mai-mare-vis-al-nostru-era-sa-imbracam-roba\/\" title=\"21:33\" rel=\"bookmark\"><time class=\"entry-date published\" datetime=\"2020-05-02T21:33:04+02:00\">2 mai 2020<\/time><time class=\"updated\" datetime=\"2020-05-03T18:03:27+02:00\">3 mai 2020<\/time><\/a><\/span><span class=\"byline\"><span class=\"author vcard\"><a class=\"url fn n\" href=\"http:\/\/www.ziaruldevaslui.ro\/author\/admin\/\" title=\"Ziarul de Vaslui\"><br \/>\n\t\t\t\t\tZiarul de Vaslui\t\t\t\t<\/a><\/span><\/span><\/div>\n<\/div>\n<p> Source URL: http:\/\/www.ziaruldevaslui.ro\/galati-sapte-localitati-izolate-si-16-drumuri-judetene-inchise\/<\/p>\n","protected":false},"excerpt":{"rendered":"<p>Na\u021bional\u00a0 Gala\u021bi: \u0218apte localit\u0103\u021bi izolate \u0219i 16 drumuri jude\u021bene \u00eenchise 19 ianuarie 2016 Ziarul de Vaslui Niciun comentariudrumuri inchise, galati, Vaslui, viscol, zapada \u0218apte localit\u0103\u021bi din jude\u021bul Gala\u021bi sunt izolate din cauza viscolului \u0219i a z\u0103pezii spulberate, a anun\u021bat mar\u021bi printr-un comunicat de pres\u0103 transmis AGERPRES purt\u0103torul de cuv\u00e2nt al ISU Gala\u021bi, maior Eugen Chiri\u021b\u0103. [&hellip;]<\/p>\n","protected":false},"author":1,"featured_media":1533922,"comment_status":"open","ping_status":"","sticky":false,"template":"","format":"standard","meta":{"footnotes":""},"categories":[89],"tags":[218],"class_list":["post-1533921","post","type-post","status-publish","format-standard","has-post-thumbnail","hentry","category-romania","tag-ziaruldevaslui-ro"],"_links":{"self":[{"href":"https:\/\/analyse.optim.biz\/index.php?rest_route=\/wp\/v2\/posts\/1533921","targetHints":{"allow":["GET"]}}],"collection":[{"href":"https:\/\/analyse.optim.biz\/index.php?rest_route=\/wp\/v2\/posts"}],"about":[{"href":"https:\/\/analyse.optim.biz\/index.php?rest_route=\/wp\/v2\/types\/post"}],"author":[{"embeddable":true,"href":"https:\/\/analyse.optim.biz\/index.php?rest_route=\/wp\/v2\/users\/1"}],"replies":[{"embeddable":true,"href":"https:\/\/analyse.optim.biz\/index.php?rest_route=%2Fwp%2Fv2%2Fcomments&post=1533921"}],"version-history":[{"count":0,"href":"https:\/\/analyse.optim.biz\/index.php?rest_route=\/wp\/v2\/posts\/1533921\/revisions"}],"wp:featuredmedia":[{"embeddable":true,"href":"https:\/\/analyse.optim.biz\/index.php?rest_route=\/wp\/v2\/media\/1533922"}],"wp:attachment":[{"href":"https:\/\/analyse.optim.biz\/index.php?rest_route=%2Fwp%2Fv2%2Fmedia&parent=1533921"}],"wp:term":[{"taxonomy":"category","embeddable":true,"href":"https:\/\/analyse.optim.biz\/index.php?rest_route=%2Fwp%2Fv2%2Fcategories&post=1533921"},{"taxonomy":"post_tag","embeddable":true,"href":"https:\/\/analyse.optim.biz\/index.php?rest_route=%2Fwp%2Fv2%2Ftags&post=1533921"}],"curies":[{"name":"wp","href":"https:\/\/api.w.org\/{rel}","templated":true}]}}