{"id":152988,"date":"2016-12-21T11:31:20","date_gmt":"2016-12-21T08:31:20","guid":{"rendered":"https:\/\/analyse.optim.biz\/?p=152988"},"modified":"2016-12-21T11:31:20","modified_gmt":"2016-12-21T08:31:20","slug":"sevil-shhaideh-propunerea-psd-pentru-functia-de-premier","status":"publish","type":"post","link":"https:\/\/analyse.optim.biz\/?p=152988","title":{"rendered":"Sevil Shhaideh, propunerea PSD pentru func\u021bia de premier"},"content":{"rendered":"<div class=\"entry data-app-meta data-app-meta-article\" data-embed-base-url-canonical=\"https:\/\/www.digi24.ro\/embed\/stiri\/actualitate\/politica\/psd-o-propune-pe-sevil-shhaideh-pentru-functia-de-premier-636277\">\n<p data-index=\"1\"><strong>Sevil Shhaideh este persoana pe care social-democra\u021bii i-au propus-o pre\u0219edintelui Klaus Iohannis ca s\u0103 ocupe func\u021bia de premier.<\/strong><\/p>\n<figure class=\"article-thumb\"><img decoding=\"async\" src=\"https:\/\/analyse.optim.biz\/wp-content\/uploads\/2024\/09\/nzmyyme0m2y0mdmzngfkywi1ntawnjlmztflyzbinw-thumb_-3.jpg\" alt=\"IOHANNIS DRAGNEA TARICEANU_24_INQUAM_Octav_Ganea\" data-skip-htmlfix=\"1\" title=\"nzmyyme0m2y0mdmzngfkywi1ntawnjlmztflyzbinw-thumb_-3\"><figcaption> Foto: Inquam Photos\/Octav Ganea <\/figcaption><\/figure>\n<p data-index=\"2\">Anun\u021bul a fost f\u0103cut de liderul PSD, Liviu Dragnea, dup\u0103 ce a ie\u0219it de la consult\u0103ri la Cotroceni.<\/p>\n<p data-index=\"3\"><strong>Citi\u021bi aici:\u00a0<a href=\"https:\/\/www.digi24.ro\/stiri\/actualitate\/politica\/cine-este-sevil-shhaideh-propunerea-de-prim-ministru-636309\" target=\"_blank\" data-skip-linkfix=\"1\" rel=\"noopener\">Cine este Sevil Shhaideh<\/a><\/strong><\/p>\n<p data-index=\"4\"><img loading=\"lazy\" decoding=\"async\" class=\"alignnone size-full wp-image-636311\" src=\"https:\/\/analyse.optim.biz\/wp-content\/uploads\/2024\/09\/mczoyxnoptqznta5mgjjzjlkytq1mjewmdu0y2iwngiyztbizjnh-thumb_.jpg\" alt=\"sevil shhaideh - fb minister\" width=\"2048\" height=\"1362\" data-skip-htmlfix=\"1\" title=\"mczoyxnoptqznta5mgjjzjlkytq1mjewmdu0y2iwngiyztbizjnh-thumb_\"><\/p>\n<p data-index=\"5\">Liviu Dragnea a explicat c\u0103 a f\u0103cut aceast\u0103 propunere \u021bin\u00e2nd cont de afirma\u021biile pre\u0219edintelui referitoare la viitorul premier \u0219i pentru c\u0103 \u201elegea nu reprezint\u0103 o chestiune secundar\u0103\u201d. Dragnea a subliniat \u00eens\u0103 c\u0103 el \u00eensu\u0219i nu poate fi el propunerea de prim-ministru, din cauza unei condamn\u0103ri nedrepte \u0219i a unei legi profund neconstitu\u021bionale. <strong>\u201eDeocamdat\u0103\u201d<\/strong>, a ad\u0103ugat liderul social-democrat.<\/p>\n<p data-index=\"6\">Citi\u021bi \u0219i: \u00a0<strong><a href=\"https:\/\/www.digi24.ro\/stiri\/actualitate\/politica\/premierul-propus-are-proprietati-in-siria-declaratie-de-avere-636339\" target=\"_blank\" data-skip-linkfix=\"1\" rel=\"noopener\">Premierul propus are propriet\u0103\u021bi \u00een Siria &#8211; declara\u021bie de avere<\/a><\/strong><\/p>\n<p data-index=\"7\">Liviu Dragnea a precizat c\u0103 atunci c\u00e2nd a f\u0103cut aceast\u0103 propunere a avut \u00een vedere o persoan\u0103 care s\u0103-i dea garan\u021bia c\u0103 \u00eendepline\u0219te condi\u021biile necesare pentru a pune \u00een aplicare un proiect. Este un om care munce\u0219te, \u0219tie, are capacitate \u0219i \u00een care am \u00eencredere total\u0103, a mai spus Liviu Dragnea. Viitorul cabinet nu va fi un cabinet de vedete \u0219i viitorul guvern nu va fi un proiect personal al cuiva, a men\u021bionat Liviu Dragnea.<\/p>\n<p data-index=\"8\">\u201eSper ca propunerea s\u0103 fie acceptat\u0103\u201d, a declarat Liviu Dragnea, preciz\u00e2nd c\u0103 pre\u0219edintele nu a oferit un orizont de timp \u00een care \u00ee\u0219i va face cunoscut r\u0103spunsul.<\/p>\n<p data-index=\"9\">Liderul social-democrat vrea ca viitorul guvern s\u0103 fie \u00eenvestit repede, astfel ca p\u00e2n\u0103 la 15 ianuarie s\u0103 fie aprobat bugetul.<\/p>\n<p data-index=\"10\">Dac\u0103 propunerea de premier a PSD-ALDE nu va fi acceptat\u0103, nu are rost s\u0103 facem o alta, ne vedem \u00een alt\u0103 parte, a mai spus liderul social-democrat, suger\u00e2nd o posibil\u0103 suspendare a pre\u0219edintelui.<\/p>\n<p data-index=\"11\">Citi\u021bi alte declara\u021bii ale lui Liviu Dragnea f\u0103cute la Cotroceni: \u00a0<strong><a href=\"https:\/\/www.digi24.ro\/stiri\/actualitate\/politica\/dragnea-eu-voi-fi-responsabilul-politic-636373\" target=\"_blank\" data-skip-linkfix=\"1\" rel=\"noopener\">Dragnea: \u201eEu voi fi responsabilul politic\u201d<\/a><\/strong><\/p>\n<p data-index=\"12\">Social-democra\u021bii au mers \u00eempreun\u0103 cu reprezentan\u021bii ALDE la Cotroceni, iar propunerea f\u0103cut\u0103 de PSD este sus\u021binut\u0103 \u0219i de liberal-democra\u021bi. De altfel, liderul ALDE, C\u0103lin Popescu-T\u0103riceanu, declara c\u0103 este firesc ca viitorul premier s\u0103 provin\u0103 din r\u00e2ndul social-democra\u021bilor.<\/p>\n<p data-index=\"13\">Suspansul \u00een \u00a0leg\u0103tur\u0103 cu propunerea de premier pe care o are PSD-ul era extrem de mare, \u00een condi\u021biile \u00een care numele acestuia a r\u0103mas secret p\u00e2n\u0103 \u00een ultima clip\u0103, iar liderul PSD, Liviu Dragnea, cotat ini\u021bial ca favorit, p\u0103rea o op\u021biune din ce \u00een ce mai improbabil\u0103.<\/p>\n<p data-index=\"14\">Pre\u0219edintele Klaus Iohannis semnalase \u00eenc\u0103 din campania electoral\u0103 c\u0103 nu va accepta un premier cu probleme penale. Liviu Dragnea are o condamnare de doi ani cu suspendare pentru fraud\u0103 electoral\u0103 la referendumul din 2012 de demitere a pre\u0219edintelui Traian B\u0103sescu.<\/p>\n<p data-index=\"15\"><span lang=\"ro-RO\">\u00cenainte de \u00eent\u00e2lnirea cu \u015feful statului, pre\u015fedintele PSD,<a href=\"https:\/\/www.digi24.ro\/stiri\/actualitate\/politica\/consultari-la-cotroceni-ziua-in-care-psd-isi-anunta-propunerea-de-premier-636140\" target=\"_blank\" data-skip-linkfix=\"1\" rel=\"noopener\"> Liviu Dragnea, primise din partea Comitetului Executiv Na\u0163ional al partidului un mandat \u00een alb pentru consult\u0103rile de la Cotroceni<\/a> \u015fi pentru sus\u0163inerea propunerii de premier.\u00a0\u00centrebat dac\u0103 membrii CExN al PSD \u015ftiu numele celui care va fi propus premier, Dragnea a r\u0103spuns negativ.<\/span><\/p>\n<\/div>\n<p> Source URL: https:\/\/www.digi24.ro\/stiri\/actualitate\/politica\/psd-o-propune-pe-sevil-shhaideh-pentru-functia-de-premier-636277<\/p>\n","protected":false},"excerpt":{"rendered":"<p>Sevil Shhaideh este persoana pe care social-democra\u021bii i-au propus-o pre\u0219edintelui Klaus Iohannis ca s\u0103 ocupe func\u021bia de premier. Foto: Inquam Photos\/Octav Ganea Anun\u021bul a fost f\u0103cut de liderul PSD, Liviu Dragnea, dup\u0103 ce a ie\u0219it de la consult\u0103ri la Cotroceni. Citi\u021bi aici:\u00a0Cine este Sevil Shhaideh Liviu Dragnea a explicat c\u0103 a f\u0103cut aceast\u0103 propunere \u021bin\u00e2nd [&hellip;]<\/p>\n","protected":false},"author":1,"featured_media":152989,"comment_status":"open","ping_status":"","sticky":false,"template":"","format":"standard","meta":{"footnotes":""},"categories":[2],"tags":[11],"class_list":["post-152988","post","type-post","status-publish","format-standard","has-post-thumbnail","hentry","category-politics","tag-digi24"],"_links":{"self":[{"href":"https:\/\/analyse.optim.biz\/index.php?rest_route=\/wp\/v2\/posts\/152988","targetHints":{"allow":["GET"]}}],"collection":[{"href":"https:\/\/analyse.optim.biz\/index.php?rest_route=\/wp\/v2\/posts"}],"about":[{"href":"https:\/\/analyse.optim.biz\/index.php?rest_route=\/wp\/v2\/types\/post"}],"author":[{"embeddable":true,"href":"https:\/\/analyse.optim.biz\/index.php?rest_route=\/wp\/v2\/users\/1"}],"replies":[{"embeddable":true,"href":"https:\/\/analyse.optim.biz\/index.php?rest_route=%2Fwp%2Fv2%2Fcomments&post=152988"}],"version-history":[{"count":0,"href":"https:\/\/analyse.optim.biz\/index.php?rest_route=\/wp\/v2\/posts\/152988\/revisions"}],"wp:featuredmedia":[{"embeddable":true,"href":"https:\/\/analyse.optim.biz\/index.php?rest_route=\/wp\/v2\/media\/152989"}],"wp:attachment":[{"href":"https:\/\/analyse.optim.biz\/index.php?rest_route=%2Fwp%2Fv2%2Fmedia&parent=152988"}],"wp:term":[{"taxonomy":"category","embeddable":true,"href":"https:\/\/analyse.optim.biz\/index.php?rest_route=%2Fwp%2Fv2%2Fcategories&post=152988"},{"taxonomy":"post_tag","embeddable":true,"href":"https:\/\/analyse.optim.biz\/index.php?rest_route=%2Fwp%2Fv2%2Ftags&post=152988"}],"curies":[{"name":"wp","href":"https:\/\/api.w.org\/{rel}","templated":true}]}}