{"id":152985,"date":"2016-12-21T11:35:16","date_gmt":"2016-12-21T08:35:16","guid":{"rendered":"https:\/\/analyse.optim.biz\/?p=152985"},"modified":"2016-12-21T11:35:16","modified_gmt":"2016-12-21T08:35:16","slug":"cine-este-sevil-shhaideh-propunerea-de-prim-ministru","status":"publish","type":"post","link":"https:\/\/analyse.optim.biz\/?p=152985","title":{"rendered":"Cine este Sevil Shhaideh, propunerea de prim-ministru"},"content":{"rendered":"<div class=\"entry data-app-meta data-app-meta-article\" data-embed-base-url-canonical=\"https:\/\/www.digi24.ro\/embed\/stiri\/actualitate\/politica\/cine-este-sevil-shhaideh-propunerea-de-prim-ministru-636309\">\n<p data-index=\"1\"><strong><span lang=\"ro-RO\">PSD \u015fi ALDE au propus-o pe Sevil Shhaideh pentru func\u021bia de prim-ministru al Rom\u00e2niei, dup\u0103\u00a0<\/span><\/strong><strong><span lang=\"ro-RO\">consult\u0103rile, de ast\u0103zi, de la Palatul Cotroceni. <\/span><\/strong><\/p>\n<figure class=\"article-thumb\"><img decoding=\"async\" src=\"https:\/\/analyse.optim.biz\/wp-content\/uploads\/2024\/09\/zwy1mmiwntm2ywm0n2qxzdg5nta3zmviymuxmq-thumb_.jpg\" alt=\"SEVIL SHHAIDEH - JURAMANT INVESTITURA\" data-skip-htmlfix=\"1\" title=\"zwy1mmiwntm2ywm0n2qxzdg5nta3zmviymuxmq-thumb_\"><figcaption> Foto: InquamPhotos\/Ovidiu Micsik <\/figcaption><\/figure>\n<p data-index=\"2\">Sevil Shaaideh a fost numit\u0103 mai 2015 ministru al Dezvolt\u0103rii, \u00een guvernul Ponta.\u00a0Ea a lucrat\u00a0aproape dou\u0103 decenii la Consiliul Jude\u0163ean Constan\u0163a.<\/p>\n<p data-index=\"3\">Dup\u0103 2004, s-a apropiat at\u00e2t de Nicu\u015for Constantinescu, c\u00e2t \u015fi de Liviu Dragnea. \u00cen 2012, a fost numit\u0103 secretar de stat.<\/p>\n<p data-index=\"4\">Sevil Shhaideh <strong>s-a angajat la Consiliul Jude\u0163ean Constan\u0163a \u00een 1993<\/strong>. A fost, <strong>p\u00e2n\u0103 \u00een 2007, directorul departamentului de Sisteme Informatice din cadrul institu\u0163iei<\/strong>.<\/p>\n<p data-index=\"5\">Apoi, <strong>\u00eentre 2007-2012, a ocupat func\u0163ia de \u015fef al Direc\u0163iei Generale de Proiecte<\/strong>. \u00cen aceea\u015fi perioad\u0103, a fost \u015fi coordonator al Uniunii Na\u0163ionale a Consiliilor Jude\u0163ene din Rom\u00e2nia. Din aceast\u0103 calitate a \u00eenceput colaborarea cu Liviu Dragnea.<\/p>\n<p data-index=\"6\">Din 2012, dup\u0103 c\u0103derea guvernului Mihai R\u0103zvan Ungureanu, Sevil Shhaideh s-a mutat la Ministerul Dezvolt\u0103rii.<\/p>\n<h5>Fina lui Liviu Dragnea \u0219i Nicu\u0219or Constantinescu<\/h5>\n<p data-index=\"7\">Sevil Shhaideh se afl\u0103 la a doua c\u0103s\u0103torie. Dup\u0103 ce a fost c\u0103s\u0103torit\u0103 cu un medic din Constan\u021ba, ea s-a m\u0103ritat acum cu un inginer sirian, care a lucrat o perioad\u0103 la Regia de Drumuri \u0219i Poduri Constan\u021ba.<\/p>\n<p data-index=\"8\">Pentru c\u0103 este musulman\u0103, Nicu\u0219or Constantinescu \u0219i Liviu Dragnea au fost martori la c\u0103s\u0103torie.<\/p>\n<h5>Cariera lui Sevil Shhaideh<\/h5>\n<p data-index=\"9\"><span lang=\"ro-RO\">Sevil Shhaideh\u00a0a absolvit Facultatea de Planificare Economic\u0103 \u0219i Cibernetic\u0103 din cadrul Academiei de \u0218tiin\u021be Economice din Bucure\u0219ti \u00een 1987.<\/span><\/p>\n<p data-index=\"10\">A urmat o serie de cursuri de perfec\u021bionare: expert \u00een administra\u021bie public\u0103 (USAID, Washington DC, SUA, 1995) \u0219i manager ONG (USAID, Washington DC, SUA, 2001), manager de proiect (Oracle University, 2002 \u0219i PM Solutions Rom\u00e2nia, 2004), auditor (TUV Institution, 2003).<\/p>\n<p data-index=\"11\">Are o diplom\u0103 de Master \u00een Managementul Proiectelor de Afaceri, ob\u021binut\u0103 \u00een cadrul Facult\u0103\u021bii de \u0218tiin\u021be Economice a Universit\u0103\u021bii &#8221;Ovidius&#8221; (2005-2007).<\/p>\n<p data-index=\"12\">\u0218i-a \u00eenceput cariera profesional\u0103 ca analist programator \u00een cadrul Trustului pentru Mecanizarea Agriculturii Constan\u021ba (1987-1991), a devenit, apoi, manager Sisteme Informatice \u00een cadrul Direc\u021biei de Munc\u0103 \u0219i Protec\u021bie Social\u0103 a jude\u021bului Constan\u021ba (1991-1993) \u0219i director Sisteme Informatice \u00een cadrul Consiliului Jude\u021bean Constan\u021ba (1993-2007).<\/p>\n<p data-index=\"13\">A ocupat func\u021bia de coordonator responsabil cu elaborarea amendamentelor legislative cu privire la actele normative ce reglementeaz\u0103 administra\u021bia public\u0103 local\u0103 \u00een cadrul Uniunii Na\u021bionale a Consiliilor Jude\u021bene din Rom\u00e2nia (UNCJR) \u0219i de director general, Direc\u021bia General\u0103 de Proiecte, Consiliul Jude\u021bean Constan\u021ba (2007-2012).<\/p>\n<p data-index=\"14\">Este pre\u0219edinte al Asocia\u021biei Na\u021bionale a Informaticienilor din Administra\u021bia Public\u0103 (ANIAP) din 2000.<\/p>\n<p data-index=\"15\">Este secretar de stat \u00een cadrul Ministerului Dezvolt\u0103rii Regionale \u0219i Administra\u021biei Publice (MDRAP) din mai 2012.<\/p>\n<p data-index=\"16\">La 19 mai 2015, Sevil Shhaideh a fost nominalizat\u0103 de premierul Victor Ponta la Ministerul Dezvolt\u0103rii, \u00een vederea prelu\u0103rii mandatului de ministru r\u0103mas vacant dup\u0103 demisia lui Liviu Dragnea.<\/p>\n<p data-index=\"17\"><span lang=\"ro-RO\">\u00cenainte de \u00eent\u00e2lnirea cu \u015feful statului, pre\u015fedintele PSD, Liviu Dragnea, a primit, din partea Comitetului Executiv Na\u0163ional al partidului, un mandat \u00een alb pentru consult\u0103rile de la Cotroceni \u015fi pentru sus\u0163inerea propunerii de premier. Singurul detaliu oferit presei de Liviu Dragnea a\u00a0a fost cel legat de culoarea politic\u0103 a primului ministru.<\/span><\/p>\n<\/div>\n<p> Source URL: https:\/\/www.digi24.ro\/stiri\/actualitate\/politica\/cine-este-sevil-shhaideh-propunerea-de-prim-ministru-636309<\/p>\n","protected":false},"excerpt":{"rendered":"<p>PSD \u015fi ALDE au propus-o pe Sevil Shhaideh pentru func\u021bia de prim-ministru al Rom\u00e2niei, dup\u0103\u00a0consult\u0103rile, de ast\u0103zi, de la Palatul Cotroceni. Foto: InquamPhotos\/Ovidiu Micsik Sevil Shaaideh a fost numit\u0103 mai 2015 ministru al Dezvolt\u0103rii, \u00een guvernul Ponta.\u00a0Ea a lucrat\u00a0aproape dou\u0103 decenii la Consiliul Jude\u0163ean Constan\u0163a. Dup\u0103 2004, s-a apropiat at\u00e2t de Nicu\u015for Constantinescu, c\u00e2t \u015fi [&hellip;]<\/p>\n","protected":false},"author":1,"featured_media":152986,"comment_status":"open","ping_status":"","sticky":false,"template":"","format":"standard","meta":{"footnotes":""},"categories":[2],"tags":[11],"class_list":["post-152985","post","type-post","status-publish","format-standard","has-post-thumbnail","hentry","category-politics","tag-digi24"],"_links":{"self":[{"href":"https:\/\/analyse.optim.biz\/index.php?rest_route=\/wp\/v2\/posts\/152985","targetHints":{"allow":["GET"]}}],"collection":[{"href":"https:\/\/analyse.optim.biz\/index.php?rest_route=\/wp\/v2\/posts"}],"about":[{"href":"https:\/\/analyse.optim.biz\/index.php?rest_route=\/wp\/v2\/types\/post"}],"author":[{"embeddable":true,"href":"https:\/\/analyse.optim.biz\/index.php?rest_route=\/wp\/v2\/users\/1"}],"replies":[{"embeddable":true,"href":"https:\/\/analyse.optim.biz\/index.php?rest_route=%2Fwp%2Fv2%2Fcomments&post=152985"}],"version-history":[{"count":0,"href":"https:\/\/analyse.optim.biz\/index.php?rest_route=\/wp\/v2\/posts\/152985\/revisions"}],"wp:featuredmedia":[{"embeddable":true,"href":"https:\/\/analyse.optim.biz\/index.php?rest_route=\/wp\/v2\/media\/152986"}],"wp:attachment":[{"href":"https:\/\/analyse.optim.biz\/index.php?rest_route=%2Fwp%2Fv2%2Fmedia&parent=152985"}],"wp:term":[{"taxonomy":"category","embeddable":true,"href":"https:\/\/analyse.optim.biz\/index.php?rest_route=%2Fwp%2Fv2%2Fcategories&post=152985"},{"taxonomy":"post_tag","embeddable":true,"href":"https:\/\/analyse.optim.biz\/index.php?rest_route=%2Fwp%2Fv2%2Ftags&post=152985"}],"curies":[{"name":"wp","href":"https:\/\/api.w.org\/{rel}","templated":true}]}}