{"id":1529787,"date":"2026-01-26T10:54:54","date_gmt":"2026-01-26T07:54:54","guid":{"rendered":"https:\/\/analyse.optim.biz\/?p=1529787"},"modified":"2026-01-26T10:54:54","modified_gmt":"2026-01-26T07:54:54","slug":"sinner-vince-il-derby-italiano-con-darderi-che-perde-le-staffe-e-lancia-la-racchetta-verso-il-pubblico-video","status":"publish","type":"post","link":"https:\/\/analyse.optim.biz\/?p=1529787","title":{"rendered":"Sinner vince il \u201cderby\u201d italiano con Darderi, che perde le staffe e lancia la racchetta verso il pubblico (video)"},"content":{"rendered":"<article id=\"post-1523604\" class=\"post-1523604 post type-post status-publish format-standard has-post-thumbnail hentry category-sport posizione-editoriale-apertura-secondaria\">\n<div>\n<figure class=\"evidence-wrapper\"><img loading=\"lazy\" decoding=\"async\" width=\"860\" height=\"358\" src=\"https:\/\/analyse.optim.biz\/wp-content\/uploads\/2026\/01\/sinner-darderi-860x358-1.jpg\" class=\"attachment-single size-single wp-post-image\" alt=\"Sinner vince il \u201cderby\u201d italiano con Darderi, che perde le staffe e lancia la racchetta verso il pubblico (video)\" title=\"Sinner vince il \u201cderby\u201d italiano con Darderi, che perde le staffe e lancia la racchetta verso il pubblico (video)\"><\/figure>\n<p class=\"occhiello\">Australian Open<\/p>\n<h1>Sinner vince il \u201cderby\u201d italiano con Darderi, che perde le staffe e lancia la racchetta verso il pubblico (video)<\/h1>\n<div class=\"info-condivisione\">\n<div>\n<p><span class=\"categoria\">Sport<\/span><\/p>\n<p>\t\t\t\t\t &#8211; di <span class=\"autore\">Leo Malaspina<\/span> &#8211; <span class=\"data\">26 Gennaio 2026 alle 11:54<\/span><\/p>\n<\/div>\n<\/div>\n<div class=\"contenuto\">\n<p id class=\"art-text\" data-mrf-recirculation=\"Link article\"><b>Jannik Sinner vince il derby italiano con Luciano Darderi negli ottavi di finale degli Australian Open 2026\u00a0<\/b>e vola ai quarti del primo Slam stagionale. Il numero 2 del mondo, trionfatore a Melbourne nel 2024 e nel 2025, si impone nella sfida tutta tricolore per 6-1, 6-3, 7-6 (7-2) in 2h09\u2032. Sinner aspetta ora il vincente del match tra lo statunitense Ben Shelton e il norvegese Casper Ruud. Sul campo della Margaret Court Arena, dove si gioca nel pomeriggio australiano con una temperatura inferiore ai 30 gradi, Sinner archivia la pratica soffrendo solo nel terzo set.<\/p>\n<h2 data-mrf-recirculation=\"Link article\">Sinner batte Darderi agli Australian Open<\/h2>\n<p id class=\"art-text\" data-mrf-recirculation=\"Link article\">L\u2019altoatesino vive il primo momento complicato nel game d\u2019apertura: si ritrova sotto 15-40 e annulla le prime due palle break del match. Darderi, a cui non pu\u00f2 bastare il 60% scarso di prime di servizio, si sfalda rapidamente nella prima frazione, non trova mai la soluzione per arginare le accelerazioni del rivale.<\/p>\n<div class=\"code-block code-block-6\"><\/div>\n<p id class=\"art-text\" data-mrf-recirculation=\"Link article\">Sinner viaggia con 46 vincenti e mostra un servizio in gran spolvero (19 ace) e, in totale controllo della situazione, si concede qualche sortita a rete per variare il gioco: dalle parti del net, il detentore del titolo non \u00e8 impeccabile. Qualcosa da migliorare, in vista della fase caldissima del torneo, c\u2019\u00e8.<\/p>\n<p id class=\"art-text\" data-mrf-recirculation=\"Link article\">Darderi d\u00e0 tutto nel terzo set e spaventa Sinner. Il numero 2 del mondo deve annullare 4 palle break nel nono game, ricorrendo a tutto il suo repertorio compresa un delizioso drop shot e salendo 5-4. Dopo il poker di occasioni sprecate, Darderi accusa il colpo e concede 2 match point: li annulla entrambi, prolungando la sfida.<\/p>\n<p id class=\"art-text\" data-mrf-recirculation=\"Link article\">L\u2019epilogo viene rinviato al tie-break, che Darderi comincia alla grande (2-0. La fuga non decolla, Sinner recupera e mette la freccia (3-2) e allunga (6-2). I match point consecutivi sono 4, basta il primo per chiudere: 7-2, Sinneri ai quarti.<\/p>\n<h2 data-mrf-recirculation=\"Link article\">Il nervosismo e il lancio della racchetta<\/h2>\n<p><b>Nervosismo per Luciano Darderi. Oggi, luned\u00ec 26 gennaio, il tennista azzurro \u00e8 stato battuto da Jannik Sinner negli ottavi di finale degli Australian Open 2026<\/b>\u00a0in tre set con il punteggio di 6-1, 6-3, 7-6 (2) in una partita con poca storia, in cui il numero 24 del mondo non ha nascosto la propria frustrazione. Difficili i primi due set, in cui Darderi, forse complice anche la tensione di affrontare il numero due del mondo, ha fatto il pieno di errori gratuiti.<\/p>\n<p>Proprio in seguito a due di questi, che gli sono costati il break nel secondo parziale, l\u2019italo-argentino si \u00e8 lasciato andare a un gesto plateale. Ha lanciato la racchetta, accompagnandolo a un urlo. La reazione di Sinner? Jannik non ha battuto ciglio, voltandosi dall\u2019altra parte e preparandosi a servire.<\/p>\n<p>Ma la difficile partita di Darderi ha subito anche un colpo di scena nel finale. Il numero 24 del ranking, sotto di due set, \u00e8 riuscito a reagire nel terzo set, portando il parziale fino al tie break. Qui va avanti 2-0, ma poi si incarta e perde la concentrazione, subendo la rimonta di Sinner.<\/p>\n<p>Il motivo? Un bambino che piange in tribuna, che al momento del lancio della pallina cattura l\u2019attenzione di Darderi (e l\u2019ilarit\u00e0 del pubblico di Melbourne). \u00c8 il preludio alla sua sconfitta: da quel momento Luciano non riesce pi\u00f9 a mettere a segno un punto. dal campo ed \u00e8 preludio alla sua sconfitta.<\/p>\n<p>\u00a0<\/p>\n<iframe loading=\"lazy\" title=\"SINNER approda ai QUARTI lasciando solo le briciole a DARDERI | HIGHLIGHTS | AUSTRALIAN OPEN 2026\" width=\"640\" height=\"360\" src=\"https:\/\/www.youtube.com\/embed\/YhRAjXeq6EM?feature=oembed\" frameborder allow=\"accelerometer; autoplay; clipboard-write; encrypted-media; gyroscope; picture-in-picture; web-share\" referrerpolicy=\"strict-origin-when-cross-origin\" allowfullscreen><\/iframe>\n<\/div>\n<div class=\"commentSectionContainer\">\n<p class=\"comments-title\">Non ci sono commenti, inizia una discussione<\/p>\n<\/div>\n<div id=\"comments\" class=\"comments-area closed\">\n<div id=\"respond\" class=\"comment-respond\">\n<h3 id=\"reply-title\" class=\"comment-reply-title\">Lascia un commento <small><a rel=\"nofollow\" id=\"cancel-comment-reply-link\" href=\"https:\/\/www.secoloditalia.it\/2026\/01\/sinner-vince-il-derby-italiano-con-darderi-che-perde-le-staffe-e-lancia-la-racchetta-verso-il-pubblico-video\/#respond\">Annulla risposta<\/a><\/small><\/h3>\n<p class=\"comment-notes\"><span id=\"email-notes\">Il tuo indirizzo email non sar\u00e0 pubblicato.<\/span><span class=\"required-field-message\">I campi obbligatori sono contrassegnati <span class=\"required\">*<\/span><\/span><\/p>\n<\/div>\n<\/div>\n<div class=\"info-condivisione bottom\">\n<div>\n<p>di <span class=\"autore\">Leo Malaspina<\/span> &#8211; <span class=\"data\">26 Gennaio 2026<\/span><\/p>\n<\/div>\n<\/div>\n<\/div>\n<\/article>\n<article>\n<figure class=\"special\"><a href=\"https:\/\/www.secoloditalia.it\/2026\/01\/famiglia-nel-bosco-i-genitori-denunciano-lassistente-sociale-ostile-manchevole-e-non-imparziale\/\" aria-label=\"Famiglia nel bosco, i genitori denunciano l\u2019assistente sociale: \u201cOstile, manchevole e non imparziale\u201d\" class=\"lower\"><img loading=\"lazy\" decoding=\"async\" width=\"370\" height=\"154\" src=\"https:\/\/analyse.optim.biz\/wp-content\/uploads\/2026\/01\/famiglia-nel-bosco-370x154-42.jpg\" class=\"attachment-standard-lower size-standard-lower wp-post-image\" alt=\"Famiglia nel bosco, i genitori denunciano l\u2019assistente sociale: \u201cOstile, manchevole e non imparziale\u201d\" title=\"Famiglia nel bosco, i genitori denunciano l\u2019assistente sociale: \u201cOstile, manchevole e non imparziale\u201d\"><\/a><\/figure>\n<p class=\"occhiello\">Arriva l&#8217;esposto<\/p>\n<p><a href=\"https:\/\/www.secoloditalia.it\/2026\/01\/famiglia-nel-bosco-i-genitori-denunciano-lassistente-sociale-ostile-manchevole-e-non-imparziale\/\"><\/p>\n<h4 class=\"titolo\"><strong>Famiglia nel bosco,<\/strong> i genitori denunciano l&#8217;assistente sociale: &#8220;Ostile, manchevole e non imparziale&#8221;<\/h4>\n<p><\/a><\/article>\n<article>\n<p class=\"occhiello\">In una scuola media a Brindisi<\/p>\n<p><a href=\"https:\/\/www.secoloditalia.it\/2026\/01\/ti-uccido-professore-minaccia-un-alunno-14enne-e-lo-sbatte-al-muro-denunciato-dai-genitori\/\"><\/p>\n<h4 class=\"titolo\">\u201cTi uccido\u201d, professore minaccia un alunno 14enne e lo sbatte al muro: denunciato dai genitori<\/h4>\n<p><\/a><\/article>\n<article>\n<p class=\"occhiello\">La risposta iraniana<\/p>\n<p><a href=\"https:\/\/www.secoloditalia.it\/2026\/01\/larmada-di-trump-su-teheran-venite-al-tavolo-e-negoziate\/\"><\/p>\n<h4 class=\"titolo\"><strong> Trump sposta la portaerei Lincoln<\/strong> nel Golfo persico e avverte Teheran: \u201cVenite al tavolo e negoziate\u201d<\/h4>\n<p><\/a><\/article>\n<article>\n<p class=\"categoria\">Cronaca<\/p>\n<figure class=\"special\"><a href=\"https:\/\/www.secoloditalia.it\/2026\/01\/gloria-azzurra-totale-gioia-a-meta-sinner-domina-shelton-musetti-costretto-al-ritiro-il-tributo-di-nole\/\" aria-label=\"Gloria azzurra totale, gioia a met\u00e0: Sinner domina Shelton, Musetti costretto al ritiro. Il tributo di Nole\" class=\"lower\"><img decoding=\"async\" width=\"370\" height=\"154\" src=\"https:\/\/analyse.optim.biz\/wp-content\/uploads\/2026\/01\/sinner-musetti-gloria-azzurra-ma-gioia-a-meta-370x154-1.jpg\" class=\"attachment-standard-lower size-standard-lower wp-post-image\" alt=\"Sinner e Musetti, gloria azzurra ma gioia a met\u00e0\" loading=\"lazy\" title=\"Sinner e Musetti, gloria azzurra ma gioia a met\u00e0\"><\/a><\/figure>\n<p class=\"occhiello\">Australian Open<\/p>\n<p><a href=\"https:\/\/www.secoloditalia.it\/2026\/01\/gloria-azzurra-totale-gioia-a-meta-sinner-domina-shelton-musetti-costretto-al-ritiro-il-tributo-di-nole\/\"><\/p>\n<h4 class=\"titolo\">Gloria azzurra totale, gioia a met\u00e0:  <strong>Sinner<\/strong> domina Shelton, <strong>Musetti<\/strong> costretto al ritiro. Il tributo di Nole<\/h4>\n<p><\/a><\/article>\n<p> Source URL: https:\/\/www.secoloditalia.it\/2026\/01\/sinner-vince-il-derby-italiano-con-darderi-che-perde-le-staffe-e-lancia-la-racchetta-verso-il-pubblico-video\/<\/p>\n","protected":false},"excerpt":{"rendered":"<p>Australian Open Sinner vince il \u201cderby\u201d italiano con Darderi, che perde le staffe e lancia la racchetta verso il pubblico (video) Sport &#8211; di Leo Malaspina &#8211; 26 Gennaio 2026 alle 11:54 Jannik Sinner vince il derby italiano con Luciano Darderi negli ottavi di finale degli Australian Open 2026\u00a0e vola ai quarti del primo Slam [&hellip;]<\/p>\n","protected":false},"author":1,"featured_media":0,"comment_status":"open","ping_status":"","sticky":false,"template":"","format":"standard","meta":{"footnotes":""},"categories":[87],"tags":[123],"class_list":["post-1529787","post","type-post","status-publish","format-standard","hentry","category-italy","tag-secoloditalia-it"],"_links":{"self":[{"href":"https:\/\/analyse.optim.biz\/index.php?rest_route=\/wp\/v2\/posts\/1529787","targetHints":{"allow":["GET"]}}],"collection":[{"href":"https:\/\/analyse.optim.biz\/index.php?rest_route=\/wp\/v2\/posts"}],"about":[{"href":"https:\/\/analyse.optim.biz\/index.php?rest_route=\/wp\/v2\/types\/post"}],"author":[{"embeddable":true,"href":"https:\/\/analyse.optim.biz\/index.php?rest_route=\/wp\/v2\/users\/1"}],"replies":[{"embeddable":true,"href":"https:\/\/analyse.optim.biz\/index.php?rest_route=%2Fwp%2Fv2%2Fcomments&post=1529787"}],"version-history":[{"count":0,"href":"https:\/\/analyse.optim.biz\/index.php?rest_route=\/wp\/v2\/posts\/1529787\/revisions"}],"wp:attachment":[{"href":"https:\/\/analyse.optim.biz\/index.php?rest_route=%2Fwp%2Fv2%2Fmedia&parent=1529787"}],"wp:term":[{"taxonomy":"category","embeddable":true,"href":"https:\/\/analyse.optim.biz\/index.php?rest_route=%2Fwp%2Fv2%2Fcategories&post=1529787"},{"taxonomy":"post_tag","embeddable":true,"href":"https:\/\/analyse.optim.biz\/index.php?rest_route=%2Fwp%2Fv2%2Ftags&post=1529787"}],"curies":[{"name":"wp","href":"https:\/\/api.w.org\/{rel}","templated":true}]}}