{"id":152974,"date":"2016-12-21T11:44:55","date_gmt":"2016-12-21T08:44:55","guid":{"rendered":"https:\/\/analyse.optim.biz\/?p=152974"},"modified":"2016-12-21T11:44:55","modified_gmt":"2016-12-21T08:44:55","slug":"nicusor-dan-propunerea-de-premier-a-psd-inacceptabila","status":"publish","type":"post","link":"https:\/\/analyse.optim.biz\/?p=152974","title":{"rendered":"Nicu\u0219or Dan: Propunerea de premier a PSD, inacceptabil\u0103"},"content":{"rendered":"<div class=\"entry data-app-meta data-app-meta-article\" data-embed-base-url-canonical=\"https:\/\/www.digi24.ro\/embed\/stiri\/actualitate\/politica\/nicusor-dan-propunerea-de-premier-a-psd-inacceptabila-636329\">\n<div id=\"js_31tm\" class=\"_5pbx userContent\" data-ft='{\"tn\":\"K\"}'>\n<p data-index=\"1\"><strong>Nicu\u0219or Dan, pre\u0219edintele Uniunii Salva\u021bi Rom\u00e2nia (USR), a declarat c\u0103 propunerea PSD pentru func\u021bia de prim-ministru este inacceptabil\u0103 deoarece Sevil Shhaideh face parte din \u201ega\u0219ca Maz\u0103re-Nicu\u0219or Constantinescu\u201d \u0219i nu are \u201eanvergura necesar\u0103\u201d pentru a exercita aceast\u0103 func\u021bie.\u00a0<\/strong><\/p>\n<\/div>\n<p data-index=\"2\">De asemenea, Nicu\u0219or Dan a atras aten\u021bia c\u0103 Liviu Dragnea vrea s\u0103 modifice legea care nu \u00eei permite s\u0103 devin\u0103 premier. De altfel, liderul PSD a \u0219i declarat c\u0103 \u201e o<span lang=\"ro-RO\">\u00a0condamnare nedreapt\u0103 \u015fi o lege profund neconstitu\u0163ional\u0103\u201d l-au oprit s\u0103 cear\u0103 func\u021bia de premier pentru el \u201edeocamdat\u0103\u201d.\u00a0<\/span><\/p>\n<p data-index=\"3\"><em>\u201e<\/em><span lang=\"ro-RO\"><em>Liviu Dragnea a anun\u021bat c\u0103 va modifica legea c\u0103 va deveni peste c\u00e2teva luni prim-ministru. Asta \u00eenseamn\u0103 c\u0103 \u00een stilul PSD se modific\u0103 legea pentru\u00a0beneficiul unei persoane. Liviu Dragnea a mai anun\u021bat o persoan\u0103 f\u0103r\u0103 anvergura necesar\u0103 pentru pozi\u021bia de prim-ministru. Singurul criteriu pe care l-a folosit a fost acela al unei persoane care \u00eei este loial\u0103, care s\u0103 nu ri\u0219te s\u0103 \u00eei ia partidul, ceea ce este inacceptabil. Sevil Shhaideh este o persoan\u0103 din ga\u0219ca Maz\u0103re-Nicu\u0219or Constantinescu, care a venit la Ministerul Dezvolt\u0103rii \u00eempreun\u0103 cu PSD. Am cunoscut-o personal, a sus\u021binut mutilarea legii urbanismului, ca s\u0103 permit\u0103 investi\u021bii imobiliare speculative\u201d<\/em>, a spus liderul USR. <\/span><\/p>\n<p data-index=\"4\"><span lang=\"ro-RO\">Nicu\u0219or Dan a ad\u0103ugat c\u0103 \u201ef\u0103r\u0103 \u00eendoial\u0103\u201d nu va vota pentru acest Guvern \u0219i \u00eei va comunica pozi\u021bia lui \u0219i pre\u0219edintelui Klaus Iohannis. <\/span><\/p>\n<p data-index=\"5\">Fosta ministr\u0103 a Dezvolt\u0103rii Sevil Shhaideh este <a href=\"https:\/\/www.digi24.ro\/stiri\/actualitate\/politica\/psd-o-propune-pe-sevil-shhaideh-pentru-functia-de-premier-636277\" target=\"_blank\" data-skip-linkfix=\"1\" rel=\"noopener\">persoana pe care social-democra\u021bii i-au propus-o pre\u0219edintelui Klaus Iohannis ca s\u0103 ocupe func\u021bia de premier<\/a>.<\/p>\n<div id=\"js_31tm\" class=\"_5pbx userContent\" data-ft='{\"tn\":\"K\"}'>\n<p class=\"gdpr-placeholder gdpr-social-media gdpr-iframe-fix\" data-index=\"7\"> Setarile tale privind cookie-urile nu permit afisarea continutul din aceasta sectiune. Poti actualiza setarile modulelor coookie direct din browser sau de <a class=\"ot-sdk-show-settings\" data-skip-linkfix=\"1\">aici<\/a> \u2013 e nevoie sa accepti cookie-urile social media<\/p>\n<\/div>\n<div class=\"_3x-2\">\u00a0<\/div>\n<\/div>\n<p> Source URL: https:\/\/www.digi24.ro\/stiri\/actualitate\/politica\/nicusor-dan-propunerea-de-premier-a-psd-inacceptabila-636329<\/p>\n","protected":false},"excerpt":{"rendered":"<p>Nicu\u0219or Dan, pre\u0219edintele Uniunii Salva\u021bi Rom\u00e2nia (USR), a declarat c\u0103 propunerea PSD pentru func\u021bia de prim-ministru este inacceptabil\u0103 deoarece Sevil Shhaideh face parte din \u201ega\u0219ca Maz\u0103re-Nicu\u0219or Constantinescu\u201d \u0219i nu are \u201eanvergura necesar\u0103\u201d pentru a exercita aceast\u0103 func\u021bie.\u00a0 De asemenea, Nicu\u0219or Dan a atras aten\u021bia c\u0103 Liviu Dragnea vrea s\u0103 modifice legea care nu \u00eei permite [&hellip;]<\/p>\n","protected":false},"author":1,"featured_media":152975,"comment_status":"open","ping_status":"","sticky":false,"template":"","format":"standard","meta":{"footnotes":""},"categories":[2],"tags":[11],"class_list":["post-152974","post","type-post","status-publish","format-standard","has-post-thumbnail","hentry","category-politics","tag-digi24"],"_links":{"self":[{"href":"https:\/\/analyse.optim.biz\/index.php?rest_route=\/wp\/v2\/posts\/152974","targetHints":{"allow":["GET"]}}],"collection":[{"href":"https:\/\/analyse.optim.biz\/index.php?rest_route=\/wp\/v2\/posts"}],"about":[{"href":"https:\/\/analyse.optim.biz\/index.php?rest_route=\/wp\/v2\/types\/post"}],"author":[{"embeddable":true,"href":"https:\/\/analyse.optim.biz\/index.php?rest_route=\/wp\/v2\/users\/1"}],"replies":[{"embeddable":true,"href":"https:\/\/analyse.optim.biz\/index.php?rest_route=%2Fwp%2Fv2%2Fcomments&post=152974"}],"version-history":[{"count":0,"href":"https:\/\/analyse.optim.biz\/index.php?rest_route=\/wp\/v2\/posts\/152974\/revisions"}],"wp:featuredmedia":[{"embeddable":true,"href":"https:\/\/analyse.optim.biz\/index.php?rest_route=\/wp\/v2\/media\/152975"}],"wp:attachment":[{"href":"https:\/\/analyse.optim.biz\/index.php?rest_route=%2Fwp%2Fv2%2Fmedia&parent=152974"}],"wp:term":[{"taxonomy":"category","embeddable":true,"href":"https:\/\/analyse.optim.biz\/index.php?rest_route=%2Fwp%2Fv2%2Fcategories&post=152974"},{"taxonomy":"post_tag","embeddable":true,"href":"https:\/\/analyse.optim.biz\/index.php?rest_route=%2Fwp%2Fv2%2Ftags&post=152974"}],"curies":[{"name":"wp","href":"https:\/\/api.w.org\/{rel}","templated":true}]}}