{"id":1529730,"date":"2026-01-28T06:40:06","date_gmt":"2026-01-28T03:40:06","guid":{"rendered":"https:\/\/analyse.optim.biz\/?p=1529730"},"modified":"2026-01-28T06:40:06","modified_gmt":"2026-01-28T03:40:06","slug":"ferrero-sobre-la-opcion-de-entrenar-a-sinner-no-voy-a-decir-que-no-lo-tendria-que-pensar","status":"publish","type":"post","link":"https:\/\/analyse.optim.biz\/?p=1529730","title":{"rendered":"Ferrero, sobre la opci\u00f3n de entrenar a Sinner: \u201cNo voy a decir que no, lo tendr\u00eda que pensar\u201d"},"content":{"rendered":"<article id=\"main-content\" class=\"a _g _g-lg _g-o\">\n<header class=\"a_e _g _g-xs\">\n<div class=\"a_e_txt _df\">\n<div class=\"a_k _df\"><a class=\"a_k_n\" href=\"https:\/\/elpais.com\/noticias\/open-australia\/\">TENIS | OPEN DE AUSTRALIA<\/a><\/div>\n<h1 class=\"a_t\">Ferrero, sobre la opci\u00f3n de entrenar a Sinner: \u201cNo voy a decir que no, lo tendr\u00eda que pensar\u201d<\/h1>\n<p class=\"a_st\">El t\u00e9cnico desliza en una entrevista con \u2018El Larguero\u2019 que ha recibido \u201ccuatro ofertas interesantes\u201d y dice que no descarta reencontrarse con Alcaraz el d\u00eda de ma\u00f1ana <\/p>\n<\/div>\n<div class=\"a_e_m\">\n<figure class=\"a_m a_m-h \"><span class=\"a_m_w _db\"><img fetchpriority=\"high\" decoding=\"async\" class=\"_re  a_m-h\" height=\"277\" width=\"414\" src=\"https:\/\/analyse.optim.biz\/wp-content\/uploads\/2026\/01\/jrgbrydo5ffbpbopby3bme7k4a-1.jpg\" loading=\"eager\" title=\"jrgbrydo5ffbpbopby3bme7k4a-1\"><\/span><figcaption class=\"a_m_p\" aria-hidden=\"true\"><span>Ferrero, durante un entrenamiento con Alcaraz en el \u00faltimo Roland Garros, en junio.<\/span><span class=\"a_m_m\">Tim Clayton (Getty Images)<\/span><\/figcaption><\/figure>\n<\/div>\n<\/header>\n<div class=\"a_md _g _g-xs \">\n<figure class=\"a_md_i a_m-h c_m--nf\"><span class=\"a_m_w _db\"><img decoding=\"async\" alt=\"Alejandro Ciriza\" class=\"_re lazyload a_m-h\" height=\"100\" width=\"100\" src=\"https:\/\/analyse.optim.biz\/wp-content\/uploads\/2026\/01\/https3a2f2fs3-amazonaws-com2farc-authors2fprisa2fff56c9de-8d8d-4f81-a772-c84b51075421-7.png\" loading=\"lazy\" title=\"https3a2f2fs3-amazonaws-com2farc-authors2fprisa2fff56c9de-8d8d-4f81-a772-c84b51075421-7\"><\/span><\/figure>\n<div class=\"a_md_txt\">\n<div class=\"a_md_a\" data-dtm-region=\"articulo_firma\"><a href=\"https:\/\/elpais.com\/autor\/alejandro-ciriza\/#?rel=author_top\" title=\"Ver todas las noticias de Alejandro Ciriza\" class=\"a_md_a_n\">Alejandro Ciriza<\/a><\/div>\n<div class=\"a_md_f\"><span>Melbourne &#8211; <a href=\"https:\/\/elpais.com\/hemeroteca\/2026-01-28\/\" data-date=\"2026-01-28T07:40:06+01:00\"><time data-date=\"2026-01-28T07:40:06+01:00\" datetime=\"2026-01-28T07:40:06+01:00\" id=\"article_date_p\">28 ene 2026 &#8211; 07:40<abbr title=\"Central European Time\">CET<\/abbr><\/time><\/a><\/span><\/div>\n<div class=\"w_rs\" data-dtm-region=\"articulo_botonera-social\">\n<div class=\"w_rs_i\"><a class=\"_btn hidden\" href=\"\/\/send?text=Ferrero%2C%20sobre%20la%20opci%C3%B3n%20de%20entrenar%20a%20Sinner%3A%20%E2%80%9CNo%20voy%20a%20decir%20que%20no%2C%20lo%20tendr%C3%ADa%20que%20pensar%E2%80%9D%0D%0A%0D%0Ahttps%3A%2F%2Felpais.com%2Fdeportes%2Ftenis%2F2026-01-28%2Fferrero-sobre-la-opcion-de-entrenar-a-sinner-no-voy-a-decir-que-no-lo-tendria-que-pensar.html%3Fssm=whatsapp_CC\" data-action=\"share\/whatsapp\/share\" data-param-description=\"Ferrero, sobre la opci\u00f3n de entrenar a Sinner: \u201cNo voy a decir que no, lo tendr\u00eda que pensar\u201d\" data-param-href=\"https:\/\/elpais.com\/deportes\/tenis\/2026-01-28\/ferrero-sobre-la-opcion-de-entrenar-a-sinner-no-voy-a-decir-que-no-lo-tendria-que-pensar.html\" data-param-text=\"Ferrero, sobre la opci\u00f3n de entrenar a Sinner: \u201cNo voy a decir que no, lo tendr\u00eda que pensar\u201d https:\/\/elpais.com\/deportes\/tenis\/2026-01-28\/ferrero-sobre-la-opcion-de-entrenar-a-sinner-no-voy-a-decir-que-no-lo-tendria-que-pensar.html\" data-param-url=\"https:\/\/elpais.com\/deportes\/tenis\/2026-01-28\/ferrero-sobre-la-opcion-de-entrenar-a-sinner-no-voy-a-decir-que-no-lo-tendria-que-pensar.html\" target=\"_blank\" rel=\"noopener noreferrer\" data-share-track-dtm=\"whatsapp\" id=\"btn_share_whatsapp_646\"><span class=\"_sr\">Compartir en Whatsapp<\/span><\/a><\/div>\n<div class=\"w_rs_i\"><a class=\"_btn \" href=\"https:\/\/www.facebook.com\/dialog\/share?display=popup&amp;app_id=94039431626&amp;href=https%3A%2F%2Felpais.com%2Fdeportes%2Ftenis%2F2026-01-28%2Fferrero-sobre-la-opcion-de-entrenar-a-sinner-no-voy-a-decir-que-no-lo-tendria-que-pensar.html%3Fssm=FB_CC&amp;quote=Ferrero%2C%20sobre%20la%20opci%C3%B3n%20de%20entrenar%20a%20Sinner%3A%20%E2%80%9CNo%20voy%20a%20decir%20que%20no%2C%20lo%20tendr%C3%ADa%20que%20pensar%E2%80%9D\" data-param-app_id=\"94039431626\" data-param-description=\"Ferrero, sobre la opci\u00f3n de entrenar a Sinner: \u201cNo voy a decir que no, lo tendr\u00eda que pensar\u201d\" data-param-href=\"https:\/\/elpais.com\/deportes\/tenis\/2026-01-28\/ferrero-sobre-la-opcion-de-entrenar-a-sinner-no-voy-a-decir-que-no-lo-tendria-que-pensar.html\" data-param-text=\"Ferrero, sobre la opci\u00f3n de entrenar a Sinner: \u201cNo voy a decir que no, lo tendr\u00eda que pensar\u201d\" data-param-url=\"https:\/\/elpais.com\/deportes\/tenis\/2026-01-28\/ferrero-sobre-la-opcion-de-entrenar-a-sinner-no-voy-a-decir-que-no-lo-tendria-que-pensar.html\" target=\"_blank\" rel=\"noopener noreferrer\" data-share-track-dtm=\"facebook\" id=\"btn_share_facebook_646\"><span class=\"_sr\">Compartir en Facebook<\/span><\/a><\/div>\n<div class=\"w_rs_i\"><a class=\"_btn \" href=\"https:\/\/twitter.com\/intent\/tweet?url=https%3A%2F%2Felpais.com%2Fdeportes%2Ftenis%2F2026-01-28%2Fferrero-sobre-la-opcion-de-entrenar-a-sinner-no-voy-a-decir-que-no-lo-tendria-que-pensar.html%3Fssm=TW_CC&amp;text=Ferrero%2C%20sobre%20la%20opci%C3%B3n%20de%20entrenar%20a%20Sinner%3A%20%E2%80%9CNo%20voy%20a%20decir%20que%20no%2C%20lo%20tendr%C3%ADa%20que%20pensar%E2%80%9D&amp;via=el_pais&amp;lang=es\" data-param-description=\"Ferrero, sobre la opci\u00f3n de entrenar a Sinner: \u201cNo voy a decir que no, lo tendr\u00eda que pensar\u201d\" data-param-href=\"https:\/\/elpais.com\/deportes\/tenis\/2026-01-28\/ferrero-sobre-la-opcion-de-entrenar-a-sinner-no-voy-a-decir-que-no-lo-tendria-que-pensar.html\" data-param-text=\"Ferrero, sobre la opci\u00f3n de entrenar a Sinner: \u201cNo voy a decir que no, lo tendr\u00eda que pensar\u201d via @el_pais\" data-param-url=\"https:\/\/elpais.com\/deportes\/tenis\/2026-01-28\/ferrero-sobre-la-opcion-de-entrenar-a-sinner-no-voy-a-decir-que-no-lo-tendria-que-pensar.html\" target=\"_blank\" rel=\"noopener noreferrer\" data-share-track-dtm=\"twitter\" id=\"btn_share_twitter_646\"><span class=\"_sr\">Compartir en Twitter<\/span><\/a><\/div>\n<div class=\"w_rs_i\"><a class=\"_btn \" href=\"https:\/\/bsky.app\/intent\/compose?text=https%3A%2F%2Felpais.com%2Fdeportes%2Ftenis%2F2026-01-28%2Fferrero-sobre-la-opcion-de-entrenar-a-sinner-no-voy-a-decir-que-no-lo-tendria-que-pensar.html%3Fssm=bsky_CC\" data-param-description=\"Ferrero, sobre la opci\u00f3n de entrenar a Sinner: \u201cNo voy a decir que no, lo tendr\u00eda que pensar\u201d\" data-param-href=\"https:\/\/elpais.com\/deportes\/tenis\/2026-01-28\/ferrero-sobre-la-opcion-de-entrenar-a-sinner-no-voy-a-decir-que-no-lo-tendria-que-pensar.html\" data-param-text=\"Ferrero, sobre la opci\u00f3n de entrenar a Sinner: \u201cNo voy a decir que no, lo tendr\u00eda que pensar\u201d\" data-param-url=\"https:\/\/elpais.com\/deportes\/tenis\/2026-01-28\/ferrero-sobre-la-opcion-de-entrenar-a-sinner-no-voy-a-decir-que-no-lo-tendria-que-pensar.html\" target=\"_blank\" rel=\"noopener noreferrer\" data-share-track-dtm=\"bluesky\" id=\"btn_share_bluesky_646\"><span class=\"_sr\">Compartir en Bluesky<\/span><\/a><\/div>\n<div class=\"w_rs_i\"><a class=\"_btn \" href=\"https:\/\/www.linkedin.com\/sharing\/share-offsite\/?url=https%3A%2F%2Felpais.com%2Fdeportes%2Ftenis%2F2026-01-28%2Fferrero-sobre-la-opcion-de-entrenar-a-sinner-no-voy-a-decir-que-no-lo-tendria-que-pensar.html%3Fssm=LK_CC\" data-param-description=\"Ferrero, sobre la opci\u00f3n de entrenar a Sinner: \u201cNo voy a decir que no, lo tendr\u00eda que pensar\u201d\" data-param-href=\"https:\/\/elpais.com\/deportes\/tenis\/2026-01-28\/ferrero-sobre-la-opcion-de-entrenar-a-sinner-no-voy-a-decir-que-no-lo-tendria-que-pensar.html\" data-param-text=\"Ferrero, sobre la opci\u00f3n de entrenar a Sinner: \u201cNo voy a decir que no, lo tendr\u00eda que pensar\u201d\" data-param-url=\"https:\/\/elpais.com\/deportes\/tenis\/2026-01-28\/ferrero-sobre-la-opcion-de-entrenar-a-sinner-no-voy-a-decir-que-no-lo-tendria-que-pensar.html\" target=\"_blank\" rel=\"noopener noreferrer\" data-share-track-dtm=\"linkedin\" id=\"btn_share_linkedin_646\"><span class=\"_sr\">Compartir en Linkedin<\/span><\/a><\/div>\n<div class=\"w_rs_i\"><a class=\"_btn rs_l\" href=\"https:\/\/elpais.com\/deportes\/tenis\/2026-01-28\/ferrero-sobre-la-opcion-de-entrenar-a-sinner-no-voy-a-decir-que-no-lo-tendria-que-pensar.html#?prm=copy_link\" data-share-track-dtm=\"copiar_url\" id=\"btn_share_link_22\"><span class=\"_sr\">Copiar enlace<\/span><\/a><\/div>\n<div class=\"w_rs_i\"><a class=\"_btn rs_c\" href=\"https:\/\/elpais.com\/deportes\/tenis\/2026-01-28\/ferrero-sobre-la-opcion-de-entrenar-a-sinner-no-voy-a-decir-que-no-lo-tendria-que-pensar.html#comments_container\" aria-expanded=\"false\" aria-controls=\"me-c\" data-share-track-dtm=\"eskup\" id=\"btn_share_comments_22\"><span class=\"_sr\">Ir a los comentarios<\/span><\/a><\/div>\n<\/div>\n<\/div>\n<\/div>\n<div class=\"a_c clearfix\" data-dtm-region=\"articulo_cuerpo\">\n<p class>Despu\u00e9s de finalizar su v\u00ednculo con Carlos Alcaraz y sopesar todas las posibilidades, Juan Carlos Ferrero ha decidido embarcarse en un nuevo proyecto de la mano del golfista \u00c1ngel Ayora, a quien asesorar\u00e1 desde el punto de vista mental. La semana pasada, el valenciano (45 a\u00f1os) ya estuvo en Dub\u00e1i como punto de partida de esta nueva etapa, y estos d\u00edas trabaja con el andaluz en Bahr\u00e9in. Desde all\u00ed <a href=\"https:\/\/cadenaser.com\/nacional\/2026\/01\/28\/ferrero-habla-por-primera-vez-de-los-motivos-de-su-ruptura-con-alcaraz-lo-que-mas-me-ha-dolido-es-que-se-haya-dicho-que-es-por-dinero-cadena-ser\/\" target=\"_self\" rel title=\"https:\/\/cadenaser.com\/nacional\/2026\/01\/28\/ferrero-habla-por-primera-vez-de-los-motivos-de-su-ruptura-con-alcaraz-lo-que-mas-me-ha-dolido-es-que-se-haya-dicho-que-es-por-dinero-cadena-ser\/\">respondi\u00f3 al programa <i>El Larguero<\/i>, de la Cadena Ser<\/a>, en una entrevista que brind\u00f3 un jugoso titular: \u00bfDirigir a Sinner? \u201cNo voy a decir que no\u201d. <\/p>\n<p class>Hace poco m\u00e1s de un mes, Alcaraz (22) y Ferrero <a href=\"https:\/\/elpais.com\/deportes\/tenis\/2025-12-17\/carlos-alcaraz-rompe-con-ferrero-tras-siete-anos-llegan-tiempos-de-cambio-para-los-dos-nuevas-aventuras-y-nuevos-proyectos.html\" target=\"_self\" rel title=\"https:\/\/elpais.com\/deportes\/tenis\/2025-12-17\/carlos-alcaraz-rompe-con-ferrero-tras-siete-anos-llegan-tiempos-de-cambio-para-los-dos-nuevas-aventuras-y-nuevos-proyectos.html\">anunciaron su separaci\u00f3n profesional<\/a> y cogieron rumbos distintos. El primero compite estos d\u00edas en Melbourne, mientras el segundo ha elegido un nuevo \u00e1mbito, aunque sin renunciar del todo al tenis. Seguir\u00e1 tambi\u00e9n desempe\u00f1ando una labor formativa en su academia de Villena (Alicante) y por ahora descarta un retorno al circuito, a pesar de que le han llegado \u201ccuatro ofertas interesantes, buenas\u201d. Sin embargo, no lo suficientemente tentadoras como para dar el paso, que tal vez podr\u00eda darse el d\u00eda de ma\u00f1ana si la propuesta nace de Sinner, el m\u00e1ximo rival de Alcaraz.<\/p>\n<aside class=\"a_ei\">\n<header class=\"a_ei_h _db\">M\u00e1s informaci\u00f3n<\/header>\n<div class=\"a_ei_r _g _g-xs \"><a class=\"a_ei_t\" href=\"https:\/\/elpais.com\/deportes\/tenis\/2026-01-28\/asi-se-supera-y-se-inspira-alcaraz-con-su-gente-de-el-palmar-y-enganchado-a-stranger-things.html#?rel=mas_sumario\" rel>El Palmar y \u2018Stranger Things\u2019, la inspiraci\u00f3n de Alcaraz<\/a><\/div>\n<\/aside>\n<p class>\u201cAhora mismo no s\u00e9 qu\u00e9 har\u00eda, pero obviamente, \u00e9l es un jugadorazo que est\u00e1 demostrando que, junto con Carlos, son los dos que est\u00e1n peleando por todo. No voy a decir no, porque si se me da la oportunidad, lo tendr\u00eda que pensar\u201d, expres\u00f3 Ferrero, quien por ahora no ha visto \u201cning\u00fan partido\u201d del murciano, \u201csolo im\u00e1genes\u201d. No obstante, percibe al n\u00famero uno \u201cmuy tranquilo\u201d y \u201cmuy maduro\u201d, y asegura que la relaci\u00f3n personal entre ambos es \u201cmuy buena\u201d. \u201cNos despedimos de una forma superbuena, y eso ayuda mucho. Nos quedamos tranquilos\u201d, se\u00f1ala, al mismo tiempo que tampoco cierra la puerta a asociarse otra vez.<\/p>\n<p class>\u201cNunca se sabe\u201d, apunta. \u201cHay un cari\u00f1o muy grande y sigue estando ah\u00ed\u201d, prolonga el t\u00e9cnico de Ontinyent, quien niega que la inesperada ruptura responda \u201cal tema del dinero\u201d y que se refiere precisamente a ese aspecto, el econ\u00f3mico, como el que m\u00e1s le ha \u201cdolido\u201d de entre todas las hip\u00f3tesis y habladur\u00edas de las seis \u00faltimas semanas: \u201cSiempre he dejado muy claro que nunca me met\u00ed ah\u00ed por eso y siempre lo he demostrado\u201d. <a href=\"https:\/\/elpais.com\/deportes\/tenis\/2025-12-24\/ferrero-tras-su-ruptura-con-alcaraz-estoy-dolido-pero-con-una-sensacion-de-tranquilidad-de-haber-hecho-los-deberes.html\" target=\"_self\" rel title=\"https:\/\/elpais.com\/deportes\/tenis\/2025-12-24\/ferrero-tras-su-ruptura-con-alcaraz-estoy-dolido-pero-con-una-sensacion-de-tranquilidad-de-haber-hecho-los-deberes.html\">En una entrevista publicada por este peri\u00f3dico<\/a> el 24 de diciembre, precis\u00f3 que el desenlace respond\u00eda a que durante la negociaci\u00f3n con el tenista, se hab\u00edan intentado \u201ctocar ciertas cl\u00e1usulas\u201d.<\/p>\n<figure class=\"a_m a_m-h \"><span class=\"_db a_m_w _pr lb_btn\"><img decoding=\"async\" class=\"_re lazyload a_m-h\" height=\"275\" width=\"414\" src=\"https:\/\/analyse.optim.biz\/wp-content\/uploads\/2026\/01\/snqefekhzvkgpiqe6tkrsk7cvu.jpg\" loading=\"lazy\" title=\"snqefekhzvkgpiqe6tkrsk7cvu\"><\/span><figcaption class=\"a_m_p\" aria-hidden=\"true\"><span>Sinner, durante un partido en el Open de Australia.<\/span><span class=\"a_m_m\">Tingshu Wang (REUTERS)<\/span><\/figcaption><\/figure>\n<p class>De plantearse de nuevo la misma situaci\u00f3n, Ferrero actuar\u00eda exactamente igual. \u201cNo me arrepiento\u201d, indica. \u201cObviamente echo de menos estar con Carlos en Australia, porque es una din\u00e1mica de muchos a\u00f1os y en dos meses no va a cambiar, pero la decisi\u00f3n est\u00e1 tomada y es lo que hay\u201d, contin\u00faa. Entiende que la decisi\u00f3n no fue exclusiva del tenista, teniendo en cuenta que \u201calrededor de \u00e9l hay much\u00edsimas personas, como es normal, porque son gente de su entorno y hay determinadas decisiones que no va a tomarlas solo. Eso es incontestable\u201d.<\/p>\n<p class>Niega que el traslado de los entrenamientos <a href=\"https:\/\/elpais.com\/deportes\/tenis\/2024-12-16\/el-palmar-y-su-murcianidad-el-feliz-origen-de-carlos-alcaraz.html\" target=\"_self\" rel title=\"https:\/\/elpais.com\/deportes\/tenis\/2024-12-16\/el-palmar-y-su-murcianidad-el-feliz-origen-de-carlos-alcaraz.html\">de Villena a Murcia<\/a> sea otra de las razones \u2014\u201ces normal que quisiera estar en casa\u201d\u2014 ni tampoco una rebaja del porcentaje correspondiente al <i>prize money<\/i> \u2014\u201cpor ah\u00ed no iban los tiros\u201d\u2014. Del mismo modo descart\u00f3 un exceso de exigencia por su parte como desencadenante. \u201cSiempre le he dicho las cosas claras. Cuando le ten\u00edamos que decir que no tocaba algo, se lo dec\u00edamos. Se trata de ir creciendo y evolucionando\u201d, afirma. \u201cNo creo que haya sido tan exigente como dice la gente. Yo tambi\u00e9n he tenido que adaptarme al jugador y sab\u00eda por d\u00f3nde ten\u00eda que apretarle o no\u201d, cierra.<\/p>\n<section class=\"a_de\" data-dtm-region=\"articulo_sumarioenlaces-despiece\">\n<h2 class=\"a_de_t\">ZVEREV, UNA EXPERIENCIA FALLIDA<\/h2>\n<div class=\"a_de_txt\">\n<div class=\"a_de_a\">A. C. | Melbourne<\/div>\n<p class=\"ql-align-justify\">Antes de guiar a Alcaraz, el valenciano fue t\u00e9cnico de Alexander Zverev de julio de 2017 a febrero de 2018. Entonces, el alem\u00e1n era el und\u00e9cimo del mundo. El inicio fue exitoso, con los t\u00edtulos de Washington y el Masters 1000 de Canad\u00e1, pero la relaci\u00f3n fue torci\u00e9ndose poco a poco y finaliz\u00f3.<\/p>\n<p class=\"ql-align-justify\">Seg\u00fan Ferrero, \u00e9l y el jugador ten\u00edan conceptos distintos de la disciplina. La impuntualidad, por ejemplo, estaba a la orden del d\u00eda. \u201cNo fue f\u00e1cil\u201d, expon\u00eda en su momento; \u201cno es la misma cultura y \u00e9l entiende de una manera ligeramente diferente lo que significa ser profesional\u201d. <\/p>\n<p class=\"ql-align-justify\">Ferrero alcanz\u00f3 el n\u00famero uno (2003), es padre de tres hijos y reside en Villena, donde su nombre encabeza un centro de \u00e9lite en el que se han pulido jugadores como Alcaraz \u2014<span>a partir de los 15 a\u00f1os<\/span>\u2014, Pablo Carre\u00f1o, Nicola Kuhn o Darwin Blanch.<\/p>\n<\/div>\n<\/section>\n<\/div>\n<div id=\"me-dis\" class=\"me _pf\">\n<div class=\"me_bg\">\n<div class=\"me-dis _pa _df\">\n<div class=\"me-dis_c\">\n<h2 class=\"me-dis_t\">Tu suscripci\u00f3n se est\u00e1 usando en otro dispositivo<\/h2>\n<p>\u00bfQuieres a\u00f1adir otro usuario a tu suscripci\u00f3n?<\/p>\n<div class=\"me-dis_l\"><a href=\"https:\/\/elpais.com\/suscripciones\/premium\/upgrade\/?utm_source=autopromo&amp;utm_medium=interno&amp;utm_campaign=YYYY_MM_capping_upgrade\" id=\"capping-upgrade\" class=\"btn\">A\u00f1adir usuario<\/a><a href=\"https:\/\/elpais.com\/deportes\/tenis\/2026-01-28\/ferrero-sobre-la-opcion-de-entrenar-a-sinner-no-voy-a-decir-que-no-lo-tendria-que-pensar.html\" id=\"capping-continue\" class=\"btn btn-b\">Continuar leyendo aqu\u00ed<\/a><\/div>\n<p>Si contin\u00faas leyendo en este dispositivo, no se podr\u00e1 leer en el otro.<\/p>\n<p class=\"lk\"><a href=\"https:\/\/elpais.com\/deportes\/tenis\/2026-01-28\/ferrero-sobre-la-opcion-de-entrenar-a-sinner-no-voy-a-decir-que-no-lo-tendria-que-pensar.html\" id=\"capping-show-more-button\">\u00bfPor qu\u00e9 est\u00e1s viendo esto?<\/a><\/p>\n<p><span class=\"arrow\" id=\"capping-arrow\">Flecha<\/span><\/p>\n<div class=\"me-dis_d\">\n<div class=\"me-dis_d_t\">\n<h2 class=\"enc\">Tu suscripci\u00f3n se est\u00e1 usando en otro dispositivo y solo puedes acceder a EL PA\u00cdS desde un dispositivo a la vez.<\/h2>\n<div class=\"tx\">\n<p>Si quieres compartir tu cuenta, cambia tu suscripci\u00f3n a la modalidad Premium, as\u00ed podr\u00e1s a\u00f1adir otro usuario. Cada uno acceder\u00e1 con su propia cuenta de email, lo que os permitir\u00e1 personalizar vuestra experiencia en EL PA\u00cdS.<\/p>\n<p>\u00bfTienes una suscripci\u00f3n de empresa? Accede <a target=\"_blank\" rel=\"noreferrer\" href=\"https:\/\/elpais.com\/suscripciones\/premium\/upgrade\/\">aqu\u00ed<\/a> para contratar m\u00e1s cuentas.<\/p>\n<p>En el caso de no saber qui\u00e9n est\u00e1 usando tu cuenta, te recomendamos cambiar tu contrase\u00f1a <a target=\"_blank\" rel=\"noreferrer\" href=\"https:\/\/elpais.com\/subscriptions\/#\/forgot-password\">aqu\u00ed.<\/a><\/p>\n<p>Si decides continuar compartiendo tu cuenta, este mensaje se mostrar\u00e1 en tu dispositivo y en el de la otra persona que est\u00e1 usando tu cuenta de forma indefinida, afectando a tu experiencia de lectura. Puedes <a target=\"_blank\" rel=\"noreferrer\" href=\"https:\/\/elpais.com\/suscripciones\/condiciones-generales-servicios\/\">consultar aqu\u00ed los t\u00e9rminos y condiciones de la suscripci\u00f3n digital.<\/a><\/p>\n<\/div>\n<\/div>\n<\/div>\n<\/div>\n<\/div>\n<\/div>\n<\/div>\n<aside class=\"w w-sea\">\n<h2 class=\"w_t\">Sobre la firma<\/h2>\n<div class=\"w_b\">\n<div class=\"_g _g-xs\">\n<figure class=\"w-sea_f a_m-h c_m--nf\"><span class=\"a_m_w _db\"><img decoding=\"async\" alt=\"Alejandro Ciriza\" class=\"_re lazyload a_m-h\" height=\"100\" width=\"100\" src=\"https:\/\/analyse.optim.biz\/wp-content\/uploads\/2026\/01\/https3a2f2fs3-amazonaws-com2farc-authors2fprisa2fff56c9de-8d8d-4f81-a772-c84b51075421-7.png\" loading=\"lazy\" title=\"https3a2f2fs3-amazonaws-com2farc-authors2fprisa2fff56c9de-8d8d-4f81-a772-c84b51075421-7\"><\/span><\/figure>\n<div class=\"w-sea_txt\">\n<div class=\"_df\">\n<div class=\"w-sea_txt_na\"><a href=\"https:\/\/elpais.com\/autor\/alejandro-ciriza\/\" rel=\"autor_bottom\">Alejandro Ciriza<\/a><\/div>\n<\/div>\n<div class=\"w-sea_txt_da _dn\">Cubre la informaci\u00f3n de tenis desde 2015. Melbourne, Par\u00eds, Londres y Nueva York, su ruta anual. Escala en los Juegos Ol\u00edmpicos de Tokio. Se incorpor\u00f3 a EL PA\u00cdS en 2007 y previamente trabaj\u00f3 en Localia (deportes), Telecinco (informativos) y As (f\u00fatbol). Licenciado en Comunicaci\u00f3n Audiovisual por la Universidad de Navarra. Autor de \u2018\u00a1Vamos, Rafa!\u2019.<\/div>\n<\/div>\n<\/div>\n<\/div>\n<\/aside>\n<aside class=\"w w-fid\">\n<div class=\"w_b\">\n<div class=\"w-fid_t\"><a href=\"https:\/\/plus.elpais.com\/newsletters\/lnp\/1\/349\/#?prm=not_newsletters_deportes\">Recibe el bolet\u00edn de Deportes<\/a><\/div>\n<div class=\"w-fid_s\">\n<div class=\"w_rs\">\n<div class=\"w_rs_i\"><a class=\"_btn\" href=\"https:\/\/www.facebook.com\/elpais\" rel=\"nofollow\"><span class=\"_sr\">Deportes El Pa\u00eds en Facebook<\/span><\/a><\/div>\n<div class=\"w_rs_i\"><a class=\"_btn\" href=\"https:\/\/www.instagram.com\/el_pais\/\" rel=\"nofollow\"><span class=\"_sr\">Deportes El Pa\u00eds en Instagram<\/span><\/a><\/div>\n<div class=\"w_rs_i\"><a class=\"_btn\" href=\"https:\/\/twitter.com\/elpais_deportes\" rel=\"nofollow\"><span class=\"_sr\">Deportes El Pa\u00eds en Twitter<\/span><\/a><\/div>\n<\/div>\n<\/div>\n<\/div>\n<\/aside>\n<aside class=\"a_com w w-com _df\"><a class=\"a_com_l\" href=\"https:\/\/elpais.com\/info\/normas-de-participacion\/\">Normas \u203a<\/a><\/aside>\n<div class=\"me _pf\" id=\"me-c\">\n<div class=\"me_bg\">\n<div class=\"me-c _pa\" id=\"comments_container\" data-dtm-region=\"articulo_comentarios\">\n<div class=\"me_f me_f-os me_cc\"><a href=\"https:\/\/plus.elpais.com\/perfil\/actividad\/\">Mis comentarios<\/a><a href=\"https:\/\/elpais.com\/info\/normas-de-participacion\/\">Normas<\/a><\/div>\n<div class=\"me_f me_f-ns\"><span class=\"me_f_txt _db\">Rellena tu <b>nombre y apellido<\/b> para comentar<\/span><a href=\"https:\/\/plus.elpais.com\/autorization.html\/?prod=COM&amp;backURL=https%3A%2F%2Felpais.com%2Fdeportes%2Ftenis%2F2026-01-28%2Fferrero-sobre-la-opcion-de-entrenar-a-sinner-no-voy-a-decir-que-no-lo-tendria-que-pensar.html%3Futm_source%3Dnewsshowcase%26gaa_sig%3DBj8-DVlYXOixOHonCJxxZq89Qq_CDgniinQ5ecgs06cs_8ZkbkMZdPu6hKoUFUfcqQP-eYvK3YdP6piH9ECKgg%253D%253D%26gaa_at%3Dla%26utm_content%3Dbullets%26gaa_n%3DAWEtsqczpL6jKC-QG8Q-j2LeBq_3nvVE0ziRlbgW4QvMoxnapp_RcrePXN6OY2z_mJQ%253D%26utm_campaign%3DCCwqGQgwKhAIACoHCAowwJn-CjCamooDMMzK6wQw8oqlBQ%26gaa_ts%3D697b2afc%26utm_medium%3Ddiscover\" class=\"btn btn-2\">completar datos<\/a><\/div>\n<div class=\"me_f\" id=\"comments_msg\"><a class=\"btn btn-2\" href=\"https:\/\/elpais.com\/suscripciones\/#\/campaign?prod=SUSDIGCRART&amp;o=COM&amp;prm=suscrip_articulo_comentarios_el-pais&amp;backURL=https%3A%2F%2Felpais.com%2Fdeportes%2Ftenis%2F2026-01-28%2Fferrero-sobre-la-opcion-de-entrenar-a-sinner-no-voy-a-decir-que-no-lo-tendria-que-pensar.html%3Futm_source%3Dnewsshowcase%26gaa_sig%3DBj8-DVlYXOixOHonCJxxZq89Qq_CDgniinQ5ecgs06cs_8ZkbkMZdPu6hKoUFUfcqQP-eYvK3YdP6piH9ECKgg%253D%253D%26gaa_at%3Dla%26utm_content%3Dbullets%26gaa_n%3DAWEtsqczpL6jKC-QG8Q-j2LeBq_3nvVE0ziRlbgW4QvMoxnapp_RcrePXN6OY2z_mJQ%253D%26utm_campaign%3DCCwqGQgwKhAIACoHCAowwJn-CjCamooDMMzK6wQw8oqlBQ%26gaa_ts%3D697b2afc%26utm_medium%3Ddiscover\" id=\"comments_subscribe_link\" data-link-am=\"https:\/\/elpais.com\/suscripciones\/america\/#\/campaign?prod=SUSDIGCRARTAM&amp;o=COMAM&amp;prm=suscrip_articulo_comentarios_el-pais-america&amp;backURL=https%3A%2F%2Felpais.com%2Fdeportes%2Ftenis%2F2026-01-28%2Fferrero-sobre-la-opcion-de-entrenar-a-sinner-no-voy-a-decir-que-no-lo-tendria-que-pensar.html%3Futm_source%3Dnewsshowcase%26gaa_sig%3DBj8-DVlYXOixOHonCJxxZq89Qq_CDgniinQ5ecgs06cs_8ZkbkMZdPu6hKoUFUfcqQP-eYvK3YdP6piH9ECKgg%253D%253D%26gaa_at%3Dla%26utm_content%3Dbullets%26gaa_n%3DAWEtsqczpL6jKC-QG8Q-j2LeBq_3nvVE0ziRlbgW4QvMoxnapp_RcrePXN6OY2z_mJQ%253D%26utm_campaign%3DCCwqGQgwKhAIACoHCAowwJn-CjCamooDMMzK6wQw8oqlBQ%26gaa_ts%3D697b2afc%26utm_medium%3Ddiscover\" data-link-mx=\"https:\/\/elpais.com\/suscripciones\/america\/#\/campaign?prod=SUSDIGMX&amp;o=COMMX&amp;prm=suscrip_articulo_comentarios_el-pais-mexico&amp;backURL=https%3A%2F%2Felpais.com%2Fdeportes%2Ftenis%2F2026-01-28%2Fferrero-sobre-la-opcion-de-entrenar-a-sinner-no-voy-a-decir-que-no-lo-tendria-que-pensar.html%3Futm_source%3Dnewsshowcase%26gaa_sig%3DBj8-DVlYXOixOHonCJxxZq89Qq_CDgniinQ5ecgs06cs_8ZkbkMZdPu6hKoUFUfcqQP-eYvK3YdP6piH9ECKgg%253D%253D%26gaa_at%3Dla%26utm_content%3Dbullets%26gaa_n%3DAWEtsqczpL6jKC-QG8Q-j2LeBq_3nvVE0ziRlbgW4QvMoxnapp_RcrePXN6OY2z_mJQ%253D%26utm_campaign%3DCCwqGQgwKhAIACoHCAowwJn-CjCamooDMMzK6wQw8oqlBQ%26gaa_ts%3D697b2afc%26utm_medium%3Ddiscover\" data-link-co=\"https:\/\/elpais.com\/suscripciones\/america\/#\/campaign?prod=SUSDIGCOL&amp;o=COMCOL&amp;prm=suscrip_articulo_comentarios_el-pais_colombia&amp;backURL=https%3A%2F%2Felpais.com%2Fdeportes%2Ftenis%2F2026-01-28%2Fferrero-sobre-la-opcion-de-entrenar-a-sinner-no-voy-a-decir-que-no-lo-tendria-que-pensar.html%3Futm_source%3Dnewsshowcase%26gaa_sig%3DBj8-DVlYXOixOHonCJxxZq89Qq_CDgniinQ5ecgs06cs_8ZkbkMZdPu6hKoUFUfcqQP-eYvK3YdP6piH9ECKgg%253D%253D%26gaa_at%3Dla%26utm_content%3Dbullets%26gaa_n%3DAWEtsqczpL6jKC-QG8Q-j2LeBq_3nvVE0ziRlbgW4QvMoxnapp_RcrePXN6OY2z_mJQ%253D%26utm_campaign%3DCCwqGQgwKhAIACoHCAowwJn-CjCamooDMMzK6wQw8oqlBQ%26gaa_ts%3D697b2afc%26utm_medium%3Ddiscover\" data-link-ar=\"https:\/\/elpais.com\/suscripciones\/america\/#\/campaign?prod=SUSDIGCRARTAR&amp;o=COMAR&amp;backURL=https%3A%2F%2Felpais.com%2Fdeportes%2Ftenis%2F2026-01-28%2Fferrero-sobre-la-opcion-de-entrenar-a-sinner-no-voy-a-decir-que-no-lo-tendria-que-pensar.html%3Futm_source%3Dnewsshowcase%26gaa_sig%3DBj8-DVlYXOixOHonCJxxZq89Qq_CDgniinQ5ecgs06cs_8ZkbkMZdPu6hKoUFUfcqQP-eYvK3YdP6piH9ECKgg%253D%253D%26gaa_at%3Dla%26utm_content%3Dbullets%26gaa_n%3DAWEtsqczpL6jKC-QG8Q-j2LeBq_3nvVE0ziRlbgW4QvMoxnapp_RcrePXN6OY2z_mJQ%253D%26utm_campaign%3DCCwqGQgwKhAIACoHCAowwJn-CjCamooDMMzK6wQw8oqlBQ%26gaa_ts%3D697b2afc%26utm_medium%3Ddiscover\" data-link-cl=\"https:\/\/elpais.com\/suscripciones\/america\/#\/campaign?prod=SUSDIGCHILE&amp;o=COMCHILE&amp;backURL=https%3A%2F%2Felpais.com%2Fdeportes%2Ftenis%2F2026-01-28%2Fferrero-sobre-la-opcion-de-entrenar-a-sinner-no-voy-a-decir-que-no-lo-tendria-que-pensar.html%3Futm_source%3Dnewsshowcase%26gaa_sig%3DBj8-DVlYXOixOHonCJxxZq89Qq_CDgniinQ5ecgs06cs_8ZkbkMZdPu6hKoUFUfcqQP-eYvK3YdP6piH9ECKgg%253D%253D%26gaa_at%3Dla%26utm_content%3Dbullets%26gaa_n%3DAWEtsqczpL6jKC-QG8Q-j2LeBq_3nvVE0ziRlbgW4QvMoxnapp_RcrePXN6OY2z_mJQ%253D%26utm_campaign%3DCCwqGQgwKhAIACoHCAowwJn-CjCamooDMMzK6wQw8oqlBQ%26gaa_ts%3D697b2afc%26utm_medium%3Ddiscover\" data-link-us=\"https:\/\/elpais.com\/suscripciones\/america\/#\/campaign?prod=SUSDIGCRARTEUCAN&amp;o=COMUS&amp;prm=suscrip_articulo_comentarios_el-pais_eucan&amp;backURL=https%3A%2F%2Felpais.com%2Fdeportes%2Ftenis%2F2026-01-28%2Fferrero-sobre-la-opcion-de-entrenar-a-sinner-no-voy-a-decir-que-no-lo-tendria-que-pensar.html%3Futm_source%3Dnewsshowcase%26gaa_sig%3DBj8-DVlYXOixOHonCJxxZq89Qq_CDgniinQ5ecgs06cs_8ZkbkMZdPu6hKoUFUfcqQP-eYvK3YdP6piH9ECKgg%253D%253D%26gaa_at%3Dla%26utm_content%3Dbullets%26gaa_n%3DAWEtsqczpL6jKC-QG8Q-j2LeBq_3nvVE0ziRlbgW4QvMoxnapp_RcrePXN6OY2z_mJQ%253D%26utm_campaign%3DCCwqGQgwKhAIACoHCAowwJn-CjCamooDMMzK6wQw8oqlBQ%26gaa_ts%3D697b2afc%26utm_medium%3Ddiscover\">Suscr\u00edbete en El Pa\u00eds para participar<\/a><a class=\"btn btn-3\" href=\"https:\/\/elpais.com\/subscriptions\/#\/sign-in?prod=REG&amp;o=COM&amp;prm=login_articulo_comentarios_el-pais&amp;backURL=https%3A%2F%2Felpais.com%2Fdeportes%2Ftenis%2F2026-01-28%2Fferrero-sobre-la-opcion-de-entrenar-a-sinner-no-voy-a-decir-que-no-lo-tendria-que-pensar.html%3Futm_source%3Dnewsshowcase%26gaa_sig%3DBj8-DVlYXOixOHonCJxxZq89Qq_CDgniinQ5ecgs06cs_8ZkbkMZdPu6hKoUFUfcqQP-eYvK3YdP6piH9ECKgg%253D%253D%26gaa_at%3Dla%26utm_content%3Dbullets%26gaa_n%3DAWEtsqczpL6jKC-QG8Q-j2LeBq_3nvVE0ziRlbgW4QvMoxnapp_RcrePXN6OY2z_mJQ%253D%26utm_campaign%3DCCwqGQgwKhAIACoHCAowwJn-CjCamooDMMzK6wQw8oqlBQ%26gaa_ts%3D697b2afc%26utm_medium%3Ddiscover\" id=\"comments_login_link\" data-link-am=\"https:\/\/elpais.com\/subscriptions\/#\/sign-in?prod=REG&amp;o=COM&amp;prm=login_articulo_comentarios_el-pais-america&amp;backURL=https%3A%2F%2Felpais.com%2Fdeportes%2Ftenis%2F2026-01-28%2Fferrero-sobre-la-opcion-de-entrenar-a-sinner-no-voy-a-decir-que-no-lo-tendria-que-pensar.html%3Futm_source%3Dnewsshowcase%26gaa_sig%3DBj8-DVlYXOixOHonCJxxZq89Qq_CDgniinQ5ecgs06cs_8ZkbkMZdPu6hKoUFUfcqQP-eYvK3YdP6piH9ECKgg%253D%253D%26gaa_at%3Dla%26utm_content%3Dbullets%26gaa_n%3DAWEtsqczpL6jKC-QG8Q-j2LeBq_3nvVE0ziRlbgW4QvMoxnapp_RcrePXN6OY2z_mJQ%253D%26utm_campaign%3DCCwqGQgwKhAIACoHCAowwJn-CjCamooDMMzK6wQw8oqlBQ%26gaa_ts%3D697b2afc%26utm_medium%3Ddiscover\" data-link-mx=\"https:\/\/elpais.com\/subscriptions\/#\/sign-in?prod=REG&amp;o=COM&amp;prm=login_articulo_comentarios_el-pais-mexico&amp;backURL=https%3A%2F%2Felpais.com%2Fdeportes%2Ftenis%2F2026-01-28%2Fferrero-sobre-la-opcion-de-entrenar-a-sinner-no-voy-a-decir-que-no-lo-tendria-que-pensar.html%3Futm_source%3Dnewsshowcase%26gaa_sig%3DBj8-DVlYXOixOHonCJxxZq89Qq_CDgniinQ5ecgs06cs_8ZkbkMZdPu6hKoUFUfcqQP-eYvK3YdP6piH9ECKgg%253D%253D%26gaa_at%3Dla%26utm_content%3Dbullets%26gaa_n%3DAWEtsqczpL6jKC-QG8Q-j2LeBq_3nvVE0ziRlbgW4QvMoxnapp_RcrePXN6OY2z_mJQ%253D%26utm_campaign%3DCCwqGQgwKhAIACoHCAowwJn-CjCamooDMMzK6wQw8oqlBQ%26gaa_ts%3D697b2afc%26utm_medium%3Ddiscover\" data-link-co=\"https:\/\/elpais.com\/subscriptions\/#\/sign-in?prod=REG&amp;o=COM&amp;backURL=https%3A%2F%2Felpais.com%2Fdeportes%2Ftenis%2F2026-01-28%2Fferrero-sobre-la-opcion-de-entrenar-a-sinner-no-voy-a-decir-que-no-lo-tendria-que-pensar.html%3Futm_source%3Dnewsshowcase%26gaa_sig%3DBj8-DVlYXOixOHonCJxxZq89Qq_CDgniinQ5ecgs06cs_8ZkbkMZdPu6hKoUFUfcqQP-eYvK3YdP6piH9ECKgg%253D%253D%26gaa_at%3Dla%26utm_content%3Dbullets%26gaa_n%3DAWEtsqczpL6jKC-QG8Q-j2LeBq_3nvVE0ziRlbgW4QvMoxnapp_RcrePXN6OY2z_mJQ%253D%26utm_campaign%3DCCwqGQgwKhAIACoHCAowwJn-CjCamooDMMzK6wQw8oqlBQ%26gaa_ts%3D697b2afc%26utm_medium%3Ddiscover\" data-link-ar=\"https:\/\/elpais.com\/subscriptions\/#\/sign-in?prod=REG&amp;o=COM&amp;backURL=https%3A%2F%2Felpais.com%2Fdeportes%2Ftenis%2F2026-01-28%2Fferrero-sobre-la-opcion-de-entrenar-a-sinner-no-voy-a-decir-que-no-lo-tendria-que-pensar.html%3Futm_source%3Dnewsshowcase%26gaa_sig%3DBj8-DVlYXOixOHonCJxxZq89Qq_CDgniinQ5ecgs06cs_8ZkbkMZdPu6hKoUFUfcqQP-eYvK3YdP6piH9ECKgg%253D%253D%26gaa_at%3Dla%26utm_content%3Dbullets%26gaa_n%3DAWEtsqczpL6jKC-QG8Q-j2LeBq_3nvVE0ziRlbgW4QvMoxnapp_RcrePXN6OY2z_mJQ%253D%26utm_campaign%3DCCwqGQgwKhAIACoHCAowwJn-CjCamooDMMzK6wQw8oqlBQ%26gaa_ts%3D697b2afc%26utm_medium%3Ddiscover\" data-link-cl=\"https:\/\/elpais.com\/subscriptions\/#\/sign-in?prod=REG&amp;o=COM&amp;backURL=https%3A%2F%2Felpais.com%2Fdeportes%2Ftenis%2F2026-01-28%2Fferrero-sobre-la-opcion-de-entrenar-a-sinner-no-voy-a-decir-que-no-lo-tendria-que-pensar.html%3Futm_source%3Dnewsshowcase%26gaa_sig%3DBj8-DVlYXOixOHonCJxxZq89Qq_CDgniinQ5ecgs06cs_8ZkbkMZdPu6hKoUFUfcqQP-eYvK3YdP6piH9ECKgg%253D%253D%26gaa_at%3Dla%26utm_content%3Dbullets%26gaa_n%3DAWEtsqczpL6jKC-QG8Q-j2LeBq_3nvVE0ziRlbgW4QvMoxnapp_RcrePXN6OY2z_mJQ%253D%26utm_campaign%3DCCwqGQgwKhAIACoHCAowwJn-CjCamooDMMzK6wQw8oqlBQ%26gaa_ts%3D697b2afc%26utm_medium%3Ddiscover\" data-link-us=\"https:\/\/elpais.com\/subscriptions\/#\/sign-in?prod=REG&amp;o=COM&amp;backURL=https%3A%2F%2Felpais.com%2Fdeportes%2Ftenis%2F2026-01-28%2Fferrero-sobre-la-opcion-de-entrenar-a-sinner-no-voy-a-decir-que-no-lo-tendria-que-pensar.html%3Futm_source%3Dnewsshowcase%26gaa_sig%3DBj8-DVlYXOixOHonCJxxZq89Qq_CDgniinQ5ecgs06cs_8ZkbkMZdPu6hKoUFUfcqQP-eYvK3YdP6piH9ECKgg%253D%253D%26gaa_at%3Dla%26utm_content%3Dbullets%26gaa_n%3DAWEtsqczpL6jKC-QG8Q-j2LeBq_3nvVE0ziRlbgW4QvMoxnapp_RcrePXN6OY2z_mJQ%253D%26utm_campaign%3DCCwqGQgwKhAIACoHCAowwJn-CjCamooDMMzK6wQw8oqlBQ%26gaa_ts%3D697b2afc%26utm_medium%3Ddiscover\">Ya tengo una suscripci\u00f3n<\/a><\/div>\n<p>Please enable JavaScript to view the &lt;a href=&#8221;https:\/\/disqus.com\/?ref_noscript&#8221; rel=&#8221;nofollow&#8221;&gt; comments powered by Disqus.&lt;\/a&gt;<\/p><\/div>\n<\/div>\n<\/div>\n<aside class=\"w w-rel\" data-dtm-region=\"articulo_mas-informacion\">\n<h2 class=\"w_t\">M\u00e1s informaci\u00f3n<\/h2>\n<ul class=\"w_b _ls\">\n<li class=\"_g _g-xs w-rel_n\">\n<div class=\" a_m-h c_m--nf\"><span class=\"_db _pr\"><img decoding=\"async\" class=\"_re lazyload a_m-h\" height=\"311\" width=\"414\" src=\"https:\/\/analyse.optim.biz\/wp-content\/uploads\/2026\/01\/vc3qsloeq5jv5drzwh4e7ilbrq-5.jpg\" loading=\"lazy\" title=\"vc3qsloeq5jv5drzwh4e7ilbrq-5\"><\/span><\/div>\n<div class=\"nt\">\n<h3 class=\"nt_t\"><a href=\"https:\/\/elpais.com\/deportes\/tenis\/2026-01-26\/ni-alcaraz-ni-sinner-ni-tampoco-sabalenka-melbourne-no-admite-el-brazalete-de-la-discordia.html#?rel=mas\">Ni Alcaraz, ni Sinner, ni tampoco Sabalenka: Melbourne no admite el brazalete de la discordia<\/a><\/h3>\n<div class=\"nt_a\"><a href=\"https:\/\/elpais.com\/autor\/alejandro-ciriza\/\" title=\"Ver todas las noticias de Alejandro Ciriza\">Alejandro Ciriza<\/a> | Melbourne<\/div>\n<\/div>\n<\/li>\n<li class=\"_g _g-xs w-rel_n\">\n<div class=\" a_m-h c_m--nf\"><span class=\"_db _pr\"><img decoding=\"async\" class=\"_re lazyload a_m-h\" height=\"311\" width=\"414\" src=\"https:\/\/analyse.optim.biz\/wp-content\/uploads\/2026\/01\/niyxr33dinkd5henfkhduj4hmm-3.jpg\" loading=\"lazy\" title=\"niyxr33dinkd5henfkhduj4hmm-3\"><\/span><\/div>\n<div class=\"nt\">\n<h3 class=\"nt_t\"><a href=\"https:\/\/elpais.com\/deportes\/tenis\/2026-01-26\/alcaraz-y-el-saque-mejor-calidad-que-velocidad-el-de-djokovic-es-extremadamente-preciso.html#?rel=mas\">Alcaraz y el saque, mejor calidad que velocidad: \u201cEl de Djokovic es extremadamente preciso\u201d<\/a><\/h3>\n<div class=\"nt_a\"><a href=\"https:\/\/elpais.com\/autor\/alejandro-ciriza\/\" title=\"Ver todas las noticias de Alejandro Ciriza\">Alejandro Ciriza<\/a> | Melbourne<\/div>\n<\/div>\n<\/li>\n<\/ul>\n<\/aside>\n<section class=\"w w-ae\" data-dtm-region=\"articulo_archivado-en\">\n<h2 class=\"w_t\">Archivado En<\/h2>\n<div class=\"w_b\">\n<ul class=\"w_ul w_ul--mh _df _ls\">\n<li><a href=\"https:\/\/elpais.com\/noticias\/tenis\/#?rel=arch\" rel=\"noopener noreferrer\">Tenis<\/a><\/li>\n<li><a href=\"https:\/\/elpais.com\/noticias\/tenistas\/#?rel=arch\" rel=\"noopener noreferrer\">Tenistas<\/a><\/li>\n<li><a href=\"https:\/\/elpais.com\/noticias\/competiciones\/#?rel=arch\" rel=\"noopener noreferrer\">Competiciones<\/a><\/li>\n<li><a href=\"https:\/\/elpais.com\/noticias\/deportes\/#?rel=arch\" rel=\"noopener noreferrer\">Deportes<\/a><\/li>\n<li><a href=\"https:\/\/elpais.com\/noticias\/open-australia\/#?rel=arch\" rel=\"noopener noreferrer\">Open Australia<\/a><\/li>\n<li><a href=\"https:\/\/elpais.com\/noticias\/australia\/#?rel=arch\" rel=\"noopener noreferrer\">Australia<\/a><\/li>\n<li><a href=\"https:\/\/elpais.com\/noticias\/melbourne\/#?rel=arch\" rel=\"noopener noreferrer\">Melbourne<\/a><\/li>\n<li><a href=\"https:\/\/elpais.com\/noticias\/grand-slam-tenis\/#?rel=arch\" rel=\"noopener noreferrer\">Grand Slam<\/a><\/li>\n<li><a href=\"https:\/\/elpais.com\/noticias\/carlos-alcaraz-garfia\/#?rel=arch\" rel=\"noopener noreferrer\">Carlos Alcaraz<\/a><\/li>\n<li><a href=\"https:\/\/elpais.com\/noticias\/juan-carlos-ferrero\/#?rel=arch\" rel=\"noopener noreferrer\">Juan Carlos Ferrero<\/a><\/li>\n<li><a href=\"https:\/\/elpais.com\/noticias\/atp-tour\/#?rel=arch\" rel=\"noopener noreferrer\">ATP Tour<\/a><\/li>\n<\/ul>\n<\/div>\n<\/section>\n<aside class=\"a_tp _df\">\n<div class=\"a_tp_txt\"><span class=\"a_tp_t\">Se adhiere a los criterios de<\/span><\/p>\n<figure class=\"a_m a_m-h c_m--nf\"><a class=\"a_tp_i _dib\" href=\"https:\/\/elpais.com\/estaticos\/que-es-the-trust-project\/\" target=\"_blank\" rel=\"noopener noreferrer nofollow\"><img decoding=\"async\" alt=\"The Trust Project\" class=\" lazyload a_m-h\" height=\"20\" width=\"117\" src=\"https:\/\/analyse.optim.biz\/wp-content\/uploads\/2026\/01\/the-trust-project-347.svg\" loading=\"lazy\" title=\"the-trust-project-347\"><\/a><\/figure>\n<p><a class=\"a_tp_mi\" href=\"https:\/\/elpais.com\/estaticos\/codigo-etico\/\" target=\"_blank\" rel=\"noopener noreferrer nofollow\">M\u00e1s informaci\u00f3n<\/a><\/div>\n<div class=\"a_tp_si\">Si est\u00e1 interesado en licenciar este contenido, pinche <a class=\"a_tp_si_l\" href=\"https:\/\/profesional.elpais.com\/soluciones-sindicacion\/?utm_medium=interno&amp;utm_source=crosslinking&amp;utm_campaign=sindicacion_ep_pie_articulos\" target=\"_blank\" rel=\"noopener noreferrer nofollow\">aqu\u00ed<\/a><\/div>\n<\/aside>\n<div class=\"a_o _pr\" data-dtm-region=\"articulo_right-rail\">\n<div id=\"elpais_gpt-MPU1\" data-adtype=\"MPU\" class=\"ad ad-mpu\"><span class=\"_dn\">_<\/span><\/div>\n<section class=\"w w-sc b_col\" data-dtm-region=\"articulo_ultimas-noticias\">\n<header class=\"w_h b_col_h\">\n<h3 class=\"w_t\"><a href=\"https:\/\/elpais.com\/ultimas-noticias\/\" rel=\"story-card-ultimas-noticias\">\u00daltimas noticias<\/a><\/h3>\n<\/header>\n<div class=\"w_b\">\n<article class=\"c  c--m-n   \" data-word=\"0\">\n<header class=\"c_h\"><time datetime=\"2026-01-29T11:02:10+01:00\" class=\"c_da\">11:02<\/time><\/p>\n<h2 class=\"c_t \"><a href=\"https:\/\/elpais.com\/television\/2026-01-29\/gloria-serra-celebra-en-el-hormiguero-15-anos-como-voz-de-equipo-de-investigacion-me-escucho-ahora-y-me-parece-horrible.html\">Gl\u00f2ria Serra celebra en \u2018El hormiguero\u2019 15 a\u00f1os como voz de \u2018Equipo de investigaci\u00f3n: \u201cMe escucho ahora y me parece horrible\u201d<\/a><\/h2>\n<\/header>\n<\/article>\n<article class=\"c  c--m-n   \" data-word=\"0\">\n<header class=\"c_h\"><time datetime=\"2026-01-29T10:58:53+01:00\" class=\"c_da\">10:58<\/time><\/p>\n<h2 class=\"c_t \"><a href=\"https:\/\/elpais.com\/internacional\/2026-01-29\/china-ejecuta-a-11-personas-vinculadas-a-las-mafias-del-cibercrimen-en-myanmar.html\">China ejecuta a 11 personas vinculadas a las mafias del cibercrimen en Myanmar<\/a><\/h2>\n<\/header>\n<\/article>\n<article class=\"c  c--m-n   \" data-word=\"0\">\n<header class=\"c_h\"><time datetime=\"2026-01-29T10:49:57+01:00\" class=\"c_da\">10:49<\/time><\/p>\n<h2 class=\"c_t \"><a href=\"https:\/\/elpais.com\/economia\/2026-01-29\/ceoe-cataloga-como-intervencionista-y-trilera-la-propuesta-del-gobierno-para-compensar-el-alza-del-salario-minimo.html\">CEOE cataloga como \u201cintervencionista\u201d y \u201ctrilera\u201d la propuesta del Gobierno para compensar el alza del salario m\u00ednimo<\/a><\/h2>\n<\/header>\n<\/article>\n<article class=\"c  c--m-n   \" data-word=\"0\">\n<header class=\"c_h\"><time datetime=\"2026-01-29T10:39:23+01:00\" class=\"c_da\">10:39<\/time><\/p>\n<h2 class=\"c_t \"><a href=\"https:\/\/elpais.com\/espana\/2026-01-29\/vuela-el-tejado-de-la-parroquia-de-la-virgen-del-camino-de-cordoba-por-las-fuertes-rachas-de-viento.html\">Vuela el tejado de la parroquia de la Virgen del Camino de C\u00f3rdoba por las fuertes rachas de viento<\/a><\/h2>\n<\/header>\n<\/article>\n<\/div>\n<\/section>\n<aside class=\"w w-lmv\" data-dtm-region=\"articulo_lom\">\n<h2 class=\"w_t\"><a href=\"https:\/\/elpais.com\/lo-mas-visto\/\">Lo m\u00e1s visto<\/a><\/h2>\n<div class=\"w_b\">\n<ol class=\"_ls\">\n<li><a href=\"https:\/\/elpais.com\/economia\/2026-01-27\/trump-bendice-la-caida-del-dolar-va-muy-bien-miren-los-negocios-que-estamos-haciendo.html#?rel=lom\">Trump asegura que no le preocupa la ca\u00edda del d\u00f3lar: \u201cVa muy bien, miren los negocios que estamos haciendo\u201d<\/a><\/li>\n<li><a href=\"https:\/\/elpais.com\/espana\/2026-01-28\/ultima-hora-de-los-efectos-de-la-borrasca-kristin-en-directo.html#?rel=lom\">\u00daltima hora de la borrasca \u2018Kristin\u2019 &#8211;  28 de enero de 2026<\/a><\/li>\n<li><a href=\"https:\/\/elpais.com\/espana\/2026-01-27\/la-guardia-civil-investiga-a-un-hombre-por-robar-571-pinos-pinoneros-en-valladolid-y-utilizarlos-para-hacer-biomasa.html#?rel=lom\">La Guardia Civil investiga a un hombre por robar 571 pinos pi\u00f1oneros en Valladolid y utilizarlos para hacer biomasa<\/a><\/li>\n<li><a href=\"https:\/\/elpais.com\/internacional\/2026-01-28\/el-primer-ministro-groenlandes-la-casa-blanca-no-tiene-ni-idea-de-lo-que-es-groenlandia.html#?rel=lom\">El primer ministro groenland\u00e9s: \u201cLa Casa Blanca no tiene ni idea de lo que es Groenlandia\u201d<\/a><\/li>\n<li><a href=\"https:\/\/elpais.com\/espana\/2026-01-27\/exmagistrados-del-supremo-garzon-o-carmena-cargan-contra-la-sentencia-a-garcia-ortiz-condena-la-presuncion-de-inocencia.html#?rel=lom\">Exmagistrados del Supremo, Garz\u00f3n o Carmena cargan contra la sentencia a Garc\u00eda Ortiz: \u201cCondena a la presunci\u00f3n de inocencia\u201d<\/a><\/li>\n<\/ol>\n<\/div>\n<\/aside>\n<\/div>\n<\/article>\n<article class=\"c  c--m-n   \" data-word=\"0\">\n<header class=\"c_h\"><time datetime=\"2026-01-29T11:02:10+01:00\" class=\"c_da\">11:02<\/time><\/p>\n<h2 class=\"c_t \"><a href=\"https:\/\/elpais.com\/television\/2026-01-29\/gloria-serra-celebra-en-el-hormiguero-15-anos-como-voz-de-equipo-de-investigacion-me-escucho-ahora-y-me-parece-horrible.html\">Gl\u00f2ria Serra celebra en \u2018El hormiguero\u2019 15 a\u00f1os como voz de \u2018Equipo de investigaci\u00f3n: \u201cMe escucho ahora y me parece horrible\u201d<\/a><\/h2>\n<\/header>\n<\/article>\n<article class=\"c  c--m-n   \" data-word=\"0\">\n<header class=\"c_h\"><time datetime=\"2026-01-29T10:58:53+01:00\" class=\"c_da\">10:58<\/time><\/p>\n<h2 class=\"c_t \"><a href=\"https:\/\/elpais.com\/internacional\/2026-01-29\/china-ejecuta-a-11-personas-vinculadas-a-las-mafias-del-cibercrimen-en-myanmar.html\">China ejecuta a 11 personas vinculadas a las mafias del cibercrimen en Myanmar<\/a><\/h2>\n<\/header>\n<\/article>\n<article class=\"c  c--m-n   \" data-word=\"0\">\n<header class=\"c_h\"><time datetime=\"2026-01-29T10:49:57+01:00\" class=\"c_da\">10:49<\/time><\/p>\n<h2 class=\"c_t \"><a href=\"https:\/\/elpais.com\/economia\/2026-01-29\/ceoe-cataloga-como-intervencionista-y-trilera-la-propuesta-del-gobierno-para-compensar-el-alza-del-salario-minimo.html\">CEOE cataloga como \u201cintervencionista\u201d y \u201ctrilera\u201d la propuesta del Gobierno para compensar el alza del salario m\u00ednimo<\/a><\/h2>\n<\/header>\n<\/article>\n<article class=\"c  c--m-n   \" data-word=\"0\">\n<header class=\"c_h\"><time datetime=\"2026-01-29T10:39:23+01:00\" class=\"c_da\">10:39<\/time><\/p>\n<h2 class=\"c_t \"><a href=\"https:\/\/elpais.com\/espana\/2026-01-29\/vuela-el-tejado-de-la-parroquia-de-la-virgen-del-camino-de-cordoba-por-las-fuertes-rachas-de-viento.html\">Vuela el tejado de la parroquia de la Virgen del Camino de C\u00f3rdoba por las fuertes rachas de viento<\/a><\/h2>\n<\/header>\n<\/article>\n<p> Source URL: https:\/\/elpais.com\/deportes\/tenis\/2026-01-28\/ferrero-sobre-la-opcion-de-entrenar-a-sinner-no-voy-a-decir-que-no-lo-tendria-que-pensar.html<\/p>\n","protected":false},"excerpt":{"rendered":"<p>TENIS | OPEN DE AUSTRALIA Ferrero, sobre la opci\u00f3n de entrenar a Sinner: \u201cNo voy a decir que no, lo tendr\u00eda que pensar\u201d El t\u00e9cnico desliza en una entrevista con \u2018El Larguero\u2019 que ha recibido \u201ccuatro ofertas interesantes\u201d y dice que no descarta reencontrarse con Alcaraz el d\u00eda de ma\u00f1ana Ferrero, durante un entrenamiento con [&hellip;]<\/p>\n","protected":false},"author":1,"featured_media":1529732,"comment_status":"open","ping_status":"","sticky":false,"template":"","format":"standard","meta":{"footnotes":""},"categories":[88],"tags":[92],"class_list":["post-1529730","post","type-post","status-publish","format-standard","has-post-thumbnail","hentry","category-spain","tag-elpais-com"],"_links":{"self":[{"href":"https:\/\/analyse.optim.biz\/index.php?rest_route=\/wp\/v2\/posts\/1529730","targetHints":{"allow":["GET"]}}],"collection":[{"href":"https:\/\/analyse.optim.biz\/index.php?rest_route=\/wp\/v2\/posts"}],"about":[{"href":"https:\/\/analyse.optim.biz\/index.php?rest_route=\/wp\/v2\/types\/post"}],"author":[{"embeddable":true,"href":"https:\/\/analyse.optim.biz\/index.php?rest_route=\/wp\/v2\/users\/1"}],"replies":[{"embeddable":true,"href":"https:\/\/analyse.optim.biz\/index.php?rest_route=%2Fwp%2Fv2%2Fcomments&post=1529730"}],"version-history":[{"count":0,"href":"https:\/\/analyse.optim.biz\/index.php?rest_route=\/wp\/v2\/posts\/1529730\/revisions"}],"wp:featuredmedia":[{"embeddable":true,"href":"https:\/\/analyse.optim.biz\/index.php?rest_route=\/wp\/v2\/media\/1529732"}],"wp:attachment":[{"href":"https:\/\/analyse.optim.biz\/index.php?rest_route=%2Fwp%2Fv2%2Fmedia&parent=1529730"}],"wp:term":[{"taxonomy":"category","embeddable":true,"href":"https:\/\/analyse.optim.biz\/index.php?rest_route=%2Fwp%2Fv2%2Fcategories&post=1529730"},{"taxonomy":"post_tag","embeddable":true,"href":"https:\/\/analyse.optim.biz\/index.php?rest_route=%2Fwp%2Fv2%2Ftags&post=1529730"}],"curies":[{"name":"wp","href":"https:\/\/api.w.org\/{rel}","templated":true}]}}