{"id":152970,"date":"2016-12-21T11:55:13","date_gmt":"2016-12-21T08:55:13","guid":{"rendered":"https:\/\/analyse.optim.biz\/?p=152970"},"modified":"2016-12-21T11:55:13","modified_gmt":"2016-12-21T08:55:13","slug":"premierul-propus-are-proprietati-in-siria-declaratie-de-avere","status":"publish","type":"post","link":"https:\/\/analyse.optim.biz\/?p=152970","title":{"rendered":"Premierul propus are propriet\u0103\u021bi \u00een Siria &#8211; declara\u021bie de avere"},"content":{"rendered":"<div class=\"entry data-app-meta data-app-meta-article\" data-embed-base-url-canonical=\"https:\/\/www.digi24.ro\/embed\/stiri\/actualitate\/politica\/premierul-propus-are-proprietati-in-siria-declaratie-de-avere-636339\">\n<p data-index=\"1\"><strong><span lang=\"ro-RO\"><a href=\"https:\/\/www.digi24.ro\/stiri\/actualitate\/politica\/psd-o-propune-pe-sevil-shhaideh-pentru-functia-de-premier-636277\" target=\"_blank\" data-skip-linkfix=\"1\" rel=\"noopener\">PSD \u015fi ALDE au propus-o pe Sevil Shhaideh pentru func\u021bia de prim-ministru al Rom\u00e2niei<\/a>, dup\u0103\u00a0<\/span><\/strong><strong><span lang=\"ro-RO\">consult\u0103rile, de ast\u0103zi, de la Palatul Cotroceni.<\/span><\/strong><\/p>\n<figure class=\"article-thumb\"><img decoding=\"async\" src=\"https:\/\/analyse.optim.biz\/wp-content\/uploads\/2024\/09\/jmhhc2g9ywq4mzy0ntq0ytnjztgwzjnhnmm2ndjlmdg0njq0mze-thumb_.jpg\" alt=\"sevil shhaideh_agerpres_7988733\" data-skip-htmlfix=\"1\" title=\"jmhhc2g9ywq4mzy0ntq0ytnjztgwzjnhnmm2ndjlmdg0njq0mze-thumb_\"><figcaption> Foto: Agerpres <\/figcaption><\/figure>\n<p data-index=\"2\">Conform ultimei sale declara\u0163ii de avere, din 8 iulie\u00a02015, <a href=\"https:\/\/www.digi24.ro\/stiri\/actualitate\/politica\/cine-este-sevil-shhaideh-propunerea-de-prim-ministru-636309\" target=\"_blank\" data-skip-linkfix=\"1\" rel=\"noopener\">Sevil Shhaideh <\/a>are un apartament de 47 de metri p\u0103tra\u0163i, cump\u0103rat \u00een 1994, \u015fi mai multe conturi deschise \u00een 2007 \u015fi 2011, \u00een sum\u0103 total\u0103 de aproximativ 500.000 de lei.<\/p>\n<p data-index=\"3\">\u00cen declara\u0163ia de avere a acesteia este men\u0163ionat \u015fi un \u00eemprumut de 20.000 de euro acordat de c\u0103tre so\u0163ul s\u0103u, Akram Shhaideh, lui Bachir Chhide, \u015fi ramburat \u00een septembrie 2014.<\/p>\n<p data-index=\"4\">De asemenea, la sec\u0163iunea \u201edatorii\u201d este trecut un credit de 60.000 de lei, contractat \u00een anul 2012 \u015fi scadent \u00een 2017.<\/p>\n<p data-index=\"5\">\u00cen plus, ea de\u021bine \u00een proprietate cu so\u021bul s\u0103u trei cl\u0103diri \u00een Siria, una \u00een Latakia \u0219i dou\u0103 \u00een Damasc.<\/p>\n<p data-index=\"6\"><img loading=\"lazy\" decoding=\"async\" class=\"alignnone size-full wp-image-636345\" src=\"https:\/\/analyse.optim.biz\/wp-content\/uploads\/2024\/09\/ptgwmczoyxnopwiwmmewmgexyjfhywrkzmrmmjhlmznmmgnlywjlyjq1-thumb_.jpg\" alt=\"sevil\" width=\"701\" height=\"680\" data-skip-htmlfix=\"1\" title=\"ptgwmczoyxnopwiwmmewmgexyjfhywrkzmrmmjhlmznmmgnlywjlyjq1-thumb_\"><\/p>\n<p data-index=\"7\">Veniturile ob\u0163inute de Sevil Shhaideh \u00een anul fiscal precedent dep\u0103\u015fesc 300.000 de lei, din care 56.364 de lei reprezint\u0103 salariul de la Ministerul Dezvolt\u0103rii, iar 247.800 de lei a \u00eencasat ca membru al CIFGA (Comitetul Interministerial de Finan\u0163\u0103ri, Garan\u0163ii \u015fi Asigur\u0103ri) la EximBank SA.<\/p>\n<p data-index=\"8\">So\u0163ul lui Sevil Shhaideh a ob\u0163inut un venit anual de 46.149 de lei ca angajat al Regiei Autonome Jude\u0163ene Drumuri \u015fi Poduri Constan\u0163a \u015fi 826 lei \u00een calitate de consilier \u00een Ministerul Agriculturii \u015fi Dezvolt\u0103rii Rurale.<\/p>\n<p data-index=\"9\">De asemenea, potrivit declara\u0163iei de interese, ea este ac\u0163ionar la Coremar &#8211; cupon gratuit, \u015fi la SC Rosyr International SRL, cu 50 de ac\u0163iuni, \u00een valoare de 100 de lei.<\/p>\n<p data-index=\"10\">Sevil Shhaideh s-a c\u0103s\u0103torit \u00een 2011, iar presa a scris c\u0103 na\u015fi de cununie au fost Liviu Dragnea \u015fi \u015feful Consiliului Jude\u0163ean Constan\u0163a, <a title=\"Detalii despre Nicu\u0219or Constantinescu\" href=\"http:\/\/politicieni.mediafax.ro\/politicieni\/?nume=Nicusor%20Constantinescu#search\" target=\"_blank\" data-skip-linkfix=\"1\" rel=\"noopener\">Nicu\u0219or Constantinescu<\/a>.<\/p>\n<p data-index=\"11\">Liviu Dragnea a afirmat, miercuri, \u00eens\u0103 c\u0103 Sevil Shhaideh nu \u00eei este fin\u0103, deoarece \u00een religia musulman\u0103 nu exist\u0103 termenul de na\u015f, \u015fi c\u0103 la c\u0103s\u0103toria acesteia i-a fost \u201emartor&#8221;, al\u0103turi de alte persoane. El a ad\u0103ugat c\u0103 o cunoa\u015fte pe Sevil Shhaideh de 15 ani.<\/p>\n<p data-index=\"12\">Sevil Shhaideh este de origine turc\u0103 \u0219i se afl\u0103 la a doua c\u0103s\u0103torie. Dup\u0103 ce a fost c\u0103s\u0103torit\u0103 cu un medic din Constan\u021ba, ea s-a m\u0103ritat acum cu un inginer sirian, care a lucrat o perioad\u0103 la Regia de Drumuri \u0219i Poduri Constan\u021ba. A fost \u201ecununat\u0103\u201d de Nicu\u0219or Constantinescu \u0219i Liviu Dragnea.\u00a0<\/p>\n<\/div>\n<p> Source URL: https:\/\/www.digi24.ro\/stiri\/actualitate\/politica\/premierul-propus-are-proprietati-in-siria-declaratie-de-avere-636339<\/p>\n","protected":false},"excerpt":{"rendered":"<p>PSD \u015fi ALDE au propus-o pe Sevil Shhaideh pentru func\u021bia de prim-ministru al Rom\u00e2niei, dup\u0103\u00a0consult\u0103rile, de ast\u0103zi, de la Palatul Cotroceni. Foto: Agerpres Conform ultimei sale declara\u0163ii de avere, din 8 iulie\u00a02015, Sevil Shhaideh are un apartament de 47 de metri p\u0103tra\u0163i, cump\u0103rat \u00een 1994, \u015fi mai multe conturi deschise \u00een 2007 \u015fi 2011, \u00een [&hellip;]<\/p>\n","protected":false},"author":1,"featured_media":152971,"comment_status":"open","ping_status":"","sticky":false,"template":"","format":"standard","meta":{"footnotes":""},"categories":[2],"tags":[11],"class_list":["post-152970","post","type-post","status-publish","format-standard","has-post-thumbnail","hentry","category-politics","tag-digi24"],"_links":{"self":[{"href":"https:\/\/analyse.optim.biz\/index.php?rest_route=\/wp\/v2\/posts\/152970","targetHints":{"allow":["GET"]}}],"collection":[{"href":"https:\/\/analyse.optim.biz\/index.php?rest_route=\/wp\/v2\/posts"}],"about":[{"href":"https:\/\/analyse.optim.biz\/index.php?rest_route=\/wp\/v2\/types\/post"}],"author":[{"embeddable":true,"href":"https:\/\/analyse.optim.biz\/index.php?rest_route=\/wp\/v2\/users\/1"}],"replies":[{"embeddable":true,"href":"https:\/\/analyse.optim.biz\/index.php?rest_route=%2Fwp%2Fv2%2Fcomments&post=152970"}],"version-history":[{"count":0,"href":"https:\/\/analyse.optim.biz\/index.php?rest_route=\/wp\/v2\/posts\/152970\/revisions"}],"wp:featuredmedia":[{"embeddable":true,"href":"https:\/\/analyse.optim.biz\/index.php?rest_route=\/wp\/v2\/media\/152971"}],"wp:attachment":[{"href":"https:\/\/analyse.optim.biz\/index.php?rest_route=%2Fwp%2Fv2%2Fmedia&parent=152970"}],"wp:term":[{"taxonomy":"category","embeddable":true,"href":"https:\/\/analyse.optim.biz\/index.php?rest_route=%2Fwp%2Fv2%2Fcategories&post=152970"},{"taxonomy":"post_tag","embeddable":true,"href":"https:\/\/analyse.optim.biz\/index.php?rest_route=%2Fwp%2Fv2%2Ftags&post=152970"}],"curies":[{"name":"wp","href":"https:\/\/api.w.org\/{rel}","templated":true}]}}