{"id":1529699,"date":"2026-01-28T16:51:14","date_gmt":"2026-01-28T13:51:14","guid":{"rendered":"https:\/\/analyse.optim.biz\/?p=1529699"},"modified":"2026-01-28T16:51:14","modified_gmt":"2026-01-28T13:51:14","slug":"la-euroliga-cambia-de-director-general-en-medio-del-conflicto-con-la-nba-por-el-control-del-baloncesto-europeo","status":"publish","type":"post","link":"https:\/\/analyse.optim.biz\/?p=1529699","title":{"rendered":"La Euroliga cambia de director general en medio del conflicto con la NBA por el control del baloncesto europeo"},"content":{"rendered":"<article id=\"main-content\" class=\"a _g _g-lg _g-o\">\n<header class=\"a_e _g _g-xs\">\n<div class=\"a_e_txt _df\">\n<div class=\"a_k _df\"><a class=\"a_k_n\" href=\"https:\/\/elpais.com\/noticias\/euroliga\/\">Euroliga<\/a><\/div>\n<h1 class=\"a_t\">La Euroliga cambia de director general en medio del conflicto con la NBA por el control del baloncesto europeo<\/h1>\n<p class=\"a_st\">El lituano Paulius Motiejunas dejar\u00e1 el cargo y el espa\u00f1ol Chus Bueno es uno de los dos candidatos finales a sustituirle<\/p>\n<\/div>\n<div class=\"a_e_m\">\n<figure class=\"a_m a_m-h \"><span class=\"a_m_w _db\"><img fetchpriority=\"high\" decoding=\"async\" alt=\"Paulius Motiejunas\" class=\"_re  a_m-h\" height=\"276\" width=\"414\" src=\"https:\/\/analyse.optim.biz\/wp-content\/uploads\/2026\/01\/g5yzkx56h5bgvhl4geus7kbxa4-1.jpg\" loading=\"eager\" title=\"g5yzkx56h5bgvhl4geus7kbxa4-1\"><\/span><figcaption class=\"a_m_p\" aria-hidden=\"true\"><span>Paulius Motiejunas, CEO de la Euroliga, durante una rueda de prensa en la Final Four de Abu Dhabi 2025.<\/span><span class=\"a_m_m\">Rodolfo Molina (Euroleague Basketball via Getty Images)<\/span><\/figcaption><\/figure>\n<\/div>\n<\/header>\n<div class=\"a_md _g _g-xs \">\n<figure class=\"a_md_i a_m-h c_m--nf\"><span class=\"a_m_w _db\"><img decoding=\"async\" alt=\"Juan Morenilla\" class=\"_re lazyload a_m-h\" height=\"100\" width=\"100\" src=\"https:\/\/analyse.optim.biz\/wp-content\/uploads\/2026\/01\/https3a2f2fs3-amazonaws-com2farc-authors2fprisa2fcc05e51d-51e4-4c32-ad92-d15e3cd15f02-3.jpg\" loading=\"lazy\" title=\"https3a2f2fs3-amazonaws-com2farc-authors2fprisa2fcc05e51d-51e4-4c32-ad92-d15e3cd15f02-3\"><\/span><\/figure>\n<div class=\"a_md_txt\">\n<div class=\"a_md_a\" data-dtm-region=\"articulo_firma\"><a href=\"https:\/\/elpais.com\/autor\/juan-morenilla\/#?rel=author_top\" title=\"Ver todas las noticias de Juan Morenilla\" class=\"a_md_a_n\">Juan Morenilla<\/a><\/div>\n<div class=\"a_md_f\"><span><a href=\"https:\/\/elpais.com\/hemeroteca\/2026-01-28\/\" data-date=\"2026-01-28T17:51:14+01:00\"><time data-date=\"2026-01-28T17:51:14+01:00\" datetime=\"2026-01-28T17:51:14+01:00\" id=\"article_date_p\">28 ene 2026 &#8211; 17:51<abbr title=\"Central European Time\">CET<\/abbr><\/time><\/a><\/span><\/div>\n<div class=\"w_rs\" data-dtm-region=\"articulo_botonera-social\">\n<div class=\"w_rs_i\"><a class=\"_btn hidden\" href=\"\/\/send?text=La%20Euroliga%20cambia%20de%20director%20general%20en%20medio%20del%20conflicto%20con%20la%20NBA%20por%20el%20control%20del%20baloncesto%20europeo%0D%0A%0D%0Ahttps%3A%2F%2Felpais.com%2Fdeportes%2Fbaloncesto%2F2026-01-28%2Fla-euroliga-cambia-de-director-general-en-medio-del-conflicto-con-la-nba-por-el-control-del-baloncesto-europeo.html%3Fssm=whatsapp_CC\" data-action=\"share\/whatsapp\/share\" data-param-description=\"La Euroliga cambia de director general en medio del conflicto con la NBA por el control del baloncesto europeo\" data-param-href=\"https:\/\/elpais.com\/deportes\/baloncesto\/2026-01-28\/la-euroliga-cambia-de-director-general-en-medio-del-conflicto-con-la-nba-por-el-control-del-baloncesto-europeo.html\" data-param-text=\"La Euroliga cambia de director general en medio del conflicto con la NBA por el control del baloncesto europeo https:\/\/elpais.com\/deportes\/baloncesto\/2026-01-28\/la-euroliga-cambia-de-director-general-en-medio-del-conflicto-con-la-nba-por-el-control-del-baloncesto-europeo.html\" data-param-url=\"https:\/\/elpais.com\/deportes\/baloncesto\/2026-01-28\/la-euroliga-cambia-de-director-general-en-medio-del-conflicto-con-la-nba-por-el-control-del-baloncesto-europeo.html\" target=\"_blank\" rel=\"noopener noreferrer\" data-share-track-dtm=\"whatsapp\" id=\"btn_share_whatsapp_250\"><span class=\"_sr\">Compartir en Whatsapp<\/span><\/a><\/div>\n<div class=\"w_rs_i\"><a class=\"_btn \" href=\"https:\/\/www.facebook.com\/dialog\/share?display=popup&amp;app_id=94039431626&amp;href=https%3A%2F%2Felpais.com%2Fdeportes%2Fbaloncesto%2F2026-01-28%2Fla-euroliga-cambia-de-director-general-en-medio-del-conflicto-con-la-nba-por-el-control-del-baloncesto-europeo.html%3Fssm=FB_CC&amp;quote=La%20Euroliga%20cambia%20de%20director%20general%20en%20medio%20del%20conflicto%20con%20la%20NBA%20por%20el%20control%20del%20baloncesto%20europeo\" data-param-app_id=\"94039431626\" data-param-description=\"La Euroliga cambia de director general en medio del conflicto con la NBA por el control del baloncesto europeo\" data-param-href=\"https:\/\/elpais.com\/deportes\/baloncesto\/2026-01-28\/la-euroliga-cambia-de-director-general-en-medio-del-conflicto-con-la-nba-por-el-control-del-baloncesto-europeo.html\" data-param-text=\"La Euroliga cambia de director general en medio del conflicto con la NBA por el control del baloncesto europeo\" data-param-url=\"https:\/\/elpais.com\/deportes\/baloncesto\/2026-01-28\/la-euroliga-cambia-de-director-general-en-medio-del-conflicto-con-la-nba-por-el-control-del-baloncesto-europeo.html\" target=\"_blank\" rel=\"noopener noreferrer\" data-share-track-dtm=\"facebook\" id=\"btn_share_facebook_250\"><span class=\"_sr\">Compartir en Facebook<\/span><\/a><\/div>\n<div class=\"w_rs_i\"><a class=\"_btn \" href=\"https:\/\/twitter.com\/intent\/tweet?url=https%3A%2F%2Felpais.com%2Fdeportes%2Fbaloncesto%2F2026-01-28%2Fla-euroliga-cambia-de-director-general-en-medio-del-conflicto-con-la-nba-por-el-control-del-baloncesto-europeo.html%3Fssm=TW_CC&amp;text=La%20Euroliga%20cambia%20de%20director%20general%20en%20medio%20del%20conflicto%20con%20la%20NBA%20por%20el%20control%20del%20baloncesto%20europeo&amp;via=el_pais&amp;lang=es\" data-param-description=\"La Euroliga cambia de director general en medio del conflicto con la NBA por el control del baloncesto europeo\" data-param-href=\"https:\/\/elpais.com\/deportes\/baloncesto\/2026-01-28\/la-euroliga-cambia-de-director-general-en-medio-del-conflicto-con-la-nba-por-el-control-del-baloncesto-europeo.html\" data-param-text=\"La Euroliga cambia de director general en medio del conflicto con la NBA por el control del baloncesto europeo via @el_pais\" data-param-url=\"https:\/\/elpais.com\/deportes\/baloncesto\/2026-01-28\/la-euroliga-cambia-de-director-general-en-medio-del-conflicto-con-la-nba-por-el-control-del-baloncesto-europeo.html\" target=\"_blank\" rel=\"noopener noreferrer\" data-share-track-dtm=\"twitter\" id=\"btn_share_twitter_250\"><span class=\"_sr\">Compartir en Twitter<\/span><\/a><\/div>\n<div class=\"w_rs_i\"><a class=\"_btn \" href=\"https:\/\/bsky.app\/intent\/compose?text=https%3A%2F%2Felpais.com%2Fdeportes%2Fbaloncesto%2F2026-01-28%2Fla-euroliga-cambia-de-director-general-en-medio-del-conflicto-con-la-nba-por-el-control-del-baloncesto-europeo.html%3Fssm=bsky_CC\" data-param-description=\"La Euroliga cambia de director general en medio del conflicto con la NBA por el control del baloncesto europeo\" data-param-href=\"https:\/\/elpais.com\/deportes\/baloncesto\/2026-01-28\/la-euroliga-cambia-de-director-general-en-medio-del-conflicto-con-la-nba-por-el-control-del-baloncesto-europeo.html\" data-param-text=\"La Euroliga cambia de director general en medio del conflicto con la NBA por el control del baloncesto europeo\" data-param-url=\"https:\/\/elpais.com\/deportes\/baloncesto\/2026-01-28\/la-euroliga-cambia-de-director-general-en-medio-del-conflicto-con-la-nba-por-el-control-del-baloncesto-europeo.html\" target=\"_blank\" rel=\"noopener noreferrer\" data-share-track-dtm=\"bluesky\" id=\"btn_share_bluesky_250\"><span class=\"_sr\">Compartir en Bluesky<\/span><\/a><\/div>\n<div class=\"w_rs_i\"><a class=\"_btn \" href=\"https:\/\/www.linkedin.com\/sharing\/share-offsite\/?url=https%3A%2F%2Felpais.com%2Fdeportes%2Fbaloncesto%2F2026-01-28%2Fla-euroliga-cambia-de-director-general-en-medio-del-conflicto-con-la-nba-por-el-control-del-baloncesto-europeo.html%3Fssm=LK_CC\" data-param-description=\"La Euroliga cambia de director general en medio del conflicto con la NBA por el control del baloncesto europeo\" data-param-href=\"https:\/\/elpais.com\/deportes\/baloncesto\/2026-01-28\/la-euroliga-cambia-de-director-general-en-medio-del-conflicto-con-la-nba-por-el-control-del-baloncesto-europeo.html\" data-param-text=\"La Euroliga cambia de director general en medio del conflicto con la NBA por el control del baloncesto europeo\" data-param-url=\"https:\/\/elpais.com\/deportes\/baloncesto\/2026-01-28\/la-euroliga-cambia-de-director-general-en-medio-del-conflicto-con-la-nba-por-el-control-del-baloncesto-europeo.html\" target=\"_blank\" rel=\"noopener noreferrer\" data-share-track-dtm=\"linkedin\" id=\"btn_share_linkedin_250\"><span class=\"_sr\">Compartir en Linkedin<\/span><\/a><\/div>\n<div class=\"w_rs_i\"><a class=\"_btn rs_l\" href=\"https:\/\/elpais.com\/deportes\/baloncesto\/2026-01-28\/la-euroliga-cambia-de-director-general-en-medio-del-conflicto-con-la-nba-por-el-control-del-baloncesto-europeo.html#?prm=copy_link\" data-share-track-dtm=\"copiar_url\" id=\"btn_share_link_86\"><span class=\"_sr\">Copiar enlace<\/span><\/a><\/div>\n<div class=\"w_rs_i\"><a class=\"_btn rs_c\" href=\"https:\/\/elpais.com\/deportes\/baloncesto\/2026-01-28\/la-euroliga-cambia-de-director-general-en-medio-del-conflicto-con-la-nba-por-el-control-del-baloncesto-europeo.html#comments_container\" aria-expanded=\"false\" aria-controls=\"me-c\" data-share-track-dtm=\"eskup\" id=\"btn_share_comments_86\"><span class=\"_sr\">Ir a los comentarios<\/span><\/a><\/div>\n<\/div>\n<\/div>\n<\/div>\n<div class=\"a_c clearfix\" data-dtm-region=\"articulo_cuerpo\">\n<p class>El conflicto que sacude al baloncesto europeo va dejando v\u00edctimas por el camino. Los clubes propietarios de la Euroliga han sellado este mi\u00e9rcoles la salida del director general del organismo, <a href=\"https:\/\/elpais.com\/deportes\/baloncesto\/2025-11-05\/paulius-motiejunas-si-sigue-con-su-plan-la-nba-solo-perjudicara-al-baloncesto-europeo.html\" target=\"_self\" rel title=\"https:\/\/elpais.com\/deportes\/baloncesto\/2025-11-05\/paulius-motiejunas-si-sigue-con-su-plan-la-nba-solo-perjudicara-al-baloncesto-europeo.html\">el lituano Paulius Motiejunas<\/a>, en medio de la guerra abierta con la NBA a ra\u00edz de la nueva competici\u00f3n que la Liga estadounidense quiere impulsar en Europa a partir de 2027 y que ha desencadenado una lucha de poder entre los dos bandos.<\/p>\n<p class>Despu\u00e9s de muchos meses de negociaciones, los puentes han saltado por los aires y las posturas <a href=\"https:\/\/elpais.com\/deportes\/baloncesto\/2025-04-21\/la-nba-expone-sus-motivos-para-desembarcar-en-europa-nuestra-intencion-es-repensar-y-redisenar-el-baloncesto-en-el-continente.html\" target=\"_self\" rel title=\"https:\/\/elpais.com\/deportes\/baloncesto\/2025-04-21\/la-nba-expone-sus-motivos-para-desembarcar-en-europa-nuestra-intencion-es-repensar-y-redisenar-el-baloncesto-en-el-continente.html\">entre la Euroliga y la NBA<\/a> para unir fuerzas e ir de la mano est\u00e1n muy alejadas, seg\u00fan reconocen desde una y otra parte. En ese escenario, los clubes due\u00f1os de la gran competici\u00f3n europea consideran que es el momento de un cambio de representante en la mesa de di\u00e1logo y han sellado la marcha de Motiejunas tras un corto mandato (desde junio de 2023). La silla de director general de la Euroliga se la disputan ahora entre el espa\u00f1ol Chus Bueno, que fue vicepresidente de la NBA en Europa durante 12 a\u00f1os, y el alem\u00e1n Michael Ilgner. Ellos dos son los finalistas de un <i>casting <\/i>que desembocar\u00e1 en una votaci\u00f3n para elegir en las pr\u00f3ximas horas al nuevo jefe.<\/p>\n<p class>La gesti\u00f3n del conflicto con la NBA ha erosionado finalmente la posici\u00f3n de Motiejunas. <a href=\"https:\/\/elpais.com\/deportes\/baloncesto\/2026-01-22\/el-barcelona-confirma-que-renueva-por-10-temporadas-con-la-euroliga.html\" target=\"_blank\" rel=\"noreferrer\" title=\"https:\/\/elpais.com\/deportes\/baloncesto\/2026-01-22\/el-barcelona-confirma-que-renueva-por-10-temporadas-con-la-euroliga.html\">Diez de los 13 propietarios de la Euroliga han renovado su acuerdo por 10 a\u00f1os m\u00e1s, hasta 2036:<\/a> Panathinaikos, Olympiacos, Barcelona, Maccabi, Zalgiris, Baskonia, Efes, Olimpia Milano, Bayern y CSKA, aunque el conjunto ruso tiene congelada su plaza por las sanciones derivadas del conflicto en Ucrania. Los otros tres, Real Madrid, Fenerbah\u00e7e y Asvel, han dejado pasar el plazo del 15 de enero para aceptar las mismas condiciones que el resto y est\u00e1 en el aire su continuidad en la competici\u00f3n despu\u00e9s de que el 30 junio expire el v\u00ednculo. La NBA ha entrado en escena con el aura de generador de riqueza y muchos de los grandes clubes europeos no han querido cerrar esa puerta en una \u00e9poca en la que cuesta cuadrar las cuentas, pese a que Motiejunas cifr\u00f3 en un 45% el aumento de beneficios de la Euroliga en las dos \u00faltimas temporadas. <\/p>\n<p class>Al frente de la rebeli\u00f3n,<a href=\"https:\/\/elpais.com\/deportes\/baloncesto\/2026-01-22\/el-barcelona-confirma-que-renueva-por-10-temporadas-con-la-euroliga.html\" target=\"_blank\" rel=\"noreferrer\" title=\"https:\/\/elpais.com\/deportes\/baloncesto\/2026-01-22\/el-barcelona-confirma-que-renueva-por-10-temporadas-con-la-euroliga.html\"> el Real Madrid es quien ha dado m\u00e1s pasos hacia la NBA<\/a> (el club blanco perdi\u00f3 27 millones de euros la \u00faltima vez que fue campe\u00f3n de Europa, en 2023), aunque el cambio ahora en el volante de la Euroliga puede alterar el panorama. El t\u00e9cnico madridista, Sergio Scariolo, expres\u00f3 este pasado lunes: \u201cHay muchos factores que entran en juego, econ\u00f3micos, de visi\u00f3n a largo plazo. La \u00fanica comunicaci\u00f3n que yo tengo es que no se ha tomado ninguna decisi\u00f3n y que hay esperanza todav\u00eda para que se pueda llegar a un entendimiento\u201d. Fue pocos d\u00edas despu\u00e9s de un comunicado conjunto de tres grandes pe\u00f1as del Madrid en contra de la NBA europea.<\/p>\n<p class>Motiejunas, de 44 a\u00f1os, accedi\u00f3 a la direcci\u00f3n de la Euroliga despu\u00e9s de ser presidente y due\u00f1o del Zalgiris de Kaunas y de ser elegido tres veces como ejecutivo del a\u00f1o en la Euroliga. Por su mesa han desfilado asuntos tan espinosos como la inclusi\u00f3n de un equipo de Dubai en la competici\u00f3n, la mudanza de la Final Four a Dubai y la ida y vuelta a la hora de jugar o no en Israel. En todas estas batallas se encontr\u00f3 con la oposici\u00f3n de algunos de los grandes clubes de Europa y la puntilla de la guerra con la NBA por quedarse con el pastel ha supuesto su defunci\u00f3n. <a href=\"https:\/\/elpais.com\/deportes\/baloncesto\/2025-11-05\/paulius-motiejunas-si-sigue-con-su-plan-la-nba-solo-perjudicara-al-baloncesto-europeo.html\" target=\"_blank\" rel=\"noreferrer\" title=\"https:\/\/elpais.com\/deportes\/baloncesto\/2025-11-05\/paulius-motiejunas-si-sigue-con-su-plan-la-nba-solo-perjudicara-al-baloncesto-europeo.html\">El directivo ya admiti\u00f3 en una entrevista reciente en EL PA\u00cdS que un acuerdo de paz era una quimera<\/a>: \u201cHay mucha frustraci\u00f3n por nuestra parte porque sea cual sea la propuesta que presentemos, no parece que est\u00e9n dispuestos a dar ning\u00fan pa so adelante. Si contin\u00faa as\u00ed, la NBA solo perjudicar\u00e1 al baloncesto europeo. La NBA quiere construir el baloncesto alrededor del negocio, nosotros construimos un negocio alrededor del baloncesto. Vamos a seguir siendo la mejor competici\u00f3n de Europa, con la NBA o sin ella\u201d. Su contrato como director general terminaba en 2028 pero con la opci\u00f3n de ser revisado este 2026 como as\u00ed ha sucedido.<\/p>\n<figure class=\"a_m a_m-h \"><span class=\"_db a_m_w _pr lb_btn\"><img decoding=\"async\" class=\"_re lazyload a_m-h\" height=\"277\" width=\"414\" src=\"https:\/\/analyse.optim.biz\/wp-content\/uploads\/2026\/01\/eqlo3ie73bdanc2fyrjw6sojea.jpg\" loading=\"lazy\" title=\"eqlo3ie73bdanc2fyrjw6sojea\"><\/span><figcaption class=\"a_m_p\" aria-hidden=\"true\"><span>Chus Bueno.<\/span><span class=\"a_m_m\">Europa Press News (Europa Press via Getty Images)<\/span><\/figcaption><\/figure>\n<p class>El bal\u00f3n est\u00e1 ahora en manos de los clubes de la Euroliga, que deben elegir entre Chus Buenos y Michael Ilgner. El barcelon\u00e9s, de 56 a\u00f1os, jug\u00f3 en la ACB entre 1988 y 1994 en Barcelona, Ll\u00edria y Pamesa Valencia, y comenz\u00f3 luego una exitosa carrera en los despachos: secretario general de la ABP, Asociaci\u00f3n de Baloncestistas Espa\u00f1oles, director ejecutivo de la Federaci\u00f3n Espa\u00f1ola de Baloncesto entre 2006 y 2010, cuando dirigi\u00f3 la candidatura que logr\u00f3 el Mundial de 2014, y durante 12 a\u00f1os vicepresidente de la NBA en Europa, \u00c1frica y Oriente Medio. En los \u00faltimos tiempos sigui\u00f3 en el mundo empresarial como director general de Legends para Espa\u00f1a y Portugal y director general de Dazn Basketball, adem\u00e1s de estar relacionado con los fondos de inversi\u00f3n en el deporte. Esa vinculaci\u00f3n con la Liga estadounidense, su amplio curr\u00edculo como ejecutivo, su buena red de relaciones institucionales y su independencia respecto a cualquier club juegan a su favor. El elegido ser\u00e1 el tercer mandam\u00e1s en la Euroliga en solo tres a\u00f1os despu\u00e9s de los 22 de Jordi Bertomeu al frente (2000-22). Le sustituy\u00f3 Marshall Glickman hasta 2023, le relev\u00f3 Motiejunas y ahora un nuevo pasajero se prepara para negociar con la NBA y salvar al baloncesto europeo.<\/p>\n<\/div>\n<div id=\"me-dis\" class=\"me _pf\">\n<div class=\"me_bg\">\n<div class=\"me-dis _pa _df\">\n<div class=\"me-dis_c\">\n<h2 class=\"me-dis_t\">Tu suscripci\u00f3n se est\u00e1 usando en otro dispositivo<\/h2>\n<p>\u00bfQuieres a\u00f1adir otro usuario a tu suscripci\u00f3n?<\/p>\n<div class=\"me-dis_l\"><a href=\"https:\/\/elpais.com\/suscripciones\/premium\/upgrade\/?utm_source=autopromo&amp;utm_medium=interno&amp;utm_campaign=YYYY_MM_capping_upgrade\" id=\"capping-upgrade\" class=\"btn\">A\u00f1adir usuario<\/a><a href=\"https:\/\/elpais.com\/deportes\/baloncesto\/2026-01-28\/la-euroliga-cambia-de-director-general-en-medio-del-conflicto-con-la-nba-por-el-control-del-baloncesto-europeo.html\" id=\"capping-continue\" class=\"btn btn-b\">Continuar leyendo aqu\u00ed<\/a><\/div>\n<p>Si contin\u00faas leyendo en este dispositivo, no se podr\u00e1 leer en el otro.<\/p>\n<p class=\"lk\"><a href=\"https:\/\/elpais.com\/deportes\/baloncesto\/2026-01-28\/la-euroliga-cambia-de-director-general-en-medio-del-conflicto-con-la-nba-por-el-control-del-baloncesto-europeo.html\" id=\"capping-show-more-button\">\u00bfPor qu\u00e9 est\u00e1s viendo esto?<\/a><\/p>\n<p><span class=\"arrow\" id=\"capping-arrow\">Flecha<\/span><\/p>\n<div class=\"me-dis_d\">\n<div class=\"me-dis_d_t\">\n<h2 class=\"enc\">Tu suscripci\u00f3n se est\u00e1 usando en otro dispositivo y solo puedes acceder a EL PA\u00cdS desde un dispositivo a la vez.<\/h2>\n<div class=\"tx\">\n<p>Si quieres compartir tu cuenta, cambia tu suscripci\u00f3n a la modalidad Premium, as\u00ed podr\u00e1s a\u00f1adir otro usuario. Cada uno acceder\u00e1 con su propia cuenta de email, lo que os permitir\u00e1 personalizar vuestra experiencia en EL PA\u00cdS.<\/p>\n<p>\u00bfTienes una suscripci\u00f3n de empresa? Accede <a target=\"_blank\" rel=\"noreferrer\" href=\"https:\/\/elpais.com\/suscripciones\/premium\/upgrade\/\">aqu\u00ed<\/a> para contratar m\u00e1s cuentas.<\/p>\n<p>En el caso de no saber qui\u00e9n est\u00e1 usando tu cuenta, te recomendamos cambiar tu contrase\u00f1a <a target=\"_blank\" rel=\"noreferrer\" href=\"https:\/\/elpais.com\/subscriptions\/#\/forgot-password\">aqu\u00ed.<\/a><\/p>\n<p>Si decides continuar compartiendo tu cuenta, este mensaje se mostrar\u00e1 en tu dispositivo y en el de la otra persona que est\u00e1 usando tu cuenta de forma indefinida, afectando a tu experiencia de lectura. Puedes <a target=\"_blank\" rel=\"noreferrer\" href=\"https:\/\/elpais.com\/suscripciones\/condiciones-generales-servicios\/\">consultar aqu\u00ed los t\u00e9rminos y condiciones de la suscripci\u00f3n digital.<\/a><\/p>\n<\/div>\n<\/div>\n<\/div>\n<\/div>\n<\/div>\n<\/div>\n<\/div>\n<aside class=\"w w-sea\">\n<h2 class=\"w_t\">Sobre la firma<\/h2>\n<div class=\"w_b\">\n<div class=\"_g _g-xs\">\n<figure class=\"w-sea_f a_m-h c_m--nf\"><span class=\"a_m_w _db\"><img decoding=\"async\" alt=\"Juan Morenilla\" class=\"_re lazyload a_m-h\" height=\"100\" width=\"100\" src=\"https:\/\/analyse.optim.biz\/wp-content\/uploads\/2026\/01\/https3a2f2fs3-amazonaws-com2farc-authors2fprisa2fcc05e51d-51e4-4c32-ad92-d15e3cd15f02-3.jpg\" loading=\"lazy\" title=\"https3a2f2fs3-amazonaws-com2farc-authors2fprisa2fcc05e51d-51e4-4c32-ad92-d15e3cd15f02-3\"><\/span><\/figure>\n<div class=\"w-sea_txt\">\n<div class=\"_df\">\n<div class=\"w-sea_txt_na\"><a href=\"https:\/\/elpais.com\/autor\/juan-morenilla\/\" rel=\"autor_bottom\">Juan Morenilla<\/a><\/div>\n<div class=\"w_rs_i\"><a class=\"_btn \" href=\"https:\/\/twitter.com\/juanmorenilla\" target=\"_blank\" rel=\"noopener noreferrer\"><span class=\"_sr\">Juan Morenilla &#8211; twitter<\/span><\/a><\/div>\n<\/div>\n<div class=\"w-sea_txt_da _dn\">Es redactor en la secci\u00f3n de Deportes. Estudi\u00f3 Comunicaci\u00f3n Audiovisual. Trabaj\u00f3 en la delegaci\u00f3n de EL PA\u00cdS en Valencia entre 2000 y 2007. Desde entonces, en Madrid. Adem\u00e1s de Deportes, tambi\u00e9n ha trabajado en la edici\u00f3n de Am\u00e9rica de EL PA\u00cdS.<\/div>\n<\/div>\n<\/div>\n<\/div>\n<\/aside>\n<aside class=\"w w-fid\">\n<div class=\"w_b\">\n<div class=\"w-fid_t\"><a href=\"https:\/\/plus.elpais.com\/newsletters\/lnp\/1\/349\">Recibe el bolet\u00edn de Deportes<\/a><\/div>\n<div class=\"w-fid_s\">\n<div class=\"w_rs\">\n<div class=\"w_rs_i\"><a class=\"_btn\" href=\"https:\/\/www.facebook.com\/elpais\" rel=\"nofollow\"><span class=\"_sr\">Deportes El Pa\u00eds en Facebook<\/span><\/a><\/div>\n<div class=\"w_rs_i\"><a class=\"_btn\" href=\"https:\/\/www.instagram.com\/el_pais\/\" rel=\"nofollow\"><span class=\"_sr\">Deportes El Pa\u00eds en Instagram<\/span><\/a><\/div>\n<div class=\"w_rs_i\"><a class=\"_btn\" href=\"https:\/\/twitter.com\/elpais_deportes\" rel=\"nofollow\"><span class=\"_sr\">Deportes El Pa\u00eds en Twitter<\/span><\/a><\/div>\n<\/div>\n<\/div>\n<\/div>\n<\/aside>\n<aside class=\"a_com w w-com _df\"><a class=\"a_com_l\" href=\"https:\/\/elpais.com\/info\/normas-de-participacion\/\">Normas \u203a<\/a><\/aside>\n<div class=\"me _pf\" id=\"me-c\">\n<div class=\"me_bg\">\n<div class=\"me-c _pa\" id=\"comments_container\" data-dtm-region=\"articulo_comentarios\">\n<div class=\"me_f me_f-os me_cc\"><a href=\"https:\/\/plus.elpais.com\/perfil\/actividad\/\">Mis comentarios<\/a><a href=\"https:\/\/elpais.com\/info\/normas-de-participacion\/\">Normas<\/a><\/div>\n<div class=\"me_f me_f-ns\"><span class=\"me_f_txt _db\">Rellena tu <b>nombre y apellido<\/b> para comentar<\/span><a href=\"https:\/\/plus.elpais.com\/autorization.html\/?prod=COM&amp;backURL=https%3A%2F%2Felpais.com%2Fdeportes%2Fbaloncesto%2F2026-01-28%2Fla-euroliga-cambia-de-director-general-en-medio-del-conflicto-con-la-nba-por-el-control-del-baloncesto-europeo.html\" class=\"btn btn-2\">completar datos<\/a><\/div>\n<div class=\"me_f\" id=\"comments_msg\"><a class=\"btn btn-2\" href=\"https:\/\/elpais.com\/suscripciones\/#\/campaign?prod=SUSDIGCRART&amp;o=COM&amp;prm=suscrip_articulo_comentarios_el-pais&amp;backURL=https%3A%2F%2Felpais.com%2Fdeportes%2Fbaloncesto%2F2026-01-28%2Fla-euroliga-cambia-de-director-general-en-medio-del-conflicto-con-la-nba-por-el-control-del-baloncesto-europeo.html\" id=\"comments_subscribe_link\" data-link-am=\"https:\/\/elpais.com\/suscripciones\/america\/#\/campaign?prod=SUSDIGCRARTAM&amp;o=COMAM&amp;prm=suscrip_articulo_comentarios_el-pais-america&amp;backURL=https%3A%2F%2Felpais.com%2Fdeportes%2Fbaloncesto%2F2026-01-28%2Fla-euroliga-cambia-de-director-general-en-medio-del-conflicto-con-la-nba-por-el-control-del-baloncesto-europeo.html\" data-link-mx=\"https:\/\/elpais.com\/suscripciones\/america\/#\/campaign?prod=SUSDIGMX&amp;o=COMMX&amp;prm=suscrip_articulo_comentarios_el-pais-mexico&amp;backURL=https%3A%2F%2Felpais.com%2Fdeportes%2Fbaloncesto%2F2026-01-28%2Fla-euroliga-cambia-de-director-general-en-medio-del-conflicto-con-la-nba-por-el-control-del-baloncesto-europeo.html\" data-link-co=\"https:\/\/elpais.com\/suscripciones\/america\/#\/campaign?prod=SUSDIGCOL&amp;o=COMCOL&amp;prm=suscrip_articulo_comentarios_el-pais_colombia&amp;backURL=https%3A%2F%2Felpais.com%2Fdeportes%2Fbaloncesto%2F2026-01-28%2Fla-euroliga-cambia-de-director-general-en-medio-del-conflicto-con-la-nba-por-el-control-del-baloncesto-europeo.html\" data-link-ar=\"https:\/\/elpais.com\/suscripciones\/america\/#\/campaign?prod=SUSDIGCRARTAR&amp;o=COMAR&amp;backURL=https%3A%2F%2Felpais.com%2Fdeportes%2Fbaloncesto%2F2026-01-28%2Fla-euroliga-cambia-de-director-general-en-medio-del-conflicto-con-la-nba-por-el-control-del-baloncesto-europeo.html\" data-link-cl=\"https:\/\/elpais.com\/suscripciones\/america\/#\/campaign?prod=SUSDIGCHILE&amp;o=COMCHILE&amp;backURL=https%3A%2F%2Felpais.com%2Fdeportes%2Fbaloncesto%2F2026-01-28%2Fla-euroliga-cambia-de-director-general-en-medio-del-conflicto-con-la-nba-por-el-control-del-baloncesto-europeo.html\" data-link-us=\"https:\/\/elpais.com\/suscripciones\/america\/#\/campaign?prod=SUSDIGCRARTEUCAN&amp;o=COMUS&amp;prm=suscrip_articulo_comentarios_el-pais_eucan&amp;backURL=https%3A%2F%2Felpais.com%2Fdeportes%2Fbaloncesto%2F2026-01-28%2Fla-euroliga-cambia-de-director-general-en-medio-del-conflicto-con-la-nba-por-el-control-del-baloncesto-europeo.html\">Suscr\u00edbete en El Pa\u00eds para participar<\/a><a class=\"btn btn-3\" href=\"https:\/\/elpais.com\/subscriptions\/#\/sign-in?prod=REG&amp;o=COM&amp;prm=login_articulo_comentarios_el-pais&amp;backURL=https%3A%2F%2Felpais.com%2Fdeportes%2Fbaloncesto%2F2026-01-28%2Fla-euroliga-cambia-de-director-general-en-medio-del-conflicto-con-la-nba-por-el-control-del-baloncesto-europeo.html\" id=\"comments_login_link\" data-link-am=\"https:\/\/elpais.com\/subscriptions\/#\/sign-in?prod=REG&amp;o=COM&amp;prm=login_articulo_comentarios_el-pais-america&amp;backURL=https%3A%2F%2Felpais.com%2Fdeportes%2Fbaloncesto%2F2026-01-28%2Fla-euroliga-cambia-de-director-general-en-medio-del-conflicto-con-la-nba-por-el-control-del-baloncesto-europeo.html\" data-link-mx=\"https:\/\/elpais.com\/subscriptions\/#\/sign-in?prod=REG&amp;o=COM&amp;prm=login_articulo_comentarios_el-pais-mexico&amp;backURL=https%3A%2F%2Felpais.com%2Fdeportes%2Fbaloncesto%2F2026-01-28%2Fla-euroliga-cambia-de-director-general-en-medio-del-conflicto-con-la-nba-por-el-control-del-baloncesto-europeo.html\" data-link-co=\"https:\/\/elpais.com\/subscriptions\/#\/sign-in?prod=REG&amp;o=COM&amp;backURL=https%3A%2F%2Felpais.com%2Fdeportes%2Fbaloncesto%2F2026-01-28%2Fla-euroliga-cambia-de-director-general-en-medio-del-conflicto-con-la-nba-por-el-control-del-baloncesto-europeo.html\" data-link-ar=\"https:\/\/elpais.com\/subscriptions\/#\/sign-in?prod=REG&amp;o=COM&amp;backURL=https%3A%2F%2Felpais.com%2Fdeportes%2Fbaloncesto%2F2026-01-28%2Fla-euroliga-cambia-de-director-general-en-medio-del-conflicto-con-la-nba-por-el-control-del-baloncesto-europeo.html\" data-link-cl=\"https:\/\/elpais.com\/subscriptions\/#\/sign-in?prod=REG&amp;o=COM&amp;backURL=https%3A%2F%2Felpais.com%2Fdeportes%2Fbaloncesto%2F2026-01-28%2Fla-euroliga-cambia-de-director-general-en-medio-del-conflicto-con-la-nba-por-el-control-del-baloncesto-europeo.html\" data-link-us=\"https:\/\/elpais.com\/subscriptions\/#\/sign-in?prod=REG&amp;o=COM&amp;backURL=https%3A%2F%2Felpais.com%2Fdeportes%2Fbaloncesto%2F2026-01-28%2Fla-euroliga-cambia-de-director-general-en-medio-del-conflicto-con-la-nba-por-el-control-del-baloncesto-europeo.html\">Ya tengo una suscripci\u00f3n<\/a><\/div>\n<p>Please enable JavaScript to view the &lt;a href=&#8221;https:\/\/disqus.com\/?ref_noscript&#8221; rel=&#8221;nofollow&#8221;&gt; comments powered by Disqus.&lt;\/a&gt;<\/p><\/div>\n<\/div>\n<\/div>\n<aside class=\"w w-rel\" data-dtm-region=\"articulo_mas-informacion\">\n<h2 class=\"w_t\">M\u00e1s informaci\u00f3n<\/h2>\n<ul class=\"w_b _ls\">\n<li class=\"_g _g-xs w-rel_n\">\n<div class=\" a_m-h c_m--nf\"><span class=\"_db _pr\"><img decoding=\"async\" class=\"_re lazyload a_m-h\" height=\"311\" width=\"414\" src=\"https:\/\/analyse.optim.biz\/wp-content\/uploads\/2026\/01\/qodqakuz3jchnb6dg4hnevnn4m.jpg\" loading=\"lazy\" title=\"qodqakuz3jchnb6dg4hnevnn4m\"><\/span><\/div>\n<div class=\"nt\">\n<h3 class=\"nt_t\"><a href=\"https:\/\/elpais.com\/deportes\/baloncesto\/2025-11-05\/paulius-motiejunas-si-sigue-con-su-plan-la-nba-solo-perjudicara-al-baloncesto-europeo.html#?rel=mas\">Paulius Motiejunas: \u201cSi sigue con su plan, la NBA solo perjudicar\u00e1 al baloncesto europeo\u201d<\/a><\/h3>\n<div class=\"nt_a\"><a href=\"https:\/\/elpais.com\/autor\/juan-morenilla\/\" title=\"Ver todas las noticias de Juan Morenilla\">Juan Morenilla<\/a> | Madrid<\/div>\n<\/div>\n<\/li>\n<li class=\"_g _g-xs w-rel_n\">\n<div class=\" a_m-h c_m--nf\"><span class=\"_db _pr\"><img decoding=\"async\" class=\"_re lazyload a_m-h\" height=\"311\" width=\"414\" src=\"https:\/\/analyse.optim.biz\/wp-content\/uploads\/2026\/01\/n7zk7ta3grdzdevvoetapqxyqy.jpg\" loading=\"lazy\" title=\"n7zk7ta3grdzdevvoetapqxyqy\"><\/span><\/div>\n<div class=\"nt\">\n<h3 class=\"nt_t\"><a href=\"https:\/\/elpais.com\/deportes\/baloncesto\/2026-01-13\/el-barca-se-compromete-a-renovar-con-la-euroliga-y-el-real-madrid-estudia-el-proyecto-de-la-nba.html#?rel=mas\">El Bar\u00e7a se compromete a renovar con la Euroliga y el Real Madrid estudia el proyecto de la NBA <\/a><\/h3>\n<div class=\"nt_a\"><a href=\"https:\/\/elpais.com\/autor\/juan-morenilla\/\" title=\"Ver todas las noticias de Juan Morenilla\">Juan Morenilla<\/a> | Madrid<\/div>\n<\/div>\n<\/li>\n<\/ul>\n<\/aside>\n<section class=\"w w-ae\" data-dtm-region=\"articulo_archivado-en\">\n<h2 class=\"w_t\">Archivado En<\/h2>\n<div class=\"w_b\">\n<ul class=\"w_ul w_ul--mh _df _ls\">\n<li><a href=\"https:\/\/elpais.com\/noticias\/euroliga\/#?rel=arch\" rel=\"noopener noreferrer\">Euroliga<\/a><\/li>\n<li><a href=\"https:\/\/elpais.com\/noticias\/baloncesto\/#?rel=arch\" rel=\"noopener noreferrer\">Baloncesto<\/a><\/li>\n<li><a href=\"https:\/\/elpais.com\/noticias\/jugadores-baloncesto\/#?rel=arch\" rel=\"noopener noreferrer\">Jugadores baloncesto<\/a><\/li>\n<li><a href=\"https:\/\/elpais.com\/noticias\/competiciones\/#?rel=arch\" rel=\"noopener noreferrer\">Competiciones<\/a><\/li>\n<li><a href=\"https:\/\/elpais.com\/noticias\/deportes\/#?rel=arch\" rel=\"noopener noreferrer\">Deportes<\/a><\/li>\n<li><a href=\"https:\/\/elpais.com\/noticias\/nba\/#?rel=arch\" rel=\"noopener noreferrer\">NBA<\/a><\/li>\n<li><a href=\"https:\/\/elpais.com\/noticias\/ceo-centro-estudios-opinion\/#?rel=arch\" rel=\"noopener noreferrer\">CEO<\/a><\/li>\n<\/ul>\n<\/div>\n<\/section>\n<aside class=\"a_tp _df\">\n<div class=\"a_tp_txt\"><span class=\"a_tp_t\">Se adhiere a los criterios de<\/span><\/p>\n<figure class=\"a_m a_m-h c_m--nf\"><a class=\"a_tp_i _dib\" href=\"https:\/\/elpais.com\/estaticos\/que-es-the-trust-project\/\" target=\"_blank\" rel=\"noopener noreferrer nofollow\"><img decoding=\"async\" alt=\"The Trust Project\" class=\" lazyload a_m-h\" height=\"20\" width=\"117\" src=\"https:\/\/analyse.optim.biz\/wp-content\/uploads\/2026\/01\/the-trust-project-346.svg\" loading=\"lazy\" title=\"the-trust-project-346\"><\/a><\/figure>\n<p><a class=\"a_tp_mi\" href=\"https:\/\/elpais.com\/estaticos\/codigo-etico\/\" target=\"_blank\" rel=\"noopener noreferrer nofollow\">M\u00e1s informaci\u00f3n<\/a><\/div>\n<div class=\"a_tp_si\">Si est\u00e1 interesado en licenciar este contenido, pinche <a class=\"a_tp_si_l\" href=\"https:\/\/profesional.elpais.com\/soluciones-sindicacion\/?utm_medium=interno&amp;utm_source=crosslinking&amp;utm_campaign=sindicacion_ep_pie_articulos\" target=\"_blank\" rel=\"noopener noreferrer nofollow\">aqu\u00ed<\/a><\/div>\n<\/aside>\n<div class=\"a_o _pr\" data-dtm-region=\"articulo_right-rail\">\n<div id=\"elpais_gpt-MPU1\" data-adtype=\"MPU\" class=\"ad ad-mpu\"><span class=\"_dn\">_<\/span><\/div>\n<section class=\"w w-sc b_col\" data-dtm-region=\"articulo_ultimas-noticias\">\n<header class=\"w_h b_col_h\">\n<h3 class=\"w_t\"><a href=\"https:\/\/elpais.com\/ultimas-noticias\/\" rel=\"story-card-ultimas-noticias\">\u00daltimas noticias<\/a><\/h3>\n<\/header>\n<div class=\"w_b\">\n<article class=\"c  c--m-n   \" data-word=\"0\">\n<header class=\"c_h\"><time datetime=\"2026-01-29T10:49:57+01:00\" class=\"c_da\">10:49<\/time><\/p>\n<h2 class=\"c_t \"><a href=\"https:\/\/elpais.com\/economia\/2026-01-29\/ceoe-cataloga-como-intervencionista-y-trilera-la-propuesta-del-gobierno-para-compensar-el-alza-del-salario-minimo.html\">CEOE cataloga como \u201cintervencionista\u201d y \u201ctrilera\u201d la propuesta del Gobierno para compensar el alza del salario m\u00ednimo<\/a><\/h2>\n<\/header>\n<\/article>\n<article class=\"c  c--m-n   \" data-word=\"0\">\n<header class=\"c_h\"><time datetime=\"2026-01-29T10:39:23+01:00\" class=\"c_da\">10:39<\/time><\/p>\n<h2 class=\"c_t \"><a href=\"https:\/\/elpais.com\/espana\/2026-01-29\/vuela-el-tejado-de-la-parroquia-de-la-virgen-del-camino-de-cordoba-por-las-fuertes-rachas-de-viento.html\">Vuela el tejado de la parroquia de la Virgen del Camino de C\u00f3rdoba por las fuertes rachas de viento<\/a><\/h2>\n<\/header>\n<\/article>\n<article class=\"c  c--m-n   \" data-word=\"0\">\n<header class=\"c_h\"><time datetime=\"2026-01-29T10:32:17+01:00\" class=\"c_da\">10:32<\/time><\/p>\n<h2 class=\"c_t \"><a href=\"https:\/\/elpais.com\/cultura\/2026-01-29\/la-rapera-nicki-minaj-defiende-a-trump-en-plena-ola-de-brutalidad-policial-en-ee-uu-probablemente-sea-su-fan-numero-uno.html\">La rapera Nicki Minaj defiende a Trump en plena ola de brutalidad policial en EE UU: \u201cProbablemente, sea su fan n\u00famero uno\u201d<\/a><\/h2>\n<\/header>\n<\/article>\n<article class=\"c  c--m-n   \" data-word=\"0\">\n<header class=\"c_h\"><time datetime=\"2026-01-29T10:12:27+01:00\" class=\"c_da\">10:12<\/time><\/p>\n<h2 class=\"c_t \"><a href=\"https:\/\/elpais.com\/sociedad\/2026-01-29\/el-supremo-inadmite-el-recurso-del-padre-de-noelia-y-avala-su-eutanasia.html\">El Supremo inadmite el recurso del padre de Noelia y avala su eutanasia<\/a><\/h2>\n<\/header>\n<\/article>\n<\/div>\n<\/section>\n<aside class=\"w w-lmv\" data-dtm-region=\"articulo_lom\">\n<h2 class=\"w_t\"><a href=\"https:\/\/elpais.com\/lo-mas-visto\/\">Lo m\u00e1s visto<\/a><\/h2>\n<div class=\"w_b\">\n<ol class=\"_ls\">\n<li><a href=\"https:\/\/elpais.com\/economia\/2026-01-27\/trump-bendice-la-caida-del-dolar-va-muy-bien-miren-los-negocios-que-estamos-haciendo.html#?rel=lom\">Trump asegura que no le preocupa la ca\u00edda del d\u00f3lar: \u201cVa muy bien, miren los negocios que estamos haciendo\u201d<\/a><\/li>\n<li><a href=\"https:\/\/elpais.com\/espana\/2026-01-28\/ultima-hora-de-los-efectos-de-la-borrasca-kristin-en-directo.html#?rel=lom\">\u00daltima hora de la borrasca \u2018Kristin\u2019 &#8211;  28 de enero de 2026<\/a><\/li>\n<li><a href=\"https:\/\/elpais.com\/espana\/2026-01-27\/la-guardia-civil-investiga-a-un-hombre-por-robar-571-pinos-pinoneros-en-valladolid-y-utilizarlos-para-hacer-biomasa.html#?rel=lom\">La Guardia Civil investiga a un hombre por robar 571 pinos pi\u00f1oneros en Valladolid y utilizarlos para hacer biomasa<\/a><\/li>\n<li><a href=\"https:\/\/elpais.com\/internacional\/2026-01-28\/el-primer-ministro-groenlandes-la-casa-blanca-no-tiene-ni-idea-de-lo-que-es-groenlandia.html#?rel=lom\">El primer ministro groenland\u00e9s: \u201cLa Casa Blanca no tiene ni idea de lo que es Groenlandia\u201d<\/a><\/li>\n<li><a href=\"https:\/\/elpais.com\/espana\/2026-01-27\/exmagistrados-del-supremo-garzon-o-carmena-cargan-contra-la-sentencia-a-garcia-ortiz-condena-la-presuncion-de-inocencia.html#?rel=lom\">Exmagistrados del Supremo, Garz\u00f3n o Carmena cargan contra la sentencia a Garc\u00eda Ortiz: \u201cCondena a la presunci\u00f3n de inocencia\u201d<\/a><\/li>\n<\/ol>\n<\/div>\n<\/aside>\n<\/div>\n<\/article>\n<article class=\"c  c--m-n   \" data-word=\"0\">\n<header class=\"c_h\"><time datetime=\"2026-01-29T10:49:57+01:00\" class=\"c_da\">10:49<\/time><\/p>\n<h2 class=\"c_t \"><a href=\"https:\/\/elpais.com\/economia\/2026-01-29\/ceoe-cataloga-como-intervencionista-y-trilera-la-propuesta-del-gobierno-para-compensar-el-alza-del-salario-minimo.html\">CEOE cataloga como \u201cintervencionista\u201d y \u201ctrilera\u201d la propuesta del Gobierno para compensar el alza del salario m\u00ednimo<\/a><\/h2>\n<\/header>\n<\/article>\n<article class=\"c  c--m-n   \" data-word=\"0\">\n<header class=\"c_h\"><time datetime=\"2026-01-29T10:39:23+01:00\" class=\"c_da\">10:39<\/time><\/p>\n<h2 class=\"c_t \"><a href=\"https:\/\/elpais.com\/espana\/2026-01-29\/vuela-el-tejado-de-la-parroquia-de-la-virgen-del-camino-de-cordoba-por-las-fuertes-rachas-de-viento.html\">Vuela el tejado de la parroquia de la Virgen del Camino de C\u00f3rdoba por las fuertes rachas de viento<\/a><\/h2>\n<\/header>\n<\/article>\n<article class=\"c  c--m-n   \" data-word=\"0\">\n<header class=\"c_h\"><time datetime=\"2026-01-29T10:32:17+01:00\" class=\"c_da\">10:32<\/time><\/p>\n<h2 class=\"c_t \"><a href=\"https:\/\/elpais.com\/cultura\/2026-01-29\/la-rapera-nicki-minaj-defiende-a-trump-en-plena-ola-de-brutalidad-policial-en-ee-uu-probablemente-sea-su-fan-numero-uno.html\">La rapera Nicki Minaj defiende a Trump en plena ola de brutalidad policial en EE UU: \u201cProbablemente, sea su fan n\u00famero uno\u201d<\/a><\/h2>\n<\/header>\n<\/article>\n<article class=\"c  c--m-n   \" data-word=\"0\">\n<header class=\"c_h\"><time datetime=\"2026-01-29T10:12:27+01:00\" class=\"c_da\">10:12<\/time><\/p>\n<h2 class=\"c_t \"><a href=\"https:\/\/elpais.com\/sociedad\/2026-01-29\/el-supremo-inadmite-el-recurso-del-padre-de-noelia-y-avala-su-eutanasia.html\">El Supremo inadmite el recurso del padre de Noelia y avala su eutanasia<\/a><\/h2>\n<\/header>\n<\/article>\n<p> Source URL: https:\/\/elpais.com\/deportes\/baloncesto\/2026-01-28\/la-euroliga-cambia-de-director-general-en-medio-del-conflicto-con-la-nba-por-el-control-del-baloncesto-europeo.html<\/p>\n","protected":false},"excerpt":{"rendered":"<p>Euroliga La Euroliga cambia de director general en medio del conflicto con la NBA por el control del baloncesto europeo El lituano Paulius Motiejunas dejar\u00e1 el cargo y el espa\u00f1ol Chus Bueno es uno de los dos candidatos finales a sustituirle Paulius Motiejunas, CEO de la Euroliga, durante una rueda de prensa en la Final [&hellip;]<\/p>\n","protected":false},"author":1,"featured_media":1529700,"comment_status":"open","ping_status":"","sticky":false,"template":"","format":"standard","meta":{"footnotes":""},"categories":[88],"tags":[92],"class_list":["post-1529699","post","type-post","status-publish","format-standard","has-post-thumbnail","hentry","category-spain","tag-elpais-com"],"_links":{"self":[{"href":"https:\/\/analyse.optim.biz\/index.php?rest_route=\/wp\/v2\/posts\/1529699","targetHints":{"allow":["GET"]}}],"collection":[{"href":"https:\/\/analyse.optim.biz\/index.php?rest_route=\/wp\/v2\/posts"}],"about":[{"href":"https:\/\/analyse.optim.biz\/index.php?rest_route=\/wp\/v2\/types\/post"}],"author":[{"embeddable":true,"href":"https:\/\/analyse.optim.biz\/index.php?rest_route=\/wp\/v2\/users\/1"}],"replies":[{"embeddable":true,"href":"https:\/\/analyse.optim.biz\/index.php?rest_route=%2Fwp%2Fv2%2Fcomments&post=1529699"}],"version-history":[{"count":0,"href":"https:\/\/analyse.optim.biz\/index.php?rest_route=\/wp\/v2\/posts\/1529699\/revisions"}],"wp:featuredmedia":[{"embeddable":true,"href":"https:\/\/analyse.optim.biz\/index.php?rest_route=\/wp\/v2\/media\/1529700"}],"wp:attachment":[{"href":"https:\/\/analyse.optim.biz\/index.php?rest_route=%2Fwp%2Fv2%2Fmedia&parent=1529699"}],"wp:term":[{"taxonomy":"category","embeddable":true,"href":"https:\/\/analyse.optim.biz\/index.php?rest_route=%2Fwp%2Fv2%2Fcategories&post=1529699"},{"taxonomy":"post_tag","embeddable":true,"href":"https:\/\/analyse.optim.biz\/index.php?rest_route=%2Fwp%2Fv2%2Ftags&post=1529699"}],"curies":[{"name":"wp","href":"https:\/\/api.w.org\/{rel}","templated":true}]}}