{"id":152967,"date":"2016-12-21T12:03:41","date_gmt":"2016-12-21T09:03:41","guid":{"rendered":"https:\/\/analyse.optim.biz\/?p=152967"},"modified":"2016-12-21T12:03:41","modified_gmt":"2016-12-21T09:03:41","slug":"dragnea-voi-fi-responsabilul-politic-nu-am-putut-sa-cer-functia-pentru-mine-deocamdata","status":"publish","type":"post","link":"https:\/\/analyse.optim.biz\/?p=152967","title":{"rendered":"Dragnea: \u201eVoi fi responsabilul politic\u201d. Nu am putut &#8220;s\u0103 cer func\u0163ia pentru mine deocamdat\u0103&#8221;"},"content":{"rendered":"<div class=\"entry data-app-meta data-app-meta-article\" data-embed-base-url-canonical=\"https:\/\/www.digi24.ro\/embed\/stiri\/actualitate\/politica\/dragnea-eu-voi-fi-responsabilul-politic-636373\">\n<p data-index=\"1\"><strong>Dup\u0103 nominalizarea lui <a href=\"https:\/\/www.digi24.ro\/stiri\/actualitate\/politica\/cine-este-sevil-shhaideh-propunerea-de-prim-ministru-636309\" target=\"_blank\" data-skip-linkfix=\"1\" rel=\"noopener\">Sevil Shhaideh<\/a> pentru func\u021bia de premier, pre\u0219edintele PSD, Liviu Dragnea, a explicat c\u0103 el va purta r\u0103spunderea politic\u0103 pentru modul \u00een care \u021bara va fi guvernat\u0103. Totodat\u0103, liderul social-democrat a l\u0103sat a se \u00een\u021belege c\u0103 varianta Sevil Shhaideh este temporar\u0103 \u0219i a fost aleas\u0103 deoarece, din cauza unei \u201econdamn\u0103ri nedrepte\u201d \u0219i a unei \u201elegi neconstitu\u021bionale\u201d, el nu \u00ee\u0219i poate asuma \u201edeocamdat\u0103\u201d func\u021bia de premier.<\/strong><\/p>\n<p data-index=\"2\"><img loading=\"lazy\" decoding=\"async\" class=\"alignnone size-full wp-image-631582\" src=\"https:\/\/analyse.optim.biz\/wp-content\/uploads\/2024\/09\/mczoyxnopthhmmy1njaznzq1mjbinzljotyym2vkn2y0mwu5mta5-thumb_.jpg\" alt=\"DRAGNEA_COTROCENI_agerpres\" width=\"1024\" height=\"682\" data-skip-htmlfix=\"1\" title=\"mczoyxnopthhmmy1njaznzq1mjbinzljotyym2vkn2y0mwu5mta5-thumb_\"><\/p>\n<p data-index=\"3\">Pre\u0219edintele PSD a precizat c\u0103, chiar dac\u0103 premier va fi desemnat Sevil Shhaideh, propunerea coali\u021biei PSD-ALDE, responsabilitatea politic\u0103 \u00eei va reveni lui. \u201e<strong>Eu voi fi responsabilul politic. (&#8230;) Este o \u00eenc\u0103rc\u0103tur\u0103 politic\u0103 pe care eu nu am de g\u00e2nd s\u0103 o cedez (&#8230;) Crede\u021bi c\u0103 eu trebuie s\u0103 fac parte din vreo comisie ca s\u0103 pot s\u0103 gestionez ce se \u00eent\u00e2mpl\u0103 \u00een Parlament \u0219i \u00een Guvern?<\/strong>\u201d, a declarat Liviu Dragnea.<\/p>\n<p data-index=\"4\">\u0218eful social-democra\u021bilor a ar\u0103tat \u0219i c\u0103 ar fi avut \u201e<strong>dreptul legitim<\/strong>\u201d s\u0103 fie propunerea PSD pentru func\u021bia de premier, dar c\u0103 \u00een luarea unei decizii a \u021binut cont at\u00e2t de legile \u00een vigoare, c\u00e2t \u0219i de afirma\u021biile pre\u0219edintelui Klaus Iohannis privind criteriile de integritate pe care trebuie s\u0103 le respecte viitorul prim-ministru. \u201e<strong>Nu vreau ca vreun mandat pe care l-a\u015f fi putut \u00eencepe eu s\u0103 fie prin for\u0163area unei condamn\u0103ri nedrepte \u015fi a unei legi profund neconstitu\u0163ionale, care nu mi-au dat posibilitatea s\u0103 cer aceast\u0103 func\u0163ie pentru mine deocamdat\u0103<\/strong>\u201d, a precizat Liviu Dragnea.<\/p>\n<p data-index=\"5\">Liderul social-democrat a precizat c\u0103 premierul nominalizat de PSD-ALDE este membru al PSD din iulie 2015 \u0219i c\u0103 are preg\u0103tirea \u0219i autoritatea necesare. \u201eSevil are o autoritate foarte mare, c\u00e2teodat\u0103 chiar prea mare\u201d, a ad\u0103ugat Dragnea.<\/p>\n<p data-index=\"6\">C\u00e2t despre ceilal\u021bi membri ai Guvernului afla\u021bi pe lista PSD-ALDE, pre\u0219edintele social-democrat a precizat c\u0103 \u201enu va fi un Guvern de vedete\u201d. \u201e<strong>Va fi un Guvern de oameni care merg la treab\u0103, s\u0103 munceasc\u0103 pt rom\u00e2ni<\/strong>\u201d, a declarat Dragnea.<\/p>\n<\/div>\n<p> Source URL: https:\/\/www.digi24.ro\/stiri\/actualitate\/politica\/dragnea-eu-voi-fi-responsabilul-politic-636373<\/p>\n","protected":false},"excerpt":{"rendered":"<p>Dup\u0103 nominalizarea lui Sevil Shhaideh pentru func\u021bia de premier, pre\u0219edintele PSD, Liviu Dragnea, a explicat c\u0103 el va purta r\u0103spunderea politic\u0103 pentru modul \u00een care \u021bara va fi guvernat\u0103. Totodat\u0103, liderul social-democrat a l\u0103sat a se \u00een\u021belege c\u0103 varianta Sevil Shhaideh este temporar\u0103 \u0219i a fost aleas\u0103 deoarece, din cauza unei \u201econdamn\u0103ri nedrepte\u201d \u0219i a [&hellip;]<\/p>\n","protected":false},"author":1,"featured_media":152968,"comment_status":"open","ping_status":"","sticky":false,"template":"","format":"standard","meta":{"footnotes":""},"categories":[2],"tags":[11],"class_list":["post-152967","post","type-post","status-publish","format-standard","has-post-thumbnail","hentry","category-politics","tag-digi24"],"_links":{"self":[{"href":"https:\/\/analyse.optim.biz\/index.php?rest_route=\/wp\/v2\/posts\/152967","targetHints":{"allow":["GET"]}}],"collection":[{"href":"https:\/\/analyse.optim.biz\/index.php?rest_route=\/wp\/v2\/posts"}],"about":[{"href":"https:\/\/analyse.optim.biz\/index.php?rest_route=\/wp\/v2\/types\/post"}],"author":[{"embeddable":true,"href":"https:\/\/analyse.optim.biz\/index.php?rest_route=\/wp\/v2\/users\/1"}],"replies":[{"embeddable":true,"href":"https:\/\/analyse.optim.biz\/index.php?rest_route=%2Fwp%2Fv2%2Fcomments&post=152967"}],"version-history":[{"count":0,"href":"https:\/\/analyse.optim.biz\/index.php?rest_route=\/wp\/v2\/posts\/152967\/revisions"}],"wp:featuredmedia":[{"embeddable":true,"href":"https:\/\/analyse.optim.biz\/index.php?rest_route=\/wp\/v2\/media\/152968"}],"wp:attachment":[{"href":"https:\/\/analyse.optim.biz\/index.php?rest_route=%2Fwp%2Fv2%2Fmedia&parent=152967"}],"wp:term":[{"taxonomy":"category","embeddable":true,"href":"https:\/\/analyse.optim.biz\/index.php?rest_route=%2Fwp%2Fv2%2Fcategories&post=152967"},{"taxonomy":"post_tag","embeddable":true,"href":"https:\/\/analyse.optim.biz\/index.php?rest_route=%2Fwp%2Fv2%2Ftags&post=152967"}],"curies":[{"name":"wp","href":"https:\/\/api.w.org\/{rel}","templated":true}]}}