{"id":152964,"date":"2016-12-21T12:21:48","date_gmt":"2016-12-21T09:21:48","guid":{"rendered":"https:\/\/analyse.optim.biz\/?p=152964"},"modified":"2016-12-21T12:21:48","modified_gmt":"2016-12-21T09:21:48","slug":"avertismentul-lui-dragnea-vom-actiona-in-consecinta","status":"publish","type":"post","link":"https:\/\/analyse.optim.biz\/?p=152964","title":{"rendered":"Avertismentul lui Dragnea: \u201eVom ac\u021biona \u00een consecin\u021b\u0103!\u201d"},"content":{"rendered":"<div class=\"entry data-app-meta data-app-meta-article\" data-embed-base-url-canonical=\"https:\/\/www.digi24.ro\/embed\/stiri\/actualitate\/politica\/avertismentul-lui-dragnea-vom-actiona-in-consecinta-636394\">\n<p data-index=\"1\"><strong>Dac\u0103 pre\u0219edintele Klaus Iohannis refuz\u0103 s\u0103 o desemneze premier pe <a href=\"https:\/\/www.digi24.ro\/stiri\/actualitate\/politica\/cine-este-sevil-shhaideh-propunerea-de-prim-ministru-636309\" target=\"_blank\" data-skip-linkfix=\"1\" rel=\"noopener\">Sevil Shhaideh<\/a>, propunerea coali\u021biei PSD-ALDE, social-democra\u021bii nu vor veni cu o alt\u0103 propunere, dar vor \u201eac\u021biona \u00een consecin\u021b\u0103\u201d.<\/strong><\/p>\n<p data-index=\"2\"><img loading=\"lazy\" decoding=\"async\" class=\"alignnone size-full wp-image-610016\" src=\"https:\/\/analyse.optim.biz\/wp-content\/uploads\/2024\/09\/mdamagfzad01nzm5njq2odhhzmy5mwi1nwqwmwm4odrjy2yzmzc3na-thumb_.jpg\" alt=\"iohannis dragnea - presidency\" width=\"900\" height=\"601\" data-skip-htmlfix=\"1\" title=\"mdamagfzad01nzm5njq2odhhzmy5mwi1nwqwmwm4odrjy2yzmzc3na-thumb_\"><\/p>\n<p data-index=\"3\">Liderul PSD, Liviu Dragnea, a precizat, dup\u0103 ie\u0219irea de la consult\u0103rile de la Cotroceni \u0219i dup\u0103 anun\u021barea lui Sevil Shhaideh drept propunerea de premier a coali\u021biei PSD-ALDE, c\u0103 aceasta va fi singura nominalizare f\u0103cut\u0103. \u201e<strong>Eu plec de la prezum\u021bia de bun\u0103-credin\u021b\u0103 a pre\u0219edintelui. Nu cred c\u0103 pre\u0219edintele va ac\u021biona \u00eempotriva unui vot popular clar \u0219i a unei majorit\u0103\u021bi care ast\u0103zi sau m\u00e2ine s-ar putea s\u0103 se m\u0103reasc\u0103. Tot ce am spus \u00een aceast\u0103 campanie va fi respectat. Dac\u0103 aceast\u0103 propunere va fi refuzat\u0103, neexist\u00e2nd niciun motiv constitu\u021bional sau din punct de vedere al drepturilor fundamentale s\u0103 fie refuzat\u0103, atunci vom \u00een\u021belege c\u0103 nu se dore\u0219te ca cei care au c\u00e2\u0219tigat alegerile \u0219i au majoritate s\u0103 fac\u0103 Guvernul, deci nu are rost s\u0103 venim cu o a doua propunere<\/strong>\u201d, a declarat Dragnea.<\/p>\n<p data-index=\"4\">Pre\u0219edintele PSD a lansat \u0219i un avertisment pentru \u0219eful statului: \u201e<strong>Dac\u0103 demersul nostru, legitimitatea noastr\u0103 nu vor fi respectate, atunci vom ac\u021biona \u00een consecin\u021b\u0103 (&#8230;) Am venit cu o singur\u0103 propunere, dac\u0103 va fi refuzat\u0103, ne vedem \u00een alt\u0103 parte<\/strong>\u201d.<\/p>\n<p data-index=\"5\">Scenariul unei \u00eencerc\u0103ri de suspendare a pre\u0219edintelui Klaus Iohannis \u00een cazul \u00een care refuz\u0103 propunerea PSD-ALDE a mai fost vehiculat \u0219i de al\u021bi social-democra\u021bi. \u201ePre\u0219edintele trebuie s\u0103 respecte voin\u021ba poporului. \u0218i la procentele pe care le avem \u0219i la redistribuirea de care vom beneficia, credem c\u0103 suntem \u00eendrept\u0103\u021bi\u021bi s\u0103 solicit\u0103m foarte clar: premierul la PSD\u201d, declara, imediat dup\u0103 alegeri, liderul PSD Alba, Ioan D\u00eerzu.<\/p>\n<\/div>\n<p> Source URL: https:\/\/www.digi24.ro\/stiri\/actualitate\/politica\/avertismentul-lui-dragnea-vom-actiona-in-consecinta-636394<\/p>\n","protected":false},"excerpt":{"rendered":"<p>Dac\u0103 pre\u0219edintele Klaus Iohannis refuz\u0103 s\u0103 o desemneze premier pe Sevil Shhaideh, propunerea coali\u021biei PSD-ALDE, social-democra\u021bii nu vor veni cu o alt\u0103 propunere, dar vor \u201eac\u021biona \u00een consecin\u021b\u0103\u201d. Liderul PSD, Liviu Dragnea, a precizat, dup\u0103 ie\u0219irea de la consult\u0103rile de la Cotroceni \u0219i dup\u0103 anun\u021barea lui Sevil Shhaideh drept propunerea de premier a coali\u021biei PSD-ALDE, [&hellip;]<\/p>\n","protected":false},"author":1,"featured_media":152965,"comment_status":"open","ping_status":"","sticky":false,"template":"","format":"standard","meta":{"footnotes":""},"categories":[2],"tags":[11],"class_list":["post-152964","post","type-post","status-publish","format-standard","has-post-thumbnail","hentry","category-politics","tag-digi24"],"_links":{"self":[{"href":"https:\/\/analyse.optim.biz\/index.php?rest_route=\/wp\/v2\/posts\/152964","targetHints":{"allow":["GET"]}}],"collection":[{"href":"https:\/\/analyse.optim.biz\/index.php?rest_route=\/wp\/v2\/posts"}],"about":[{"href":"https:\/\/analyse.optim.biz\/index.php?rest_route=\/wp\/v2\/types\/post"}],"author":[{"embeddable":true,"href":"https:\/\/analyse.optim.biz\/index.php?rest_route=\/wp\/v2\/users\/1"}],"replies":[{"embeddable":true,"href":"https:\/\/analyse.optim.biz\/index.php?rest_route=%2Fwp%2Fv2%2Fcomments&post=152964"}],"version-history":[{"count":0,"href":"https:\/\/analyse.optim.biz\/index.php?rest_route=\/wp\/v2\/posts\/152964\/revisions"}],"wp:featuredmedia":[{"embeddable":true,"href":"https:\/\/analyse.optim.biz\/index.php?rest_route=\/wp\/v2\/media\/152965"}],"wp:attachment":[{"href":"https:\/\/analyse.optim.biz\/index.php?rest_route=%2Fwp%2Fv2%2Fmedia&parent=152964"}],"wp:term":[{"taxonomy":"category","embeddable":true,"href":"https:\/\/analyse.optim.biz\/index.php?rest_route=%2Fwp%2Fv2%2Fcategories&post=152964"},{"taxonomy":"post_tag","embeddable":true,"href":"https:\/\/analyse.optim.biz\/index.php?rest_route=%2Fwp%2Fv2%2Ftags&post=152964"}],"curies":[{"name":"wp","href":"https:\/\/api.w.org\/{rel}","templated":true}]}}