{"id":152961,"date":"2016-12-21T12:30:18","date_gmt":"2016-12-21T09:30:18","guid":{"rendered":"https:\/\/analyse.optim.biz\/?p=152961"},"modified":"2016-12-21T12:30:18","modified_gmt":"2016-12-21T09:30:18","slug":"ghinea-nu-vom-vota-impotriva-pentru-ca-o-cheama-sevil","status":"publish","type":"post","link":"https:\/\/analyse.optim.biz\/?p=152961","title":{"rendered":"Ghinea: Nu vom vota \u00eempotriv\u0103 pentru c\u0103 o cheam\u0103 Sevil"},"content":{"rendered":"<div class=\"entry data-app-meta data-app-meta-article\" data-embed-base-url-canonical=\"https:\/\/www.digi24.ro\/embed\/stiri\/actualitate\/politica\/ghinea-vot-usr-sevil-shhaideh-636417\">\n<p data-index=\"1\"><strong>USR va vota \u00een Parlament \u00eempotriva lui <a href=\"https:\/\/www.digi24.ro\/stiri\/actualitate\/politica\/cine-este-sevil-shhaideh-propunerea-de-prim-ministru-636309\" target=\"_blank\" data-skip-linkfix=\"1\" rel=\"noopener\">Sevil Shhaideh<\/a> (52 de ani) pentru func\u021bia de prim-ministru al Rom\u00e2niei, a anun\u021bat Cristian Ghinea, deputat USR.<\/strong><\/p>\n<p data-index=\"2\"><img loading=\"lazy\" decoding=\"async\" class=\"alignnone size-full wp-image-636418\" src=\"https:\/\/analyse.optim.biz\/wp-content\/uploads\/2024\/09\/yxnoptnhymiyogq2mwrinmiymduzzwy3zdzkzgq3y2jjyziz-thumb_.jpg\" alt=\"15675694_1215060715253212_3319804526753670568_o\" width=\"1288\" height=\"966\" data-skip-htmlfix=\"1\" title=\"yxnoptnhymiyogq2mwrinmiymduzzwy3zdzkzgq3y2jjyziz-thumb_\"><\/p>\n<p>\u201eE amuzant c\u0103 partidul care se isteriza c\u0103 ne cheam\u0103 Clotilde, Cosette sau Julien nume\u0219te pe Sevil. USR salut\u0103 diversitatea. Nu numele este motivul pentru care vom vota contra \u00eenvestirii\u201d, a anun\u021bat Cristian Ghinea, fost ministru \u00een Guvernul Ciolo\u0219 \u0219i actual deputat din partea USR.<\/p>\n<p data-index=\"3\"><span lang=\"ro-RO\">PSD \u015fi ALDE au propus-o pe Sevil Shhaideh pentru func\u021bia de prim-ministru al Rom\u00e2niei, dup\u0103\u00a0consult\u0103rile, de ast\u0103zi, de la Palatul Cotroceni.<\/span><\/p>\n<p data-index=\"4\">Sevil Shaaideh a fost numit\u0103 mai 2015 ministru al Dezvolt\u0103rii, \u00een guvernul Ponta.\u00a0Ea a lucrat\u00a0aproape dou\u0103 decenii la Consiliul Jude\u0163ean Constan\u0163a.<\/p>\n<p data-index=\"5\">Dup\u0103 2004, s-a apropiat at\u00e2t de Nicu\u015for Constantinescu, c\u00e2t \u015fi de Liviu Dragnea. \u00cen 2012, a fost numit\u0103 secretar de stat.<\/p>\n<p data-index=\"6\">Sevil Shhaideh\u00a0s-a angajat la Consiliul Jude\u0163ean Constan\u0163a \u00een 1993. A fost,\u00a0p\u00e2n\u0103 \u00een 2007, directorul departamentului de Sisteme Informatice din cadrul institu\u0163iei.<\/p>\n<p data-index=\"7\">Apoi,\u00a0\u00eentre 2007-2012, a ocupat func\u0163ia de \u015fef al Direc\u0163iei Generale de Proiecte. \u00cen aceea\u015fi perioad\u0103, a fost \u015fi coordonator al Uniunii Na\u0163ionale a Consiliilor Jude\u0163ene din Rom\u00e2nia. Din aceast\u0103 calitate a \u00eenceput colaborarea cu Liviu Dragnea.<\/p>\n<p data-index=\"8\">Din 2012, dup\u0103 c\u0103derea guvernului Mihai R\u0103zvan Ungureanu, Sevil Shhaideh s-a mutat la Ministerul Dezvolt\u0103rii.<\/p>\n<p data-index=\"9\">Sevil Shhaideh este de origin\u0103 turc\u0103\u00a0\u0219i se afl\u0103 la a doua c\u0103s\u0103torie. Dup\u0103 ce a fost c\u0103s\u0103torit\u0103 cu un medic din Constan\u021ba, ea s-a m\u0103ritat acum cu un inginer sirian, care a lucrat o perioad\u0103 la Regia de Drumuri \u0219i Poduri Constan\u021ba. A fost \u201ecununat\u0103\u201d de Nicu\u0219or Constantinescu \u0219i Liviu Dragnea. Pentru c\u0103 este musulman\u0103, cei doi au fost martori.<\/p>\n<\/div>\n<p> Source URL: https:\/\/www.digi24.ro\/stiri\/actualitate\/politica\/ghinea-vot-usr-sevil-shhaideh-636417<\/p>\n","protected":false},"excerpt":{"rendered":"<p>USR va vota \u00een Parlament \u00eempotriva lui Sevil Shhaideh (52 de ani) pentru func\u021bia de prim-ministru al Rom\u00e2niei, a anun\u021bat Cristian Ghinea, deputat USR. \u201eE amuzant c\u0103 partidul care se isteriza c\u0103 ne cheam\u0103 Clotilde, Cosette sau Julien nume\u0219te pe Sevil. USR salut\u0103 diversitatea. Nu numele este motivul pentru care vom vota contra \u00eenvestirii\u201d, a [&hellip;]<\/p>\n","protected":false},"author":1,"featured_media":152962,"comment_status":"open","ping_status":"","sticky":false,"template":"","format":"standard","meta":{"footnotes":""},"categories":[2],"tags":[11],"class_list":["post-152961","post","type-post","status-publish","format-standard","has-post-thumbnail","hentry","category-politics","tag-digi24"],"_links":{"self":[{"href":"https:\/\/analyse.optim.biz\/index.php?rest_route=\/wp\/v2\/posts\/152961","targetHints":{"allow":["GET"]}}],"collection":[{"href":"https:\/\/analyse.optim.biz\/index.php?rest_route=\/wp\/v2\/posts"}],"about":[{"href":"https:\/\/analyse.optim.biz\/index.php?rest_route=\/wp\/v2\/types\/post"}],"author":[{"embeddable":true,"href":"https:\/\/analyse.optim.biz\/index.php?rest_route=\/wp\/v2\/users\/1"}],"replies":[{"embeddable":true,"href":"https:\/\/analyse.optim.biz\/index.php?rest_route=%2Fwp%2Fv2%2Fcomments&post=152961"}],"version-history":[{"count":0,"href":"https:\/\/analyse.optim.biz\/index.php?rest_route=\/wp\/v2\/posts\/152961\/revisions"}],"wp:featuredmedia":[{"embeddable":true,"href":"https:\/\/analyse.optim.biz\/index.php?rest_route=\/wp\/v2\/media\/152962"}],"wp:attachment":[{"href":"https:\/\/analyse.optim.biz\/index.php?rest_route=%2Fwp%2Fv2%2Fmedia&parent=152961"}],"wp:term":[{"taxonomy":"category","embeddable":true,"href":"https:\/\/analyse.optim.biz\/index.php?rest_route=%2Fwp%2Fv2%2Fcategories&post=152961"},{"taxonomy":"post_tag","embeddable":true,"href":"https:\/\/analyse.optim.biz\/index.php?rest_route=%2Fwp%2Fv2%2Ftags&post=152961"}],"curies":[{"name":"wp","href":"https:\/\/api.w.org\/{rel}","templated":true}]}}