{"id":1529521,"date":"2026-01-28T23:13:09","date_gmt":"2026-01-28T20:13:09","guid":{"rendered":"https:\/\/analyse.optim.biz\/?p=1529521"},"modified":"2026-01-28T23:13:09","modified_gmt":"2026-01-28T20:13:09","slug":"hansi-flick-sobre-la-clasificacion-del-barcelona-entre-los-ocho-primeros-es-muy-importante-alcanzar-este-nivel","status":"publish","type":"post","link":"https:\/\/analyse.optim.biz\/?p=1529521","title":{"rendered":"Hansi Flick, sobre la clasificaci\u00f3n del Barcelona entre los ocho primeros: \u201cEs muy importante alcanzar este nivel\u201d"},"content":{"rendered":"<article id=\"main-content\" class=\"a _g _g-lg _g-o\">\n<header class=\"a_e _g _g-xs\">\n<div class=\"a_e_txt _df\">\n<div class=\"a_k _df\"><a class=\"a_k_n\" href=\"https:\/\/elpais.com\/noticias\/champions-league\/\">champions league<\/a><\/div>\n<h1 class=\"a_t\">Hansi Flick, sobre la clasificaci\u00f3n del Barcelona entre los ocho primeros: \u201cEs muy importante alcanzar este nivel\u201d<\/h1>\n<p class=\"a_st\">El equipo azulgrana, el Bayern y el Sporting acompa\u00f1an a cinco equipos ingleses y evitan los \u2018play-off\u2019<\/p>\n<\/div>\n<div class=\"a_e_m\">\n<figure class=\"a_m a_m-h \"><span class=\"a_m_w _db\"><img fetchpriority=\"high\" decoding=\"async\" alt=\"Barcelona\" class=\"_re  a_m-h\" height=\"276\" width=\"414\" src=\"https:\/\/analyse.optim.biz\/wp-content\/uploads\/2026\/01\/ktckwljie5kxrodgkjomkt7ylq-1.jpg\" loading=\"eager\" title=\"ktckwljie5kxrodgkjomkt7ylq-1\"><\/span><figcaption class=\"a_m_p\" aria-hidden=\"true\"><span>Rashford y Lewandowski celebran el cuarto gol del Barcelona.<\/span><span class=\"a_m_m\">Petr David Josek (AP)<\/span><\/figcaption><\/figure>\n<\/div>\n<\/header>\n<div class=\"a_md _g _g-xs \">\n<figure class=\"a_md_i a_m-h c_m--nf\"><span class=\"a_m_w _db\"><img decoding=\"async\" alt=\"Juan I. Irigoyen\" class=\"_re lazyload a_m-h\" height=\"100\" width=\"100\" src=\"https:\/\/analyse.optim.biz\/wp-content\/uploads\/2026\/01\/https3a2f2fs3-amazonaws-com2farc-authors2fprisa2fe0058255-d733-40ad-a732-6f23189b2d61-2.jpg\" loading=\"lazy\" title=\"https3a2f2fs3-amazonaws-com2farc-authors2fprisa2fe0058255-d733-40ad-a732-6f23189b2d61-2\"><\/span><\/figure>\n<div class=\"a_md_txt\">\n<div class=\"a_md_a\" data-dtm-region=\"articulo_firma\"><a href=\"https:\/\/elpais.com\/autor\/juan-ignacio-irigoyen\/#?rel=author_top\" title=\"Ver todas las noticias de Juan I. Irigoyen\" class=\"a_md_a_n\">Juan I. Irigoyen<\/a><\/div>\n<div class=\"a_md_f\"><span>Barcelona &#8211; <a href=\"https:\/\/elpais.com\/hemeroteca\/2026-01-28\/\" data-date=\"2026-01-29T00:13:09+01:00\"><time data-date=\"2026-01-29T00:13:09+01:00\" datetime=\"2026-01-29T00:13:09+01:00\" id=\"article_date_p\">29 ene 2026 &#8211; 00:13<abbr title=\"Central European Time\">CET<\/abbr><\/time><\/a><\/span><\/div>\n<div class=\"w_rs\" data-dtm-region=\"articulo_botonera-social\">\n<div class=\"w_rs_i\"><a class=\"_btn hidden\" href=\"\/\/send?text=Hansi%20Flick%2C%20sobre%20la%20clasificaci%C3%B3n%20del%20Barcelona%20entre%20los%20ocho%20primeros%3A%20%E2%80%9CEs%20muy%20importante%20alcanzar%20este%20nivel%E2%80%9D%0D%0A%0D%0Ahttps%3A%2F%2Felpais.com%2Fdeportes%2Ffutbol%2F2026-01-28%2Fhansi-flick-sobre-la-clasificacion-del-barcelona-entre-los-ocho-primeros-es-muy-importante-alcanzar-este-nivel.html%3Fssm=whatsapp_CC\" data-action=\"share\/whatsapp\/share\" data-param-description=\"Hansi Flick, sobre la clasificaci\u00f3n del Barcelona entre los ocho primeros: \u201cEs muy importante alcanzar este nivel\u201d\" data-param-href=\"https:\/\/elpais.com\/deportes\/futbol\/2026-01-28\/hansi-flick-sobre-la-clasificacion-del-barcelona-entre-los-ocho-primeros-es-muy-importante-alcanzar-este-nivel.html\" data-param-text=\"Hansi Flick, sobre la clasificaci\u00f3n del Barcelona entre los ocho primeros: \u201cEs muy importante alcanzar este nivel\u201d https:\/\/elpais.com\/deportes\/futbol\/2026-01-28\/hansi-flick-sobre-la-clasificacion-del-barcelona-entre-los-ocho-primeros-es-muy-importante-alcanzar-este-nivel.html\" data-param-url=\"https:\/\/elpais.com\/deportes\/futbol\/2026-01-28\/hansi-flick-sobre-la-clasificacion-del-barcelona-entre-los-ocho-primeros-es-muy-importante-alcanzar-este-nivel.html\" target=\"_blank\" rel=\"noopener noreferrer\" data-share-track-dtm=\"whatsapp\" id=\"btn_share_whatsapp_687\"><span class=\"_sr\">Compartir en Whatsapp<\/span><\/a><\/div>\n<div class=\"w_rs_i\"><a class=\"_btn \" href=\"https:\/\/www.facebook.com\/dialog\/share?display=popup&amp;app_id=94039431626&amp;href=https%3A%2F%2Felpais.com%2Fdeportes%2Ffutbol%2F2026-01-28%2Fhansi-flick-sobre-la-clasificacion-del-barcelona-entre-los-ocho-primeros-es-muy-importante-alcanzar-este-nivel.html%3Fssm=FB_CC&amp;quote=Hansi%20Flick%2C%20sobre%20la%20clasificaci%C3%B3n%20del%20Barcelona%20entre%20los%20ocho%20primeros%3A%20%E2%80%9CEs%20muy%20importante%20alcanzar%20este%20nivel%E2%80%9D\" data-param-app_id=\"94039431626\" data-param-description=\"Hansi Flick, sobre la clasificaci\u00f3n del Barcelona entre los ocho primeros: \u201cEs muy importante alcanzar este nivel\u201d\" data-param-href=\"https:\/\/elpais.com\/deportes\/futbol\/2026-01-28\/hansi-flick-sobre-la-clasificacion-del-barcelona-entre-los-ocho-primeros-es-muy-importante-alcanzar-este-nivel.html\" data-param-text=\"Hansi Flick, sobre la clasificaci\u00f3n del Barcelona entre los ocho primeros: \u201cEs muy importante alcanzar este nivel\u201d\" data-param-url=\"https:\/\/elpais.com\/deportes\/futbol\/2026-01-28\/hansi-flick-sobre-la-clasificacion-del-barcelona-entre-los-ocho-primeros-es-muy-importante-alcanzar-este-nivel.html\" target=\"_blank\" rel=\"noopener noreferrer\" data-share-track-dtm=\"facebook\" id=\"btn_share_facebook_687\"><span class=\"_sr\">Compartir en Facebook<\/span><\/a><\/div>\n<div class=\"w_rs_i\"><a class=\"_btn \" href=\"https:\/\/twitter.com\/intent\/tweet?url=https%3A%2F%2Felpais.com%2Fdeportes%2Ffutbol%2F2026-01-28%2Fhansi-flick-sobre-la-clasificacion-del-barcelona-entre-los-ocho-primeros-es-muy-importante-alcanzar-este-nivel.html%3Fssm=TW_CC&amp;text=Hansi%20Flick%2C%20sobre%20la%20clasificaci%C3%B3n%20del%20Barcelona%20entre%20los%20ocho%20primeros%3A%20%E2%80%9CEs%20muy%20importante%20alcanzar%20este%20nivel%E2%80%9D&amp;via=el_pais&amp;lang=es\" data-param-description=\"Hansi Flick, sobre la clasificaci\u00f3n del Barcelona entre los ocho primeros: \u201cEs muy importante alcanzar este nivel\u201d\" data-param-href=\"https:\/\/elpais.com\/deportes\/futbol\/2026-01-28\/hansi-flick-sobre-la-clasificacion-del-barcelona-entre-los-ocho-primeros-es-muy-importante-alcanzar-este-nivel.html\" data-param-text=\"Hansi Flick, sobre la clasificaci\u00f3n del Barcelona entre los ocho primeros: \u201cEs muy importante alcanzar este nivel\u201d via @el_pais\" data-param-url=\"https:\/\/elpais.com\/deportes\/futbol\/2026-01-28\/hansi-flick-sobre-la-clasificacion-del-barcelona-entre-los-ocho-primeros-es-muy-importante-alcanzar-este-nivel.html\" target=\"_blank\" rel=\"noopener noreferrer\" data-share-track-dtm=\"twitter\" id=\"btn_share_twitter_687\"><span class=\"_sr\">Compartir en Twitter<\/span><\/a><\/div>\n<div class=\"w_rs_i\"><a class=\"_btn \" href=\"https:\/\/bsky.app\/intent\/compose?text=https%3A%2F%2Felpais.com%2Fdeportes%2Ffutbol%2F2026-01-28%2Fhansi-flick-sobre-la-clasificacion-del-barcelona-entre-los-ocho-primeros-es-muy-importante-alcanzar-este-nivel.html%3Fssm=bsky_CC\" data-param-description=\"Hansi Flick, sobre la clasificaci\u00f3n del Barcelona entre los ocho primeros: \u201cEs muy importante alcanzar este nivel\u201d\" data-param-href=\"https:\/\/elpais.com\/deportes\/futbol\/2026-01-28\/hansi-flick-sobre-la-clasificacion-del-barcelona-entre-los-ocho-primeros-es-muy-importante-alcanzar-este-nivel.html\" data-param-text=\"Hansi Flick, sobre la clasificaci\u00f3n del Barcelona entre los ocho primeros: \u201cEs muy importante alcanzar este nivel\u201d\" data-param-url=\"https:\/\/elpais.com\/deportes\/futbol\/2026-01-28\/hansi-flick-sobre-la-clasificacion-del-barcelona-entre-los-ocho-primeros-es-muy-importante-alcanzar-este-nivel.html\" target=\"_blank\" rel=\"noopener noreferrer\" data-share-track-dtm=\"bluesky\" id=\"btn_share_bluesky_687\"><span class=\"_sr\">Compartir en Bluesky<\/span><\/a><\/div>\n<div class=\"w_rs_i\"><a class=\"_btn \" href=\"https:\/\/www.linkedin.com\/sharing\/share-offsite\/?url=https%3A%2F%2Felpais.com%2Fdeportes%2Ffutbol%2F2026-01-28%2Fhansi-flick-sobre-la-clasificacion-del-barcelona-entre-los-ocho-primeros-es-muy-importante-alcanzar-este-nivel.html%3Fssm=LK_CC\" data-param-description=\"Hansi Flick, sobre la clasificaci\u00f3n del Barcelona entre los ocho primeros: \u201cEs muy importante alcanzar este nivel\u201d\" data-param-href=\"https:\/\/elpais.com\/deportes\/futbol\/2026-01-28\/hansi-flick-sobre-la-clasificacion-del-barcelona-entre-los-ocho-primeros-es-muy-importante-alcanzar-este-nivel.html\" data-param-text=\"Hansi Flick, sobre la clasificaci\u00f3n del Barcelona entre los ocho primeros: \u201cEs muy importante alcanzar este nivel\u201d\" data-param-url=\"https:\/\/elpais.com\/deportes\/futbol\/2026-01-28\/hansi-flick-sobre-la-clasificacion-del-barcelona-entre-los-ocho-primeros-es-muy-importante-alcanzar-este-nivel.html\" target=\"_blank\" rel=\"noopener noreferrer\" data-share-track-dtm=\"linkedin\" id=\"btn_share_linkedin_687\"><span class=\"_sr\">Compartir en Linkedin<\/span><\/a><\/div>\n<div class=\"w_rs_i\"><a class=\"_btn rs_l\" href=\"https:\/\/elpais.com\/deportes\/futbol\/2026-01-28\/hansi-flick-sobre-la-clasificacion-del-barcelona-entre-los-ocho-primeros-es-muy-importante-alcanzar-este-nivel.html#?prm=copy_link\" data-share-track-dtm=\"copiar_url\" id=\"btn_share_link_5\"><span class=\"_sr\">Copiar enlace<\/span><\/a><\/div>\n<div class=\"w_rs_i\"><a class=\"_btn rs_c\" href=\"https:\/\/elpais.com\/deportes\/futbol\/2026-01-28\/hansi-flick-sobre-la-clasificacion-del-barcelona-entre-los-ocho-primeros-es-muy-importante-alcanzar-este-nivel.html#comments_container\" aria-expanded=\"false\" aria-controls=\"me-c\" data-share-track-dtm=\"eskup\" id=\"btn_share_comments_5\"><span class=\"_sr\">Ir a los comentarios<\/span><\/a><\/div>\n<\/div>\n<\/div>\n<\/div>\n<div class=\"a_c clearfix\" data-dtm-region=\"articulo_cuerpo\">\n<p class><a href=\"https:\/\/elpais.com\/deportes\/futbol\/2026-01-07\/raphinha-enciende-la-mejor-version-del-barca.html\" target=\"_self\" rel title=\"https:\/\/elpais.com\/deportes\/futbol\/2026-01-07\/raphinha-enciende-la-mejor-version-del-barca.html\">Marc\u00f3 Raphinha,<\/a> m\u00e1ximo goleador azulgrana de la pasada Champions, hasta este mi\u00e9rcoles mudo de goles en el camino hacia la Orejona. Lamine Yamal se llev\u00f3 su primer MVP del a\u00f1o en la Liga de Campeones. Lewandowski alcanz\u00f3 un r\u00e9cord de Messi (le anot\u00f3 al menos un gol a 40 equipos distintos en Europa). Y hasta Rashford record\u00f3 al argentino: primer gol del Bar\u00e7a de falta directa en la m\u00e1xima competici\u00f3n europea desde que la Pulga firmara aquella hist\u00f3rica diana al Liverpool en la semifinal de 2019.<\/p>\n<div class=\"scr-hdr is-football\">\n<div class=\"ct\">\n<section data-state=\"SPORT_EVENT_STATE_FINISHED\" class=\"scr-hdr__scr is-postgame\">\n<div class=\"scr-hdr__team is-local\"><span class=\"scr-hdr__team__wr\"><img loading=\"lazy\" decoding=\"async\" title=\"Barcelona\" class=\"scr-hdr__team__logo\" src=\"https:\/\/analyse.optim.biz\/wp-content\/uploads\/2026\/01\/3-9.png\" width=\"70\" height=\"70\" data-error-image=\"https:\/\/static.prisa.com\/aside\/resizer\/resize\/img\/sports\/football\/teams\/default.png?width=160&amp;height=160\"><\/p>\n<div class=\"scr-hdr__team__name\"><span class=\"name-large\">Barcelona<\/span><abbr class=\"name-short\" title=\"Barcelona\">BCN<\/abbr><\/div>\n<p><\/span><span class=\"scr-hdr__score\">4<\/span><\/p>\n<div class=\"scr-hdr__scorers\"><span>Lewandowski 47&#8242;,<\/span><span>Lamine Yamal 59&#8242;,<\/span><span>Raphinha 68&#8242; (p),<\/span><span>Rashford 84&#8242;<\/span><\/div>\n<\/div>\n<div class=\"scr-hdr__team is-visitor\"><span class=\"scr-hdr__team__wr\"><img loading=\"lazy\" decoding=\"async\" title=\"Copenhague\" class=\"scr-hdr__team__logo\" src=\"https:\/\/analyse.optim.biz\/wp-content\/uploads\/2026\/01\/294-2.png\" width=\"70\" height=\"70\" data-error-image=\"https:\/\/static.prisa.com\/aside\/resizer\/resize\/img\/sports\/football\/teams\/default.png?width=160&amp;height=160\"><\/p>\n<div class=\"scr-hdr__team__name\"><span class=\"name-large\">Copenhague<\/span><abbr class=\"name-short\" title=\"Copenhague\">CPN<\/abbr><\/div>\n<p><\/span><span class=\"scr-hdr__score\">1<\/span><\/p>\n<div class=\"scr-hdr__scorers\"><span>Viktor Dadason 3&#8242;<\/span><\/div>\n<\/div>\n<div class=\"scr-hdr__info\">\n<div class=\"scr-hdr__status\"><span class=\"scr-hdr__status__txt\">Finalizado<\/span><\/div>\n<\/div>\n<\/section>\n<\/div>\n<\/div>\n<p class>Una noche diferente para el Barcelona de esta temporada en Europa. Y, al mismo tiempo, una noche calcada: volvi\u00f3 a encajar. No dej\u00f3 la porter\u00eda a cero en ninguno de los ocho partidos de la fase liga de la Champions.<\/p>\n<p class>El Barcelona, en cualquier caso, cumpli\u00f3 su objetivo: se clasific\u00f3 entre los ocho primeros de la fase liga y esquiv\u00f3 la ronda de dieciseisavos de final. Es decir, m\u00e1s descanso para pensar en la Liga y en la Copa del Rey. \u201cTodos hemos venido pensando en quedar entre los ocho primeros. Estoy muy contento con la victoria\u201d, <a href=\"https:\/\/elpais.com\/deportes\/futbol\/2026-01-11\/la-revancha-de-lamine-yamal.html\" target=\"_self\" rel title=\"https:\/\/elpais.com\/deportes\/futbol\/2026-01-11\/la-revancha-de-lamine-yamal.html\">destac\u00f3 Lamine Yamal.<\/a><\/p>\n<p class>En la misma l\u00ednea, Lewandowski asegur\u00f3: \u201cHemos ganado un partido importante, estamos entre los primeros ocho. Marcamos cuatro goles y no tenemos que jugar esa eliminatoria. Es bueno tener dos semanas limpias, sin partidos. Hay veces que volvemos tarde si jugamos fuera, jugamos cada tres d\u00edas&#8230; ahora podremos descansar un poco y estamos centrados en los dem\u00e1s partidos\u201d.<\/p>\n<aside class=\"a_ei\">\n<header class=\"a_ei_h _db\">M\u00e1s informaci\u00f3n<\/header>\n<div class=\"a_ei_r _g _g-xs \"><a class=\"a_ei_t\" href=\"https:\/\/elpais.com\/deportes\/futbol\/2026-01-28\/la-delantera-avala-al-barca-cuatro-goles-al-copenhague-le-meten-en-el-top-8.html#?rel=mas_sumario\" rel>La delantera avala al Bar\u00e7a: cuatro goles al Copenhague le meten en el \u2018top-8\u2032<\/a><\/div>\n<\/aside>\n<p class><a href=\"https:\/\/elpais.com\/deportes\/futbol\/2026-01-11\/la-garantia-se-llama-flick.html\" target=\"_self\" rel title=\"https:\/\/elpais.com\/deportes\/futbol\/2026-01-11\/la-garantia-se-llama-flick.html\">Hansi Flick, en cambio, analiz\u00f3 a los primeros ocho clasificados.<\/a> Junto al Bayern y al Sporting de Portugal, fue uno de los pocos que se colaron entre los equipos de la liga inglesa. \u201cEsto demuestra lo importante que es alcanzar este nivel para el Barcelona y tambi\u00e9n demuestra que la Premier es la mejor liga. Es la mejor liga del mundo. Invierten y tienen mucho dinero\u201d, expuso el preparador alem\u00e1n.<\/p>\n<p class>Flick volvi\u00f3 a corregir al Barcelona en el entretiempo. Despu\u00e9s de un primer tiempo err\u00e1tico, en el que el cuadro azulgrana no encontraba la porter\u00eda del Copenhague y sufri\u00f3 en la de Joan Garc\u00eda, el Bar\u00e7a despert\u00f3 tras el paso por los vestuarios. \u201cEllos se hicieron muy fuertes con el gol, pero estoy muy contento con la remontada. En Champions me siento m\u00e1s libre, m\u00e1s feliz y muy contento. Hay veces que es uno contra uno o uno contra dos, y cuando puedo dar ventaja al equipo\u201d, subray\u00f3 Lamine Yamal.<\/p>\n<p class>\u201cPara nosotros ha sido un muy buen partido para ver qu\u00e9 tenemos que mejorar. En el descanso hemos hecho algunos ajustes. No estaba contento con la primera parte\u201d, intervino Hansi Flick. Solo hizo un cambio en el entretiempo: Bernal por Eric Garc\u00eda. Fue suficiente. \u201cBernal ha hecho un gran partido. Lo vemos en cada entrenamiento, tiene potencial para mejorar. Su t\u00e9cnica es buena, se queda con el bal\u00f3n, sus pases son fant\u00e1sticos\u2026 pero tiene que mejorar el f\u00edsico\u201d.<\/p>\n<p class>Flick corrige al Barcelona y lo deja entre los ocho mejores de la fase liga de la Champions. Fue el \u00fanico equipo espa\u00f1ol que regate\u00f3 los <i>play-off<\/i>. <\/p>\n<\/div>\n<div id=\"me-dis\" class=\"me _pf\">\n<div class=\"me_bg\">\n<div class=\"me-dis _pa _df\">\n<div class=\"me-dis_c\">\n<h2 class=\"me-dis_t\">Tu suscripci\u00f3n se est\u00e1 usando en otro dispositivo<\/h2>\n<p>\u00bfQuieres a\u00f1adir otro usuario a tu suscripci\u00f3n?<\/p>\n<div class=\"me-dis_l\"><a href=\"https:\/\/elpais.com\/suscripciones\/premium\/upgrade\/?utm_source=autopromo&amp;utm_medium=interno&amp;utm_campaign=YYYY_MM_capping_upgrade\" id=\"capping-upgrade\" class=\"btn\">A\u00f1adir usuario<\/a><a href=\"https:\/\/elpais.com\/deportes\/futbol\/2026-01-28\/hansi-flick-sobre-la-clasificacion-del-barcelona-entre-los-ocho-primeros-es-muy-importante-alcanzar-este-nivel.html\" id=\"capping-continue\" class=\"btn btn-b\">Continuar leyendo aqu\u00ed<\/a><\/div>\n<p>Si contin\u00faas leyendo en este dispositivo, no se podr\u00e1 leer en el otro.<\/p>\n<p class=\"lk\"><a href=\"https:\/\/elpais.com\/deportes\/futbol\/2026-01-28\/hansi-flick-sobre-la-clasificacion-del-barcelona-entre-los-ocho-primeros-es-muy-importante-alcanzar-este-nivel.html\" id=\"capping-show-more-button\">\u00bfPor qu\u00e9 est\u00e1s viendo esto?<\/a><\/p>\n<p><span class=\"arrow\" id=\"capping-arrow\">Flecha<\/span><\/p>\n<div class=\"me-dis_d\">\n<div class=\"me-dis_d_t\">\n<h2 class=\"enc\">Tu suscripci\u00f3n se est\u00e1 usando en otro dispositivo y solo puedes acceder a EL PA\u00cdS desde un dispositivo a la vez.<\/h2>\n<div class=\"tx\">\n<p>Si quieres compartir tu cuenta, cambia tu suscripci\u00f3n a la modalidad Premium, as\u00ed podr\u00e1s a\u00f1adir otro usuario. Cada uno acceder\u00e1 con su propia cuenta de email, lo que os permitir\u00e1 personalizar vuestra experiencia en EL PA\u00cdS.<\/p>\n<p>\u00bfTienes una suscripci\u00f3n de empresa? Accede <a target=\"_blank\" rel=\"noreferrer\" href=\"https:\/\/elpais.com\/suscripciones\/premium\/upgrade\/\">aqu\u00ed<\/a> para contratar m\u00e1s cuentas.<\/p>\n<p>En el caso de no saber qui\u00e9n est\u00e1 usando tu cuenta, te recomendamos cambiar tu contrase\u00f1a <a target=\"_blank\" rel=\"noreferrer\" href=\"https:\/\/elpais.com\/subscriptions\/#\/forgot-password\">aqu\u00ed.<\/a><\/p>\n<p>Si decides continuar compartiendo tu cuenta, este mensaje se mostrar\u00e1 en tu dispositivo y en el de la otra persona que est\u00e1 usando tu cuenta de forma indefinida, afectando a tu experiencia de lectura. Puedes <a target=\"_blank\" rel=\"noreferrer\" href=\"https:\/\/elpais.com\/suscripciones\/condiciones-generales-servicios\/\">consultar aqu\u00ed los t\u00e9rminos y condiciones de la suscripci\u00f3n digital.<\/a><\/p>\n<\/div>\n<\/div>\n<\/div>\n<\/div>\n<\/div>\n<\/div>\n<\/div>\n<aside class=\"w w-sea\">\n<h2 class=\"w_t\">Sobre la firma<\/h2>\n<div class=\"w_b\">\n<div class=\"_g _g-xs\">\n<figure class=\"w-sea_f a_m-h c_m--nf\"><span class=\"a_m_w _db\"><img decoding=\"async\" alt=\"Juan I. Irigoyen\" class=\"_re lazyload a_m-h\" height=\"100\" width=\"100\" src=\"https:\/\/analyse.optim.biz\/wp-content\/uploads\/2026\/01\/https3a2f2fs3-amazonaws-com2farc-authors2fprisa2fe0058255-d733-40ad-a732-6f23189b2d61-2.jpg\" loading=\"lazy\" title=\"https3a2f2fs3-amazonaws-com2farc-authors2fprisa2fe0058255-d733-40ad-a732-6f23189b2d61-2\"><\/span><\/figure>\n<div class=\"w-sea_txt\">\n<div class=\"_df\">\n<div class=\"w-sea_txt_na\"><a href=\"https:\/\/elpais.com\/autor\/juan-ignacio-irigoyen\/\" rel=\"autor_bottom\">Juan I. Irigoyen<\/a><\/div>\n<\/div>\n<div class=\"w-sea_txt_da _dn\">Redactor especializado en el FC Barcelona y f\u00fatbol sudamericano. Ha desarrollado su carrera en EL PA\u00cdS. Ha cubierto Mundial de f\u00fatbol, Copa Am\u00e9rica y Champions Femenina. Es licenciado en ADE, MBA en la Universidad Cat\u00f3lica Argentina y M\u00e1ster de Periodismo BCN-NY en la Universitat de Barcelona, en la que es profesor de Periodismo Deportivo.<\/div>\n<\/div>\n<\/div>\n<\/div>\n<\/aside>\n<aside class=\"w w-fid\">\n<div class=\"w_b\">\n<div class=\"w-fid_t\"><a href=\"https:\/\/plus.elpais.com\/newsletters\/lnp\/1\/349\/#?prm=not_newsletters_deportes\">Recibe el bolet\u00edn de Deportes<\/a><\/div>\n<div class=\"w-fid_s\">\n<div class=\"w_rs\">\n<div class=\"w_rs_i\"><a class=\"_btn\" href=\"https:\/\/www.facebook.com\/elpais\" rel=\"nofollow\"><span class=\"_sr\">Deportes El Pa\u00eds en Facebook<\/span><\/a><\/div>\n<div class=\"w_rs_i\"><a class=\"_btn\" href=\"https:\/\/www.instagram.com\/el_pais\/\" rel=\"nofollow\"><span class=\"_sr\">Deportes El Pa\u00eds en Instagram<\/span><\/a><\/div>\n<div class=\"w_rs_i\"><a class=\"_btn\" href=\"https:\/\/twitter.com\/elpais_deportes\" rel=\"nofollow\"><span class=\"_sr\">Deportes El Pa\u00eds en Twitter<\/span><\/a><\/div>\n<\/div>\n<\/div>\n<\/div>\n<\/aside>\n<aside class=\"a_com w w-com _df\"><a class=\"a_com_l\" href=\"https:\/\/elpais.com\/info\/normas-de-participacion\/\">Normas \u203a<\/a><\/aside>\n<div class=\"me _pf\" id=\"me-c\">\n<div class=\"me_bg\">\n<div class=\"me-c _pa\" id=\"comments_container\" data-dtm-region=\"articulo_comentarios\">\n<div class=\"me_f me_f-os me_cc\"><a href=\"https:\/\/plus.elpais.com\/perfil\/actividad\/\">Mis comentarios<\/a><a href=\"https:\/\/elpais.com\/info\/normas-de-participacion\/\">Normas<\/a><\/div>\n<div class=\"me_f me_f-ns\"><span class=\"me_f_txt _db\">Rellena tu <b>nombre y apellido<\/b> para comentar<\/span><a href=\"https:\/\/plus.elpais.com\/autorization.html\/?prod=COM&amp;backURL=https%3A%2F%2Felpais.com%2Fdeportes%2Ffutbol%2F2026-01-28%2Fhansi-flick-sobre-la-clasificacion-del-barcelona-entre-los-ocho-primeros-es-muy-importante-alcanzar-este-nivel.html%3Fgaa_sig%3D99BgTO3qxlpU7k9KmmBtKQaYwjq4OkSLBWV7MIbpB8XayXlct5fWR0H5oI-vNt7IEMGxVaf9H2jvRm1dTomscw%253D%253D%26utm_source%3Dnewsshowcase%26utm_content%3Dbullets%26gaa_at%3Dla%26utm_campaign%3DCCwqGQgwKhAIACoHCAowwJn-CjCamooDMPqj7wIwlqScAw%26gaa_n%3DAWEtsqf3z8ccfK5uorK2-vQkcredhqyfnsIwSjGaEHpETlIj_NLKBClSDpOTu8ESlLM%253D%26utm_medium%3Ddiscover%26gaa_ts%3D697b2b17\" class=\"btn btn-2\">completar datos<\/a><\/div>\n<div class=\"me_f\" id=\"comments_msg\"><a class=\"btn btn-2\" href=\"https:\/\/elpais.com\/suscripciones\/#\/campaign?prod=SUSDIGCRART&amp;o=COM&amp;prm=suscrip_articulo_comentarios_el-pais&amp;backURL=https%3A%2F%2Felpais.com%2Fdeportes%2Ffutbol%2F2026-01-28%2Fhansi-flick-sobre-la-clasificacion-del-barcelona-entre-los-ocho-primeros-es-muy-importante-alcanzar-este-nivel.html%3Fgaa_sig%3D99BgTO3qxlpU7k9KmmBtKQaYwjq4OkSLBWV7MIbpB8XayXlct5fWR0H5oI-vNt7IEMGxVaf9H2jvRm1dTomscw%253D%253D%26utm_source%3Dnewsshowcase%26utm_content%3Dbullets%26gaa_at%3Dla%26utm_campaign%3DCCwqGQgwKhAIACoHCAowwJn-CjCamooDMPqj7wIwlqScAw%26gaa_n%3DAWEtsqf3z8ccfK5uorK2-vQkcredhqyfnsIwSjGaEHpETlIj_NLKBClSDpOTu8ESlLM%253D%26utm_medium%3Ddiscover%26gaa_ts%3D697b2b17\" id=\"comments_subscribe_link\" data-link-am=\"https:\/\/elpais.com\/suscripciones\/america\/#\/campaign?prod=SUSDIGCRARTAM&amp;o=COMAM&amp;prm=suscrip_articulo_comentarios_el-pais-america&amp;backURL=https%3A%2F%2Felpais.com%2Fdeportes%2Ffutbol%2F2026-01-28%2Fhansi-flick-sobre-la-clasificacion-del-barcelona-entre-los-ocho-primeros-es-muy-importante-alcanzar-este-nivel.html%3Fgaa_sig%3D99BgTO3qxlpU7k9KmmBtKQaYwjq4OkSLBWV7MIbpB8XayXlct5fWR0H5oI-vNt7IEMGxVaf9H2jvRm1dTomscw%253D%253D%26utm_source%3Dnewsshowcase%26utm_content%3Dbullets%26gaa_at%3Dla%26utm_campaign%3DCCwqGQgwKhAIACoHCAowwJn-CjCamooDMPqj7wIwlqScAw%26gaa_n%3DAWEtsqf3z8ccfK5uorK2-vQkcredhqyfnsIwSjGaEHpETlIj_NLKBClSDpOTu8ESlLM%253D%26utm_medium%3Ddiscover%26gaa_ts%3D697b2b17\" data-link-mx=\"https:\/\/elpais.com\/suscripciones\/america\/#\/campaign?prod=SUSDIGMX&amp;o=COMMX&amp;prm=suscrip_articulo_comentarios_el-pais-mexico&amp;backURL=https%3A%2F%2Felpais.com%2Fdeportes%2Ffutbol%2F2026-01-28%2Fhansi-flick-sobre-la-clasificacion-del-barcelona-entre-los-ocho-primeros-es-muy-importante-alcanzar-este-nivel.html%3Fgaa_sig%3D99BgTO3qxlpU7k9KmmBtKQaYwjq4OkSLBWV7MIbpB8XayXlct5fWR0H5oI-vNt7IEMGxVaf9H2jvRm1dTomscw%253D%253D%26utm_source%3Dnewsshowcase%26utm_content%3Dbullets%26gaa_at%3Dla%26utm_campaign%3DCCwqGQgwKhAIACoHCAowwJn-CjCamooDMPqj7wIwlqScAw%26gaa_n%3DAWEtsqf3z8ccfK5uorK2-vQkcredhqyfnsIwSjGaEHpETlIj_NLKBClSDpOTu8ESlLM%253D%26utm_medium%3Ddiscover%26gaa_ts%3D697b2b17\" data-link-co=\"https:\/\/elpais.com\/suscripciones\/america\/#\/campaign?prod=SUSDIGCOL&amp;o=COMCOL&amp;prm=suscrip_articulo_comentarios_el-pais_colombia&amp;backURL=https%3A%2F%2Felpais.com%2Fdeportes%2Ffutbol%2F2026-01-28%2Fhansi-flick-sobre-la-clasificacion-del-barcelona-entre-los-ocho-primeros-es-muy-importante-alcanzar-este-nivel.html%3Fgaa_sig%3D99BgTO3qxlpU7k9KmmBtKQaYwjq4OkSLBWV7MIbpB8XayXlct5fWR0H5oI-vNt7IEMGxVaf9H2jvRm1dTomscw%253D%253D%26utm_source%3Dnewsshowcase%26utm_content%3Dbullets%26gaa_at%3Dla%26utm_campaign%3DCCwqGQgwKhAIACoHCAowwJn-CjCamooDMPqj7wIwlqScAw%26gaa_n%3DAWEtsqf3z8ccfK5uorK2-vQkcredhqyfnsIwSjGaEHpETlIj_NLKBClSDpOTu8ESlLM%253D%26utm_medium%3Ddiscover%26gaa_ts%3D697b2b17\" data-link-ar=\"https:\/\/elpais.com\/suscripciones\/america\/#\/campaign?prod=SUSDIGCRARTAR&amp;o=COMAR&amp;backURL=https%3A%2F%2Felpais.com%2Fdeportes%2Ffutbol%2F2026-01-28%2Fhansi-flick-sobre-la-clasificacion-del-barcelona-entre-los-ocho-primeros-es-muy-importante-alcanzar-este-nivel.html%3Fgaa_sig%3D99BgTO3qxlpU7k9KmmBtKQaYwjq4OkSLBWV7MIbpB8XayXlct5fWR0H5oI-vNt7IEMGxVaf9H2jvRm1dTomscw%253D%253D%26utm_source%3Dnewsshowcase%26utm_content%3Dbullets%26gaa_at%3Dla%26utm_campaign%3DCCwqGQgwKhAIACoHCAowwJn-CjCamooDMPqj7wIwlqScAw%26gaa_n%3DAWEtsqf3z8ccfK5uorK2-vQkcredhqyfnsIwSjGaEHpETlIj_NLKBClSDpOTu8ESlLM%253D%26utm_medium%3Ddiscover%26gaa_ts%3D697b2b17\" data-link-cl=\"https:\/\/elpais.com\/suscripciones\/america\/#\/campaign?prod=SUSDIGCHILE&amp;o=COMCHILE&amp;backURL=https%3A%2F%2Felpais.com%2Fdeportes%2Ffutbol%2F2026-01-28%2Fhansi-flick-sobre-la-clasificacion-del-barcelona-entre-los-ocho-primeros-es-muy-importante-alcanzar-este-nivel.html%3Fgaa_sig%3D99BgTO3qxlpU7k9KmmBtKQaYwjq4OkSLBWV7MIbpB8XayXlct5fWR0H5oI-vNt7IEMGxVaf9H2jvRm1dTomscw%253D%253D%26utm_source%3Dnewsshowcase%26utm_content%3Dbullets%26gaa_at%3Dla%26utm_campaign%3DCCwqGQgwKhAIACoHCAowwJn-CjCamooDMPqj7wIwlqScAw%26gaa_n%3DAWEtsqf3z8ccfK5uorK2-vQkcredhqyfnsIwSjGaEHpETlIj_NLKBClSDpOTu8ESlLM%253D%26utm_medium%3Ddiscover%26gaa_ts%3D697b2b17\" data-link-us=\"https:\/\/elpais.com\/suscripciones\/america\/#\/campaign?prod=SUSDIGCRARTEUCAN&amp;o=COMUS&amp;prm=suscrip_articulo_comentarios_el-pais_eucan&amp;backURL=https%3A%2F%2Felpais.com%2Fdeportes%2Ffutbol%2F2026-01-28%2Fhansi-flick-sobre-la-clasificacion-del-barcelona-entre-los-ocho-primeros-es-muy-importante-alcanzar-este-nivel.html%3Fgaa_sig%3D99BgTO3qxlpU7k9KmmBtKQaYwjq4OkSLBWV7MIbpB8XayXlct5fWR0H5oI-vNt7IEMGxVaf9H2jvRm1dTomscw%253D%253D%26utm_source%3Dnewsshowcase%26utm_content%3Dbullets%26gaa_at%3Dla%26utm_campaign%3DCCwqGQgwKhAIACoHCAowwJn-CjCamooDMPqj7wIwlqScAw%26gaa_n%3DAWEtsqf3z8ccfK5uorK2-vQkcredhqyfnsIwSjGaEHpETlIj_NLKBClSDpOTu8ESlLM%253D%26utm_medium%3Ddiscover%26gaa_ts%3D697b2b17\">Suscr\u00edbete en El Pa\u00eds para participar<\/a><a class=\"btn btn-3\" href=\"https:\/\/elpais.com\/subscriptions\/#\/sign-in?prod=REG&amp;o=COM&amp;prm=login_articulo_comentarios_el-pais&amp;backURL=https%3A%2F%2Felpais.com%2Fdeportes%2Ffutbol%2F2026-01-28%2Fhansi-flick-sobre-la-clasificacion-del-barcelona-entre-los-ocho-primeros-es-muy-importante-alcanzar-este-nivel.html%3Fgaa_sig%3D99BgTO3qxlpU7k9KmmBtKQaYwjq4OkSLBWV7MIbpB8XayXlct5fWR0H5oI-vNt7IEMGxVaf9H2jvRm1dTomscw%253D%253D%26utm_source%3Dnewsshowcase%26utm_content%3Dbullets%26gaa_at%3Dla%26utm_campaign%3DCCwqGQgwKhAIACoHCAowwJn-CjCamooDMPqj7wIwlqScAw%26gaa_n%3DAWEtsqf3z8ccfK5uorK2-vQkcredhqyfnsIwSjGaEHpETlIj_NLKBClSDpOTu8ESlLM%253D%26utm_medium%3Ddiscover%26gaa_ts%3D697b2b17\" id=\"comments_login_link\" data-link-am=\"https:\/\/elpais.com\/subscriptions\/#\/sign-in?prod=REG&amp;o=COM&amp;prm=login_articulo_comentarios_el-pais-america&amp;backURL=https%3A%2F%2Felpais.com%2Fdeportes%2Ffutbol%2F2026-01-28%2Fhansi-flick-sobre-la-clasificacion-del-barcelona-entre-los-ocho-primeros-es-muy-importante-alcanzar-este-nivel.html%3Fgaa_sig%3D99BgTO3qxlpU7k9KmmBtKQaYwjq4OkSLBWV7MIbpB8XayXlct5fWR0H5oI-vNt7IEMGxVaf9H2jvRm1dTomscw%253D%253D%26utm_source%3Dnewsshowcase%26utm_content%3Dbullets%26gaa_at%3Dla%26utm_campaign%3DCCwqGQgwKhAIACoHCAowwJn-CjCamooDMPqj7wIwlqScAw%26gaa_n%3DAWEtsqf3z8ccfK5uorK2-vQkcredhqyfnsIwSjGaEHpETlIj_NLKBClSDpOTu8ESlLM%253D%26utm_medium%3Ddiscover%26gaa_ts%3D697b2b17\" data-link-mx=\"https:\/\/elpais.com\/subscriptions\/#\/sign-in?prod=REG&amp;o=COM&amp;prm=login_articulo_comentarios_el-pais-mexico&amp;backURL=https%3A%2F%2Felpais.com%2Fdeportes%2Ffutbol%2F2026-01-28%2Fhansi-flick-sobre-la-clasificacion-del-barcelona-entre-los-ocho-primeros-es-muy-importante-alcanzar-este-nivel.html%3Fgaa_sig%3D99BgTO3qxlpU7k9KmmBtKQaYwjq4OkSLBWV7MIbpB8XayXlct5fWR0H5oI-vNt7IEMGxVaf9H2jvRm1dTomscw%253D%253D%26utm_source%3Dnewsshowcase%26utm_content%3Dbullets%26gaa_at%3Dla%26utm_campaign%3DCCwqGQgwKhAIACoHCAowwJn-CjCamooDMPqj7wIwlqScAw%26gaa_n%3DAWEtsqf3z8ccfK5uorK2-vQkcredhqyfnsIwSjGaEHpETlIj_NLKBClSDpOTu8ESlLM%253D%26utm_medium%3Ddiscover%26gaa_ts%3D697b2b17\" data-link-co=\"https:\/\/elpais.com\/subscriptions\/#\/sign-in?prod=REG&amp;o=COM&amp;backURL=https%3A%2F%2Felpais.com%2Fdeportes%2Ffutbol%2F2026-01-28%2Fhansi-flick-sobre-la-clasificacion-del-barcelona-entre-los-ocho-primeros-es-muy-importante-alcanzar-este-nivel.html%3Fgaa_sig%3D99BgTO3qxlpU7k9KmmBtKQaYwjq4OkSLBWV7MIbpB8XayXlct5fWR0H5oI-vNt7IEMGxVaf9H2jvRm1dTomscw%253D%253D%26utm_source%3Dnewsshowcase%26utm_content%3Dbullets%26gaa_at%3Dla%26utm_campaign%3DCCwqGQgwKhAIACoHCAowwJn-CjCamooDMPqj7wIwlqScAw%26gaa_n%3DAWEtsqf3z8ccfK5uorK2-vQkcredhqyfnsIwSjGaEHpETlIj_NLKBClSDpOTu8ESlLM%253D%26utm_medium%3Ddiscover%26gaa_ts%3D697b2b17\" data-link-ar=\"https:\/\/elpais.com\/subscriptions\/#\/sign-in?prod=REG&amp;o=COM&amp;backURL=https%3A%2F%2Felpais.com%2Fdeportes%2Ffutbol%2F2026-01-28%2Fhansi-flick-sobre-la-clasificacion-del-barcelona-entre-los-ocho-primeros-es-muy-importante-alcanzar-este-nivel.html%3Fgaa_sig%3D99BgTO3qxlpU7k9KmmBtKQaYwjq4OkSLBWV7MIbpB8XayXlct5fWR0H5oI-vNt7IEMGxVaf9H2jvRm1dTomscw%253D%253D%26utm_source%3Dnewsshowcase%26utm_content%3Dbullets%26gaa_at%3Dla%26utm_campaign%3DCCwqGQgwKhAIACoHCAowwJn-CjCamooDMPqj7wIwlqScAw%26gaa_n%3DAWEtsqf3z8ccfK5uorK2-vQkcredhqyfnsIwSjGaEHpETlIj_NLKBClSDpOTu8ESlLM%253D%26utm_medium%3Ddiscover%26gaa_ts%3D697b2b17\" data-link-cl=\"https:\/\/elpais.com\/subscriptions\/#\/sign-in?prod=REG&amp;o=COM&amp;backURL=https%3A%2F%2Felpais.com%2Fdeportes%2Ffutbol%2F2026-01-28%2Fhansi-flick-sobre-la-clasificacion-del-barcelona-entre-los-ocho-primeros-es-muy-importante-alcanzar-este-nivel.html%3Fgaa_sig%3D99BgTO3qxlpU7k9KmmBtKQaYwjq4OkSLBWV7MIbpB8XayXlct5fWR0H5oI-vNt7IEMGxVaf9H2jvRm1dTomscw%253D%253D%26utm_source%3Dnewsshowcase%26utm_content%3Dbullets%26gaa_at%3Dla%26utm_campaign%3DCCwqGQgwKhAIACoHCAowwJn-CjCamooDMPqj7wIwlqScAw%26gaa_n%3DAWEtsqf3z8ccfK5uorK2-vQkcredhqyfnsIwSjGaEHpETlIj_NLKBClSDpOTu8ESlLM%253D%26utm_medium%3Ddiscover%26gaa_ts%3D697b2b17\" data-link-us=\"https:\/\/elpais.com\/subscriptions\/#\/sign-in?prod=REG&amp;o=COM&amp;backURL=https%3A%2F%2Felpais.com%2Fdeportes%2Ffutbol%2F2026-01-28%2Fhansi-flick-sobre-la-clasificacion-del-barcelona-entre-los-ocho-primeros-es-muy-importante-alcanzar-este-nivel.html%3Fgaa_sig%3D99BgTO3qxlpU7k9KmmBtKQaYwjq4OkSLBWV7MIbpB8XayXlct5fWR0H5oI-vNt7IEMGxVaf9H2jvRm1dTomscw%253D%253D%26utm_source%3Dnewsshowcase%26utm_content%3Dbullets%26gaa_at%3Dla%26utm_campaign%3DCCwqGQgwKhAIACoHCAowwJn-CjCamooDMPqj7wIwlqScAw%26gaa_n%3DAWEtsqf3z8ccfK5uorK2-vQkcredhqyfnsIwSjGaEHpETlIj_NLKBClSDpOTu8ESlLM%253D%26utm_medium%3Ddiscover%26gaa_ts%3D697b2b17\">Ya tengo una suscripci\u00f3n<\/a><\/div>\n<p>Please enable JavaScript to view the &lt;a href=&#8221;https:\/\/disqus.com\/?ref_noscript&#8221; rel=&#8221;nofollow&#8221;&gt; comments powered by Disqus.&lt;\/a&gt;<\/p><\/div>\n<\/div>\n<\/div>\n<aside class=\"w w-rel\" data-dtm-region=\"articulo_mas-informacion\">\n<h2 class=\"w_t\">M\u00e1s informaci\u00f3n<\/h2>\n<ul class=\"w_b _ls\">\n<li class=\"_g _g-xs w-rel_n\">\n<div class=\" a_m-h c_m--nf\"><span class=\"_db _pr\"><img decoding=\"async\" class=\"_re lazyload a_m-h\" height=\"311\" width=\"414\" src=\"https:\/\/analyse.optim.biz\/wp-content\/uploads\/2026\/01\/4k5y3udi3riq5gvk3xwdfj43bi-2.jpg\" loading=\"lazy\" title=\"4k5y3udi3riq5gvk3xwdfj43bi-2\"><\/span><\/div>\n<div class=\"nt\">\n<h3 class=\"nt_t\"><a href=\"https:\/\/elpais.com\/deportes\/futbol\/2026-01-28\/dani-olmo-el-jugador-polifuncional-que-lleva-seis-goles-en-nueve-partidos-estudia-para-seducir-a-hansi-flick-hoy-nadie-habla-de-la-asistencia-que-le-di-a-lamine.html#?rel=mas\">Dani Olmo, el jugador polifuncional que lleva seis goles en nueve partidos, estudia para seducir a Hansi Flick: \u201cHoy nadie habla de la asistencia que le di a Lamine\u201d<\/a><\/h3>\n<div class=\"nt_a\"><a href=\"https:\/\/elpais.com\/autor\/juan-ignacio-irigoyen\/\" title=\"Ver todas las noticias de Juan I. Irigoyen\">Juan I. Irigoyen<\/a> | Barcelona<\/div>\n<\/div>\n<\/li>\n<li class=\"_g _g-xs w-rel_n\">\n<div class=\" a_m-h c_m--nf\"><span class=\"_db _pr\"><img decoding=\"async\" class=\"_re lazyload a_m-h\" height=\"311\" width=\"414\" src=\"https:\/\/analyse.optim.biz\/wp-content\/uploads\/2026\/01\/m6m2k5hmwrpihci7b4u3tskcn4-3.jpg\" loading=\"lazy\" title=\"m6m2k5hmwrpihci7b4u3tskcn4-3\"><\/span><\/div>\n<div class=\"nt\">\n<h3 class=\"nt_t\"><a href=\"https:\/\/elpais.com\/deportes\/futbol\/2026-01-25\/flick-reorganiza-la-defensa-mientras-espera-por-dani-olmo-para-reemplazar-a-pedri.html#?rel=mas\">Flick reorganiza la defensa, mientras espera por Dani Olmo para reemplazar a Pedri<\/a><\/h3>\n<div class=\"nt_a\"><a href=\"https:\/\/elpais.com\/autor\/juan-ignacio-irigoyen\/\" title=\"Ver todas las noticias de Juan I. Irigoyen\">Juan I. Irigoyen<\/a> | Barcelona<\/div>\n<\/div>\n<\/li>\n<\/ul>\n<\/aside>\n<section class=\"w w-ae\" data-dtm-region=\"articulo_archivado-en\">\n<h2 class=\"w_t\">Archivado En<\/h2>\n<div class=\"w_b\">\n<ul class=\"w_ul w_ul--mh _df _ls\">\n<li><a href=\"https:\/\/elpais.com\/noticias\/futbol\/#?rel=arch\" rel=\"noopener noreferrer\">F\u00fatbol<\/a><\/li>\n<li><a href=\"https:\/\/elpais.com\/noticias\/futbolistas\/#?rel=arch\" rel=\"noopener noreferrer\">Futbolistas<\/a><\/li>\n<li><a href=\"https:\/\/elpais.com\/noticias\/entrenadores\/#?rel=arch\" rel=\"noopener noreferrer\">Entrenadores<\/a><\/li>\n<li><a href=\"https:\/\/elpais.com\/noticias\/competiciones\/#?rel=arch\" rel=\"noopener noreferrer\">Competiciones<\/a><\/li>\n<li><a href=\"https:\/\/elpais.com\/noticias\/deportes\/#?rel=arch\" rel=\"noopener noreferrer\">Deportes<\/a><\/li>\n<li><a href=\"https:\/\/elpais.com\/noticias\/uefa-champions-league\/#?rel=arch\" rel=\"noopener noreferrer\">UEFA Champions League<\/a><\/li>\n<li><a href=\"https:\/\/elpais.com\/noticias\/fc-barcelona\/#?rel=arch\" rel=\"noopener noreferrer\">FC Barcelona<\/a><\/li>\n<li><a href=\"https:\/\/elpais.com\/noticias\/hans-dieter-flick\/#?rel=arch\" rel=\"noopener noreferrer\">Flick<\/a><\/li>\n<\/ul>\n<\/div>\n<\/section>\n<aside class=\"a_tp _df\">\n<div class=\"a_tp_txt\"><span class=\"a_tp_t\">Se adhiere a los criterios de<\/span><\/p>\n<figure class=\"a_m a_m-h c_m--nf\"><a class=\"a_tp_i _dib\" href=\"https:\/\/elpais.com\/estaticos\/que-es-the-trust-project\/\" target=\"_blank\" rel=\"noopener noreferrer nofollow\"><img decoding=\"async\" alt=\"The Trust Project\" class=\" lazyload a_m-h\" height=\"20\" width=\"117\" src=\"https:\/\/analyse.optim.biz\/wp-content\/uploads\/2026\/01\/the-trust-project-342.svg\" loading=\"lazy\" title=\"the-trust-project-342\"><\/a><\/figure>\n<p><a class=\"a_tp_mi\" href=\"https:\/\/elpais.com\/estaticos\/codigo-etico\/\" target=\"_blank\" rel=\"noopener noreferrer nofollow\">M\u00e1s informaci\u00f3n<\/a><\/div>\n<div class=\"a_tp_si\">Si est\u00e1 interesado en licenciar este contenido, pinche <a class=\"a_tp_si_l\" href=\"https:\/\/profesional.elpais.com\/soluciones-sindicacion\/?utm_medium=interno&amp;utm_source=crosslinking&amp;utm_campaign=sindicacion_ep_pie_articulos\" target=\"_blank\" rel=\"noopener noreferrer nofollow\">aqu\u00ed<\/a><\/div>\n<\/aside>\n<div class=\"a_o _pr\" data-dtm-region=\"articulo_right-rail\">\n<div id=\"elpais_gpt-MPU1\" data-adtype=\"MPU\" class=\"ad ad-mpu\"><span class=\"_dn\">_<\/span><\/div>\n<section class=\"w w-sc b_col\" data-dtm-region=\"articulo_ultimas-noticias\">\n<header class=\"w_h b_col_h\">\n<h3 class=\"w_t\"><a href=\"https:\/\/elpais.com\/ultimas-noticias\/\" rel=\"story-card-ultimas-noticias\">\u00daltimas noticias<\/a><\/h3>\n<\/header>\n<div class=\"w_b\">\n<article class=\"c  c--m-n   \" data-word=\"0\">\n<header class=\"c_h\"><time datetime=\"2026-01-29T10:49:57+01:00\" class=\"c_da\">10:49<\/time><\/p>\n<h2 class=\"c_t \"><a href=\"https:\/\/elpais.com\/economia\/2026-01-29\/ceoe-cataloga-como-intervencionista-y-trilera-la-propuesta-del-gobierno-para-compensar-el-alza-del-salario-minimo.html\">CEOE cataloga como \u201cintervencionista\u201d y \u201ctrilera\u201d la propuesta del Gobierno para compensar el alza del salario m\u00ednimo<\/a><\/h2>\n<\/header>\n<\/article>\n<article class=\"c  c--m-n   \" data-word=\"0\">\n<header class=\"c_h\"><time datetime=\"2026-01-29T10:39:23+01:00\" class=\"c_da\">10:39<\/time><\/p>\n<h2 class=\"c_t \"><a href=\"https:\/\/elpais.com\/espana\/2026-01-29\/vuela-el-tejado-de-la-parroquia-de-la-virgen-del-camino-de-cordoba-por-las-fuertes-rachas-de-viento.html\">Vuela el tejado de la parroquia de la Virgen del Camino de C\u00f3rdoba por las fuertes rachas de viento<\/a><\/h2>\n<\/header>\n<\/article>\n<article class=\"c  c--m-n   \" data-word=\"0\">\n<header class=\"c_h\"><time datetime=\"2026-01-29T10:32:17+01:00\" class=\"c_da\">10:32<\/time><\/p>\n<h2 class=\"c_t \"><a href=\"https:\/\/elpais.com\/cultura\/2026-01-29\/la-rapera-nicki-minaj-defiende-a-trump-en-plena-ola-de-brutalidad-policial-en-ee-uu-probablemente-sea-su-fan-numero-uno.html\">La rapera Nicki Minaj defiende a Trump en plena ola de brutalidad policial en EE UU: \u201cProbablemente, sea su fan n\u00famero uno\u201d<\/a><\/h2>\n<\/header>\n<\/article>\n<article class=\"c  c--m-n   \" data-word=\"0\">\n<header class=\"c_h\"><time datetime=\"2026-01-29T10:12:27+01:00\" class=\"c_da\">10:12<\/time><\/p>\n<h2 class=\"c_t \"><a href=\"https:\/\/elpais.com\/sociedad\/2026-01-29\/el-supremo-inadmite-el-recurso-del-padre-de-noelia-y-avala-su-eutanasia.html\">El Supremo inadmite el recurso del padre de Noelia y avala su eutanasia<\/a><\/h2>\n<\/header>\n<\/article>\n<\/div>\n<\/section>\n<aside class=\"w w-lmv\" data-dtm-region=\"articulo_lom\">\n<h2 class=\"w_t\"><a href=\"https:\/\/elpais.com\/lo-mas-visto\/\">Lo m\u00e1s visto<\/a><\/h2>\n<div class=\"w_b\">\n<ol class=\"_ls\">\n<li><a href=\"https:\/\/elpais.com\/economia\/2026-01-27\/trump-bendice-la-caida-del-dolar-va-muy-bien-miren-los-negocios-que-estamos-haciendo.html#?rel=lom\">Trump asegura que no le preocupa la ca\u00edda del d\u00f3lar: \u201cVa muy bien, miren los negocios que estamos haciendo\u201d<\/a><\/li>\n<li><a href=\"https:\/\/elpais.com\/espana\/2026-01-28\/ultima-hora-de-los-efectos-de-la-borrasca-kristin-en-directo.html#?rel=lom\">\u00daltima hora de la borrasca \u2018Kristin\u2019 &#8211;  28 de enero de 2026<\/a><\/li>\n<li><a href=\"https:\/\/elpais.com\/espana\/2026-01-27\/la-guardia-civil-investiga-a-un-hombre-por-robar-571-pinos-pinoneros-en-valladolid-y-utilizarlos-para-hacer-biomasa.html#?rel=lom\">La Guardia Civil investiga a un hombre por robar 571 pinos pi\u00f1oneros en Valladolid y utilizarlos para hacer biomasa<\/a><\/li>\n<li><a href=\"https:\/\/elpais.com\/internacional\/2026-01-28\/el-primer-ministro-groenlandes-la-casa-blanca-no-tiene-ni-idea-de-lo-que-es-groenlandia.html#?rel=lom\">El primer ministro groenland\u00e9s: \u201cLa Casa Blanca no tiene ni idea de lo que es Groenlandia\u201d<\/a><\/li>\n<li><a href=\"https:\/\/elpais.com\/espana\/2026-01-27\/exmagistrados-del-supremo-garzon-o-carmena-cargan-contra-la-sentencia-a-garcia-ortiz-condena-la-presuncion-de-inocencia.html#?rel=lom\">Exmagistrados del Supremo, Garz\u00f3n o Carmena cargan contra la sentencia a Garc\u00eda Ortiz: \u201cCondena a la presunci\u00f3n de inocencia\u201d<\/a><\/li>\n<\/ol>\n<\/div>\n<\/aside>\n<\/div>\n<\/article>\n<article class=\"c  c--m-n   \" data-word=\"0\">\n<header class=\"c_h\"><time datetime=\"2026-01-29T10:49:57+01:00\" class=\"c_da\">10:49<\/time><\/p>\n<h2 class=\"c_t \"><a href=\"https:\/\/elpais.com\/economia\/2026-01-29\/ceoe-cataloga-como-intervencionista-y-trilera-la-propuesta-del-gobierno-para-compensar-el-alza-del-salario-minimo.html\">CEOE cataloga como \u201cintervencionista\u201d y \u201ctrilera\u201d la propuesta del Gobierno para compensar el alza del salario m\u00ednimo<\/a><\/h2>\n<\/header>\n<\/article>\n<article class=\"c  c--m-n   \" data-word=\"0\">\n<header class=\"c_h\"><time datetime=\"2026-01-29T10:39:23+01:00\" class=\"c_da\">10:39<\/time><\/p>\n<h2 class=\"c_t \"><a href=\"https:\/\/elpais.com\/espana\/2026-01-29\/vuela-el-tejado-de-la-parroquia-de-la-virgen-del-camino-de-cordoba-por-las-fuertes-rachas-de-viento.html\">Vuela el tejado de la parroquia de la Virgen del Camino de C\u00f3rdoba por las fuertes rachas de viento<\/a><\/h2>\n<\/header>\n<\/article>\n<article class=\"c  c--m-n   \" data-word=\"0\">\n<header class=\"c_h\"><time datetime=\"2026-01-29T10:32:17+01:00\" class=\"c_da\">10:32<\/time><\/p>\n<h2 class=\"c_t \"><a href=\"https:\/\/elpais.com\/cultura\/2026-01-29\/la-rapera-nicki-minaj-defiende-a-trump-en-plena-ola-de-brutalidad-policial-en-ee-uu-probablemente-sea-su-fan-numero-uno.html\">La rapera Nicki Minaj defiende a Trump en plena ola de brutalidad policial en EE UU: \u201cProbablemente, sea su fan n\u00famero uno\u201d<\/a><\/h2>\n<\/header>\n<\/article>\n<article class=\"c  c--m-n   \" data-word=\"0\">\n<header class=\"c_h\"><time datetime=\"2026-01-29T10:12:27+01:00\" class=\"c_da\">10:12<\/time><\/p>\n<h2 class=\"c_t \"><a href=\"https:\/\/elpais.com\/sociedad\/2026-01-29\/el-supremo-inadmite-el-recurso-del-padre-de-noelia-y-avala-su-eutanasia.html\">El Supremo inadmite el recurso del padre de Noelia y avala su eutanasia<\/a><\/h2>\n<\/header>\n<\/article>\n<p> Source URL: https:\/\/elpais.com\/deportes\/futbol\/2026-01-28\/hansi-flick-sobre-la-clasificacion-del-barcelona-entre-los-ocho-primeros-es-muy-importante-alcanzar-este-nivel.html<\/p>\n","protected":false},"excerpt":{"rendered":"<p>champions league Hansi Flick, sobre la clasificaci\u00f3n del Barcelona entre los ocho primeros: \u201cEs muy importante alcanzar este nivel\u201d El equipo azulgrana, el Bayern y el Sporting acompa\u00f1an a cinco equipos ingleses y evitan los \u2018play-off\u2019 Rashford y Lewandowski celebran el cuarto gol del Barcelona.Petr David Josek (AP) Juan I. Irigoyen Barcelona &#8211; 29 ene [&hellip;]<\/p>\n","protected":false},"author":1,"featured_media":1529522,"comment_status":"open","ping_status":"","sticky":false,"template":"","format":"standard","meta":{"footnotes":""},"categories":[88],"tags":[92],"class_list":["post-1529521","post","type-post","status-publish","format-standard","has-post-thumbnail","hentry","category-spain","tag-elpais-com"],"_links":{"self":[{"href":"https:\/\/analyse.optim.biz\/index.php?rest_route=\/wp\/v2\/posts\/1529521","targetHints":{"allow":["GET"]}}],"collection":[{"href":"https:\/\/analyse.optim.biz\/index.php?rest_route=\/wp\/v2\/posts"}],"about":[{"href":"https:\/\/analyse.optim.biz\/index.php?rest_route=\/wp\/v2\/types\/post"}],"author":[{"embeddable":true,"href":"https:\/\/analyse.optim.biz\/index.php?rest_route=\/wp\/v2\/users\/1"}],"replies":[{"embeddable":true,"href":"https:\/\/analyse.optim.biz\/index.php?rest_route=%2Fwp%2Fv2%2Fcomments&post=1529521"}],"version-history":[{"count":0,"href":"https:\/\/analyse.optim.biz\/index.php?rest_route=\/wp\/v2\/posts\/1529521\/revisions"}],"wp:featuredmedia":[{"embeddable":true,"href":"https:\/\/analyse.optim.biz\/index.php?rest_route=\/wp\/v2\/media\/1529522"}],"wp:attachment":[{"href":"https:\/\/analyse.optim.biz\/index.php?rest_route=%2Fwp%2Fv2%2Fmedia&parent=1529521"}],"wp:term":[{"taxonomy":"category","embeddable":true,"href":"https:\/\/analyse.optim.biz\/index.php?rest_route=%2Fwp%2Fv2%2Fcategories&post=1529521"},{"taxonomy":"post_tag","embeddable":true,"href":"https:\/\/analyse.optim.biz\/index.php?rest_route=%2Fwp%2Fv2%2Ftags&post=1529521"}],"curies":[{"name":"wp","href":"https:\/\/api.w.org\/{rel}","templated":true}]}}