{"id":152950,"date":"2016-12-21T12:39:48","date_gmt":"2016-12-21T09:39:48","guid":{"rendered":"https:\/\/analyse.optim.biz\/?p=152950"},"modified":"2016-12-21T12:39:48","modified_gmt":"2016-12-21T09:39:48","slug":"nume-vehiculate-in-psd-pentru-viitorul-guvern","status":"publish","type":"post","link":"https:\/\/analyse.optim.biz\/?p=152950","title":{"rendered":"Nume vehiculate \u00een PSD pentru viitorul Guvern"},"content":{"rendered":"<div class=\"entry data-app-meta data-app-meta-article\" data-embed-base-url-canonical=\"https:\/\/www.digi24.ro\/embed\/stiri\/actualitate\/politica\/nume-vehiculate-in-psd-pentru-viitorul-guvern-636377\">\n<p data-index=\"1\">Pentru func\u021bia de premier, PSD-ALDE au propus-o pe Sevil Shhaideh, fost\u0103 ministr\u0103 a Dezvolt\u0103rii Regionale. De asemenea, cele dou\u0103 partide \u0219i-au \u00eemp\u0103r\u021bit \u00eentre ele ministerele \u0219i au ap\u0103rut primele variante privind componen\u021ba Guvernului. Vasile D\u00eencu, Robert Cazanciuc, Mihai Fifor \u0219i Sorin C\u00e2mpeanu sunt c\u00e2teva dintre numele vehiculate pentru a prelua ministere cheie din cabinetul viitorului premier, potrivit Digi24 TV.\u00a0<\/p>\n<p data-index=\"2\">Posibila componen\u0163\u0103 a Guvernului:\u00a0<\/p>\n<p data-index=\"3\"><strong>PSD<\/strong><\/p>\n<p data-index=\"4\">Ministerul Dezvolt\u0103rii: Marcel Ciolacu sau Vasile D\u00eencu<\/p>\n<p data-index=\"5\">Ministerul Justi\u0163iei: Florin Iordache sau Robert Cazanciuc<\/p>\n<p data-index=\"6\">Ministerul Comunica\u0163iilor: Georgian Pop<\/p>\n<p data-index=\"7\">Ministerul Transporturilor: Mihai Fifor<\/p>\n<p data-index=\"8\">Ministerul Sportului: Gabriel Petrea<\/p>\n<p data-index=\"9\">Ministerul Economiei: Mihai Tudose<\/p>\n<p data-index=\"10\">Ministerul de Interne: Gabriel Vlase<\/p>\n<p data-index=\"11\">Ministerul pentru Dialog Social: Eugen Nicolicea<\/p>\n<p data-index=\"12\"><strong>ALDE<\/strong><\/p>\n<p data-index=\"13\">Ministerul Educa\u0163iei: Sorin C\u00e2mpeanu<\/p>\n<p data-index=\"14\">Ministerul Mediului: Gra\u0163iela Gavrilescu sau Daniel Constantin<\/p>\n<p data-index=\"15\">Ministerul Culturii: Daniel Barbu<\/p>\n<p data-index=\"16\">Ministerul S\u0103n\u0103t\u0103\u0163ii: Florian Popa<\/p>\n<p data-index=\"17\">Ministerul pentru IMM-uri: Florin Jianu<\/p>\n<p data-index=\"18\"><strong>Pentru func\u021bia de ministru al Dezvolt\u0103rii o variant\u0103 vehiculat\u0103 este Marcel Ciolacu<\/strong>, \u00een prezent secretar al Camerei Deputa\u021bilor. \u00cen perioada 2012-2016 a fost deputat de Buz\u0103u, iar anterior, din 2008 p\u00e2n\u0103 \u00een 2012 a fost viceprimar \u00een Buz\u0103u. De asemenea, \u00een perioada mai 2007 &#8211; iulie 2008 a fost director Executiv la Urbis Serv SRL. Marcel Ciolacu a ob\u021binut titlul de doctor la \u015ecoala Doctoral\u0103 de Informa\u0163ii \u015fi Securitate Na\u0163ional\u0103.\u00a0<\/p>\n<p data-index=\"19\">Pentru <strong>Ministerul Dezvolt\u0103rii, numele vehiculat este cel al vicepremierul Vasile D\u00eencu<\/strong> \u0219i \u00een prezent ocupantul acestui fotoliu. Din 2009 p\u00e2n\u0103 \u00een 2015, Vasile D\u00eencu a fost pre\u0219edintele Institutului Rom\u00e2n pentru Evaluare \u0219i Strategie &#8211; IRES. De asemenea, din 2002 este profesor universitar la Departamentul de Sociologie de la\u00a0Facultatea de Sociologie \u0219i Asisten\u021b\u0103 Social\u0103 \u0219i din 2009 este profesor asociat la\u00a0Academia Na\u0163ional\u0103 de Informa\u0163ii \u201eMihai Viteazul&#8221; Bucure\u0219ti.\u00a0<\/p>\n<p data-index=\"20\">De asemenea, <strong>noul ministru al Justi\u021biei ar putea fi Florin Iordache,<\/strong> pre\u0219edintele Camerei Deputa\u021bilor. Florin Iordache a avut \u00een perioada 2012-2016 un mandat de deputat de Olt. \u00cen perioada 1996-2000 a fost viceprimar \u00een Caracal. El a ob\u021binut un masterat \u00een 2006 la\u00a0Universitatea \u201eNicolae Titulescu&#8221; \u0219i un doctorat \u00een \u201eRela\u021bii economice interna\u021bionale\u201d.\u00a0<\/p>\n<p data-index=\"21\">Tot pentru acest Minister, <strong>se vehiculeaz\u0103 \u0219i numele fostului ministru al Justi\u021biei, \u00een perioada 2013-2015, Robert Cazanciuc<\/strong>. Politicianul \u0219i-a \u00eenceput cariera \u00een 1995 ca procuror. De atunci, a mai ocupat func\u021bia de director\u00a0general \u00een cadrul Corpului de control al premierului (2001-2004) \u0219i cea de secretar general \u00een cadrul MAE (2009-2012).\u00a0<\/p>\n<p data-index=\"22\"><strong>Ministerul Comunica\u021biilor ar putea fi condus de deputatul Georgian Pop.<\/strong> Doctor \u00een Sociologie la Universitatea din Bucure\u0219ti, Pop a absolvit\u00a0Colegiul Na\u0163ional de Informa\u0163ii \u0219i\u00a0 Colegiul Na\u0163ional de Ap\u0103rare.\u00a0<\/p>\n<p data-index=\"23\"><strong>Mihai Fifor, secretar de stat \u00een cadrul MAI, este numele vehiculat pentru func\u021bia de ministru al Transporturilor<\/strong>. \u00a0\u00cen 2010, Mihai Fifor a fost pre\u0219edintele Filialei PSD-Craiova.\u00a0<\/p>\n<p data-index=\"24\"><strong>La Ministerul Economiei ar putea fi nominalizat deputatul Mihai Tudose.<\/strong> El a mai ocupat aceast\u0103 func\u021bie \u00een perioada 2014 &#8211; noiembrie 2015. A absolvit Facultatea de \u0218tiin\u021be Juridice \u00een 1995 \u0219i din 2013 este conferen\u021biar la\u00a0\u00a0Academia Na\u021bional\u0103 de Informa\u021bii \u201eMihai Viteazul&#8221;, din cadrul SRI.\u00a0<\/p>\n<p data-index=\"25\">Sursa: Digi24 TV<\/p>\n<\/div>\n<p> Source URL: https:\/\/www.digi24.ro\/stiri\/actualitate\/politica\/nume-vehiculate-in-psd-pentru-viitorul-guvern-636377<\/p>\n","protected":false},"excerpt":{"rendered":"<p>Pentru func\u021bia de premier, PSD-ALDE au propus-o pe Sevil Shhaideh, fost\u0103 ministr\u0103 a Dezvolt\u0103rii Regionale. De asemenea, cele dou\u0103 partide \u0219i-au \u00eemp\u0103r\u021bit \u00eentre ele ministerele \u0219i au ap\u0103rut primele variante privind componen\u021ba Guvernului. Vasile D\u00eencu, Robert Cazanciuc, Mihai Fifor \u0219i Sorin C\u00e2mpeanu sunt c\u00e2teva dintre numele vehiculate pentru a prelua ministere cheie din cabinetul viitorului [&hellip;]<\/p>\n","protected":false},"author":1,"featured_media":152951,"comment_status":"open","ping_status":"","sticky":false,"template":"","format":"standard","meta":{"footnotes":""},"categories":[2],"tags":[11],"class_list":["post-152950","post","type-post","status-publish","format-standard","has-post-thumbnail","hentry","category-politics","tag-digi24"],"_links":{"self":[{"href":"https:\/\/analyse.optim.biz\/index.php?rest_route=\/wp\/v2\/posts\/152950","targetHints":{"allow":["GET"]}}],"collection":[{"href":"https:\/\/analyse.optim.biz\/index.php?rest_route=\/wp\/v2\/posts"}],"about":[{"href":"https:\/\/analyse.optim.biz\/index.php?rest_route=\/wp\/v2\/types\/post"}],"author":[{"embeddable":true,"href":"https:\/\/analyse.optim.biz\/index.php?rest_route=\/wp\/v2\/users\/1"}],"replies":[{"embeddable":true,"href":"https:\/\/analyse.optim.biz\/index.php?rest_route=%2Fwp%2Fv2%2Fcomments&post=152950"}],"version-history":[{"count":0,"href":"https:\/\/analyse.optim.biz\/index.php?rest_route=\/wp\/v2\/posts\/152950\/revisions"}],"wp:featuredmedia":[{"embeddable":true,"href":"https:\/\/analyse.optim.biz\/index.php?rest_route=\/wp\/v2\/media\/152951"}],"wp:attachment":[{"href":"https:\/\/analyse.optim.biz\/index.php?rest_route=%2Fwp%2Fv2%2Fmedia&parent=152950"}],"wp:term":[{"taxonomy":"category","embeddable":true,"href":"https:\/\/analyse.optim.biz\/index.php?rest_route=%2Fwp%2Fv2%2Fcategories&post=152950"},{"taxonomy":"post_tag","embeddable":true,"href":"https:\/\/analyse.optim.biz\/index.php?rest_route=%2Fwp%2Fv2%2Ftags&post=152950"}],"curies":[{"name":"wp","href":"https:\/\/api.w.org\/{rel}","templated":true}]}}