{"id":1529449,"date":"2026-01-28T22:38:34","date_gmt":"2026-01-28T19:38:34","guid":{"rendered":"https:\/\/analyse.optim.biz\/?p=1529449"},"modified":"2026-01-28T22:38:34","modified_gmt":"2026-01-28T19:38:34","slug":"lisboa-ya-no-quiere-al-real-madrid-el-benfica-le-deja-fuera-del-top-8%e2%80%b2","status":"publish","type":"post","link":"https:\/\/analyse.optim.biz\/?p=1529449","title":{"rendered":"Lisboa ya no quiere al Real Madrid: el Benfica le deja fuera del \u2018top 8\u2032"},"content":{"rendered":"<article id=\"main-content\" class=\"a _g _g-lg _g-o\">\n<div class=\"scr-hdr is-football\">\n<div class=\"ct\">\n<section data-state=\"SPORT_EVENT_STATE_FINISHED\" class=\"scr-hdr__scr is-postgame\">\n<div class=\"scr-hdr__team is-local\"><span class=\"scr-hdr__team__wr\"><img loading=\"lazy\" decoding=\"async\" title=\"Benfica\" class=\"scr-hdr__team__logo\" src=\"https:\/\/analyse.optim.biz\/wp-content\/uploads\/2026\/01\/44-2.png\" width=\"70\" height=\"70\" data-error-image=\"https:\/\/static.prisa.com\/aside\/resizer\/resize\/img\/sports\/football\/teams\/default.png?width=160&amp;height=160\"><\/p>\n<div class=\"scr-hdr__team__name\"><span class=\"name-large\">Benfica<\/span><abbr class=\"name-short\" title=\"Benfica\">BEN<\/abbr><\/div>\n<p><\/span><span class=\"scr-hdr__score\">4<\/span><\/p>\n<div class=\"scr-hdr__scorers\"><span>Andreas Schjelderup 35&#8242;, 53&#8242;,<\/span><span>Vangelis Pavlidis 49&#8242; (p),<\/span><span>Anatolii Trubin 97&#8242;<\/span><\/div>\n<\/div>\n<div class=\"scr-hdr__team is-visitor\"><span class=\"scr-hdr__team__wr\"><img loading=\"lazy\" decoding=\"async\" title=\"Real Madrid\" class=\"scr-hdr__team__logo\" src=\"https:\/\/analyse.optim.biz\/wp-content\/uploads\/2026\/01\/1-6.png\" width=\"70\" height=\"70\" data-error-image=\"https:\/\/static.prisa.com\/aside\/resizer\/resize\/img\/sports\/football\/teams\/default.png?width=160&amp;height=160\"><\/p>\n<div class=\"scr-hdr__team__name\"><span class=\"name-large\">Real Madrid<\/span><abbr class=\"name-short\" title=\"Real Madrid\">RMA<\/abbr><\/div>\n<p><\/span><span class=\"scr-hdr__score\">2<\/span><\/p>\n<div class=\"scr-hdr__scorers\"><span>Kylian Mbappe 29&#8242;, 57&#8242;,<\/span><span class=\"red-card\">Ra\u00fal Asencio 91&#8242;,<\/span><span class=\"red-card\">Rodrygo 95&#8242;<\/span><\/div>\n<\/div>\n<div class=\"scr-hdr__info\">\n<div class=\"scr-hdr__status\"><span class=\"scr-hdr__status__txt\">Finalizado<\/span><\/div>\n<\/div>\n<\/section>\n<\/div>\n<nav class=\"sec-nav\">\n<div class=\"ct sec-nav__ct \">\n<ul class=\"sec-nav__li\">\n<li><a data-item=\"pre-event\" data-activa href=\"https:\/\/elpais.com\/deportes\/futbol\/2026-01-28\/el-duro-invierno-de-jose-mourinho-en-el-benfica-ante-su-nino-arbeloa.html\">PREVIA<\/a><\/li>\n<li><a data-item=\"live\" data-activa href=\"https:\/\/elpais.com\/deportes\/futbol\/2026-01-28\/benfica-real-madrid-en-directo-el-partido-de-champions-league-en-vivo.html\">DIRECTO<\/a><\/li>\n<li><a data-item=\"lineups\" data-activa href=\"https:\/\/elpais.com\/deportes\/resultados\/futbol\/champions\/2025_2026\/directo\/regular-a-8-68b2e0b9bd15151\/alineaciones\/\">ALINEACIONES<\/a><\/li>\n<li><a data-item=\"stats\" data-activa href=\"https:\/\/elpais.com\/deportes\/resultados\/futbol\/champions\/2025_2026\/directo\/regular-a-8-68b2e0b9bd15151\/estadisticas\/\">ESTAD\u00cdSTICAS<\/a><\/li>\n<li><a data-item=\"post-event\" class=\"is-selected\" data-activa href=\"https:\/\/elpais.com\/deportes\/futbol\/2026-01-28\/lisboa-ya-no-quiere-al-real-madrid-el-benfica-le-deja-fuera-del-top-8.html\">CR\u00d3NICA<\/a><\/li>\n<\/ul>\n<\/div>\n<\/nav>\n<\/div>\n<header class=\"a_e _g _g-xs\">\n<div class=\"a_e_txt _df\">\n<div class=\"a_k _df\"><a class=\"a_k_n\" href=\"https:\/\/elpais.com\/noticias\/champions-league\/\">Champions League<\/a><\/div>\n<h1 class=\"a_t\">Lisboa ya no quiere al Real Madrid: el Benfica le deja fuera del \u2018top 8\u2032<\/h1>\n<p class=\"a_st\">El equipo de Mourinho abrasa con su intensidad al equipo de Arbeloa, que no encuentra respuesta a la tormenta de los portugueses y se ve obligado a una ronda extra en febrero<\/p>\n<\/div>\n<div class='\"ph-v_t\"'>Mourinho: &#8220;Le he pedido disculpas a Arbeloa por c\u00f3mo lo he celebrado&#8221;<\/div>\n<p>n      &#8220;}},&#8221;video_agency&#8221;:false,&#8221;alt_image&#8221;:&#8221;Mourinho: &#8220;Le he pedido disculpas a Arbeloa por c\u00f3mo lo he celebrado&#8221;&#8221;},&#8221;url&#8221;:&#8221;https:\/\/cloudfront-eu-central-1.images.arcpublishing.com\/prisa\/GRAQRAEYYZM43KYPK2ET42CLHE.jpg&#8221;,&#8221;alt&#8221;:&#8221;Mourinho: &#8220;Le he pedido disculpas a Arbeloa por c\u00f3mo lo he celebrado&#8221;&#8221;,&#8221;ogWidth&#8221;:16,&#8221;ogHeight&#8221;:9,&#8221;floating&#8221;:false,&#8221;preset&#8221;:{&#8220;crops&#8221;:{&#8220;414w&#8221;:{&#8220;width&#8221;:414,&#8221;height&#8221;:233},&#8221;640w&#8221;:{&#8220;width&#8221;:828,&#8221;height&#8221;:466},&#8221;1000w&#8221;:{&#8220;width&#8221;:980,&#8221;height&#8221;:551},&#8221;1200w&#8221;:{&#8220;width&#8221;:1200,&#8221;height&#8221;:675}},&#8221;sizes&#8221;:&#8221;(min-width:1199px) 661px, (min-width: 1001px) calc((100vw &#8211; 385px)\/12*7 + 186px), (min-width:767px) 767px, 100vw&#8221;,&#8221;default&#8221;:&#8221;414w&#8221;},&#8221;resized_urls&#8221;:{&#8220;414&#215;0&#8243;:&#8221;pU9-67kqw7M5ziqUBzWWzpN02HE=\/414&#215;0\/&#8221;,&#8221;640&#215;0&#8243;:&#8221;qFsFO21DHPx0BuyCfIx1_mqVnIU=\/640&#215;0\/&#8221;,&#8221;1000&#215;0&#8243;:&#8221;Qx1vyTbp7klFLeueEbuLlMS9Bpc=\/1000&#215;0\/&#8221;,&#8221;1200&#215;0&#8243;:&#8221;0FjarUu1PjkvsX5DRMLtbIj3zaY=\/1200&#215;0\/&#8221;,&#8221;414&#215;414&#8243;:&#8221;jbMVy2H8oLS0ZGptcH-f8Pd-e2c=\/414&#215;414\/&#8221;,&#8221;640&#215;640&#8243;:&#8221;BjOKdgXdfhAq2_CQQgCPco6gprA=\/640&#215;640\/&#8221;,&#8221;1000&#215;1000&#8243;:&#8221;rsp7gCyC__X9fmNruSnC5WtfmMM=\/1000&#215;1000\/&#8221;,&#8221;1200&#215;1200&#8243;:&#8221;UyyJffyzWz42e2cGLjA5DOgFz2w=\/1200&#215;1200\/&#8221;,&#8221;414&#215;311&#8243;:&#8221;QNNiMzXwc5JMpA6mM5pxe1lbPf4=\/414&#215;311\/&#8221;,&#8221;640&#215;480&#8243;:&#8221;rdJokhZXHtfMJctwiBaNg71XmXM=\/640&#215;480\/&#8221;,&#8221;1000&#215;750&#8243;:&#8221;Llmt61Ug3wjHyLSuj4ZvB7ZK56w=\/1000&#215;750\/&#8221;,&#8221;1200&#215;900&#8243;:&#8221;-Mem8f37B-dB8CxDg64DsYzEjhM=\/1200&#215;900\/&#8221;,&#8221;414&#215;233&#8243;:&#8221;oCwxvh-EfXyPZ9ypg5PaQxnzfLA=\/414&#215;233\/&#8221;,&#8221;640&#215;360&#8243;:&#8221;se4UBSZxL-VHhXA1kN5ZiDobLIg=\/640&#215;360\/&#8221;,&#8221;1000&#215;563&#8243;:&#8221;IpsV-t9ibtG29IcWG6uM4B4AOvw=\/1000&#215;563\/&#8221;,&#8221;1200&#215;675&#8243;:&#8221;zisb0wH9NFeJFXfUG4Q2H59mW6g=\/1200&#215;675\/&#8221;,&#8221;828&#215;0&#8243;:&#8221;4GBWAYTfmE774ZPA2e9gnJzwAR0=\/828&#215;0\/&#8221;,&#8221;980&#215;0&#8243;:&#8221;SGsskZfGNvOpZlYFjn3Fb7qCheA=\/980&#215;0\/&#8221;,&#8221;1960&#215;0&#8243;:&#8221;JSOHwyowr6re0wOkGRmsBKc0jjw=\/1960&#215;0\/&#8221;,&#8221;828&#215;828&#8243;:&#8221;WQmtFJFIjVkbGiG1SkS6j4gj8ls=\/828&#215;828\/&#8221;,&#8221;980&#215;980&#8243;:&#8221;t4Z303_roEoHehMIRGS3URCKXCA=\/980&#215;980\/&#8221;,&#8221;1960&#215;1960&#8243;:&#8221;qMWKkQNWmj0uBhMhZSDRULMsN90=\/1960&#215;1960\/&#8221;,&#8221;828&#215;621&#8243;:&#8221;0Nv2eOu05zu_KmnZmaB3pft16No=\/828&#215;621\/&#8221;,&#8221;980&#215;735&#8243;:&#8221;48wAdvHeI2EftLUysXA77j8_erA=\/980&#215;735\/&#8221;,&#8221;1960&#215;1470&#8243;:&#8221;lLzSS8h3IKCqn_rUeR6zPnG0dMY=\/1960&#215;1470\/&#8221;,&#8221;828&#215;466&#8243;:&#8221;PuRBWCfzu3SBwuNOzHLaeokAoAo=\/828&#215;466\/&#8221;,&#8221;980&#215;551&#8243;:&#8221;0tMg5jL_TZLtXuluoyra1cxs_7M=\/980&#215;551\/&#8221;,&#8221;1960&#215;1103&#8243;:&#8221;Tbe2tx90WE2B75sBzx2prrW29R4=\/1960&#215;1103\/&#8221;,&#8221;146&#215;110&#8243;:&#8221;NwqTP4pzwtIiruCN1sI_97-o2TI=\/146&#215;110\/&#8221;,&#8221;292&#215;219&#8243;:&#8221;6PBaKo9KD_hyxjyhuw7PS7mmcho=\/292&#215;219\/&#8221;,&#8221;290&#215;290&#8243;:&#8221;2fp6UNtzf6zzNT4Ii8IhC2AJw3o=\/290&#215;290\/&#8221;,&#8221;145&#215;145&#8243;:&#8221;zbdp1cQGOMTb_h66Yb2RAFIAscY=\/145&#215;145\/&#8221;,&#8221;100&#215;100&#8243;:&#8221;up0pNENJCENUKHgLJTIuGEvyIS0=\/100&#215;100\/&#8221;,&#8221;80&#215;80&#8243;:&#8221;Aah_694JwQn7oSUBh0z4iaN2LRM=\/80&#215;80\/&#8221;,&#8221;117&#215;20&#8243;:&#8221;bZtocx5gykforvbSgRKyzWPt_QY=\/117&#215;20\/&#8221;,&#8221;35&#215;35&#8243;:&#8221;6Ku1HX7eDEHucu-b5tOUK1HzHMc=\/35&#215;35\/&#8221;,&#8221;643&#215;361&#8243;:&#8221;o4TPnDB2swdC88xm3zDDrOqWn8s=\/643&#215;361\/&#8221;,&#8221;1286&#215;722&#8243;:&#8221;nniwxXum8ePLjnxzioa_27BEdu8=\/1286&#215;722\/&#8221;,&#8221;180&#215;180&#8243;:&#8221;OX9pouVrWdD6BKs_dZiReyzbhAA=\/180&#215;180\/&#8221;,&#8221;300&#215;300&#8243;:&#8221;d4dAWTkSAddcfSJluLkZzB7vFZE=\/300&#215;300\/&#8221;,&#8221;260&#215;390&#8243;:&#8221;zYihOM_Qcdj2gTgFZZCFuUTxf-E=\/260&#215;390\/&#8221;,&#8221;400&#215;600&#8243;:&#8221;zCA44NNU4txsjUBwH7PCFqFe2gI=\/400&#215;600\/&#8221;,&#8221;220&#215;220&#8243;:&#8221;gh5ytX5nISxmiNkquSW8b8-mlFg=\/220&#215;220\/&#8221;,&#8221;440&#215;440&#8243;:&#8221;e6htg80prIZBDm0F_mAEwRdXrSQ=\/440&#215;440\/&#8221;,&#8221;660&#215;660&#8243;:&#8221;THTYbtUJH6T6wRxyhwbn3fZXkT8=\/660&#215;660\/&#8221;},&#8221;resized_urls_v2&#8243;:{&#8220;414&#215;0&#8243;:&#8221;\/GRAQRAEYYZM43KYPK2ET42CLHE.jpg?auth=183543418c66cac672baa1dfe4b666efcb2327d2e2f0ed36bf2307df7c0184c8&amp;width=414&#8243;,&#8221;640&#215;0&#8243;:&#8221;\/GRAQRAEYYZM43KYPK2ET42CLHE.jpg?auth=183543418c66cac672baa1dfe4b666efcb2327d2e2f0ed36bf2307df7c0184c8&amp;width=640&#8243;,&#8221;1000&#215;0&#8243;:&#8221;\/GRAQRAEYYZM43KYPK2ET42CLHE.jpg?auth=183543418c66cac672baa1dfe4b666efcb2327d2e2f0ed36bf2307df7c0184c8&amp;width=1000&#8243;,&#8221;1200&#215;0&#8243;:&#8221;\/GRAQRAEYYZM43KYPK2ET42CLHE.jpg?auth=183543418c66cac672baa1dfe4b666efcb2327d2e2f0ed36bf2307df7c0184c8&amp;width=1200&#8243;,&#8221;414&#215;414&#8243;:&#8221;\/GRAQRAEYYZM43KYPK2ET42CLHE.jpg?auth=183543418c66cac672baa1dfe4b666efcb2327d2e2f0ed36bf2307df7c0184c8&amp;width=414&amp;height=414&amp;smart=true&#8221;,&#8221;640&#215;640&#8243;:&#8221;\/GRAQRAEYYZM43KYPK2ET42CLHE.jpg?auth=183543418c66cac672baa1dfe4b666efcb2327d2e2f0ed36bf2307df7c0184c8&amp;width=640&amp;height=640&amp;smart=true&#8221;,&#8221;1000&#215;1000&#8243;:&#8221;\/GRAQRAEYYZM43KYPK2ET42CLHE.jpg?auth=183543418c66cac672baa1dfe4b666efcb2327d2e2f0ed36bf2307df7c0184c8&amp;width=1000&amp;height=1000&amp;smart=true&#8221;,&#8221;1200&#215;1200&#8243;:&#8221;\/GRAQRAEYYZM43KYPK2ET42CLHE.jpg?auth=183543418c66cac672baa1dfe4b666efcb2327d2e2f0ed36bf2307df7c0184c8&amp;width=1200&amp;height=1200&amp;smart=true&#8221;,&#8221;414&#215;311&#8243;:&#8221;\/GRAQRAEYYZM43KYPK2ET42CLHE.jpg?auth=183543418c66cac672baa1dfe4b666efcb2327d2e2f0ed36bf2307df7c0184c8&amp;width=414&amp;height=311&amp;smart=true&#8221;,&#8221;640&#215;480&#8243;:&#8221;\/GRAQRAEYYZM43KYPK2ET42CLHE.jpg?auth=183543418c66cac672baa1dfe4b666efcb2327d2e2f0ed36bf2307df7c0184c8&amp;width=640&amp;height=480&amp;smart=true&#8221;,&#8221;1000&#215;750&#8243;:&#8221;\/GRAQRAEYYZM43KYPK2ET42CLHE.jpg?auth=183543418c66cac672baa1dfe4b666efcb2327d2e2f0ed36bf2307df7c0184c8&amp;width=1000&amp;height=750&amp;smart=true&#8221;,&#8221;1200&#215;900&#8243;:&#8221;\/GRAQRAEYYZM43KYPK2ET42CLHE.jpg?auth=183543418c66cac672baa1dfe4b666efcb2327d2e2f0ed36bf2307df7c0184c8&amp;width=1200&amp;height=900&amp;smart=true&#8221;,&#8221;414&#215;233&#8243;:&#8221;\/GRAQRAEYYZM43KYPK2ET42CLHE.jpg?auth=183543418c66cac672baa1dfe4b666efcb2327d2e2f0ed36bf2307df7c0184c8&amp;width=414&amp;height=233&amp;smart=true&#8221;,&#8221;640&#215;360&#8243;:&#8221;\/GRAQRAEYYZM43KYPK2ET42CLHE.jpg?auth=183543418c66cac672baa1dfe4b666efcb2327d2e2f0ed36bf2307df7c0184c8&amp;width=640&amp;height=360&amp;smart=true&#8221;,&#8221;1000&#215;563&#8243;:&#8221;\/GRAQRAEYYZM43KYPK2ET42CLHE.jpg?auth=183543418c66cac672baa1dfe4b666efcb2327d2e2f0ed36bf2307df7c0184c8&amp;width=1000&amp;height=563&amp;smart=true&#8221;,&#8221;1200&#215;675&#8243;:&#8221;\/GRAQRAEYYZM43KYPK2ET42CLHE.jpg?auth=183543418c66cac672baa1dfe4b666efcb2327d2e2f0ed36bf2307df7c0184c8&amp;width=1200&amp;height=675&amp;smart=true&#8221;,&#8221;828&#215;0&#8243;:&#8221;\/GRAQRAEYYZM43KYPK2ET42CLHE.jpg?auth=183543418c66cac672baa1dfe4b666efcb2327d2e2f0ed36bf2307df7c0184c8&amp;width=828&#8243;,&#8221;980&#215;0&#8243;:&#8221;\/GRAQRAEYYZM43KYPK2ET42CLHE.jpg?auth=183543418c66cac672baa1dfe4b666efcb2327d2e2f0ed36bf2307df7c0184c8&amp;width=980&#8243;,&#8221;1960&#215;0&#8243;:&#8221;\/GRAQRAEYYZM43KYPK2ET42CLHE.jpg?auth=183543418c66cac672baa1dfe4b666efcb2327d2e2f0ed36bf2307df7c0184c8&amp;width=1960&#8243;,&#8221;828&#215;828&#8243;:&#8221;\/GRAQRAEYYZM43KYPK2ET42CLHE.jpg?auth=183543418c66cac672baa1dfe4b666efcb2327d2e2f0ed36bf2307df7c0184c8&amp;width=828&amp;height=828&amp;smart=true&#8221;,&#8221;980&#215;980&#8243;:&#8221;\/GRAQRAEYYZM43KYPK2ET42CLHE.jpg?auth=183543418c66cac672baa1dfe4b666efcb2327d2e2f0ed36bf2307df7c0184c8&amp;width=980&amp;height=980&amp;smart=true&#8221;,&#8221;1960&#215;1960&#8243;:&#8221;\/GRAQRAEYYZM43KYPK2ET42CLHE.jpg?auth=183543418c66cac672baa1dfe4b666efcb2327d2e2f0ed36bf2307df7c0184c8&amp;width=1960&amp;height=1960&amp;smart=true&#8221;,&#8221;828&#215;621&#8243;:&#8221;\/GRAQRAEYYZM43KYPK2ET42CLHE.jpg?auth=183543418c66cac672baa1dfe4b666efcb2327d2e2f0ed36bf2307df7c0184c8&amp;width=828&amp;height=621&amp;smart=true&#8221;,&#8221;980&#215;735&#8243;:&#8221;\/GRAQRAEYYZM43KYPK2ET42CLHE.jpg?auth=183543418c66cac672baa1dfe4b666efcb2327d2e2f0ed36bf2307df7c0184c8&amp;width=980&amp;height=735&amp;smart=true&#8221;,&#8221;1960&#215;1470&#8243;:&#8221;\/GRAQRAEYYZM43KYPK2ET42CLHE.jpg?auth=183543418c66cac672baa1dfe4b666efcb2327d2e2f0ed36bf2307df7c0184c8&amp;width=1960&amp;height=1470&amp;smart=true&#8221;,&#8221;828&#215;466&#8243;:&#8221;\/GRAQRAEYYZM43KYPK2ET42CLHE.jpg?auth=183543418c66cac672baa1dfe4b666efcb2327d2e2f0ed36bf2307df7c0184c8&amp;width=828&amp;height=466&amp;smart=true&#8221;,&#8221;980&#215;551&#8243;:&#8221;\/GRAQRAEYYZM43KYPK2ET42CLHE.jpg?auth=183543418c66cac672baa1dfe4b666efcb2327d2e2f0ed36bf2307df7c0184c8&amp;width=980&amp;height=551&amp;smart=true&#8221;,&#8221;1960&#215;1103&#8243;:&#8221;\/GRAQRAEYYZM43KYPK2ET42CLHE.jpg?auth=183543418c66cac672baa1dfe4b666efcb2327d2e2f0ed36bf2307df7c0184c8&amp;width=1960&amp;height=1103&amp;smart=true&#8221;,&#8221;146&#215;110&#8243;:&#8221;\/GRAQRAEYYZM43KYPK2ET42CLHE.jpg?auth=183543418c66cac672baa1dfe4b666efcb2327d2e2f0ed36bf2307df7c0184c8&amp;width=146&amp;height=110&amp;smart=true&#8221;,&#8221;292&#215;219&#8243;:&#8221;\/GRAQRAEYYZM43KYPK2ET42CLHE.jpg?auth=183543418c66cac672baa1dfe4b666efcb2327d2e2f0ed36bf2307df7c0184c8&amp;width=292&amp;height=219&amp;smart=true&#8221;,&#8221;290&#215;290&#8243;:&#8221;\/GRAQRAEYYZM43KYPK2ET42CLHE.jpg?auth=183543418c66cac672baa1dfe4b666efcb2327d2e2f0ed36bf2307df7c0184c8&amp;width=290&amp;height=290&amp;smart=true&#8221;,&#8221;145&#215;145&#8243;:&#8221;\/GRAQRAEYYZM43KYPK2ET42CLHE.jpg?auth=183543418c66cac672baa1dfe4b666efcb2327d2e2f0ed36bf2307df7c0184c8&amp;width=145&amp;height=145&amp;smart=true&#8221;,&#8221;100&#215;100&#8243;:&#8221;\/GRAQRAEYYZM43KYPK2ET42CLHE.jpg?auth=183543418c66cac672baa1dfe4b666efcb2327d2e2f0ed36bf2307df7c0184c8&amp;width=100&amp;height=100&amp;smart=true&#8221;,&#8221;80&#215;80&#8243;:&#8221;\/GRAQRAEYYZM43KYPK2ET42CLHE.jpg?auth=183543418c66cac672baa1dfe4b666efcb2327d2e2f0ed36bf2307df7c0184c8&amp;width=80&amp;height=80&amp;smart=true&#8221;,&#8221;117&#215;20&#8243;:&#8221;\/GRAQRAEYYZM43KYPK2ET42CLHE.jpg?auth=183543418c66cac672baa1dfe4b666efcb2327d2e2f0ed36bf2307df7c0184c8&amp;width=117&amp;height=20&amp;smart=true&#8221;,&#8221;35&#215;35&#8243;:&#8221;\/GRAQRAEYYZM43KYPK2ET42CLHE.jpg?auth=183543418c66cac672baa1dfe4b666efcb2327d2e2f0ed36bf2307df7c0184c8&amp;width=35&amp;height=35&amp;smart=true&#8221;,&#8221;643&#215;361&#8243;:&#8221;\/GRAQRAEYYZM43KYPK2ET42CLHE.jpg?auth=183543418c66cac672baa1dfe4b666efcb2327d2e2f0ed36bf2307df7c0184c8&amp;width=643&amp;height=361&amp;smart=true&#8221;,&#8221;1286&#215;722&#8243;:&#8221;\/GRAQRAEYYZM43KYPK2ET42CLHE.jpg?auth=183543418c66cac672baa1dfe4b666efcb2327d2e2f0ed36bf2307df7c0184c8&amp;width=1286&amp;height=722&amp;smart=true&#8221;,&#8221;180&#215;180&#8243;:&#8221;\/GRAQRAEYYZM43KYPK2ET42CLHE.jpg?auth=183543418c66cac672baa1dfe4b666efcb2327d2e2f0ed36bf2307df7c0184c8&amp;width=180&amp;height=180&amp;smart=true&#8221;,&#8221;300&#215;300&#8243;:&#8221;\/GRAQRAEYYZM43KYPK2ET42CLHE.jpg?auth=183543418c66cac672baa1dfe4b666efcb2327d2e2f0ed36bf2307df7c0184c8&amp;width=300&amp;height=300&amp;smart=true&#8221;,&#8221;260&#215;390&#8243;:&#8221;\/GRAQRAEYYZM43KYPK2ET42CLHE.jpg?auth=183543418c66cac672baa1dfe4b666efcb2327d2e2f0ed36bf2307df7c0184c8&amp;width=260&amp;height=390&amp;smart=true&#8221;,&#8221;400&#215;600&#8243;:&#8221;\/GRAQRAEYYZM43KYPK2ET42CLHE.jpg?auth=183543418c66cac672baa1dfe4b666efcb2327d2e2f0ed36bf2307df7c0184c8&amp;width=400&amp;height=600&amp;smart=true&#8221;,&#8221;220&#215;220&#8243;:&#8221;\/GRAQRAEYYZM43KYPK2ET42CLHE.jpg?auth=183543418c66cac672baa1dfe4b666efcb2327d2e2f0ed36bf2307df7c0184c8&amp;width=220&amp;height=220&amp;smart=true&#8221;,&#8221;440&#215;440&#8243;:&#8221;\/GRAQRAEYYZM43KYPK2ET42CLHE.jpg?auth=183543418c66cac672baa1dfe4b666efcb2327d2e2f0ed36bf2307df7c0184c8&amp;width=440&amp;height=440&amp;smart=true&#8221;,&#8221;660&#215;660&#8243;:&#8221;\/GRAQRAEYYZM43KYPK2ET42CLHE.jpg?auth=183543418c66cac672baa1dfe4b666efcb2327d2e2f0ed36bf2307df7c0184c8&amp;width=660&amp;height=660&amp;smart=true&#8221;}});<\/p>\n<div class=\"videoTop videoTop-v\">\n<div id=\"video_202601297512774\">\n<div class=\"videoTop videoTop-ph\" id=\"ph_video_202601297512774\">\n<div role=\"button\" class=\"posicionador\" aria-label=\"Reproducir v\u00eddeo\"><img loading=\"lazy\" decoding=\"async\" class=\"_re lazyload a_m-h\" height=\"233\" width=\"414\" src=\"https:\/\/analyse.optim.biz\/wp-content\/uploads\/2026\/01\/graqraeyyzm43kypk2et42clhe-1.jpg\" title=\"graqraeyyzm43kypk2et42clhe-1\"><\/p>\n<div class=\"_pa _df ph-v_b\">\n<div class=\"_df ph-v_c\">\n<div class=\"ph-v_d _dib\">00:34<\/div>\n<div class=\"ph-v_t\">Mourinho: &#8220;Le he pedido disculpas a Arbeloa por c\u00f3mo lo he celebrado&#8221;<\/div>\n<\/div>\n<\/div>\n<\/div>\n<\/div>\n<\/div>\n<\/div><figcaption class=\"a_m_p\">Trubin marca el cuarto gol del Benfica al Real Madrid.<span class=\"a_m_m\"><span>Foto:<\/span>Pedro Nunes (REUTERS) | <span>V\u00eddeo:<\/span>AS<\/span><\/figcaption><\/header>\n<div class=\"a_md _g _g-xs \">\n<figure class=\"a_md_i a_m-h c_m--nf\"><span class=\"a_m_w _db\"><img decoding=\"async\" alt=\"David \u00c1lvarez\" class=\"_re lazyload a_m-h\" height=\"100\" width=\"100\" src=\"https:\/\/analyse.optim.biz\/wp-content\/uploads\/2026\/01\/https3a2f2fs3-amazonaws-com2farc-authors2fprisa2f618f3402-50ef-4c1c-ad22-1d21003dd6ae.jpg\" loading=\"lazy\" title=\"https3a2f2fs3-amazonaws-com2farc-authors2fprisa2f618f3402-50ef-4c1c-ad22-1d21003dd6ae\"><\/span><\/figure>\n<div class=\"a_md_txt\">\n<div class=\"a_md_a\" data-dtm-region=\"articulo_firma\"><a href=\"https:\/\/elpais.com\/autor\/david-alvarez-gonzalez\/#?rel=author_top\" title=\"Ver todas las noticias de David \u00c1lvarez\" class=\"a_md_a_n\">David \u00c1lvarez<\/a><\/div>\n<div class=\"a_md_f\"><span><a href=\"https:\/\/elpais.com\/hemeroteca\/2026-01-28\/\" data-date=\"2026-01-28T23:38:34+01:00\"><time data-date=\"2026-01-28T23:38:34+01:00\" datetime=\"2026-01-28T23:38:34+01:00\" id=\"article_date_p\">28 ene 2026 &#8211; 23:38<abbr title=\"Central European Time\">CET<\/abbr><\/time><\/a><\/span><\/div>\n<div class=\"w_rs\" data-dtm-region=\"articulo_botonera-social\">\n<div class=\"w_rs_i\"><a class=\"_btn hidden\" href=\"\/\/send?text=Lisboa%20ya%20no%20quiere%20al%20Real%20Madrid%3A%20el%20Benfica%20le%20deja%20fuera%20del%20%E2%80%98top%208%E2%80%B2%0D%0A%0D%0Ahttps%3A%2F%2Felpais.com%2Fdeportes%2Ffutbol%2F2026-01-28%2Flisboa-ya-no-quiere-al-real-madrid-el-benfica-le-deja-fuera-del-top-8.html%3Fssm=whatsapp_CC\" data-action=\"share\/whatsapp\/share\" data-param-description=\"Lisboa ya no quiere al Real Madrid: el Benfica le deja fuera del \u2018top 8\u2032\" data-param-href=\"https:\/\/elpais.com\/deportes\/futbol\/2026-01-28\/lisboa-ya-no-quiere-al-real-madrid-el-benfica-le-deja-fuera-del-top-8.html\" data-param-text=\"Lisboa ya no quiere al Real Madrid: el Benfica le deja fuera del \u2018top 8\u2032 https:\/\/elpais.com\/deportes\/futbol\/2026-01-28\/lisboa-ya-no-quiere-al-real-madrid-el-benfica-le-deja-fuera-del-top-8.html\" data-param-url=\"https:\/\/elpais.com\/deportes\/futbol\/2026-01-28\/lisboa-ya-no-quiere-al-real-madrid-el-benfica-le-deja-fuera-del-top-8.html\" target=\"_blank\" rel=\"noopener noreferrer\" data-share-track-dtm=\"whatsapp\" id=\"btn_share_whatsapp_143\"><span class=\"_sr\">Compartir en Whatsapp<\/span><\/a><\/div>\n<div class=\"w_rs_i\"><a class=\"_btn \" href=\"https:\/\/www.facebook.com\/dialog\/share?display=popup&amp;app_id=94039431626&amp;href=https%3A%2F%2Felpais.com%2Fdeportes%2Ffutbol%2F2026-01-28%2Flisboa-ya-no-quiere-al-real-madrid-el-benfica-le-deja-fuera-del-top-8.html%3Fssm=FB_CC&amp;quote=Lisboa%20ya%20no%20quiere%20al%20Real%20Madrid%3A%20el%20Benfica%20le%20deja%20fuera%20del%20%E2%80%98top%208%E2%80%B2\" data-param-app_id=\"94039431626\" data-param-description=\"Lisboa ya no quiere al Real Madrid: el Benfica le deja fuera del \u2018top 8\u2032\" data-param-href=\"https:\/\/elpais.com\/deportes\/futbol\/2026-01-28\/lisboa-ya-no-quiere-al-real-madrid-el-benfica-le-deja-fuera-del-top-8.html\" data-param-text=\"Lisboa ya no quiere al Real Madrid: el Benfica le deja fuera del \u2018top 8\u2032\" data-param-url=\"https:\/\/elpais.com\/deportes\/futbol\/2026-01-28\/lisboa-ya-no-quiere-al-real-madrid-el-benfica-le-deja-fuera-del-top-8.html\" target=\"_blank\" rel=\"noopener noreferrer\" data-share-track-dtm=\"facebook\" id=\"btn_share_facebook_143\"><span class=\"_sr\">Compartir en Facebook<\/span><\/a><\/div>\n<div class=\"w_rs_i\"><a class=\"_btn \" href=\"https:\/\/twitter.com\/intent\/tweet?url=https%3A%2F%2Felpais.com%2Fdeportes%2Ffutbol%2F2026-01-28%2Flisboa-ya-no-quiere-al-real-madrid-el-benfica-le-deja-fuera-del-top-8.html%3Fssm=TW_CC&amp;text=Lisboa%20ya%20no%20quiere%20al%20Real%20Madrid%3A%20el%20Benfica%20le%20deja%20fuera%20del%20%E2%80%98top%208%E2%80%B2&amp;via=el_pais&amp;lang=es\" data-param-description=\"Lisboa ya no quiere al Real Madrid: el Benfica le deja fuera del \u2018top 8\u2032\" data-param-href=\"https:\/\/elpais.com\/deportes\/futbol\/2026-01-28\/lisboa-ya-no-quiere-al-real-madrid-el-benfica-le-deja-fuera-del-top-8.html\" data-param-text=\"Lisboa ya no quiere al Real Madrid: el Benfica le deja fuera del \u2018top 8\u2032 via @el_pais\" data-param-url=\"https:\/\/elpais.com\/deportes\/futbol\/2026-01-28\/lisboa-ya-no-quiere-al-real-madrid-el-benfica-le-deja-fuera-del-top-8.html\" target=\"_blank\" rel=\"noopener noreferrer\" data-share-track-dtm=\"twitter\" id=\"btn_share_twitter_143\"><span class=\"_sr\">Compartir en Twitter<\/span><\/a><\/div>\n<div class=\"w_rs_i\"><a class=\"_btn \" href=\"https:\/\/bsky.app\/intent\/compose?text=https%3A%2F%2Felpais.com%2Fdeportes%2Ffutbol%2F2026-01-28%2Flisboa-ya-no-quiere-al-real-madrid-el-benfica-le-deja-fuera-del-top-8.html%3Fssm=bsky_CC\" data-param-description=\"Lisboa ya no quiere al Real Madrid: el Benfica le deja fuera del \u2018top 8\u2032\" data-param-href=\"https:\/\/elpais.com\/deportes\/futbol\/2026-01-28\/lisboa-ya-no-quiere-al-real-madrid-el-benfica-le-deja-fuera-del-top-8.html\" data-param-text=\"Lisboa ya no quiere al Real Madrid: el Benfica le deja fuera del \u2018top 8\u2032\" data-param-url=\"https:\/\/elpais.com\/deportes\/futbol\/2026-01-28\/lisboa-ya-no-quiere-al-real-madrid-el-benfica-le-deja-fuera-del-top-8.html\" target=\"_blank\" rel=\"noopener noreferrer\" data-share-track-dtm=\"bluesky\" id=\"btn_share_bluesky_143\"><span class=\"_sr\">Compartir en Bluesky<\/span><\/a><\/div>\n<div class=\"w_rs_i\"><a class=\"_btn \" href=\"https:\/\/www.linkedin.com\/sharing\/share-offsite\/?url=https%3A%2F%2Felpais.com%2Fdeportes%2Ffutbol%2F2026-01-28%2Flisboa-ya-no-quiere-al-real-madrid-el-benfica-le-deja-fuera-del-top-8.html%3Fssm=LK_CC\" data-param-description=\"Lisboa ya no quiere al Real Madrid: el Benfica le deja fuera del \u2018top 8\u2032\" data-param-href=\"https:\/\/elpais.com\/deportes\/futbol\/2026-01-28\/lisboa-ya-no-quiere-al-real-madrid-el-benfica-le-deja-fuera-del-top-8.html\" data-param-text=\"Lisboa ya no quiere al Real Madrid: el Benfica le deja fuera del \u2018top 8\u2032\" data-param-url=\"https:\/\/elpais.com\/deportes\/futbol\/2026-01-28\/lisboa-ya-no-quiere-al-real-madrid-el-benfica-le-deja-fuera-del-top-8.html\" target=\"_blank\" rel=\"noopener noreferrer\" data-share-track-dtm=\"linkedin\" id=\"btn_share_linkedin_143\"><span class=\"_sr\">Compartir en Linkedin<\/span><\/a><\/div>\n<div class=\"w_rs_i\"><a class=\"_btn rs_l\" href=\"https:\/\/elpais.com\/deportes\/futbol\/2026-01-28\/lisboa-ya-no-quiere-al-real-madrid-el-benfica-le-deja-fuera-del-top-8.html#?prm=copy_link\" data-share-track-dtm=\"copiar_url\" id=\"btn_share_link_30\"><span class=\"_sr\">Copiar enlace<\/span><\/a><\/div>\n<div class=\"w_rs_i\"><a class=\"_btn rs_c\" href=\"https:\/\/elpais.com\/deportes\/futbol\/2026-01-28\/lisboa-ya-no-quiere-al-real-madrid-el-benfica-le-deja-fuera-del-top-8.html#comments_container\" aria-expanded=\"false\" aria-controls=\"me-c\" data-share-track-dtm=\"eskup\" id=\"btn_share_comments_30\"><span class=\"_sr\">Ir a los comentarios<\/span><\/a><\/div>\n<\/div>\n<\/div>\n<\/div>\n<div class=\"a_c clearfix\" data-dtm-region=\"articulo_cuerpo\">\n<p class>El estadio Da Luz de Lisboa, tal vez el lugar m\u00e1s m\u00e1gico de la historia del Real Madrid reciente, perdi\u00f3 buena parte de su encantamiento cuando all\u00ed se levant\u00f3 <a href=\"https:\/\/elpais.com\/deportes\/futbol\/2026-01-28\/el-duro-invierno-de-jose-mourinho-en-el-benfica-ante-su-nino-arbeloa.html\" target=\"_self\" rel title=\"https:\/\/elpais.com\/deportes\/futbol\/2026-01-28\/el-duro-invierno-de-jose-mourinho-en-el-benfica-ante-su-nino-arbeloa.html\">ante ellos Jos\u00e9 Mourinho<\/a>, el entrenador que hab\u00eda pilotado los a\u00f1os que desembocaron en aquella final de la Champions contra el Atl\u00e9tico, la del gol de Ramos en el minuto 94. Su Benfica abras\u00f3 al Real con el fuego que a veces consigue prender en sus equipos y los portugueses dejaron fuera de los ocho primeros a su pupilo, Arbeloa, obligado a una ronda extra contra el Bodo Glimt, o tal vez de nuevo contra el Benfica.<\/p>\n<div class=\"w-chr w-chr-f _df\">\n<div class=\"w-chr_t w-chr_t-h\">\n<div class=\"w-chr_n w_t\"><abbr class=\"w-chr_n_a\">BEN<\/abbr><span class=\"w-chr_n_f _dn\">Benfica<\/span><\/div>\n<div class=\"w-chr_d\">\n<div class=\"w-chr_cre\"><img decoding=\"async\" title=\"Benfica\" loading=\"lazy\" src=\"https:\/\/analyse.optim.biz\/wp-content\/uploads\/2026\/01\/44-2.png\" width=\"80\" height=\"80\" data-error-image=\"https:\/\/static.prisa.com\/aside\/resizer\/resize\/img\/sports\/football\/teams\/default.png?width=160&amp;height=160\"><\/div>\n<div class=\"w-chr_s _df\"><span class=\"w-chr_s_n\">4<br \/>\n                            <\/span><\/div>\n<div class=\"w-chr_lu\"><span><br \/>\n                                                                                                                                                                                                                                                                                                                                                                                                                                                                                                                                                                                                                                                                                                                                                                                                                                                                                                                                                                                                                                                                                                                                                                                                                                                                                                                                                                                                                                                                                                                                                                                                                                                                                                                                                                                                                                                                                                                                                                                                                                                                                                                                                                                                                                                                                                                                                                                                                                                                                                                                                                                                                                                                                                                                                                                                                                                                                                                                                                                                                                                                                                                                                                        Anatoliy Trubin, Nicol\u00e1s Otamendi, Tom\u00e1s Ara\u00fajo, Amar Dedic, Samuel Dahl, Andreas Schjelderup (Ant\u00f3nio Silva, min. 92), Fredrik Aursnes, Gianluca Prestianni (Jo\u00e3o Rego, min. 86), Heorhii Sudakov (Enzo Barrenechea, min. 82), Leandro Barreiro y Vangelis Pavlidis (Franjo Ivanovic, min. 92)<br \/>\n            <\/span><\/div>\n<\/div>\n<\/div>\n<div class=\"w-chr_t w-chr_t-a\">\n<div class=\"w-chr_n w_t\"><abbr class=\"w-chr_n_a\">RMA<\/abbr><span class=\"w-chr_n_f _dn\">Real Madrid<\/span><\/div>\n<div class=\"w-chr_d _pr\">\n<div class=\"w-chr_s _df\"><span class=\"w-chr_s_n\">2<br \/>\n                            <\/span><\/div>\n<div class=\"w-chr_cre\"><img decoding=\"async\" title=\"Real Madrid\" loading=\"lazy\" src=\"https:\/\/analyse.optim.biz\/wp-content\/uploads\/2026\/01\/1-6.png\" width=\"80\" height=\"80\" data-error-image=\"https:\/\/static.prisa.com\/aside\/resizer\/resize\/img\/sports\/football\/teams\/default.png?width=160&amp;height=160\"><\/div>\n<div class=\"w-chr_lu\"><span><br \/>\n                                                                                                                                                                                                                                                                                                                                                                                                                                                                                                                                                                                                                                                                                                                                                                                                                                                                                                                                                                                                                                                                                                                                                                                                                                                                                                                                                                                                                                                                                                                                                                                                                                                                                                                                                                                                                                                                                                                                                                                                                                                                                                                                                                                                                                                                                                                                                                                                                                                                                                                                                                                                                                                                                                                                                                                                                                                                                                                                                                                                                                                                                                                                                                                                                                                    Thibaut Courtois, \u00c1lvaro Carreras (Jorge Cestero, min. 78), Federico Valverde, Ra\u00fal Asencio, Dean Huijsen (David Alaba, min. 77), Aur\u00e9lien Tchouam\u00e9ni (Eduardo Camavinga, min. 54), Arda G\u00fcler (Brahim D\u00edaz, min. 78), Jude Bellingham, Kylian Mbapp\u00e9, Franco Mastantuono (Rodrygo, min. 54) y Vin\u00edcius J\u00fanior<br \/>\n            <\/span><\/div>\n<\/div>\n<\/div>\n<div class=\"w-chr_st\"><b>Goles<\/b><br \/>\n                                                                                                        0-1 min. 29: Kylian Mbappe.                                                                                 1-1 min. 35: Andreas Schjelderup.                                                                                 2-1 min. 49: Vangelis Pavlidis.                                                                                 3-1 min. 53: Andreas Schjelderup.                                                                                 3-2 min. 57: Kylian Mbappe.                                                                                 4-2 min. 97: Anatolii Trubin                    <\/div>\n<div class=\"w-chr_r\"><b>Arbitro<\/b> Davide Massa<\/div>\n<div class=\"w-chr_cs\">\n<div class=\"_df\"><span class=\"w-chr_c w-chr_c-y\">Tarjetas amarillas<\/span><span><br \/>\n                                            Aurelien Tchouameni (min. 2),                                             Leandro Barreiro Martins (min. 10),                                             Ra\u00fal Asencio (min. 48),                                             Dean Huijsen (min. 61),                                             \u00c1lvaro Carreras (min. 65),                                             Samuel Dahl (min. 84),                                             Rodrygo (min. 95)                                        <\/span><\/div>\n<div class=\"_df\"><span class=\"w-chr_c w-chr_c-r\">Tarjetas rojas<\/span><span><br \/>\n                                            Ra\u00fal Asencio (min. 91),                                             Rodrygo (min. 95)                                        <\/span><\/div>\n<\/div>\n<\/div>\n<p class>Derriti\u00f3 al Madrid hasta desquiciarlo y dejarlo con nueve jugadores por las expulsiones de Asencio y Rodrygo. Y llev\u00f3 el \u00e9xtasis incluso m\u00e1s all\u00e1 que aquella noche memorable de mayo. A\u00fan m\u00e1s all\u00e1 del 94. Porque en el 98 Trubin, el portero, marc\u00f3 de cabeza el cuarto y adem\u00e1s de sacar al Real del top 8, rescat\u00f3 al Benfica para colarlo en el puesto 24 y permitirle seguir compitiendo.<\/p>\n<p class>El Madrid se encontr\u00f3 enfrente al viejo Mou con una de sus creaciones m\u00e1s redondas, un equipo entregado a su plan, bailando su m\u00fasica bajo la tormenta: paciente en defensa, ordenado, intenso, agresivo y vertical, como en ca\u00edda libre, para enfilar hacia Courtois. Para <a href=\"https:\/\/elpais.com\/deportes\/futbol\/2026-01-13\/primera-rueda-de-prensa-de-alvaro-arbeloa-como-entrenador-del-real-madrid.html\" target=\"_self\" rel title=\"https:\/\/elpais.com\/deportes\/futbol\/2026-01-13\/primera-rueda-de-prensa-de-alvaro-arbeloa-como-entrenador-del-real-madrid.html\">Arbeloa, disc\u00edpulo destacado del portugu\u00e9s<\/a>, el soniquete debi\u00f3 de sonarle familiar, y pese a todo a su equipo le resultaba indescifrable.<\/p>\n<p class>El Benfica, sobre el alero de la eliminaci\u00f3n, se exprim\u00eda bajo la lluvia, percutiendo con insistencia por su banda derecha, la que vigilaban Carreras, Bellingham y Vinicius. Dedic, Prestianni y Sudakov escarbaban a la espalda del lateral, por all\u00ed casi siempre ol\u00eda a premio. No necesitaban manosear la pelota, que se mov\u00eda m\u00e1s entre los jugadores del Madrid. Pero recuperaban y aceleraban. Sin mirar atr\u00e1s. Y llegaban, y llegaban. Courtois se encontr\u00f3 enseguida con Pavlidis volando solo hacia \u00e9l, pero el susto se esfum\u00f3 con el mal control del griego.<\/p>\n<figure class=\"a_m a_m-h \"><span class=\"_db a_m_w _pr lb_btn\"><img decoding=\"async\" class=\"_re lazyload a_m-h\" height=\"276\" width=\"414\" src=\"https:\/\/analyse.optim.biz\/wp-content\/uploads\/2026\/01\/mjhfzq7kyzg7vpzq6xpf5szmdy.jpg\" loading=\"lazy\" title=\"mjhfzq7kyzg7vpzq6xpf5szmdy\"><\/span><figcaption class=\"a_m_p\" aria-hidden=\"true\"><span>Jude Bellingham y Fredrik Aursnes, durante un lance del encuentro.<\/span><span class=\"a_m_m\">Associated Press\/LaPresse (APS)<\/span><\/figcaption><\/figure>\n<p class>Aunque le volvi\u00f3 r\u00e1pido, cuando el \u00e1rbitro pit\u00f3 un penalti de Bellingham a Prestianni. Este dur\u00f3 algo m\u00e1s, hasta que le mostraron en la pantalla del VAR c\u00f3mo se dejaba caer el atacante. Desapareci\u00f3 el penalti, pero Courtois necesit\u00f3 despegar para pegarle un manotazo a un tiro de Prestianni y despejarlo al larguero con las yemas del guante. A Mourinho le entraba la risa. El Madrid flotaba un poco a la deriva bajo el chaparr\u00f3n de agua y ocasiones. Una de Aursnes en el \u00e1rea, una de Sudakov al lateral de la red: no hab\u00eda tregua.<\/p>\n<p class>Pero el Benfica no tiene a Mbapp\u00e9 y el Madrid s\u00ed. Asencio cruz\u00f3 un centro de derecha a izquierda y ah\u00ed apareci\u00f3 el franc\u00e9s para acertar con un cabezazo, una rareza en su repertorio. Solo el gol aplac\u00f3 el impulso rival. El punto en el que se encontraban no se correspond\u00eda con lo que hab\u00eda sucedido hasta entonces. El Real pudo descansar con la pelota, en un tramo de secuencias largas, algo despreocupadas tambi\u00e9n. Todo lo que no era el pelot\u00f3n de Mourinho, que volvi\u00f3 a la carga, otra vez por el pasillo de Carreras. Otra vez al galope. Asencio, que ven\u00eda de la exquisitez del pase a Mbapp\u00e9, se precipita yendo al suelo y se le escapa Pavlidis, que pone un centro con el que Schjelderup tambi\u00e9n acierta, despu\u00e9s de tanto rondarlo. Y no se par\u00f3 ah\u00ed. Sigui\u00f3 percutiendo, sin que el Madrid entendiera c\u00f3mo desconectar la corriente que les sacud\u00eda; un calambrazo tras otro. Valverde evit\u00f3 un gol casi en la l\u00ednea, Barreiro desperdici\u00f3 una ocasi\u00f3n en el \u00e1rea y el \u00e1rbitro pit\u00f3 otro penalti cuando Otamendi se escurri\u00f3 en una pugna con Tchouameni. Esta vez no se ech\u00f3 atr\u00e1s y marc\u00f3 Pavilids.<\/p>\n<figure class=\"a_m a_m-h \"><span class=\"_db a_m_w _pr lb_btn\"><img decoding=\"async\" class=\"_re lazyload a_m-h\" height=\"276\" width=\"414\" src=\"https:\/\/analyse.optim.biz\/wp-content\/uploads\/2026\/01\/nwuprwyvpfgidb3ij36y6yqu4u.jpg\" loading=\"lazy\" title=\"nwuprwyvpfgidb3ij36y6yqu4u\"><\/span><figcaption class=\"a_m_p\" aria-hidden=\"true\"><span>Kylian Mbappe marca el primer gol del partido.<\/span><span class=\"a_m_m\">MIGUEL A. LOPES (EFE)<\/span><\/figcaption><\/figure>\n<p class>El Madrid trataba de bajar las revoluciones a una noche trepidante, acelerada por el agua que no cesaba. Pero el Benfica se resist\u00eda. El Real intentaba refugiarse en el pase y los portugueses contestaban siempre con otra descarga. Como el derechazo de Schjelderup despu\u00e9s de una contra (otra, s\u00ed) que se col\u00f3 entre las piernas de Asencio y al que no alcanz\u00f3 Courtois. Con 3-1, el partido se le escurr\u00eda y Arbeloa decidi\u00f3 intervenir. Retir\u00f3 a Tchouameni y Mastantuono, irrelevante por la derecha, y meti\u00f3 a Camavinga y a Rodrygo.<\/p>\n<p class>El brasile\u00f1o entr\u00f3 con todo el picante que le hab\u00eda faltado al argentino. La agitaci\u00f3n, que termin\u00f3 en expulsi\u00f3n m\u00e1s adelante, surti\u00f3 un efecto casi inmediato. Se junt\u00f3 con Bellingham, dej\u00f3 de tac\u00f3n a G\u00fcler en el \u00e1rea, el turco burl\u00f3 a dos rivales, le puso un pase atr\u00e1s a Mbapp\u00e9 y el franc\u00e9s, que atraviesa un momento de inspiraci\u00f3n \u00fanico, volvi\u00f3 a acertar al primer toque. Con ese, lleva 13 goles en siete partidos de Champions, un paso inalcanzable. Tambi\u00e9n por su propio equipo, que no dejaba de recibir golpes de la incontenible tromba del Benfica empujada por Sudakov y Prestianni. Y que culmin\u00f3 el portero Trubin rescatando a Benfica del abismo y apagando un poco la luz de la magia que representa Lisboa en la mitolog\u00eda del Madrid.<\/p>\n<div class=\"ev-unit\">\n<div class=\"ev-main\">\n<div class=\"ev-text\">\n<div class=\"ev-fw-wr\"><span class=\"stat-tl ev-fw-tl\">Clasificaci\u00f3n<\/span><\/p>\n<div class=\"ev-mw-wr-col\">\n<table class=\"tbl\">\n<thead>\n<tr>\n<th>Clasificaci\u00f3n<\/th>\n<th scope=\"col\"><abbr title=\"Puntos\">PT<\/abbr><\/th>\n<th scope=\"col\"><abbr title=\"Partidos Jugados\">PJ<\/abbr><\/th>\n<th scope=\"col\"><abbr title=\"Partidos Ganados\">PG<\/abbr><\/th>\n<th scope=\"col\"><abbr title=\"Partidos Empatados\">PE<\/abbr><\/th>\n<th scope=\"col\"><abbr title=\"Partidos Perdidos\">PP<\/abbr><\/th>\n<\/tr>\n<\/thead>\n<tbody>\n<tr>\n<td><span class=\"tbl-row-num\">22<\/span><\/p>\n<div class=\"in-team\"><img decoding=\"async\" title=\"FK Qarabag\" loading=\"lazy\" class=\"in-team-logo\" src=\"https:\/\/analyse.optim.biz\/wp-content\/uploads\/2026\/01\/3263.png\" width=\"30\" height=\"30\" data-error-image=\"https:\/\/static.prisa.com\/aside\/resizer\/resize\/img\/sports\/football\/teams\/default.png?width=160&amp;height=160\"><span class=\"in-team-name\">QAR<\/span><\/div>\n<\/td>\n<td><strong>10<\/strong><\/td>\n<td>8<\/td>\n<td>3<\/td>\n<td>1<\/td>\n<td>4<\/td>\n<\/tr>\n<tr>\n<td><span class=\"tbl-row-num\">23<\/span><\/p>\n<div class=\"in-team\"><img decoding=\"async\" title=\"Bod\u00f8\/Glimt\" loading=\"lazy\" class=\"in-team-logo\" src=\"https:\/\/analyse.optim.biz\/wp-content\/uploads\/2026\/01\/1273-3.png\" width=\"30\" height=\"30\" data-error-image=\"https:\/\/static.prisa.com\/aside\/resizer\/resize\/img\/sports\/football\/teams\/default.png?width=160&amp;height=160\"><span class=\"in-team-name\">BG<\/span><\/div>\n<\/td>\n<td><strong>9<\/strong><\/td>\n<td>8<\/td>\n<td>2<\/td>\n<td>3<\/td>\n<td>3<\/td>\n<\/tr>\n<tr class=\"tbl-row-hl\">\n<td><span class=\"tbl-row-num\">24<\/span><\/p>\n<div class=\"in-team\"><img decoding=\"async\" title=\"Benfica\" loading=\"lazy\" class=\"in-team-logo\" src=\"https:\/\/analyse.optim.biz\/wp-content\/uploads\/2026\/01\/44-2.png\" width=\"30\" height=\"30\" data-error-image=\"https:\/\/static.prisa.com\/aside\/resizer\/resize\/img\/sports\/football\/teams\/default.png?width=160&amp;height=160\"><span class=\"in-team-name\">BEN<\/span><\/div>\n<\/td>\n<td><strong>9<\/strong><\/td>\n<td>8<\/td>\n<td>3<\/td>\n<td>0<\/td>\n<td>5<\/td>\n<\/tr>\n<tr>\n<td><span class=\"tbl-row-num\">25<\/span><\/p>\n<div class=\"in-team\"><img decoding=\"async\" title=\"Marsella\" loading=\"lazy\" class=\"in-team-logo\" src=\"https:\/\/analyse.optim.biz\/wp-content\/uploads\/2026\/01\/338.png\" width=\"30\" height=\"30\" data-error-image=\"https:\/\/static.prisa.com\/aside\/resizer\/resize\/img\/sports\/football\/teams\/default.png?width=160&amp;height=160\"><span class=\"in-team-name\">MAR<\/span><\/div>\n<\/td>\n<td><strong>9<\/strong><\/td>\n<td>8<\/td>\n<td>3<\/td>\n<td>0<\/td>\n<td>5<\/td>\n<\/tr>\n<tr>\n<td><span class=\"tbl-row-num\">26<\/span><\/p>\n<div class=\"in-team\"><img decoding=\"async\" title=\"Pafos\" loading=\"lazy\" class=\"in-team-logo\" src=\"https:\/\/analyse.optim.biz\/wp-content\/uploads\/2026\/01\/6221-2.png\" width=\"30\" height=\"30\" data-error-image=\"https:\/\/static.prisa.com\/aside\/resizer\/resize\/img\/sports\/football\/teams\/default.png?width=160&amp;height=160\"><span class=\"in-team-name\">PFC<\/span><\/div>\n<\/td>\n<td><strong>9<\/strong><\/td>\n<td>8<\/td>\n<td>2<\/td>\n<td>3<\/td>\n<td>3<\/td>\n<\/tr>\n<\/tbody>\n<\/table>\n<\/div>\n<div class=\"ev-mw-wr-col\">\n<table class=\"tbl\">\n<thead>\n<tr>\n<th>Clasificaci\u00f3n<\/th>\n<th scope=\"col\"><abbr title=\"Puntos\">PT<\/abbr><\/th>\n<th scope=\"col\"><abbr title=\"Partidos Jugados\">PJ<\/abbr><\/th>\n<th scope=\"col\"><abbr title=\"Partidos Ganados\">PG<\/abbr><\/th>\n<th scope=\"col\"><abbr title=\"Partidos Empatados\">PE<\/abbr><\/th>\n<th scope=\"col\"><abbr title=\"Partidos Perdidos\">PP<\/abbr><\/th>\n<\/tr>\n<\/thead>\n<tbody>\n<tr>\n<td><span class=\"tbl-row-num\">7<\/span><\/p>\n<div class=\"in-team\"><img decoding=\"async\" title=\"Sp. Portugal\" loading=\"lazy\" class=\"in-team-logo\" src=\"https:\/\/analyse.optim.biz\/wp-content\/uploads\/2026\/01\/39-3.png\" width=\"30\" height=\"30\" data-error-image=\"https:\/\/static.prisa.com\/aside\/resizer\/resize\/img\/sports\/football\/teams\/default.png?width=160&amp;height=160\"><span class=\"in-team-name\">SPL<\/span><\/div>\n<\/td>\n<td><strong>16<\/strong><\/td>\n<td>8<\/td>\n<td>5<\/td>\n<td>1<\/td>\n<td>2<\/td>\n<\/tr>\n<tr>\n<td><span class=\"tbl-row-num\">8<\/span><\/p>\n<div class=\"in-team\"><img decoding=\"async\" title=\"M. City\" loading=\"lazy\" class=\"in-team-logo\" src=\"https:\/\/analyse.optim.biz\/wp-content\/uploads\/2026\/01\/66-4.png\" width=\"30\" height=\"30\" data-error-image=\"https:\/\/static.prisa.com\/aside\/resizer\/resize\/img\/sports\/football\/teams\/default.png?width=160&amp;height=160\"><span class=\"in-team-name\">MNC<\/span><\/div>\n<\/td>\n<td><strong>16<\/strong><\/td>\n<td>8<\/td>\n<td>5<\/td>\n<td>1<\/td>\n<td>2<\/td>\n<\/tr>\n<tr class=\"tbl-row-hl\">\n<td><span class=\"tbl-row-num\">9<\/span><\/p>\n<div class=\"in-team\"><img decoding=\"async\" title=\"Real Madrid\" loading=\"lazy\" class=\"in-team-logo\" src=\"https:\/\/analyse.optim.biz\/wp-content\/uploads\/2026\/01\/1-6.png\" width=\"30\" height=\"30\" data-error-image=\"https:\/\/static.prisa.com\/aside\/resizer\/resize\/img\/sports\/football\/teams\/default.png?width=160&amp;height=160\"><span class=\"in-team-name\">RMA<\/span><\/div>\n<\/td>\n<td><strong>15<\/strong><\/td>\n<td>8<\/td>\n<td>5<\/td>\n<td>0<\/td>\n<td>3<\/td>\n<\/tr>\n<tr>\n<td><span class=\"tbl-row-num\">10<\/span><\/p>\n<div class=\"in-team\"><img decoding=\"async\" title=\"Inter\" loading=\"lazy\" class=\"in-team-logo\" src=\"https:\/\/analyse.optim.biz\/wp-content\/uploads\/2026\/01\/35-1.png\" width=\"30\" height=\"30\" data-error-image=\"https:\/\/static.prisa.com\/aside\/resizer\/resize\/img\/sports\/football\/teams\/default.png?width=160&amp;height=160\"><span class=\"in-team-name\">INT<\/span><\/div>\n<\/td>\n<td><strong>15<\/strong><\/td>\n<td>8<\/td>\n<td>5<\/td>\n<td>0<\/td>\n<td>3<\/td>\n<\/tr>\n<tr>\n<td><span class=\"tbl-row-num\">11<\/span><\/p>\n<div class=\"in-team\"><img decoding=\"async\" title=\"PSG\" loading=\"lazy\" class=\"in-team-logo\" src=\"https:\/\/analyse.optim.biz\/wp-content\/uploads\/2026\/01\/49.png\" width=\"30\" height=\"30\" data-error-image=\"https:\/\/static.prisa.com\/aside\/resizer\/resize\/img\/sports\/football\/teams\/default.png?width=160&amp;height=160\"><span class=\"in-team-name\">PSG<\/span><\/div>\n<\/td>\n<td><strong>14<\/strong><\/td>\n<td>8<\/td>\n<td>4<\/td>\n<td>2<\/td>\n<td>2<\/td>\n<\/tr>\n<\/tbody>\n<\/table>\n<\/div>\n<\/div>\n<\/div>\n<\/div>\n<\/div>\n<\/div>\n<div id=\"me-dis\" class=\"me _pf\">\n<div class=\"me_bg\">\n<div class=\"me-dis _pa _df\">\n<div class=\"me-dis_c\">\n<h2 class=\"me-dis_t\">Tu suscripci\u00f3n se est\u00e1 usando en otro dispositivo<\/h2>\n<p>\u00bfQuieres a\u00f1adir otro usuario a tu suscripci\u00f3n?<\/p>\n<div class=\"me-dis_l\"><a href=\"https:\/\/elpais.com\/suscripciones\/premium\/upgrade\/?utm_source=autopromo&amp;utm_medium=interno&amp;utm_campaign=YYYY_MM_capping_upgrade\" id=\"capping-upgrade\" class=\"btn\">A\u00f1adir usuario<\/a><a href=\"https:\/\/elpais.com\/deportes\/futbol\/2026-01-28\/lisboa-ya-no-quiere-al-real-madrid-el-benfica-le-deja-fuera-del-top-8.html\" id=\"capping-continue\" class=\"btn btn-b\">Continuar leyendo aqu\u00ed<\/a><\/div>\n<p>Si contin\u00faas leyendo en este dispositivo, no se podr\u00e1 leer en el otro.<\/p>\n<p class=\"lk\"><a href=\"https:\/\/elpais.com\/deportes\/futbol\/2026-01-28\/lisboa-ya-no-quiere-al-real-madrid-el-benfica-le-deja-fuera-del-top-8.html\" id=\"capping-show-more-button\">\u00bfPor qu\u00e9 est\u00e1s viendo esto?<\/a><\/p>\n<p><span class=\"arrow\" id=\"capping-arrow\">Flecha<\/span><\/p>\n<div class=\"me-dis_d\">\n<div class=\"me-dis_d_t\">\n<h2 class=\"enc\">Tu suscripci\u00f3n se est\u00e1 usando en otro dispositivo y solo puedes acceder a EL PA\u00cdS desde un dispositivo a la vez.<\/h2>\n<div class=\"tx\">\n<p>Si quieres compartir tu cuenta, cambia tu suscripci\u00f3n a la modalidad Premium, as\u00ed podr\u00e1s a\u00f1adir otro usuario. Cada uno acceder\u00e1 con su propia cuenta de email, lo que os permitir\u00e1 personalizar vuestra experiencia en EL PA\u00cdS.<\/p>\n<p>\u00bfTienes una suscripci\u00f3n de empresa? Accede <a target=\"_blank\" rel=\"noreferrer\" href=\"https:\/\/elpais.com\/suscripciones\/premium\/upgrade\/\">aqu\u00ed<\/a> para contratar m\u00e1s cuentas.<\/p>\n<p>En el caso de no saber qui\u00e9n est\u00e1 usando tu cuenta, te recomendamos cambiar tu contrase\u00f1a <a target=\"_blank\" rel=\"noreferrer\" href=\"https:\/\/elpais.com\/subscriptions\/#\/forgot-password\">aqu\u00ed.<\/a><\/p>\n<p>Si decides continuar compartiendo tu cuenta, este mensaje se mostrar\u00e1 en tu dispositivo y en el de la otra persona que est\u00e1 usando tu cuenta de forma indefinida, afectando a tu experiencia de lectura. Puedes <a target=\"_blank\" rel=\"noreferrer\" href=\"https:\/\/elpais.com\/suscripciones\/condiciones-generales-servicios\/\">consultar aqu\u00ed los t\u00e9rminos y condiciones de la suscripci\u00f3n digital.<\/a><\/p>\n<\/div>\n<\/div>\n<\/div>\n<\/div>\n<\/div>\n<\/div>\n<\/div>\n<aside class=\"w w-sea\">\n<h2 class=\"w_t\">Sobre la firma<\/h2>\n<div class=\"w_b\">\n<div class=\"_g _g-xs\">\n<figure class=\"w-sea_f a_m-h c_m--nf\"><span class=\"a_m_w _db\"><img decoding=\"async\" alt=\"David \u00c1lvarez\" class=\"_re lazyload a_m-h\" height=\"100\" width=\"100\" src=\"https:\/\/analyse.optim.biz\/wp-content\/uploads\/2026\/01\/https3a2f2fs3-amazonaws-com2farc-authors2fprisa2f618f3402-50ef-4c1c-ad22-1d21003dd6ae.jpg\" loading=\"lazy\" title=\"https3a2f2fs3-amazonaws-com2farc-authors2fprisa2f618f3402-50ef-4c1c-ad22-1d21003dd6ae\"><\/span><\/figure>\n<div class=\"w-sea_txt\">\n<div class=\"_df\">\n<div class=\"w-sea_txt_na\"><a href=\"https:\/\/elpais.com\/autor\/david-alvarez-gonzalez\/\" rel=\"autor_bottom\">David \u00c1lvarez<\/a><\/div>\n<div class=\"w_rs_i\"><a class=\"_btn \" href=\"https:\/\/twitter.com\/davidalvarez\" target=\"_blank\" rel=\"noopener noreferrer\"><span class=\"_sr\">David \u00c1lvarez &#8211; twitter<\/span><\/a><\/div>\n<\/div>\n<div class=\"w-sea_txt_da _dn\">Sigue la informaci\u00f3n del Real Madrid y la selecci\u00f3n espa\u00f1ola en EL PA\u00cdS, donde ha sido redactor jefe de la secci\u00f3n de Deportes. Ha cubierto los Juegos Ol\u00edmpicos, el Mundial de f\u00fatbol y la Eurocopa. Antes trabaj\u00f3 en ABC, El Espa\u00f1ol, ADN, Telemadrid, y La Gaceta de los Negocios. Es licenciado en Periodismo por la Universidad de Navarra.<\/div>\n<\/div>\n<\/div>\n<\/div>\n<\/aside>\n<aside class=\"w w-fid\">\n<div class=\"w_b\">\n<div class=\"w-fid_t\"><a href=\"https:\/\/plus.elpais.com\/newsletters\/lnp\/1\/349\/#?prm=not_newsletters_deportes\">Recibe el bolet\u00edn de Deportes<\/a><\/div>\n<div class=\"w-fid_s\">\n<div class=\"w_rs\">\n<div class=\"w_rs_i\"><a class=\"_btn\" href=\"https:\/\/www.facebook.com\/elpais\" rel=\"nofollow\"><span class=\"_sr\">Deportes El Pa\u00eds en Facebook<\/span><\/a><\/div>\n<div class=\"w_rs_i\"><a class=\"_btn\" href=\"https:\/\/www.instagram.com\/el_pais\/\" rel=\"nofollow\"><span class=\"_sr\">Deportes El Pa\u00eds en Instagram<\/span><\/a><\/div>\n<div class=\"w_rs_i\"><a class=\"_btn\" href=\"https:\/\/twitter.com\/elpais_deportes\" rel=\"nofollow\"><span class=\"_sr\">Deportes El Pa\u00eds en Twitter<\/span><\/a><\/div>\n<\/div>\n<\/div>\n<\/div>\n<\/aside>\n<aside class=\"a_com w w-com _df\"><a class=\"a_com_l\" href=\"https:\/\/elpais.com\/info\/normas-de-participacion\/\">Normas \u203a<\/a><\/aside>\n<div class=\"me _pf\" id=\"me-c\">\n<div class=\"me_bg\">\n<div class=\"me-c _pa\" id=\"comments_container\" data-dtm-region=\"articulo_comentarios\">\n<div class=\"me_f me_f-os me_cc\"><a href=\"https:\/\/plus.elpais.com\/perfil\/actividad\/\">Mis comentarios<\/a><a href=\"https:\/\/elpais.com\/info\/normas-de-participacion\/\">Normas<\/a><\/div>\n<div class=\"me_f me_f-ns\"><span class=\"me_f_txt _db\">Rellena tu <b>nombre y apellido<\/b> para comentar<\/span><a href=\"https:\/\/plus.elpais.com\/autorization.html\/?prod=COM&amp;backURL=https%3A%2F%2Felpais.com%2Fdeportes%2Ffutbol%2F2026-01-28%2Flisboa-ya-no-quiere-al-real-madrid-el-benfica-le-deja-fuera-del-top-8.html\" class=\"btn btn-2\">completar datos<\/a><\/div>\n<div class=\"me_f\" id=\"comments_msg\"><a class=\"btn btn-2\" href=\"https:\/\/elpais.com\/suscripciones\/#\/campaign?prod=SUSDIGCRART&amp;o=COM&amp;prm=suscrip_articulo_comentarios_el-pais&amp;backURL=https%3A%2F%2Felpais.com%2Fdeportes%2Ffutbol%2F2026-01-28%2Flisboa-ya-no-quiere-al-real-madrid-el-benfica-le-deja-fuera-del-top-8.html\" id=\"comments_subscribe_link\" data-link-am=\"https:\/\/elpais.com\/suscripciones\/america\/#\/campaign?prod=SUSDIGCRARTAM&amp;o=COMAM&amp;prm=suscrip_articulo_comentarios_el-pais-america&amp;backURL=https%3A%2F%2Felpais.com%2Fdeportes%2Ffutbol%2F2026-01-28%2Flisboa-ya-no-quiere-al-real-madrid-el-benfica-le-deja-fuera-del-top-8.html\" data-link-mx=\"https:\/\/elpais.com\/suscripciones\/america\/#\/campaign?prod=SUSDIGMX&amp;o=COMMX&amp;prm=suscrip_articulo_comentarios_el-pais-mexico&amp;backURL=https%3A%2F%2Felpais.com%2Fdeportes%2Ffutbol%2F2026-01-28%2Flisboa-ya-no-quiere-al-real-madrid-el-benfica-le-deja-fuera-del-top-8.html\" data-link-co=\"https:\/\/elpais.com\/suscripciones\/america\/#\/campaign?prod=SUSDIGCOL&amp;o=COMCOL&amp;prm=suscrip_articulo_comentarios_el-pais_colombia&amp;backURL=https%3A%2F%2Felpais.com%2Fdeportes%2Ffutbol%2F2026-01-28%2Flisboa-ya-no-quiere-al-real-madrid-el-benfica-le-deja-fuera-del-top-8.html\" data-link-ar=\"https:\/\/elpais.com\/suscripciones\/america\/#\/campaign?prod=SUSDIGCRARTAR&amp;o=COMAR&amp;backURL=https%3A%2F%2Felpais.com%2Fdeportes%2Ffutbol%2F2026-01-28%2Flisboa-ya-no-quiere-al-real-madrid-el-benfica-le-deja-fuera-del-top-8.html\" data-link-cl=\"https:\/\/elpais.com\/suscripciones\/america\/#\/campaign?prod=SUSDIGCHILE&amp;o=COMCHILE&amp;backURL=https%3A%2F%2Felpais.com%2Fdeportes%2Ffutbol%2F2026-01-28%2Flisboa-ya-no-quiere-al-real-madrid-el-benfica-le-deja-fuera-del-top-8.html\" data-link-us=\"https:\/\/elpais.com\/suscripciones\/america\/#\/campaign?prod=SUSDIGCRARTEUCAN&amp;o=COMUS&amp;prm=suscrip_articulo_comentarios_el-pais_eucan&amp;backURL=https%3A%2F%2Felpais.com%2Fdeportes%2Ffutbol%2F2026-01-28%2Flisboa-ya-no-quiere-al-real-madrid-el-benfica-le-deja-fuera-del-top-8.html\">Suscr\u00edbete en El Pa\u00eds para participar<\/a><a class=\"btn btn-3\" href=\"https:\/\/elpais.com\/subscriptions\/#\/sign-in?prod=REG&amp;o=COM&amp;prm=login_articulo_comentarios_el-pais&amp;backURL=https%3A%2F%2Felpais.com%2Fdeportes%2Ffutbol%2F2026-01-28%2Flisboa-ya-no-quiere-al-real-madrid-el-benfica-le-deja-fuera-del-top-8.html\" id=\"comments_login_link\" data-link-am=\"https:\/\/elpais.com\/subscriptions\/#\/sign-in?prod=REG&amp;o=COM&amp;prm=login_articulo_comentarios_el-pais-america&amp;backURL=https%3A%2F%2Felpais.com%2Fdeportes%2Ffutbol%2F2026-01-28%2Flisboa-ya-no-quiere-al-real-madrid-el-benfica-le-deja-fuera-del-top-8.html\" data-link-mx=\"https:\/\/elpais.com\/subscriptions\/#\/sign-in?prod=REG&amp;o=COM&amp;prm=login_articulo_comentarios_el-pais-mexico&amp;backURL=https%3A%2F%2Felpais.com%2Fdeportes%2Ffutbol%2F2026-01-28%2Flisboa-ya-no-quiere-al-real-madrid-el-benfica-le-deja-fuera-del-top-8.html\" data-link-co=\"https:\/\/elpais.com\/subscriptions\/#\/sign-in?prod=REG&amp;o=COM&amp;backURL=https%3A%2F%2Felpais.com%2Fdeportes%2Ffutbol%2F2026-01-28%2Flisboa-ya-no-quiere-al-real-madrid-el-benfica-le-deja-fuera-del-top-8.html\" data-link-ar=\"https:\/\/elpais.com\/subscriptions\/#\/sign-in?prod=REG&amp;o=COM&amp;backURL=https%3A%2F%2Felpais.com%2Fdeportes%2Ffutbol%2F2026-01-28%2Flisboa-ya-no-quiere-al-real-madrid-el-benfica-le-deja-fuera-del-top-8.html\" data-link-cl=\"https:\/\/elpais.com\/subscriptions\/#\/sign-in?prod=REG&amp;o=COM&amp;backURL=https%3A%2F%2Felpais.com%2Fdeportes%2Ffutbol%2F2026-01-28%2Flisboa-ya-no-quiere-al-real-madrid-el-benfica-le-deja-fuera-del-top-8.html\" data-link-us=\"https:\/\/elpais.com\/subscriptions\/#\/sign-in?prod=REG&amp;o=COM&amp;backURL=https%3A%2F%2Felpais.com%2Fdeportes%2Ffutbol%2F2026-01-28%2Flisboa-ya-no-quiere-al-real-madrid-el-benfica-le-deja-fuera-del-top-8.html\">Ya tengo una suscripci\u00f3n<\/a><\/div>\n<p>Please enable JavaScript to view the &lt;a href=&#8221;https:\/\/disqus.com\/?ref_noscript&#8221; rel=&#8221;nofollow&#8221;&gt; comments powered by Disqus.&lt;\/a&gt;<\/p><\/div>\n<\/div>\n<\/div>\n<aside class=\"w w-rel\" data-dtm-region=\"articulo_mas-informacion\">\n<h2 class=\"w_t\">M\u00e1s informaci\u00f3n<\/h2>\n<ul class=\"w_b _ls\">\n<li class=\"_g _g-xs w-rel_n\">\n<div class=\" a_m-h c_m--nf\"><span class=\"_db _pr\"><img decoding=\"async\" class=\"_re lazyload a_m-h\" height=\"311\" width=\"414\" src=\"https:\/\/analyse.optim.biz\/wp-content\/uploads\/2026\/01\/potuepv76vazjey72o4wxv663q.jpg\" loading=\"lazy\" title=\"potuepv76vazjey72o4wxv663q\"><\/span><\/div>\n<div class=\"nt\">\n<h3 class=\"nt_t\"><a href=\"https:\/\/elpais.com\/deportes\/futbol\/2026-01-24\/el-despertar-del-real-madrid-le-lleva-a-dormir-lider.html#?rel=mas\">El despertar del Real Madrid le lleva a dormir l\u00edder<\/a><\/h3>\n<div class=\"nt_a\"><a href=\"https:\/\/elpais.com\/autor\/david-alvarez-gonzalez\/\" title=\"Ver todas las noticias de David \u00c1lvarez\">David \u00c1lvarez<\/a><\/div>\n<\/div>\n<\/li>\n<li class=\"_g _g-xs w-rel_n\">\n<div class=\" a_m-h c_m--nf\"><span class=\"_db _pr\"><img decoding=\"async\" class=\"_re lazyload a_m-h\" height=\"311\" width=\"414\" src=\"https:\/\/analyse.optim.biz\/wp-content\/uploads\/2026\/01\/uhuzunbvsfpqpkueyq27kwxhfu.jpg\" loading=\"lazy\" title=\"uhuzunbvsfpqpkueyq27kwxhfu\"><\/span><\/div>\n<div class=\"nt\">\n<h3 class=\"nt_t\"><a href=\"https:\/\/elpais.com\/deportes\/futbol\/2026-01-28\/kylian-mbappe-es-un-tema-de-tener-mas-ganas-y-luego-el-cuarto-gol-da-un-poco-de-verguenza.html#?rel=mas\">Kylian Mbapp\u00e9: \u201cEs un tema de tener m\u00e1s ganas, y luego el cuarto gol da un poco de verg\u00fcenza\u201d<\/a><\/h3>\n<div class=\"nt_a\"><a href=\"https:\/\/elpais.com\/autor\/olivier-lorenzo-calonge\/\" title=\"Ver todas las noticias de Lorenzo Calonge\">Lorenzo Calonge<\/a> | Lisboa<\/div>\n<\/div>\n<\/li>\n<\/ul>\n<\/aside>\n<section class=\"w w-ae\" data-dtm-region=\"articulo_archivado-en\">\n<h2 class=\"w_t\">Archivado En<\/h2>\n<div class=\"w_b\">\n<ul class=\"w_ul w_ul--mh _df _ls\">\n<li><a href=\"https:\/\/elpais.com\/noticias\/futbol\/#?rel=arch\" rel=\"noopener noreferrer\">F\u00fatbol<\/a><\/li>\n<li><a href=\"https:\/\/elpais.com\/noticias\/futbolistas\/#?rel=arch\" rel=\"noopener noreferrer\">Futbolistas<\/a><\/li>\n<li><a href=\"https:\/\/elpais.com\/noticias\/entrenadores\/#?rel=arch\" rel=\"noopener noreferrer\">Entrenadores<\/a><\/li>\n<li><a href=\"https:\/\/elpais.com\/noticias\/competiciones\/#?rel=arch\" rel=\"noopener noreferrer\">Competiciones<\/a><\/li>\n<li><a href=\"https:\/\/elpais.com\/noticias\/deportes\/#?rel=arch\" rel=\"noopener noreferrer\">Deportes<\/a><\/li>\n<li><a href=\"https:\/\/elpais.com\/noticias\/real-madrid\/#?rel=arch\" rel=\"noopener noreferrer\">Real Madrid<\/a><\/li>\n<li><a href=\"https:\/\/elpais.com\/noticias\/benfica\/#?rel=arch\" rel=\"noopener noreferrer\">Benfica<\/a><\/li>\n<li><a href=\"https:\/\/elpais.com\/noticias\/champions-league\/#?rel=arch\" rel=\"noopener noreferrer\">Champions League<\/a><\/li>\n<li><a href=\"https:\/\/elpais.com\/noticias\/alvaro-arbeloa\/#?rel=arch\" rel=\"noopener noreferrer\">\u00c1lvaro Arbeloa<\/a><\/li>\n<li><a href=\"https:\/\/elpais.com\/noticias\/jose-mourinho\/#?rel=arch\" rel=\"noopener noreferrer\">Jos\u00e9 Mourinho<\/a><\/li>\n<li><a href=\"https:\/\/elpais.com\/noticias\/kylian-mbappe-lottin\/#?rel=arch\" rel=\"noopener noreferrer\">Kylian Mbapp\u00e9<\/a><\/li>\n<li><a href=\"https:\/\/elpais.com\/noticias\/raul-asencio-del-rosario\/#?rel=arch\" rel=\"noopener noreferrer\">Ra\u00fal Asencio<\/a><\/li>\n<li><a href=\"https:\/\/elpais.com\/noticias\/rodrygo-silva-de-goes\/#?rel=arch\" rel=\"noopener noreferrer\">Rodrygo Goes<\/a><\/li>\n<li><a href=\"https:\/\/elpais.com\/noticias\/vinicius-jose-paixao-de-oliveira-junior\/#?rel=arch\" rel=\"noopener noreferrer\">Vin\u00edcius J\u00fanior<\/a><\/li>\n<\/ul>\n<\/div>\n<\/section>\n<aside class=\"a_tp _df\">\n<div class=\"a_tp_txt\"><span class=\"a_tp_t\">Se adhiere a los criterios de<\/span><\/p>\n<figure class=\"a_m a_m-h c_m--nf\"><a class=\"a_tp_i _dib\" href=\"https:\/\/elpais.com\/estaticos\/que-es-the-trust-project\/\" target=\"_blank\" rel=\"noopener noreferrer nofollow\"><img decoding=\"async\" alt=\"The Trust Project\" class=\" lazyload a_m-h\" height=\"20\" width=\"117\" src=\"https:\/\/analyse.optim.biz\/wp-content\/uploads\/2026\/01\/the-trust-project-341.svg\" loading=\"lazy\" title=\"the-trust-project-341\"><\/a><\/figure>\n<p><a class=\"a_tp_mi\" href=\"https:\/\/elpais.com\/estaticos\/codigo-etico\/\" target=\"_blank\" rel=\"noopener noreferrer nofollow\">M\u00e1s informaci\u00f3n<\/a><\/div>\n<div class=\"a_tp_si\">Si est\u00e1 interesado en licenciar este contenido, pinche <a class=\"a_tp_si_l\" href=\"https:\/\/profesional.elpais.com\/soluciones-sindicacion\/?utm_medium=interno&amp;utm_source=crosslinking&amp;utm_campaign=sindicacion_ep_pie_articulos\" target=\"_blank\" rel=\"noopener noreferrer nofollow\">aqu\u00ed<\/a><\/div>\n<\/aside>\n<div class=\"a_o _pr\" data-dtm-region=\"articulo_right-rail\">\n<div id=\"elpais_gpt-MPU1\" data-adtype=\"MPU\" class=\"ad ad-mpu\"><span class=\"_dn\">_<\/span><\/div>\n<section class=\"w w-sc b_col\" data-dtm-region=\"articulo_ultimas-noticias\">\n<header class=\"w_h b_col_h\">\n<h3 class=\"w_t\"><a href=\"https:\/\/elpais.com\/ultimas-noticias\/\" rel=\"story-card-ultimas-noticias\">\u00daltimas noticias<\/a><\/h3>\n<\/header>\n<div class=\"w_b\">\n<article class=\"c  c--m-n   \" data-word=\"0\">\n<header class=\"c_h\"><time datetime=\"2026-01-29T10:49:57+01:00\" class=\"c_da\">10:49<\/time><\/p>\n<h2 class=\"c_t \"><a href=\"https:\/\/elpais.com\/economia\/2026-01-29\/ceoe-cataloga-como-intervencionista-y-trilera-la-propuesta-del-gobierno-para-compensar-el-alza-del-salario-minimo.html\">CEOE cataloga como \u201cintervencionista\u201d y \u201ctrilera\u201d la propuesta del Gobierno para compensar el alza del salario m\u00ednimo<\/a><\/h2>\n<\/header>\n<\/article>\n<article class=\"c  c--m-n   \" data-word=\"0\">\n<header class=\"c_h\"><time datetime=\"2026-01-29T10:39:23+01:00\" class=\"c_da\">10:39<\/time><\/p>\n<h2 class=\"c_t \"><a href=\"https:\/\/elpais.com\/espana\/2026-01-29\/vuela-el-tejado-de-la-parroquia-de-la-virgen-del-camino-de-cordoba-por-las-fuertes-rachas-de-viento.html\">Vuela el tejado de la parroquia de la Virgen del Camino de C\u00f3rdoba por las fuertes rachas de viento<\/a><\/h2>\n<\/header>\n<\/article>\n<article class=\"c  c--m-n   \" data-word=\"0\">\n<header class=\"c_h\"><time datetime=\"2026-01-29T10:32:17+01:00\" class=\"c_da\">10:32<\/time><\/p>\n<h2 class=\"c_t \"><a href=\"https:\/\/elpais.com\/cultura\/2026-01-29\/la-rapera-nicki-minaj-defiende-a-trump-en-plena-ola-de-brutalidad-policial-en-ee-uu-probablemente-sea-su-fan-numero-uno.html\">La rapera Nicki Minaj defiende a Trump en plena ola de brutalidad policial en EE UU: \u201cProbablemente, sea su fan n\u00famero uno\u201d<\/a><\/h2>\n<\/header>\n<\/article>\n<article class=\"c  c--m-n   \" data-word=\"0\">\n<header class=\"c_h\"><time datetime=\"2026-01-29T10:12:27+01:00\" class=\"c_da\">10:12<\/time><\/p>\n<h2 class=\"c_t \"><a href=\"https:\/\/elpais.com\/sociedad\/2026-01-29\/el-supremo-inadmite-el-recurso-del-padre-de-noelia-y-avala-su-eutanasia.html\">El Supremo inadmite el recurso del padre de Noelia y avala su eutanasia<\/a><\/h2>\n<\/header>\n<\/article>\n<\/div>\n<\/section>\n<aside class=\"w w-lmv\" data-dtm-region=\"articulo_lom\">\n<h2 class=\"w_t\"><a href=\"https:\/\/elpais.com\/lo-mas-visto\/\">Lo m\u00e1s visto<\/a><\/h2>\n<div class=\"w_b\">\n<ol class=\"_ls\">\n<li><a href=\"https:\/\/elpais.com\/economia\/2026-01-27\/trump-bendice-la-caida-del-dolar-va-muy-bien-miren-los-negocios-que-estamos-haciendo.html#?rel=lom\">Trump asegura que no le preocupa la ca\u00edda del d\u00f3lar: \u201cVa muy bien, miren los negocios que estamos haciendo\u201d<\/a><\/li>\n<li><a href=\"https:\/\/elpais.com\/espana\/2026-01-28\/ultima-hora-de-los-efectos-de-la-borrasca-kristin-en-directo.html#?rel=lom\">\u00daltima hora de la borrasca \u2018Kristin\u2019 &#8211;  28 de enero de 2026<\/a><\/li>\n<li><a href=\"https:\/\/elpais.com\/espana\/2026-01-27\/la-guardia-civil-investiga-a-un-hombre-por-robar-571-pinos-pinoneros-en-valladolid-y-utilizarlos-para-hacer-biomasa.html#?rel=lom\">La Guardia Civil investiga a un hombre por robar 571 pinos pi\u00f1oneros en Valladolid y utilizarlos para hacer biomasa<\/a><\/li>\n<li><a href=\"https:\/\/elpais.com\/internacional\/2026-01-28\/el-primer-ministro-groenlandes-la-casa-blanca-no-tiene-ni-idea-de-lo-que-es-groenlandia.html#?rel=lom\">El primer ministro groenland\u00e9s: \u201cLa Casa Blanca no tiene ni idea de lo que es Groenlandia\u201d<\/a><\/li>\n<li><a href=\"https:\/\/elpais.com\/espana\/2026-01-27\/exmagistrados-del-supremo-garzon-o-carmena-cargan-contra-la-sentencia-a-garcia-ortiz-condena-la-presuncion-de-inocencia.html#?rel=lom\">Exmagistrados del Supremo, Garz\u00f3n o Carmena cargan contra la sentencia a Garc\u00eda Ortiz: \u201cCondena a la presunci\u00f3n de inocencia\u201d<\/a><\/li>\n<\/ol>\n<\/div>\n<\/aside>\n<\/div>\n<\/article>\n<article class=\"c  c--m-n   \" data-word=\"0\">\n<header class=\"c_h\"><time datetime=\"2026-01-29T10:49:57+01:00\" class=\"c_da\">10:49<\/time><\/p>\n<h2 class=\"c_t \"><a href=\"https:\/\/elpais.com\/economia\/2026-01-29\/ceoe-cataloga-como-intervencionista-y-trilera-la-propuesta-del-gobierno-para-compensar-el-alza-del-salario-minimo.html\">CEOE cataloga como \u201cintervencionista\u201d y \u201ctrilera\u201d la propuesta del Gobierno para compensar el alza del salario m\u00ednimo<\/a><\/h2>\n<\/header>\n<\/article>\n<article class=\"c  c--m-n   \" data-word=\"0\">\n<header class=\"c_h\"><time datetime=\"2026-01-29T10:39:23+01:00\" class=\"c_da\">10:39<\/time><\/p>\n<h2 class=\"c_t \"><a href=\"https:\/\/elpais.com\/espana\/2026-01-29\/vuela-el-tejado-de-la-parroquia-de-la-virgen-del-camino-de-cordoba-por-las-fuertes-rachas-de-viento.html\">Vuela el tejado de la parroquia de la Virgen del Camino de C\u00f3rdoba por las fuertes rachas de viento<\/a><\/h2>\n<\/header>\n<\/article>\n<article class=\"c  c--m-n   \" data-word=\"0\">\n<header class=\"c_h\"><time datetime=\"2026-01-29T10:32:17+01:00\" class=\"c_da\">10:32<\/time><\/p>\n<h2 class=\"c_t \"><a href=\"https:\/\/elpais.com\/cultura\/2026-01-29\/la-rapera-nicki-minaj-defiende-a-trump-en-plena-ola-de-brutalidad-policial-en-ee-uu-probablemente-sea-su-fan-numero-uno.html\">La rapera Nicki Minaj defiende a Trump en plena ola de brutalidad policial en EE UU: \u201cProbablemente, sea su fan n\u00famero uno\u201d<\/a><\/h2>\n<\/header>\n<\/article>\n<article class=\"c  c--m-n   \" data-word=\"0\">\n<header class=\"c_h\"><time datetime=\"2026-01-29T10:12:27+01:00\" class=\"c_da\">10:12<\/time><\/p>\n<h2 class=\"c_t \"><a href=\"https:\/\/elpais.com\/sociedad\/2026-01-29\/el-supremo-inadmite-el-recurso-del-padre-de-noelia-y-avala-su-eutanasia.html\">El Supremo inadmite el recurso del padre de Noelia y avala su eutanasia<\/a><\/h2>\n<\/header>\n<\/article>\n<p> Source URL: https:\/\/elpais.com\/deportes\/futbol\/2026-01-28\/lisboa-ya-no-quiere-al-real-madrid-el-benfica-le-deja-fuera-del-top-8.html<\/p>\n","protected":false},"excerpt":{"rendered":"<p>BenficaBEN 4 Andreas Schjelderup 35&#8242;, 53&#8242;,Vangelis Pavlidis 49&#8242; (p),Anatolii Trubin 97&#8242; Real MadridRMA 2 Kylian Mbappe 29&#8242;, 57&#8242;,Ra\u00fal Asencio 91&#8242;,Rodrygo 95&#8242; Finalizado PREVIA DIRECTO ALINEACIONES ESTAD\u00cdSTICAS CR\u00d3NICA Champions League Lisboa ya no quiere al Real Madrid: el Benfica le deja fuera del \u2018top 8\u2032 El equipo de Mourinho abrasa con su intensidad al equipo de [&hellip;]<\/p>\n","protected":false},"author":1,"featured_media":1529451,"comment_status":"open","ping_status":"","sticky":false,"template":"","format":"standard","meta":{"footnotes":""},"categories":[88],"tags":[92],"class_list":["post-1529449","post","type-post","status-publish","format-standard","has-post-thumbnail","hentry","category-spain","tag-elpais-com"],"_links":{"self":[{"href":"https:\/\/analyse.optim.biz\/index.php?rest_route=\/wp\/v2\/posts\/1529449","targetHints":{"allow":["GET"]}}],"collection":[{"href":"https:\/\/analyse.optim.biz\/index.php?rest_route=\/wp\/v2\/posts"}],"about":[{"href":"https:\/\/analyse.optim.biz\/index.php?rest_route=\/wp\/v2\/types\/post"}],"author":[{"embeddable":true,"href":"https:\/\/analyse.optim.biz\/index.php?rest_route=\/wp\/v2\/users\/1"}],"replies":[{"embeddable":true,"href":"https:\/\/analyse.optim.biz\/index.php?rest_route=%2Fwp%2Fv2%2Fcomments&post=1529449"}],"version-history":[{"count":0,"href":"https:\/\/analyse.optim.biz\/index.php?rest_route=\/wp\/v2\/posts\/1529449\/revisions"}],"wp:featuredmedia":[{"embeddable":true,"href":"https:\/\/analyse.optim.biz\/index.php?rest_route=\/wp\/v2\/media\/1529451"}],"wp:attachment":[{"href":"https:\/\/analyse.optim.biz\/index.php?rest_route=%2Fwp%2Fv2%2Fmedia&parent=1529449"}],"wp:term":[{"taxonomy":"category","embeddable":true,"href":"https:\/\/analyse.optim.biz\/index.php?rest_route=%2Fwp%2Fv2%2Fcategories&post=1529449"},{"taxonomy":"post_tag","embeddable":true,"href":"https:\/\/analyse.optim.biz\/index.php?rest_route=%2Fwp%2Fv2%2Ftags&post=1529449"}],"curies":[{"name":"wp","href":"https:\/\/api.w.org\/{rel}","templated":true}]}}