{"id":152939,"date":"2016-12-21T12:54:01","date_gmt":"2016-12-21T09:54:01","guid":{"rendered":"https:\/\/analyse.optim.biz\/?p=152939"},"modified":"2016-12-21T12:54:01","modified_gmt":"2016-12-21T09:54:01","slug":"parerea-lui-victor-ponta-despe-sevil-shhaideh","status":"publish","type":"post","link":"https:\/\/analyse.optim.biz\/?p=152939","title":{"rendered":"P\u0103rerea lui Victor Ponta despe Sevil Shhaideh"},"content":{"rendered":"<div class=\"entry data-app-meta data-app-meta-article\" data-embed-base-url-canonical=\"https:\/\/www.digi24.ro\/embed\/stiri\/actualitate\/politica\/parerea-lui-victor-ponta-despe-sevil-shhaideh-636424\">\n<p data-index=\"1\"><strong>Victor Ponta a declarat c\u0103 are o p\u0103rere foarte bun\u0103 despre <a href=\"https:\/\/www.digi24.ro\/stiri\/actualitate\/politica\/cine-este-sevil-shhaideh-propunerea-de-prim-ministru-636309\" target=\"_blank\" data-skip-linkfix=\"1\" rel=\"noopener\">Sevil Shhaideh<\/a>, propunerea PSD \u0219i ALDE pentru func\u021bia de prim-ministru al Rom\u00e2niei. Fostul premier a precizat c\u0103 Sevil Shhaideh este persoana \u00een care Liviu Dragnea are cea mai mult\u0103 \u00eencredere.<\/strong><\/p>\n<p data-index=\"2\">\u201eAm o p\u0103rere foarte bun\u0103 despre Sevil. Am lucrat foarte bine c\u00e2t a fost secretar de stat. Am propus-o ca ministru, a fost ministru foarte bun. \u00cei urez succes. E o femeie foarte echilibrat\u0103 \u0219i c\u00e2t am lucrat, am lucrat foarte bine \u0219i o respect foarte mult\u201d, afirm\u0103 Victor Ponta, potrivit Digi24.<\/p>\n<p data-index=\"3\">Victor Ponta a declarat c\u0103 Sevil Shhaideh este persoana \u00een care Liviu Dragnea are cea mai mare \u00eencredere pentru c\u0103 \u201eeste un om foarte serios\u201d.<\/p>\n<p data-index=\"4\">\u00centrebat dac\u0103 Sevil Shhaideh ar putea fi premier pe termen lung, fostul prim-ministru a r\u0103spuns: \u201eDragnea spune c\u0103 el nu poate fi premier \u00eenc\u0103\u201d.<\/p>\n<p data-index=\"5\">\u201eE femeie, e musulman. E un semn de deschidere. Nu \u0219tiu ce va face Iohannis. Cred c\u0103 nici el nu \u0219tie ce face. Am lucrat foarte bine cu ea \u0219i e o persoan\u0103 foarte \u00een regul\u0103 pentru orice func\u021bie (&#8230;) Eu c\u00e2nd am f\u0103cut guvernul era alt context. Noul premier face guvernul. Important e s\u0103-l avem c\u00e2t mai repede \u0219i s\u0103 se apuce c\u00e2t mai repede \u201d, a ad\u0103ugat Victor Ponta.<\/p>\n<\/div>\n<p> Source URL: https:\/\/www.digi24.ro\/stiri\/actualitate\/politica\/parerea-lui-victor-ponta-despe-sevil-shhaideh-636424<\/p>\n","protected":false},"excerpt":{"rendered":"<p>Victor Ponta a declarat c\u0103 are o p\u0103rere foarte bun\u0103 despre Sevil Shhaideh, propunerea PSD \u0219i ALDE pentru func\u021bia de prim-ministru al Rom\u00e2niei. Fostul premier a precizat c\u0103 Sevil Shhaideh este persoana \u00een care Liviu Dragnea are cea mai mult\u0103 \u00eencredere. \u201eAm o p\u0103rere foarte bun\u0103 despre Sevil. Am lucrat foarte bine c\u00e2t a fost [&hellip;]<\/p>\n","protected":false},"author":1,"featured_media":152940,"comment_status":"open","ping_status":"","sticky":false,"template":"","format":"standard","meta":{"footnotes":""},"categories":[2],"tags":[11],"class_list":["post-152939","post","type-post","status-publish","format-standard","has-post-thumbnail","hentry","category-politics","tag-digi24"],"_links":{"self":[{"href":"https:\/\/analyse.optim.biz\/index.php?rest_route=\/wp\/v2\/posts\/152939","targetHints":{"allow":["GET"]}}],"collection":[{"href":"https:\/\/analyse.optim.biz\/index.php?rest_route=\/wp\/v2\/posts"}],"about":[{"href":"https:\/\/analyse.optim.biz\/index.php?rest_route=\/wp\/v2\/types\/post"}],"author":[{"embeddable":true,"href":"https:\/\/analyse.optim.biz\/index.php?rest_route=\/wp\/v2\/users\/1"}],"replies":[{"embeddable":true,"href":"https:\/\/analyse.optim.biz\/index.php?rest_route=%2Fwp%2Fv2%2Fcomments&post=152939"}],"version-history":[{"count":0,"href":"https:\/\/analyse.optim.biz\/index.php?rest_route=\/wp\/v2\/posts\/152939\/revisions"}],"wp:featuredmedia":[{"embeddable":true,"href":"https:\/\/analyse.optim.biz\/index.php?rest_route=\/wp\/v2\/media\/152940"}],"wp:attachment":[{"href":"https:\/\/analyse.optim.biz\/index.php?rest_route=%2Fwp%2Fv2%2Fmedia&parent=152939"}],"wp:term":[{"taxonomy":"category","embeddable":true,"href":"https:\/\/analyse.optim.biz\/index.php?rest_route=%2Fwp%2Fv2%2Fcategories&post=152939"},{"taxonomy":"post_tag","embeddable":true,"href":"https:\/\/analyse.optim.biz\/index.php?rest_route=%2Fwp%2Fv2%2Ftags&post=152939"}],"curies":[{"name":"wp","href":"https:\/\/api.w.org\/{rel}","templated":true}]}}