{"id":152936,"date":"2016-12-21T13:31:16","date_gmt":"2016-12-21T10:31:16","guid":{"rendered":"https:\/\/analyse.optim.biz\/?p=152936"},"modified":"2016-12-21T13:31:16","modified_gmt":"2016-12-21T10:31:16","slug":"t-basescu-nu-o-cunosc-pe-doamna-propusa-prim-ministru","status":"publish","type":"post","link":"https:\/\/analyse.optim.biz\/?p=152936","title":{"rendered":"T. B\u0103sescu: Nu o cunosc pe doamna propus\u0103 prim-ministru"},"content":{"rendered":"<div class=\"entry data-app-meta data-app-meta-article\" data-embed-base-url-canonical=\"https:\/\/www.digi24.ro\/embed\/stiri\/actualitate\/politica\/t-basescu-nu-o-cunosc-pe-doamna-propusa-prim-ministru-636455\">\n<p data-index=\"1\"><strong>Fostul pre\u0219edinte Traian B\u0103sescu a declarat, miercuri, dup\u0103 ce PSD a propus-o pe <a href=\"https:\/\/www.digi24.ro\/stiri\/actualitate\/politica\/cine-este-sevil-shhaideh-propunerea-de-prim-ministru-636309\" target=\"_blank\" data-skip-linkfix=\"1\" rel=\"noopener\">Sevil Shhaideh<\/a> pentru func\u021bia de prim-ministru, c\u0103 parlamentarii PMP vor vota \u00eempotriva \u00eenvestirii Guvernului.<\/strong><\/p>\n<p data-index=\"2\"><img loading=\"lazy\" decoding=\"async\" class=\"alignnone size-full wp-image-636461\" src=\"https:\/\/analyse.optim.biz\/wp-content\/uploads\/2024\/09\/mddmzwmynzljmge3nmi3nty2nwiwnddhyzu0ytm-thumb_.jpg\" alt=\"basescu in senat\" width=\"720\" height=\"960\" data-skip-htmlfix=\"1\" title=\"mddmzwmynzljmge3nmi3nty2nwiwnddhyzu0ytm-thumb_\"><\/p>\n<p data-index=\"3\">\u201eLa noi nu are importan\u021b\u0103 cine a fost desemnat, noi suntem \u00een opozi\u021bie, deci oricum nu vot\u0103m instalarea guvernului\u201d, a spus Traian B\u0103sescu.<\/p>\n<p data-index=\"4\">\u00centrebat despre Sevil Shhaideh, care este, ca \u0219i el, originar\u0103 din Dobrogea, Traian B\u0103sescu a spus c\u0103 nu o cunoa\u0219te prea bine, doar a auzit \u201ec\u00e2te ceva\u201d \u0219i nu poate spune mare lucru.<\/p>\n<p data-index=\"5\">\u201eAm auzit c\u0103 a fost ministru la Dezvoltare Regional\u0103 dupa Dragnea, at\u00e2t \u0219tiu despre d\u00e2nsa. Nu o cunosc pe doamna, dac\u0103 o \u00eent\u00e2lnesc nu \u0219tiu cine e\u201d, a completat B\u0103sescu.<\/p>\n<p data-index=\"6\">La nivelul conducerii PMP se va analiza dac\u0103 la consult\u0103rile de joi cu \u0219eful statului forma\u021biunea politic\u0103 va merge cu o propunere de premier \u201eAnaliz\u0103m \u00een seara asta\u201d, a precizat Traian B\u0103sescu.<\/p>\n<\/div>\n<p> Source URL: https:\/\/www.digi24.ro\/stiri\/actualitate\/politica\/t-basescu-nu-o-cunosc-pe-doamna-propusa-prim-ministru-636455<\/p>\n","protected":false},"excerpt":{"rendered":"<p>Fostul pre\u0219edinte Traian B\u0103sescu a declarat, miercuri, dup\u0103 ce PSD a propus-o pe Sevil Shhaideh pentru func\u021bia de prim-ministru, c\u0103 parlamentarii PMP vor vota \u00eempotriva \u00eenvestirii Guvernului. \u201eLa noi nu are importan\u021b\u0103 cine a fost desemnat, noi suntem \u00een opozi\u021bie, deci oricum nu vot\u0103m instalarea guvernului\u201d, a spus Traian B\u0103sescu. \u00centrebat despre Sevil Shhaideh, care [&hellip;]<\/p>\n","protected":false},"author":1,"featured_media":152937,"comment_status":"open","ping_status":"","sticky":false,"template":"","format":"standard","meta":{"footnotes":""},"categories":[2],"tags":[11],"class_list":["post-152936","post","type-post","status-publish","format-standard","has-post-thumbnail","hentry","category-politics","tag-digi24"],"_links":{"self":[{"href":"https:\/\/analyse.optim.biz\/index.php?rest_route=\/wp\/v2\/posts\/152936","targetHints":{"allow":["GET"]}}],"collection":[{"href":"https:\/\/analyse.optim.biz\/index.php?rest_route=\/wp\/v2\/posts"}],"about":[{"href":"https:\/\/analyse.optim.biz\/index.php?rest_route=\/wp\/v2\/types\/post"}],"author":[{"embeddable":true,"href":"https:\/\/analyse.optim.biz\/index.php?rest_route=\/wp\/v2\/users\/1"}],"replies":[{"embeddable":true,"href":"https:\/\/analyse.optim.biz\/index.php?rest_route=%2Fwp%2Fv2%2Fcomments&post=152936"}],"version-history":[{"count":0,"href":"https:\/\/analyse.optim.biz\/index.php?rest_route=\/wp\/v2\/posts\/152936\/revisions"}],"wp:featuredmedia":[{"embeddable":true,"href":"https:\/\/analyse.optim.biz\/index.php?rest_route=\/wp\/v2\/media\/152937"}],"wp:attachment":[{"href":"https:\/\/analyse.optim.biz\/index.php?rest_route=%2Fwp%2Fv2%2Fmedia&parent=152936"}],"wp:term":[{"taxonomy":"category","embeddable":true,"href":"https:\/\/analyse.optim.biz\/index.php?rest_route=%2Fwp%2Fv2%2Fcategories&post=152936"},{"taxonomy":"post_tag","embeddable":true,"href":"https:\/\/analyse.optim.biz\/index.php?rest_route=%2Fwp%2Fv2%2Ftags&post=152936"}],"curies":[{"name":"wp","href":"https:\/\/api.w.org\/{rel}","templated":true}]}}