{"id":1529328,"date":"2026-01-28T14:01:39","date_gmt":"2026-01-28T11:01:39","guid":{"rendered":"https:\/\/analyse.optim.biz\/?p=1529328"},"modified":"2026-01-28T14:01:39","modified_gmt":"2026-01-28T11:01:39","slug":"la-fiscalia-de-paris-abre-una-investigacion-contra-la-plataforma-kick-tras-la-muerte-en-directo-de-un-streamer-el-pasado-verano","status":"publish","type":"post","link":"https:\/\/analyse.optim.biz\/?p=1529328","title":{"rendered":"La Fiscal\u00eda de Par\u00eds abre una investigaci\u00f3n contra la plataforma Kick tras la muerte en directo de un \u2018streamer\u2019 el pasado verano"},"content":{"rendered":"<article id=\"main-content\" class=\"a _g _g-lg _g-o\">\n<header class=\"a_e _g _g-xs\">\n<div class=\"a_e_txt _df\">\n<div class=\"a_k _df\"><a class=\"a_k_n\" href=\"https:\/\/elpais.com\/noticias\/redes-sociales\/\">Redes sociales <\/a><\/div>\n<h1 class=\"a_t\">La Fiscal\u00eda de Par\u00eds abre una investigaci\u00f3n contra la plataforma Kick tras la muerte en directo de un \u2018streamer\u2019 el pasado verano<\/h1>\n<p class=\"a_st\">El Ministerio p\u00fablico solicita \u00f3rdenes de arresto contra sus directivos por no acudir a las citaciones judiciales, mientras los \u2018influencers\u2019 participantes est\u00e1n bajo custodia policial<\/p>\n<\/div>\n<div class=\"a_e_m\">\n<figure class=\"a_m a_m-h \"><span class=\"a_m_w _db\"><img fetchpriority=\"high\" decoding=\"async\" alt=\"Investigaci\u00f3n contra la plataforma Kick\" class=\"_re  a_m-h\" height=\"277\" width=\"414\" src=\"https:\/\/analyse.optim.biz\/wp-content\/uploads\/2026\/01\/x5eyx3q4fnlebjyhgsnwoa5nka-1.jpg\" loading=\"eager\" title=\"x5eyx3q4fnlebjyhgsnwoa5nka-1\"><\/span><figcaption class=\"a_m_p\" aria-hidden=\"true\"><span>La aplicaci\u00f3n Kick (arriba a la derecha) en la pantalla de un &#8216;smartphone&#8217;. <\/span><span class=\"a_m_m\">Hollie Adams (REUTERS)<\/span><\/figcaption><\/figure>\n<\/div>\n<\/header>\n<div class=\"a_md _g _g-xs ni\">\n<div class=\"a_md_txt\">\n<div class=\"a_md_a\" data-dtm-region=\"articulo_firma\"><a href=\"https:\/\/elpais.com\/autor\/raquel-villaecija-ruiz\/#?rel=author_top\" title=\"Ver todas las noticias de Raquel Villa\u00e9cija\" class=\"a_md_a_n\">Raquel Villa\u00e9cija<\/a><\/div>\n<div class=\"a_md_f\"><span>Par\u00eds &#8211; <a href=\"https:\/\/elpais.com\/hemeroteca\/2026-01-28\/\" data-date=\"2026-01-28T15:01:39+01:00\"><time data-date=\"2026-01-28T15:01:39+01:00\" datetime=\"2026-01-28T15:01:39+01:00\" id=\"article_date_p\">28 ene 2026 &#8211; 15:01<abbr title=\"Central European Time\">CET<\/abbr><\/time><\/a><\/span><\/div>\n<div class=\"w_rs\" data-dtm-region=\"articulo_botonera-social\">\n<div class=\"w_rs_i\"><a class=\"_btn hidden\" href=\"\/\/send?text=La%20Fiscal%C3%ADa%20de%20Par%C3%ADs%20abre%20una%20investigaci%C3%B3n%20contra%20la%20plataforma%20Kick%20tras%20la%20muerte%20en%20directo%20de%20un%20%E2%80%98streamer%E2%80%99%20el%20pasado%20verano%0D%0A%0D%0Ahttps%3A%2F%2Felpais.com%2Ftecnologia%2F2026-01-28%2Fla-fiscalia-de-paris-abre-una-investigacion-contra-la-plataforma-kick-tras-la-muerte-en-directo-de-un-streamer-el-pasado-verano.html%3Fssm=whatsapp_CC\" data-action=\"share\/whatsapp\/share\" data-param-description=\"La Fiscal\u00eda de Par\u00eds abre una investigaci\u00f3n contra la plataforma Kick tras la muerte en directo de un \u2018streamer\u2019 el pasado verano\" data-param-href=\"https:\/\/elpais.com\/tecnologia\/2026-01-28\/la-fiscalia-de-paris-abre-una-investigacion-contra-la-plataforma-kick-tras-la-muerte-en-directo-de-un-streamer-el-pasado-verano.html\" data-param-text=\"La Fiscal\u00eda de Par\u00eds abre una investigaci\u00f3n contra la plataforma Kick tras la muerte en directo de un \u2018streamer\u2019 el pasado verano https:\/\/elpais.com\/tecnologia\/2026-01-28\/la-fiscalia-de-paris-abre-una-investigacion-contra-la-plataforma-kick-tras-la-muerte-en-directo-de-un-streamer-el-pasado-verano.html\" data-param-url=\"https:\/\/elpais.com\/tecnologia\/2026-01-28\/la-fiscalia-de-paris-abre-una-investigacion-contra-la-plataforma-kick-tras-la-muerte-en-directo-de-un-streamer-el-pasado-verano.html\" target=\"_blank\" rel=\"noopener noreferrer\" data-share-track-dtm=\"whatsapp\" id=\"btn_share_whatsapp_193\"><span class=\"_sr\">Compartir en Whatsapp<\/span><\/a><\/div>\n<div class=\"w_rs_i\"><a class=\"_btn \" href=\"https:\/\/www.facebook.com\/dialog\/share?display=popup&amp;app_id=94039431626&amp;href=https%3A%2F%2Felpais.com%2Ftecnologia%2F2026-01-28%2Fla-fiscalia-de-paris-abre-una-investigacion-contra-la-plataforma-kick-tras-la-muerte-en-directo-de-un-streamer-el-pasado-verano.html%3Fssm=FB_CC&amp;quote=La%20Fiscal%C3%ADa%20de%20Par%C3%ADs%20abre%20una%20investigaci%C3%B3n%20contra%20la%20plataforma%20Kick%20tras%20la%20muerte%20en%20directo%20de%20un%20%E2%80%98streamer%E2%80%99%20el%20pasado%20verano\" data-param-app_id=\"94039431626\" data-param-description=\"La Fiscal\u00eda de Par\u00eds abre una investigaci\u00f3n contra la plataforma Kick tras la muerte en directo de un \u2018streamer\u2019 el pasado verano\" data-param-href=\"https:\/\/elpais.com\/tecnologia\/2026-01-28\/la-fiscalia-de-paris-abre-una-investigacion-contra-la-plataforma-kick-tras-la-muerte-en-directo-de-un-streamer-el-pasado-verano.html\" data-param-text=\"La Fiscal\u00eda de Par\u00eds abre una investigaci\u00f3n contra la plataforma Kick tras la muerte en directo de un \u2018streamer\u2019 el pasado verano\" data-param-url=\"https:\/\/elpais.com\/tecnologia\/2026-01-28\/la-fiscalia-de-paris-abre-una-investigacion-contra-la-plataforma-kick-tras-la-muerte-en-directo-de-un-streamer-el-pasado-verano.html\" target=\"_blank\" rel=\"noopener noreferrer\" data-share-track-dtm=\"facebook\" id=\"btn_share_facebook_193\"><span class=\"_sr\">Compartir en Facebook<\/span><\/a><\/div>\n<div class=\"w_rs_i\"><a class=\"_btn \" href=\"https:\/\/twitter.com\/intent\/tweet?url=https%3A%2F%2Felpais.com%2Ftecnologia%2F2026-01-28%2Fla-fiscalia-de-paris-abre-una-investigacion-contra-la-plataforma-kick-tras-la-muerte-en-directo-de-un-streamer-el-pasado-verano.html%3Fssm=TW_CC&amp;text=La%20Fiscal%C3%ADa%20de%20Par%C3%ADs%20abre%20una%20investigaci%C3%B3n%20contra%20la%20plataforma%20Kick%20tras%20la%20muerte%20en%20directo%20de%20un%20%E2%80%98streamer%E2%80%99%20el%20pasado%20verano&amp;via=el_pais&amp;lang=es\" data-param-description=\"La Fiscal\u00eda de Par\u00eds abre una investigaci\u00f3n contra la plataforma Kick tras la muerte en directo de un \u2018streamer\u2019 el pasado verano\" data-param-href=\"https:\/\/elpais.com\/tecnologia\/2026-01-28\/la-fiscalia-de-paris-abre-una-investigacion-contra-la-plataforma-kick-tras-la-muerte-en-directo-de-un-streamer-el-pasado-verano.html\" data-param-text=\"La Fiscal\u00eda de Par\u00eds abre una investigaci\u00f3n contra la plataforma Kick tras la muerte en directo de un \u2018streamer\u2019 el pasado verano via @el_pais\" data-param-url=\"https:\/\/elpais.com\/tecnologia\/2026-01-28\/la-fiscalia-de-paris-abre-una-investigacion-contra-la-plataforma-kick-tras-la-muerte-en-directo-de-un-streamer-el-pasado-verano.html\" target=\"_blank\" rel=\"noopener noreferrer\" data-share-track-dtm=\"twitter\" id=\"btn_share_twitter_193\"><span class=\"_sr\">Compartir en Twitter<\/span><\/a><\/div>\n<div class=\"w_rs_i\"><a class=\"_btn \" href=\"https:\/\/bsky.app\/intent\/compose?text=https%3A%2F%2Felpais.com%2Ftecnologia%2F2026-01-28%2Fla-fiscalia-de-paris-abre-una-investigacion-contra-la-plataforma-kick-tras-la-muerte-en-directo-de-un-streamer-el-pasado-verano.html%3Fssm=bsky_CC\" data-param-description=\"La Fiscal\u00eda de Par\u00eds abre una investigaci\u00f3n contra la plataforma Kick tras la muerte en directo de un \u2018streamer\u2019 el pasado verano\" data-param-href=\"https:\/\/elpais.com\/tecnologia\/2026-01-28\/la-fiscalia-de-paris-abre-una-investigacion-contra-la-plataforma-kick-tras-la-muerte-en-directo-de-un-streamer-el-pasado-verano.html\" data-param-text=\"La Fiscal\u00eda de Par\u00eds abre una investigaci\u00f3n contra la plataforma Kick tras la muerte en directo de un \u2018streamer\u2019 el pasado verano\" data-param-url=\"https:\/\/elpais.com\/tecnologia\/2026-01-28\/la-fiscalia-de-paris-abre-una-investigacion-contra-la-plataforma-kick-tras-la-muerte-en-directo-de-un-streamer-el-pasado-verano.html\" target=\"_blank\" rel=\"noopener noreferrer\" data-share-track-dtm=\"bluesky\" id=\"btn_share_bluesky_193\"><span class=\"_sr\">Compartir en Bluesky<\/span><\/a><\/div>\n<div class=\"w_rs_i\"><a class=\"_btn \" href=\"https:\/\/www.linkedin.com\/sharing\/share-offsite\/?url=https%3A%2F%2Felpais.com%2Ftecnologia%2F2026-01-28%2Fla-fiscalia-de-paris-abre-una-investigacion-contra-la-plataforma-kick-tras-la-muerte-en-directo-de-un-streamer-el-pasado-verano.html%3Fssm=LK_CC\" data-param-description=\"La Fiscal\u00eda de Par\u00eds abre una investigaci\u00f3n contra la plataforma Kick tras la muerte en directo de un \u2018streamer\u2019 el pasado verano\" data-param-href=\"https:\/\/elpais.com\/tecnologia\/2026-01-28\/la-fiscalia-de-paris-abre-una-investigacion-contra-la-plataforma-kick-tras-la-muerte-en-directo-de-un-streamer-el-pasado-verano.html\" data-param-text=\"La Fiscal\u00eda de Par\u00eds abre una investigaci\u00f3n contra la plataforma Kick tras la muerte en directo de un \u2018streamer\u2019 el pasado verano\" data-param-url=\"https:\/\/elpais.com\/tecnologia\/2026-01-28\/la-fiscalia-de-paris-abre-una-investigacion-contra-la-plataforma-kick-tras-la-muerte-en-directo-de-un-streamer-el-pasado-verano.html\" target=\"_blank\" rel=\"noopener noreferrer\" data-share-track-dtm=\"linkedin\" id=\"btn_share_linkedin_193\"><span class=\"_sr\">Compartir en Linkedin<\/span><\/a><\/div>\n<div class=\"w_rs_i\"><a class=\"_btn rs_l\" href=\"https:\/\/elpais.com\/tecnologia\/2026-01-28\/la-fiscalia-de-paris-abre-una-investigacion-contra-la-plataforma-kick-tras-la-muerte-en-directo-de-un-streamer-el-pasado-verano.html#?prm=copy_link\" data-share-track-dtm=\"copiar_url\" id=\"btn_share_link_13\"><span class=\"_sr\">Copiar enlace<\/span><\/a><\/div>\n<div class=\"w_rs_i\"><a class=\"_btn rs_c\" href=\"https:\/\/elpais.com\/tecnologia\/2026-01-28\/la-fiscalia-de-paris-abre-una-investigacion-contra-la-plataforma-kick-tras-la-muerte-en-directo-de-un-streamer-el-pasado-verano.html#comments_container\" aria-expanded=\"false\" aria-controls=\"me-c\" data-share-track-dtm=\"eskup\" id=\"btn_share_comments_13\"><span class=\"_sr\">Ir a los comentarios<\/span><\/a><\/div>\n<\/div>\n<\/div>\n<\/div>\n<div class=\"a_c clearfix\" data-dtm-region=\"articulo_cuerpo\">\n<p class>La Fiscal\u00eda de Par\u00eds ha anunciado la apertura de una investigaci\u00f3n contra la plataforma de v\u00eddeos <a href=\"https:\/\/es.wikipedia.org\/wiki\/Kick\" target=\"_self\" rel title=\"https:\/\/es.wikipedia.org\/wiki\/Kick\">Kick<\/a> y ha solicitado \u00f3rdenes de arresto contra sus directivos en el marco de una investigaci\u00f3n preliminar que se abri\u00f3 el pasado agosto tras la muerte en directo del <i>streamer<\/i><a href=\"https:\/\/es.wikipedia.org\/wiki\/Jean_Pormanove\" target=\"_self\" rel title=\"https:\/\/es.wikipedia.org\/wiki\/Jean_Pormanove\">Rapha\u00ebl Graven<\/a>, de 46 a\u00f1os. Conocido como Jean Pormanove, falleci\u00f3 tras 10 d\u00edas encerrado en una casa, emitiendo en directo peleas, insultos y abusos por parte de otros dos <i>influencers<\/i>.<\/p>\n<p class>Ambos implicados, conocidos como Naruto y Safine y pr\u00f3ximos al fallecido, han sido puestos bajo custodia policial tras ser interrogados este martes, seg\u00fan anunci\u00f3 la Fiscal\u00eda de Niza, encargada hasta ahora de la investigaci\u00f3n preliminar, pues la casa en la que se film\u00f3 el directo para Kick estaba en un pueblo cercano a esta ciudad del sur del pa\u00eds.<\/p>\n<p class>Casi seis meses despu\u00e9s, la Fiscal\u00eda de Par\u00eds ha encargado a un juez de instrucci\u00f3n las pesquisas contra la plataforma por varios delitos: omisi\u00f3n de socorro a una persona en peligro, falta de prevenci\u00f3n de un delito contra la integridad f\u00edsica, blanqueo de capitales procedentes de un delito cometido en banda organizada y difusi\u00f3n de grabaciones que atentan contra la integridad de una persona.<\/p>\n<p class>Adem\u00e1s, ha ordenado orden de arresto contra los gestores de la web por no acudir a una citaci\u00f3n judicial previa. La plataforma se cre\u00f3 en 2022 en Australia y pretend\u00eda competir con Twitch, aunque con reglas m\u00e1s laxas. \u201cA pesar de haber sido informados de las condiciones y fecha de la audiencia, las personas implicadas no se presentan\u201d, se\u00f1ala en el comunicado la fiscal de Par\u00eds, Laure Beccuau.<\/p>\n<p class>La investigaci\u00f3n \u201cpermitir\u00e1 profundizar en el an\u00e1lisis de los esquemas financieros de la empresa, que siguen siendo opacos en este momento\u201d, se\u00f1ala la Fiscal\u00eda. En concreto, trata de \u201caclarar los v\u00ednculos econ\u00f3micos entre Kick y el canal de Jean Pormanove\u201d, pues se han identificado \u201cflujos financieros sospechosos\u201d que llevan a pensar que el canal estaba siendo financiado directamente por la plataforma. La cuenta de Pormanove ten\u00eda 200.000 seguidores. Este estaba presente en otras plataformas como Tiktok y era conocido por filmarse sufriendo humillaciones por parte de otros dos <i>influencers<\/i>.<\/p>\n<p class>Su muerte el pasado mes de agosto cre\u00f3 mucha conmoci\u00f3n en Francia y puso sobre la mesa el debate sobre la falta de regulaci\u00f3n de algunas plataformas de Internet, donde los filtros son m\u00e1s que insuficientes y donde, como en Kick, los usuarios incitan a la violencia a cambio de likes.<\/p>\n<p class>Pormanove muri\u00f3 en una casa cerca de Niza, donde se film\u00f3 el directo durante d\u00edas, 298 horas exactamente, mientras los dos detenidos le maltrataban. Los v\u00eddeos mostraban im\u00e1genes de violencia extrema, insultos y vejaciones por parte de Naruto y Safine, ahora detenidos \u201cpor violencia en grupo en directo, abuso de persona vulnerable e incitaci\u00f3n al odio y difusi\u00f3n de im\u00e1genes de violencia\u201d. La plataforma aleg\u00f3 en su d\u00eda que estas escenas estaban preparadas y que no se trataba de un maltrato real.<\/p>\n<h3 class>Contenido violento<\/h3>\n<p class>Los dos <i>influencers<\/i> no fueron interrogados tras la muerte de Pormanove, pero s\u00ed siete meses antes, en enero de 2025, despu\u00e9s de que el medio franc\u00e9s <i>Mediapart <\/i>revelara las irregularidades en actividad de Kick. El medio denunciaba la falta de reglas de moderaci\u00f3n en el contenido violento. Poco despu\u00e9s, la Liga de Derechos del Hombre denunci\u00f3 tambi\u00e9n a Kick por este motivo.<\/p>\n<p class>No se hizo nada entonces a pesar de las denuncias y tampoco intervino el regulador audiovisual Arcom, encargado del contenido de estas plataformas digitales. Tras la muerte de Pormanove la Fiscal\u00eda de Niza abri\u00f3 una investigaci\u00f3n para esclarecer las causas de la muerte y la responsabilidad de cada uno de los participantes. La autopsia certific\u00f3 que su fallecimiento no se debi\u00f3 a los golpes sufridos ni \u201ca la intervenci\u00f3n de un tercero\u201d.<\/p>\n<p class>Tras la muerte del <i>streamer<\/i>, la plataforma expuls\u00f3 a los espa\u00f1oles Sim\u00f3n P\u00e9rez y Silvia Charro por violar sus \u201cnormas comunitarias\u201d. Ambos se hicieron c\u00e9lebres en 2017 con un v\u00eddeo viral en el que daban consejos sobre hipotecas ebrios. Despu\u00e9s, empezaron a difundir v\u00eddeos Kick en los que hablaban de su consumo de drogas y la audiencia les animaba a realizar espect\u00e1culos humillantes a cambio de dinero.<\/p>\n<\/div>\n<div id=\"me-dis\" class=\"me _pf\">\n<div class=\"me_bg\">\n<div class=\"me-dis _pa _df\">\n<div class=\"me-dis_c\">\n<h2 class=\"me-dis_t\">Tu suscripci\u00f3n se est\u00e1 usando en otro dispositivo<\/h2>\n<p>\u00bfQuieres a\u00f1adir otro usuario a tu suscripci\u00f3n?<\/p>\n<div class=\"me-dis_l\"><a href=\"https:\/\/elpais.com\/suscripciones\/premium\/upgrade\/?utm_source=autopromo&amp;utm_medium=interno&amp;utm_campaign=YYYY_MM_capping_upgrade\" id=\"capping-upgrade\" class=\"btn\">A\u00f1adir usuario<\/a><a href=\"https:\/\/elpais.com\/tecnologia\/2026-01-28\/la-fiscalia-de-paris-abre-una-investigacion-contra-la-plataforma-kick-tras-la-muerte-en-directo-de-un-streamer-el-pasado-verano.html\" id=\"capping-continue\" class=\"btn btn-b\">Continuar leyendo aqu\u00ed<\/a><\/div>\n<p>Si contin\u00faas leyendo en este dispositivo, no se podr\u00e1 leer en el otro.<\/p>\n<p class=\"lk\"><a href=\"https:\/\/elpais.com\/tecnologia\/2026-01-28\/la-fiscalia-de-paris-abre-una-investigacion-contra-la-plataforma-kick-tras-la-muerte-en-directo-de-un-streamer-el-pasado-verano.html\" id=\"capping-show-more-button\">\u00bfPor qu\u00e9 est\u00e1s viendo esto?<\/a><\/p>\n<p><span class=\"arrow\" id=\"capping-arrow\">Flecha<\/span><\/p>\n<div class=\"me-dis_d\">\n<div class=\"me-dis_d_t\">\n<h2 class=\"enc\">Tu suscripci\u00f3n se est\u00e1 usando en otro dispositivo y solo puedes acceder a EL PA\u00cdS desde un dispositivo a la vez.<\/h2>\n<div class=\"tx\">\n<p>Si quieres compartir tu cuenta, cambia tu suscripci\u00f3n a la modalidad Premium, as\u00ed podr\u00e1s a\u00f1adir otro usuario. Cada uno acceder\u00e1 con su propia cuenta de email, lo que os permitir\u00e1 personalizar vuestra experiencia en EL PA\u00cdS.<\/p>\n<p>\u00bfTienes una suscripci\u00f3n de empresa? Accede <a target=\"_blank\" rel=\"noreferrer\" href=\"https:\/\/elpais.com\/suscripciones\/premium\/upgrade\/\">aqu\u00ed<\/a> para contratar m\u00e1s cuentas.<\/p>\n<p>En el caso de no saber qui\u00e9n est\u00e1 usando tu cuenta, te recomendamos cambiar tu contrase\u00f1a <a target=\"_blank\" rel=\"noreferrer\" href=\"https:\/\/elpais.com\/subscriptions\/#\/forgot-password\">aqu\u00ed.<\/a><\/p>\n<p>Si decides continuar compartiendo tu cuenta, este mensaje se mostrar\u00e1 en tu dispositivo y en el de la otra persona que est\u00e1 usando tu cuenta de forma indefinida, afectando a tu experiencia de lectura. Puedes <a target=\"_blank\" rel=\"noreferrer\" href=\"https:\/\/elpais.com\/suscripciones\/condiciones-generales-servicios\/\">consultar aqu\u00ed los t\u00e9rminos y condiciones de la suscripci\u00f3n digital.<\/a><\/p>\n<\/div>\n<\/div>\n<\/div>\n<\/div>\n<\/div>\n<\/div>\n<\/div>\n<aside class=\"w w-fid\">\n<div class=\"w_b\">\n<div class=\"w-fid_t\"><a href=\"https:\/\/plus.elpais.com\/newsletters\/lnp\/1\/356\/#?prm=not_newsletters_tecno\">Recibe cada semana el bolet\u00edn de Tecnolog\u00eda<\/a><\/div>\n<div class=\"w-fid_s\">\n<div class=\"w_rs\">\n<div class=\"w_rs_i\"><a class=\"_btn\" href=\"https:\/\/www.facebook.com\/elpaistecnologia\/\" rel=\"nofollow\"><span class=\"_sr\">Tecnologia El Pa\u00eds en Facebook<\/span><\/a><\/div>\n<div class=\"w_rs_i\"><a class=\"_btn\" href=\"https:\/\/www.instagram.com\/el_pais\/\" rel=\"nofollow\"><span class=\"_sr\">Tecnologia El Pa\u00eds en Instagram<\/span><\/a><\/div>\n<div class=\"w_rs_i\"><a class=\"_btn\" href=\"https:\/\/twitter.com\/el_pais\" rel=\"nofollow\"><span class=\"_sr\">Tecnologia El Pa\u00eds en Twitter<\/span><\/a><\/div>\n<\/div>\n<\/div>\n<\/div>\n<\/aside>\n<aside class=\"a_com w w-com _df\"><a class=\"a_com_l\" href=\"https:\/\/elpais.com\/info\/normas-de-participacion\/\">Normas \u203a<\/a><\/aside>\n<div class=\"me _pf\" id=\"me-c\">\n<div class=\"me_bg\">\n<div class=\"me-c _pa\" id=\"comments_container\" data-dtm-region=\"articulo_comentarios\">\n<div class=\"me_f me_f-os me_cc\"><a href=\"https:\/\/plus.elpais.com\/perfil\/actividad\/\">Mis comentarios<\/a><a href=\"https:\/\/elpais.com\/info\/normas-de-participacion\/\">Normas<\/a><\/div>\n<div class=\"me_f me_f-ns\"><span class=\"me_f_txt _db\">Rellena tu <b>nombre y apellido<\/b> para comentar<\/span><a href=\"https:\/\/plus.elpais.com\/autorization.html\/?prod=COM&amp;backURL=https%3A%2F%2Felpais.com%2Ftecnologia%2F2026-01-28%2Fla-fiscalia-de-paris-abre-una-investigacion-contra-la-plataforma-kick-tras-la-muerte-en-directo-de-un-streamer-el-pasado-verano.html\" class=\"btn btn-2\">completar datos<\/a><\/div>\n<div class=\"me_f\" id=\"comments_msg\"><a class=\"btn btn-2\" href=\"https:\/\/elpais.com\/suscripciones\/#\/campaign?prod=SUSDIGCRART&amp;o=COM&amp;prm=suscrip_articulo_comentarios_el-pais&amp;backURL=https%3A%2F%2Felpais.com%2Ftecnologia%2F2026-01-28%2Fla-fiscalia-de-paris-abre-una-investigacion-contra-la-plataforma-kick-tras-la-muerte-en-directo-de-un-streamer-el-pasado-verano.html\" id=\"comments_subscribe_link\" data-link-am=\"https:\/\/elpais.com\/suscripciones\/america\/#\/campaign?prod=SUSDIGCRARTAM&amp;o=COMAM&amp;prm=suscrip_articulo_comentarios_el-pais-america&amp;backURL=https%3A%2F%2Felpais.com%2Ftecnologia%2F2026-01-28%2Fla-fiscalia-de-paris-abre-una-investigacion-contra-la-plataforma-kick-tras-la-muerte-en-directo-de-un-streamer-el-pasado-verano.html\" data-link-mx=\"https:\/\/elpais.com\/suscripciones\/america\/#\/campaign?prod=SUSDIGMX&amp;o=COMMX&amp;prm=suscrip_articulo_comentarios_el-pais-mexico&amp;backURL=https%3A%2F%2Felpais.com%2Ftecnologia%2F2026-01-28%2Fla-fiscalia-de-paris-abre-una-investigacion-contra-la-plataforma-kick-tras-la-muerte-en-directo-de-un-streamer-el-pasado-verano.html\" data-link-co=\"https:\/\/elpais.com\/suscripciones\/america\/#\/campaign?prod=SUSDIGCOL&amp;o=COMCOL&amp;prm=suscrip_articulo_comentarios_el-pais_colombia&amp;backURL=https%3A%2F%2Felpais.com%2Ftecnologia%2F2026-01-28%2Fla-fiscalia-de-paris-abre-una-investigacion-contra-la-plataforma-kick-tras-la-muerte-en-directo-de-un-streamer-el-pasado-verano.html\" data-link-ar=\"https:\/\/elpais.com\/suscripciones\/america\/#\/campaign?prod=SUSDIGCRARTAR&amp;o=COMAR&amp;backURL=https%3A%2F%2Felpais.com%2Ftecnologia%2F2026-01-28%2Fla-fiscalia-de-paris-abre-una-investigacion-contra-la-plataforma-kick-tras-la-muerte-en-directo-de-un-streamer-el-pasado-verano.html\" data-link-cl=\"https:\/\/elpais.com\/suscripciones\/america\/#\/campaign?prod=SUSDIGCHILE&amp;o=COMCHILE&amp;backURL=https%3A%2F%2Felpais.com%2Ftecnologia%2F2026-01-28%2Fla-fiscalia-de-paris-abre-una-investigacion-contra-la-plataforma-kick-tras-la-muerte-en-directo-de-un-streamer-el-pasado-verano.html\" data-link-us=\"https:\/\/elpais.com\/suscripciones\/america\/#\/campaign?prod=SUSDIGCRARTEUCAN&amp;o=COMUS&amp;prm=suscrip_articulo_comentarios_el-pais_eucan&amp;backURL=https%3A%2F%2Felpais.com%2Ftecnologia%2F2026-01-28%2Fla-fiscalia-de-paris-abre-una-investigacion-contra-la-plataforma-kick-tras-la-muerte-en-directo-de-un-streamer-el-pasado-verano.html\">Suscr\u00edbete en El Pa\u00eds para participar<\/a><a class=\"btn btn-3\" href=\"https:\/\/elpais.com\/subscriptions\/#\/sign-in?prod=REG&amp;o=COM&amp;prm=login_articulo_comentarios_el-pais&amp;backURL=https%3A%2F%2Felpais.com%2Ftecnologia%2F2026-01-28%2Fla-fiscalia-de-paris-abre-una-investigacion-contra-la-plataforma-kick-tras-la-muerte-en-directo-de-un-streamer-el-pasado-verano.html\" id=\"comments_login_link\" data-link-am=\"https:\/\/elpais.com\/subscriptions\/#\/sign-in?prod=REG&amp;o=COM&amp;prm=login_articulo_comentarios_el-pais-america&amp;backURL=https%3A%2F%2Felpais.com%2Ftecnologia%2F2026-01-28%2Fla-fiscalia-de-paris-abre-una-investigacion-contra-la-plataforma-kick-tras-la-muerte-en-directo-de-un-streamer-el-pasado-verano.html\" data-link-mx=\"https:\/\/elpais.com\/subscriptions\/#\/sign-in?prod=REG&amp;o=COM&amp;prm=login_articulo_comentarios_el-pais-mexico&amp;backURL=https%3A%2F%2Felpais.com%2Ftecnologia%2F2026-01-28%2Fla-fiscalia-de-paris-abre-una-investigacion-contra-la-plataforma-kick-tras-la-muerte-en-directo-de-un-streamer-el-pasado-verano.html\" data-link-co=\"https:\/\/elpais.com\/subscriptions\/#\/sign-in?prod=REG&amp;o=COM&amp;backURL=https%3A%2F%2Felpais.com%2Ftecnologia%2F2026-01-28%2Fla-fiscalia-de-paris-abre-una-investigacion-contra-la-plataforma-kick-tras-la-muerte-en-directo-de-un-streamer-el-pasado-verano.html\" data-link-ar=\"https:\/\/elpais.com\/subscriptions\/#\/sign-in?prod=REG&amp;o=COM&amp;backURL=https%3A%2F%2Felpais.com%2Ftecnologia%2F2026-01-28%2Fla-fiscalia-de-paris-abre-una-investigacion-contra-la-plataforma-kick-tras-la-muerte-en-directo-de-un-streamer-el-pasado-verano.html\" data-link-cl=\"https:\/\/elpais.com\/subscriptions\/#\/sign-in?prod=REG&amp;o=COM&amp;backURL=https%3A%2F%2Felpais.com%2Ftecnologia%2F2026-01-28%2Fla-fiscalia-de-paris-abre-una-investigacion-contra-la-plataforma-kick-tras-la-muerte-en-directo-de-un-streamer-el-pasado-verano.html\" data-link-us=\"https:\/\/elpais.com\/subscriptions\/#\/sign-in?prod=REG&amp;o=COM&amp;backURL=https%3A%2F%2Felpais.com%2Ftecnologia%2F2026-01-28%2Fla-fiscalia-de-paris-abre-una-investigacion-contra-la-plataforma-kick-tras-la-muerte-en-directo-de-un-streamer-el-pasado-verano.html\">Ya tengo una suscripci\u00f3n<\/a><\/div>\n<p>Please enable JavaScript to view the &lt;a href=&#8221;https:\/\/disqus.com\/?ref_noscript&#8221; rel=&#8221;nofollow&#8221;&gt; comments powered by Disqus.&lt;\/a&gt;<\/p><\/div>\n<\/div>\n<\/div>\n<aside class=\"w w-rel\" data-dtm-region=\"articulo_mas-informacion\">\n<h2 class=\"w_t\">M\u00e1s informaci\u00f3n<\/h2>\n<ul class=\"w_b _ls\">\n<li class=\"_g _g-xs w-rel_n\">\n<div class=\" a_m-h c_m--nf\"><span class=\"_db _pr\"><img decoding=\"async\" class=\"_re lazyload a_m-h\" height=\"311\" width=\"414\" src=\"https:\/\/analyse.optim.biz\/wp-content\/uploads\/2026\/01\/3rs2k5hjmjgdxnqvperbwvppam.jpg\" loading=\"lazy\" title=\"3rs2k5hjmjgdxnqvperbwvppam\"><\/span><\/div>\n<div class=\"nt\">\n<h3 class=\"nt_t\"><a href=\"https:\/\/elpais.com\/videos\/2025-09-03\/kick-o-por-que-funciona-el-negocio-de-la-degradacion-ajena.html#?rel=mas\">Kick o por qu\u00e9 funciona el negocio de la degradaci\u00f3n ajena<\/a><\/h3>\n<div class=\"nt_a\"><span>Pablo Algara<\/span> | Madrid<\/div>\n<\/div>\n<\/li>\n<li class=\"_g _g-xs w-rel_n\">\n<div class=\" a_m-h c_m--nf\"><span class=\"_db _pr\"><img decoding=\"async\" class=\"_re lazyload a_m-h\" height=\"311\" width=\"414\" src=\"https:\/\/analyse.optim.biz\/wp-content\/uploads\/2026\/01\/o4vsmtmi6jgejgnfgxkymbqyki.jpg\" loading=\"lazy\" title=\"o4vsmtmi6jgejgnfgxkymbqyki\"><\/span><\/div>\n<div class=\"nt\">\n<h3 class=\"nt_t\"><a href=\"https:\/\/elpais.com\/tecnologia\/2025-08-26\/kick-expulsa-de-su-plataforma-a-los-espanoles-simon-perez-y-silvia-charro-tras-la-muerte-del-streamer-frances.html#?rel=mas\">Kick expulsa de su plataforma a los espa\u00f1oles Sim\u00f3n P\u00e9rez y Silvia Charro tras la muerte del \u2018streamer\u2019 franc\u00e9s<\/a><\/h3>\n<div class=\"nt_a\"><a href=\"https:\/\/elpais.com\/autor\/jordi-perez-colome\/\" title=\"Ver todas las noticias de Jordi P\u00e9rez Colom\u00e9\">Jordi P\u00e9rez Colom\u00e9<\/a><\/div>\n<\/div>\n<\/li>\n<\/ul>\n<\/aside>\n<section class=\"w w-ae\" data-dtm-region=\"articulo_archivado-en\">\n<h2 class=\"w_t\">Archivado En<\/h2>\n<div class=\"w_b\">\n<ul class=\"w_ul w_ul--mh _df _ls\">\n<li><a href=\"https:\/\/elpais.com\/noticias\/sociedad\/#?rel=arch\" rel=\"noopener noreferrer\">Sociedad<\/a><\/li>\n<li><a href=\"https:\/\/elpais.com\/noticias\/twitch\/#?rel=arch\" rel=\"noopener noreferrer\">Twitch<\/a><\/li>\n<li><a href=\"https:\/\/elpais.com\/noticias\/redes-sociales\/#?rel=arch\" rel=\"noopener noreferrer\">Redes sociales<\/a><\/li>\n<li><a href=\"https:\/\/elpais.com\/noticias\/francia\/#?rel=arch\" rel=\"noopener noreferrer\">Francia<\/a><\/li>\n<li><a href=\"https:\/\/elpais.com\/noticias\/paris\/#?rel=arch\" rel=\"noopener noreferrer\">Par\u00eds<\/a><\/li>\n<li><a href=\"https:\/\/elpais.com\/noticias\/niza\/#?rel=arch\" rel=\"noopener noreferrer\">Niza<\/a><\/li>\n<li><a href=\"https:\/\/elpais.com\/noticias\/influenciadores-digitales\/#?rel=arch\" rel=\"noopener noreferrer\">Influencers<\/a><\/li>\n<\/ul>\n<\/div>\n<\/section>\n<aside class=\"a_tp _df\">\n<div class=\"a_tp_txt\"><span class=\"a_tp_t\">Se adhiere a los criterios de<\/span><\/p>\n<figure class=\"a_m a_m-h c_m--nf\"><a class=\"a_tp_i _dib\" href=\"https:\/\/elpais.com\/estaticos\/que-es-the-trust-project\/\" target=\"_blank\" rel=\"noopener noreferrer nofollow\"><img decoding=\"async\" alt=\"The Trust Project\" class=\" lazyload a_m-h\" height=\"20\" width=\"117\" src=\"https:\/\/analyse.optim.biz\/wp-content\/uploads\/2026\/01\/the-trust-project-337.svg\" loading=\"lazy\" title=\"the-trust-project-337\"><\/a><\/figure>\n<p><a class=\"a_tp_mi\" href=\"https:\/\/elpais.com\/estaticos\/codigo-etico\/\" target=\"_blank\" rel=\"noopener noreferrer nofollow\">M\u00e1s informaci\u00f3n<\/a><\/div>\n<div class=\"a_tp_si\">Si est\u00e1 interesado en licenciar este contenido, pinche <a class=\"a_tp_si_l\" href=\"https:\/\/profesional.elpais.com\/soluciones-sindicacion\/?utm_medium=interno&amp;utm_source=crosslinking&amp;utm_campaign=sindicacion_ep_pie_articulos\" target=\"_blank\" rel=\"noopener noreferrer nofollow\">aqu\u00ed<\/a><\/div>\n<\/aside>\n<div class=\"a_o _pr\" data-dtm-region=\"articulo_right-rail\">\n<div id=\"elpais_gpt-MPU1\" data-adtype=\"MPU\" class=\"ad ad-mpu\"><span class=\"_dn\">_<\/span><\/div>\n<section class=\"w w-sc b_col\" data-dtm-region=\"articulo_ultimas-noticias\">\n<header class=\"w_h b_col_h\">\n<h3 class=\"w_t\"><a href=\"https:\/\/elpais.com\/ultimas-noticias\/\" rel=\"story-card-ultimas-noticias\">\u00daltimas noticias<\/a><\/h3>\n<\/header>\n<div class=\"w_b\">\n<article class=\"c  c--m-n   \" data-word=\"0\">\n<header class=\"c_h\"><time datetime=\"2026-01-29T10:39:23+01:00\" class=\"c_da\">10:39<\/time><\/p>\n<h2 class=\"c_t \"><a href=\"https:\/\/elpais.com\/espana\/2026-01-29\/vuela-el-tejado-de-la-parroquia-de-la-virgen-del-camino-de-cordoba-por-las-fuertes-rachas-de-viento.html\">Vuela el tejado de la parroquia de la Virgen del Camino de C\u00f3rdoba por las fuertes rachas de viento<\/a><\/h2>\n<\/header>\n<\/article>\n<article class=\"c  c--m-n   \" data-word=\"0\">\n<header class=\"c_h\"><time datetime=\"2026-01-29T10:32:17+01:00\" class=\"c_da\">10:32<\/time><\/p>\n<h2 class=\"c_t \"><a href=\"https:\/\/elpais.com\/cultura\/2026-01-29\/la-rapera-nicki-minaj-defiende-a-trump-en-plena-ola-de-brutalidad-policial-en-ee-uu-probablemente-sea-su-fan-numero-uno.html\">La rapera Nicki Minaj defiende a Trump en plena ola de brutalidad policial en EE UU: \u201cProbablemente, sea su fan n\u00famero uno\u201d<\/a><\/h2>\n<\/header>\n<\/article>\n<article class=\"c  c--m-n   \" data-word=\"0\">\n<header class=\"c_h\"><time datetime=\"2026-01-29T10:12:27+01:00\" class=\"c_da\">10:12<\/time><\/p>\n<h2 class=\"c_t \"><a href=\"https:\/\/elpais.com\/sociedad\/2026-01-29\/el-supremo-inadmite-el-recurso-del-padre-de-noelia-y-avala-su-eutanasia.html\">El Supremo inadmite el recurso del padre de Noelia y avala su eutanasia<\/a><\/h2>\n<\/header>\n<\/article>\n<article class=\"c  c--m-n   \" data-word=\"0\">\n<header class=\"c_h\"><time datetime=\"2026-01-29T10:01:35+01:00\" class=\"c_da\">10:01<\/time><\/p>\n<h2 class=\"c_t \"><a href=\"https:\/\/elpais.com\/espana\/2026-01-29\/el-pp-cita-a-francisco-salazar-el-5-de-febrero-a-la-comision-del-caso-koldo-tres-dias-antes-de-las-elecciones-de-aragon.html\">El PP cita a Francisco Salazar el 5 de febrero a la comisi\u00f3n del \u2018caso Koldo\u2019, tres d\u00edas antes de las elecciones de Arag\u00f3n <\/a><\/h2>\n<\/header>\n<\/article>\n<\/div>\n<\/section>\n<aside class=\"w w-lmv\" data-dtm-region=\"articulo_lom\">\n<h2 class=\"w_t\"><a href=\"https:\/\/elpais.com\/lo-mas-visto\/\">Lo m\u00e1s visto<\/a><\/h2>\n<div class=\"w_b\">\n<ol class=\"_ls\">\n<li><a href=\"https:\/\/elpais.com\/economia\/2026-01-27\/trump-bendice-la-caida-del-dolar-va-muy-bien-miren-los-negocios-que-estamos-haciendo.html#?rel=lom\">Trump asegura que no le preocupa la ca\u00edda del d\u00f3lar: \u201cVa muy bien, miren los negocios que estamos haciendo\u201d<\/a><\/li>\n<li><a href=\"https:\/\/elpais.com\/espana\/2026-01-28\/ultima-hora-de-los-efectos-de-la-borrasca-kristin-en-directo.html#?rel=lom\">\u00daltima hora de la borrasca \u2018Kristin\u2019 &#8211;  28 de enero de 2026<\/a><\/li>\n<li><a href=\"https:\/\/elpais.com\/espana\/2026-01-27\/la-guardia-civil-investiga-a-un-hombre-por-robar-571-pinos-pinoneros-en-valladolid-y-utilizarlos-para-hacer-biomasa.html#?rel=lom\">La Guardia Civil investiga a un hombre por robar 571 pinos pi\u00f1oneros en Valladolid y utilizarlos para hacer biomasa<\/a><\/li>\n<li><a href=\"https:\/\/elpais.com\/internacional\/2026-01-28\/el-primer-ministro-groenlandes-la-casa-blanca-no-tiene-ni-idea-de-lo-que-es-groenlandia.html#?rel=lom\">El primer ministro groenland\u00e9s: \u201cLa Casa Blanca no tiene ni idea de lo que es Groenlandia\u201d<\/a><\/li>\n<li><a href=\"https:\/\/elpais.com\/espana\/2026-01-27\/exmagistrados-del-supremo-garzon-o-carmena-cargan-contra-la-sentencia-a-garcia-ortiz-condena-la-presuncion-de-inocencia.html#?rel=lom\">Exmagistrados del Supremo, Garz\u00f3n o Carmena cargan contra la sentencia a Garc\u00eda Ortiz: \u201cCondena a la presunci\u00f3n de inocencia\u201d<\/a><\/li>\n<\/ol>\n<\/div>\n<\/aside>\n<\/div>\n<\/article>\n<article class=\"c  c--m-n   \" data-word=\"0\">\n<header class=\"c_h\"><time datetime=\"2026-01-29T10:39:23+01:00\" class=\"c_da\">10:39<\/time><\/p>\n<h2 class=\"c_t \"><a href=\"https:\/\/elpais.com\/espana\/2026-01-29\/vuela-el-tejado-de-la-parroquia-de-la-virgen-del-camino-de-cordoba-por-las-fuertes-rachas-de-viento.html\">Vuela el tejado de la parroquia de la Virgen del Camino de C\u00f3rdoba por las fuertes rachas de viento<\/a><\/h2>\n<\/header>\n<\/article>\n<article class=\"c  c--m-n   \" data-word=\"0\">\n<header class=\"c_h\"><time datetime=\"2026-01-29T10:32:17+01:00\" class=\"c_da\">10:32<\/time><\/p>\n<h2 class=\"c_t \"><a href=\"https:\/\/elpais.com\/cultura\/2026-01-29\/la-rapera-nicki-minaj-defiende-a-trump-en-plena-ola-de-brutalidad-policial-en-ee-uu-probablemente-sea-su-fan-numero-uno.html\">La rapera Nicki Minaj defiende a Trump en plena ola de brutalidad policial en EE UU: \u201cProbablemente, sea su fan n\u00famero uno\u201d<\/a><\/h2>\n<\/header>\n<\/article>\n<article class=\"c  c--m-n   \" data-word=\"0\">\n<header class=\"c_h\"><time datetime=\"2026-01-29T10:12:27+01:00\" class=\"c_da\">10:12<\/time><\/p>\n<h2 class=\"c_t \"><a href=\"https:\/\/elpais.com\/sociedad\/2026-01-29\/el-supremo-inadmite-el-recurso-del-padre-de-noelia-y-avala-su-eutanasia.html\">El Supremo inadmite el recurso del padre de Noelia y avala su eutanasia<\/a><\/h2>\n<\/header>\n<\/article>\n<article class=\"c  c--m-n   \" data-word=\"0\">\n<header class=\"c_h\"><time datetime=\"2026-01-29T10:01:35+01:00\" class=\"c_da\">10:01<\/time><\/p>\n<h2 class=\"c_t \"><a href=\"https:\/\/elpais.com\/espana\/2026-01-29\/el-pp-cita-a-francisco-salazar-el-5-de-febrero-a-la-comision-del-caso-koldo-tres-dias-antes-de-las-elecciones-de-aragon.html\">El PP cita a Francisco Salazar el 5 de febrero a la comisi\u00f3n del \u2018caso Koldo\u2019, tres d\u00edas antes de las elecciones de Arag\u00f3n <\/a><\/h2>\n<\/header>\n<\/article>\n<p> Source URL: https:\/\/elpais.com\/tecnologia\/2026-01-28\/la-fiscalia-de-paris-abre-una-investigacion-contra-la-plataforma-kick-tras-la-muerte-en-directo-de-un-streamer-el-pasado-verano.html<\/p>\n","protected":false},"excerpt":{"rendered":"<p>Redes sociales La Fiscal\u00eda de Par\u00eds abre una investigaci\u00f3n contra la plataforma Kick tras la muerte en directo de un \u2018streamer\u2019 el pasado verano El Ministerio p\u00fablico solicita \u00f3rdenes de arresto contra sus directivos por no acudir a las citaciones judiciales, mientras los \u2018influencers\u2019 participantes est\u00e1n bajo custodia policial La aplicaci\u00f3n Kick (arriba a la [&hellip;]<\/p>\n","protected":false},"author":1,"featured_media":1529329,"comment_status":"open","ping_status":"","sticky":false,"template":"","format":"standard","meta":{"footnotes":""},"categories":[88],"tags":[92],"class_list":["post-1529328","post","type-post","status-publish","format-standard","has-post-thumbnail","hentry","category-spain","tag-elpais-com"],"_links":{"self":[{"href":"https:\/\/analyse.optim.biz\/index.php?rest_route=\/wp\/v2\/posts\/1529328","targetHints":{"allow":["GET"]}}],"collection":[{"href":"https:\/\/analyse.optim.biz\/index.php?rest_route=\/wp\/v2\/posts"}],"about":[{"href":"https:\/\/analyse.optim.biz\/index.php?rest_route=\/wp\/v2\/types\/post"}],"author":[{"embeddable":true,"href":"https:\/\/analyse.optim.biz\/index.php?rest_route=\/wp\/v2\/users\/1"}],"replies":[{"embeddable":true,"href":"https:\/\/analyse.optim.biz\/index.php?rest_route=%2Fwp%2Fv2%2Fcomments&post=1529328"}],"version-history":[{"count":0,"href":"https:\/\/analyse.optim.biz\/index.php?rest_route=\/wp\/v2\/posts\/1529328\/revisions"}],"wp:featuredmedia":[{"embeddable":true,"href":"https:\/\/analyse.optim.biz\/index.php?rest_route=\/wp\/v2\/media\/1529329"}],"wp:attachment":[{"href":"https:\/\/analyse.optim.biz\/index.php?rest_route=%2Fwp%2Fv2%2Fmedia&parent=1529328"}],"wp:term":[{"taxonomy":"category","embeddable":true,"href":"https:\/\/analyse.optim.biz\/index.php?rest_route=%2Fwp%2Fv2%2Fcategories&post=1529328"},{"taxonomy":"post_tag","embeddable":true,"href":"https:\/\/analyse.optim.biz\/index.php?rest_route=%2Fwp%2Fv2%2Ftags&post=1529328"}],"curies":[{"name":"wp","href":"https:\/\/api.w.org\/{rel}","templated":true}]}}