{"id":152925,"date":"2016-12-21T13:37:04","date_gmt":"2016-12-21T10:37:04","guid":{"rendered":"https:\/\/analyse.optim.biz\/?p=152925"},"modified":"2016-12-21T13:37:04","modified_gmt":"2016-12-21T10:37:04","slug":"c-t-popescu-klaus-iohannis-nu-are-motive-sa-o-respinga-pe-sevil-shhaideh","status":"publish","type":"post","link":"https:\/\/analyse.optim.biz\/?p=152925","title":{"rendered":"C. T. Popescu: Klaus Iohannis nu are motive s\u0103 o resping\u0103 pe Sevil Shhaideh"},"content":{"rendered":"<div class=\"entry data-app-meta data-app-meta-article\" data-embed-base-url-canonical=\"https:\/\/www.digi24.ro\/embed\/stiri\/actualitate\/politica\/c-t-popescu-klaus-iohannis-nu-are-motive-sa-o-respinga-pe-sevil-shhaideh-636463\">\n<p data-index=\"1\"><strong>Jurnalistul Cristian Tudor Popescu a declarat c\u0103 nu vede contra argumente din partea pre\u0219edintelui Klaus Iohannis pentru a o respinge pe <a href=\"https:\/\/www.digi24.ro\/stiri\/actualitate\/politica\/cine-este-sevil-shhaideh-propunerea-de-prim-ministru-636309\" target=\"_blank\" data-skip-linkfix=\"1\" rel=\"noopener\">Sevil Shhaideh<\/a> din func\u021bia de prim-ministru, propus\u0103 de PSD \u0219i ALDE dup\u0103 consult\u0103ri. Liviu Dragnea a spus dup\u0103 anun\u021b c\u0103 el \u00ee\u0219i asum\u0103 responsabilitatea politic\u0103.<\/strong><\/p>\n<p data-index=\"2\">Cristian Tudor Popescu a spus c\u0103 nu este surprins de propunerea lui Liviu Dragnea. \u201eChiar la Digi24 spuneam c\u0103 Dragnea va conduce Rom\u00e2nia \u00een c\u00e2teva zile, indiferent dac\u0103 va fi premier sau pre\u015fedinte de partid. Spuneam c\u0103 va fi alt\u0103 persoan\u0103 delegat\u0103 \u00een func\u021bia de premier. Nu e nicio surpriz\u0103\u201d, a spus Cristian Tudor Popescu.<\/p>\n<p data-index=\"3\">Jurnalistul a criticat-o \u0219i pe Raluca Turcan.<\/p>\n<p data-index=\"4\">\u201eFace afirma\u0163ii c\u0103 e fina lui Dragnea. Turcan ar trebui s\u0103 se g\u00e2ndeasc\u0103 de dou\u0103 ori \u00eenainte de a deschide gura \u00een leg\u0103tur\u0103 cu chestiuni de familie. PD tr\u0103gea din greu pentru ca odrasla lui B\u0103sescu, pe atunci pre\u015fedintele partidului, trebuia s\u0103 ajung\u0103 europarlamentar. \u0218i nu am auzit vreun comentariu din partea lui Turcan\u201d, a comentat el.<\/p>\n<p data-index=\"5\">\u201eAceast\u0103 doamn\u0103 are ni\u015fte studii, a absolvit ASE, are studii postuniversitare, a fost ministru, s-a ocupat de fonduri europene. Are un CV onorabil. E op\u021biunea lui Dragnea \u0219i a PSD care au c\u00e2\u0219tigat alegerile. S\u0103 vedem ce va face \u00een func\u021bia de premier\u201d, a precizat Cristian Tudor Popescu.<\/p>\n<p data-index=\"6\">\u00centrebat dac\u0103 pre\u0219edintele Iohannis ar avea motive s\u0103 resping\u0103 propunerea, Cristian Tudor Popescu a r\u0103spuns c\u0103 \u201enu are niciunul\u201d.<\/p>\n<p data-index=\"7\">\u201eSevil Shhaideh nu are probleme penale. Are un CV \u00een regul\u0103, o biografie profesional\u0103 acceptabil\u0103. \u00cen plus, e femeie \u015fi poart\u0103 un nume turcesc, cred. E minoritar\u0103 etnic\u0103, ceea ce reprezint\u0103 atuuri calculate de Dragnea. Nu v\u0103d ce contraargument ar avea Iohannis ca s\u0103 nu accepte propunerea\u201d, a punctat jurnalistul.<\/p>\n<p data-index=\"8\">Legat de zvonurile c\u0103 va Sevil Shhaideh va fi un fel de premier interimar, el a spus c\u0103 este \u201eo inep\u021bie\u201d.<\/p>\n<p data-index=\"9\">\u201eCine s-o schimbe? PSD? Dragnea? S\u0103 depun\u0103 mo\u021biune \u0219i s\u0103 cad\u0103 guvernul? Ce e inep\u0163ia asta?\u201d, a ad\u0103ugat Cristian Tudor Popeescu.<\/p>\n<\/div>\n<p> Source URL: https:\/\/www.digi24.ro\/stiri\/actualitate\/politica\/c-t-popescu-klaus-iohannis-nu-are-motive-sa-o-respinga-pe-sevil-shhaideh-636463<\/p>\n","protected":false},"excerpt":{"rendered":"<p>Jurnalistul Cristian Tudor Popescu a declarat c\u0103 nu vede contra argumente din partea pre\u0219edintelui Klaus Iohannis pentru a o respinge pe Sevil Shhaideh din func\u021bia de prim-ministru, propus\u0103 de PSD \u0219i ALDE dup\u0103 consult\u0103ri. Liviu Dragnea a spus dup\u0103 anun\u021b c\u0103 el \u00ee\u0219i asum\u0103 responsabilitatea politic\u0103. Cristian Tudor Popescu a spus c\u0103 nu este surprins [&hellip;]<\/p>\n","protected":false},"author":1,"featured_media":152926,"comment_status":"open","ping_status":"","sticky":false,"template":"","format":"standard","meta":{"footnotes":""},"categories":[2],"tags":[11],"class_list":["post-152925","post","type-post","status-publish","format-standard","has-post-thumbnail","hentry","category-politics","tag-digi24"],"_links":{"self":[{"href":"https:\/\/analyse.optim.biz\/index.php?rest_route=\/wp\/v2\/posts\/152925","targetHints":{"allow":["GET"]}}],"collection":[{"href":"https:\/\/analyse.optim.biz\/index.php?rest_route=\/wp\/v2\/posts"}],"about":[{"href":"https:\/\/analyse.optim.biz\/index.php?rest_route=\/wp\/v2\/types\/post"}],"author":[{"embeddable":true,"href":"https:\/\/analyse.optim.biz\/index.php?rest_route=\/wp\/v2\/users\/1"}],"replies":[{"embeddable":true,"href":"https:\/\/analyse.optim.biz\/index.php?rest_route=%2Fwp%2Fv2%2Fcomments&post=152925"}],"version-history":[{"count":0,"href":"https:\/\/analyse.optim.biz\/index.php?rest_route=\/wp\/v2\/posts\/152925\/revisions"}],"wp:featuredmedia":[{"embeddable":true,"href":"https:\/\/analyse.optim.biz\/index.php?rest_route=\/wp\/v2\/media\/152926"}],"wp:attachment":[{"href":"https:\/\/analyse.optim.biz\/index.php?rest_route=%2Fwp%2Fv2%2Fmedia&parent=152925"}],"wp:term":[{"taxonomy":"category","embeddable":true,"href":"https:\/\/analyse.optim.biz\/index.php?rest_route=%2Fwp%2Fv2%2Fcategories&post=152925"},{"taxonomy":"post_tag","embeddable":true,"href":"https:\/\/analyse.optim.biz\/index.php?rest_route=%2Fwp%2Fv2%2Ftags&post=152925"}],"curies":[{"name":"wp","href":"https:\/\/api.w.org\/{rel}","templated":true}]}}