{"id":152914,"date":"2016-12-21T14:24:10","date_gmt":"2016-12-21T11:24:10","guid":{"rendered":"https:\/\/analyse.optim.biz\/?p=152914"},"modified":"2016-12-21T14:24:10","modified_gmt":"2016-12-21T11:24:10","slug":"raluca-turcan-propunerea-sevil-shhaideh-arata-obsesia-de-control-a-lui-dragnea","status":"publish","type":"post","link":"https:\/\/analyse.optim.biz\/?p=152914","title":{"rendered":"Raluca Turcan: Propunerea Sevil Shhaideh arat\u0103 obsesia de control a lui Dragnea"},"content":{"rendered":"<div class=\"entry data-app-meta data-app-meta-article\" data-embed-base-url-canonical=\"https:\/\/www.digi24.ro\/embed\/stiri\/actualitate\/politica\/raluca-turcan-propunerea-sevil-shhaideh-arata-obsesia-de-control-a-lui-dragnea-636488\">\n<p data-index=\"1\"><strong>Pre\u015fedintele interimar al PNL, Raluca Turcan, a declarat, miercuri, c\u0103 <a href=\"https:\/\/www.digi24.ro\/stiri\/actualitate\/politica\/psd-o-propune-pe-sevil-shhaideh-pentru-functia-de-premier-636277\" target=\"_blank\" data-skip-linkfix=\"1\" rel=\"noopener\">propunerea ca Sevil Shhaideh s\u0103 devin\u0103 premier<\/a> arat\u0103 \u201eobsesia de control\u201d a pre\u015fedintelui PSD, Liviu Dragnea, fiind o numire care aduce aminte de perioada guvern\u0103rii Nastase, c\u00e2nd Executivul era condus prin \u201einterpu\u015fi\u201d.<\/strong><\/p>\n<p data-index=\"2\">Raluca Turcan a declarat, dup\u0103 consult\u0103rile cu pre\u0219edintele avute la Cotroceni, c\u0103 PNL va r\u0103m\u00e2ne \u00een opozi\u021bie \u0219i va urm\u0103ri \u00een parlament punerea \u00een practic\u0103 a programului de guvernale al PSD \u0219i ALDE. \u201eVom sanc\u021biona oferind solu\u021bii alternative\u201d, a spus pre\u0219edintele interimar al PNL. Raluca Turcan a mai spus c\u0103 PNL pleac\u0103 de la realitatea c\u0103 scopul ascuns al acestei coali\u021bii e nerespectarea legii \u0219i \u00eencetinirea luptei \u00eempotriva corup\u021biei.<\/p>\n<p data-index=\"3\"><strong>Citi\u021bi aici:\u00a0<a href=\"http:\/\/www.digi24.ro\/stiri\/actualitate\/politica\/cine-este-sevil-shhaideh-propunerea-de-prim-ministru-636309\" target=\"_blank\" data-skip-linkfix=\"1\" rel=\"noopener\">Cine este Sevil Shhaideh<\/a><\/strong><\/p>\n<p data-index=\"4\">Despre propunerea de premier a PSD-ALDE, Raluca Turcan a spus c\u0103 este o propunere \u201ecare arat\u0103 obsesia de control a domnului Liviu Dragnea. Este o propunere care ne duce cu g\u00e2ndul la practici din timpul mandatului dlui Adrian N\u0103stase sau din momente politice c\u00e2nd guvernul era condus prin interpu\u0219i. Este un semnal nefavorabil pentru mediul economic, pentru \u00eentreprinz\u0103tori, este un semnal c\u0103 partea de cre\u0219tere a taxelor \u0219i impozitelor care de fapt a stat la baza programului de guvernare al PSD va fi, din nefericire, aplicat\u0103. Nu cred c\u0103 oamenii c\u00e2nd au votat PSD au votat ca \u00een fruntea Guvernului s\u0103 fie fina dlui Liviu Dragnea. (&#8230;) Una ar fi fost s\u0103 avem un prim-ministru cu un profil politic conturat, cu ac\u021biune politic\u0103 vizibil\u0103 \u0219i o viziune de dezvoltare a \u021b\u0103rii asumat\u0103 \u0219i una este s\u0103 primim o mutare de familie a dlui Liviu Dragnea&#8221;, a declarat liderul PNL, dup\u0103 consult\u0103rile de la Palatul Cotroceni.<\/p>\n<p data-index=\"5\">Turcan a precizat c\u0103 \u0219tie doar c\u0103 Sevil Shhaideh a fost ministru \u00een perioada \u00een care Liviu Dragnea \u201econducea Guvernul prin interpu\u0219i\u201d.<\/p>\n<p data-index=\"6\">\u201eNu o cunosc personal pe domnia sa, \u00eens\u0103 cred c\u0103 PSD avea resurs\u0103 de oameni care s\u0103 poat\u0103 s\u0103-\u0219i asume o viziune de dezvoltare a Rom\u00e2niei \u0219i m\u0103 duc din nou cu g\u00e2ndul la frauda de \u00eencredere care a ap\u0103rut \u00een momentul \u00een care PSD deja se dezice de programul de guvernare asumat, frauda de \u00eencredere \u00een momentul \u00een care Liviu Dragnea a spus c\u0103 va avea un prim-ministru care s\u0103 \u0219tie ce trebuie f\u0103cut cu Rom\u00e2nia \u0219i am primit o op\u021biune personal\u0103 a domniei sale&#8221;, a afirmat liderul liberal.<\/p>\n<p data-index=\"7\">Raluca Turcan a precizat c\u0103 i-a spus pre\u0219edintelui Iohannis c\u0103 PNL a luat act de aritmetica parlamentar\u0103, c\u0103 este preg\u0103tit s\u0103-\u0219i asume din opozi\u021bie monitorizarea programului de guvernare al PSD \u0219i s\u0103 ofere solu\u021bii alternative.<\/p>\n<p data-index=\"8\">PNL se declar\u0103 \u00eengrijorat de discursul antioccidental al unor lideri din coali\u021bia de guvernare, un semnal \u201edevastator\u201d \u0219i sper\u0103 c\u0103 nu vor exista \u201enun\u021b\u0103ri \u00een materie de politic\u0103 extern\u0103 asumat\u0103 de Rom\u00e2nia p\u00e2n\u0103 acum\u201d.<\/p>\n<p data-index=\"9\">Potrivit Digi24, consult\u0103rile PNL cu pre\u0219edintele au durat doar zece minute, dar delega\u021bia PNL a ie\u0219it mult mai t\u00e2rziu la declara\u021bii. \u00centrebat\u0103 dac\u0103 a discutat cu pre\u0219edintele despre situa\u021bia din PNL, Raluca Turcan a declarat c\u0103 PNL \u0219tie ce are de f\u0103cut \u0219i are resurse s\u0103 \u00eendrepte ceea ce nu a func\u021bionat.<\/p>\n<p data-index=\"10\">(Surse: Digi24 TV, Agerpres, News.ro)<\/p>\n<\/div>\n<p> Source URL: https:\/\/www.digi24.ro\/stiri\/actualitate\/politica\/raluca-turcan-propunerea-sevil-shhaideh-arata-obsesia-de-control-a-lui-dragnea-636488<\/p>\n","protected":false},"excerpt":{"rendered":"<p>Pre\u015fedintele interimar al PNL, Raluca Turcan, a declarat, miercuri, c\u0103 propunerea ca Sevil Shhaideh s\u0103 devin\u0103 premier arat\u0103 \u201eobsesia de control\u201d a pre\u015fedintelui PSD, Liviu Dragnea, fiind o numire care aduce aminte de perioada guvern\u0103rii Nastase, c\u00e2nd Executivul era condus prin \u201einterpu\u015fi\u201d. Raluca Turcan a declarat, dup\u0103 consult\u0103rile cu pre\u0219edintele avute la Cotroceni, c\u0103 PNL [&hellip;]<\/p>\n","protected":false},"author":1,"featured_media":152915,"comment_status":"open","ping_status":"","sticky":false,"template":"","format":"standard","meta":{"footnotes":""},"categories":[2],"tags":[11],"class_list":["post-152914","post","type-post","status-publish","format-standard","has-post-thumbnail","hentry","category-politics","tag-digi24"],"_links":{"self":[{"href":"https:\/\/analyse.optim.biz\/index.php?rest_route=\/wp\/v2\/posts\/152914","targetHints":{"allow":["GET"]}}],"collection":[{"href":"https:\/\/analyse.optim.biz\/index.php?rest_route=\/wp\/v2\/posts"}],"about":[{"href":"https:\/\/analyse.optim.biz\/index.php?rest_route=\/wp\/v2\/types\/post"}],"author":[{"embeddable":true,"href":"https:\/\/analyse.optim.biz\/index.php?rest_route=\/wp\/v2\/users\/1"}],"replies":[{"embeddable":true,"href":"https:\/\/analyse.optim.biz\/index.php?rest_route=%2Fwp%2Fv2%2Fcomments&post=152914"}],"version-history":[{"count":0,"href":"https:\/\/analyse.optim.biz\/index.php?rest_route=\/wp\/v2\/posts\/152914\/revisions"}],"wp:featuredmedia":[{"embeddable":true,"href":"https:\/\/analyse.optim.biz\/index.php?rest_route=\/wp\/v2\/media\/152915"}],"wp:attachment":[{"href":"https:\/\/analyse.optim.biz\/index.php?rest_route=%2Fwp%2Fv2%2Fmedia&parent=152914"}],"wp:term":[{"taxonomy":"category","embeddable":true,"href":"https:\/\/analyse.optim.biz\/index.php?rest_route=%2Fwp%2Fv2%2Fcategories&post=152914"},{"taxonomy":"post_tag","embeddable":true,"href":"https:\/\/analyse.optim.biz\/index.php?rest_route=%2Fwp%2Fv2%2Ftags&post=152914"}],"curies":[{"name":"wp","href":"https:\/\/api.w.org\/{rel}","templated":true}]}}