{"id":152478,"date":"2016-12-28T12:37:49","date_gmt":"2016-12-28T09:37:49","guid":{"rendered":"https:\/\/analyse.optim.biz\/?p=152478"},"modified":"2016-12-28T12:37:49","modified_gmt":"2016-12-28T09:37:49","slug":"tariceanu-presedintele-nu-poate-sa-desconsidere-votul-si-constitutia","status":"publish","type":"post","link":"https:\/\/analyse.optim.biz\/?p=152478","title":{"rendered":"T\u0103riceanu: Pre\u015fedintele nu poate s\u0103 desconsidere votul \u015fi Constitu\u0163ia"},"content":{"rendered":"<div class=\"entry data-app-meta data-app-meta-article\" data-embed-base-url-canonical=\"https:\/\/www.digi24.ro\/embed\/stiri\/actualitate\/politica\/tariceanu-presedintele-nu-poate-sa-desconsidere-votul-si-constitutia-639772\">\n<p data-index=\"1\"><strong>Pre\u015fedintele nu poate s\u0103 desconsidere votul \u015fi Constitu\u0163ia, a declarat C\u0103lin Popescu T\u0103riceanu, pre\u0219edintele Senatului, ast\u0103zi, \u00eentr-o conferin\u021b\u0103 de pres\u0103. Totodat\u0103, copre\u015fedintele ALDE a afirmat c\u0103 declara\u021bia lui Kelemen Hunor, care se \u00eempotrive\u015fte suspend\u0103rii pre\u015fedintelui Klaus Iohannis, nu va schimba decizia care o vor lua PSD \u0219i ALDE.<\/strong><\/p>\n<p data-index=\"2\">\u201eNe vom consulta, astfel \u00eenc\u00e2t decizia s\u0103 fie una comun\u0103. Suspendarea pre\u015fedintelui Rom\u00e2niei este evident un element al unei crize politice. Vom face tot posibilul pentru evitarea unei crize politice, \u00eens\u0103 vreau s\u0103 fiu foarte clar: pre\u015fedintele nu poate s\u0103 desconsidere votul \u015fi Constitu\u0163ia. Pre\u015fedintele trebuie s\u0103 \u015ftie c\u0103 \u00een atare condi\u0163ii suspendarea este o ac\u0163iune posibil\u0103\u201d, a declarat C\u0103lin Popescu T\u0103riceanu.<\/p>\n<p data-index=\"3\">\u00cen ceea ce prive\u0219te pozi\u0163ia UDMR, el a spus c\u0103 \u201ea luat not\u0103\u201d de acest aspect. \u201eNu \u00eemp\u0103rt\u0103\u015fesc p\u0103rerea domnului pre\u015fedinte UDMR, Kelemen Hunor\u201d, a men\u021bionat T\u0103riceanu.<\/p>\n<p data-index=\"4\">Pe de alt\u0103 parte,\u00a0T\u0103riceanu a dat defini\u0163ia a ceea ce ar fi, \u00een viziunea sa, \u201dfor\u0163ele oculte\u201d invocate de liderul PSD Liviu Dragnea ca argument pentru respingerea de c\u0103tre pre\u015fedintele Klaus Iohannis a propunerii de desemnare a lui Sevil Shhaideh ca prim-ministru.<\/p>\n<p data-index=\"5\">\u201eCe \u00eenseamn\u0103 for\u0163e oculte? Vre\u0163i s\u0103 v\u0103 spun? Lu\u0103m dic\u0163ionarul \u015fi ne uit\u0103m ce \u00eenseamn\u0103 for\u0163e oculte. For\u0163ele oculte sunt acele componente nelegitime, nedemocratice, care ac\u0163ioneaz\u0103 \u00eempotriva spiritului democratic \u015fi \u00eempotriva sensului pe care aleg\u0103torii au vrut s\u0103-l dea evolu\u0163iei politice a Rom\u00e2niei. Sunt, pot s\u0103 fie institu\u0163ii, pot s\u0103 fie oameni din institu\u0163ii, pot s\u0103 fie oameni din afara institu\u0163iilor sau \u00een diferite rela\u0163ii unii cu al\u0163ii. Nu ducem lips\u0103. Uita\u0163i-v\u0103, toat\u0103 campania de dezinformare \u015fi intoxicare care a fost f\u0103cut\u0103 \u00een aceste zile la adresa candidatului la func\u0163ia de prim-ministru. V\u0103 ve\u0163i l\u0103muri care sunt aceste for\u0163e oculte care ac\u0163ioneaz\u0103 \u00eempotriva unei decizii care are legitimitatea politic\u0103 \u015fi democratic\u0103\u201d, a r\u0103spuns C\u0103lin Popescu T\u0103riceanu.<\/p>\n<p data-index=\"6\">Pre\u015fedintele UDMR, Kelemen Hunor, s-a declarat \u00eempotriva unui eventual demers de suspendare din func\u0163ie a pre\u015fedintelui Klaus Iohannis, pe motiv c\u0103 nu exist\u0103 temei constitu\u0163ional, iar \u015feful statului are dreptul de a respinge propuneri, \u015fi afirm\u0103 c\u0103 acum UDMR a\u015fteapt\u0103 noul premier avansat de PSD, \u00eens\u0103 nu d\u0103 \u201ecec \u00een alb\u201d.<\/p>\n<p data-index=\"7\">News.ro informeaz\u0103 c\u0103 liderul UDMR \u015fi-a reiterat pozi\u0163ia de mar\u0163i, spun\u00e2nd c\u0103 pre\u015fedintele Klaus Iohannis nu a \u00eenc\u0103lcat Constitu\u0163ia \u00een momentul \u00een care a respins-o pe Sevil Shhaideh, consider\u00e2nd c\u0103 acesta este unul dintre atributele \u015fefului statului.<\/p>\n<p data-index=\"8\">Liderul UDMR a mai spus c\u0103 PSD-ALDE trebuie s\u0103 vin\u0103 \u201e\u00eentr-un timp foarte rezonabil\u201d cu o nou\u0103 propunere \u015fi consider\u0103 c\u0103 nu exist\u0103 riscuri ca \u015feful statului s\u0103 nu recunoasc\u0103 majoritatea deja format\u0103, av\u00e2nd \u00een vedere c\u0103 nu a cerut premier de la alt\u0103 forma\u0163iune, ci de la PSD \u015fi ALDE.<\/p>\n<p data-index=\"9\">\u00cen privin\u0163a suspend\u0103rii, \u00eens\u0103, Kelemen Hunor a declarat c\u0103 Uniunea nu va sus\u0163ine un astfel de demers.<\/p>\n<p data-index=\"10\">\u201eNu exist\u0103 niciun articol constitu\u0163ional pe care se poate construi o ini\u0163iativ\u0103 de suspendare a pre\u015fedintelui. Eu nu v\u0103d acel articol care ar fi fost \u00eenc\u0103lcat de pre\u015fedintele Iohannis, deci suspendarea, din punctul nostru de vedere, nu este fezabil\u0103 \u015fi nici nu am sus\u0163ine un astfel de demers, fiindc\u0103 nu a \u00eenc\u0103lcat Constitu\u0163ia. Ne place sau nu ne place decizia pre\u015fedintelui, dar nu po\u0163i s\u0103 mergi pe suspendare dac\u0103 nu ai argumente constitu\u0163ionale\u201d, a spus pre\u015fedintele UDMR.<\/p>\n<\/div>\n<p> Source URL: https:\/\/www.digi24.ro\/stiri\/actualitate\/politica\/tariceanu-presedintele-nu-poate-sa-desconsidere-votul-si-constitutia-639772<\/p>\n","protected":false},"excerpt":{"rendered":"<p>Pre\u015fedintele nu poate s\u0103 desconsidere votul \u015fi Constitu\u0163ia, a declarat C\u0103lin Popescu T\u0103riceanu, pre\u0219edintele Senatului, ast\u0103zi, \u00eentr-o conferin\u021b\u0103 de pres\u0103. Totodat\u0103, copre\u015fedintele ALDE a afirmat c\u0103 declara\u021bia lui Kelemen Hunor, care se \u00eempotrive\u015fte suspend\u0103rii pre\u015fedintelui Klaus Iohannis, nu va schimba decizia care o vor lua PSD \u0219i ALDE. \u201eNe vom consulta, astfel \u00eenc\u00e2t decizia s\u0103 [&hellip;]<\/p>\n","protected":false},"author":1,"featured_media":152479,"comment_status":"open","ping_status":"","sticky":false,"template":"","format":"standard","meta":{"footnotes":""},"categories":[2],"tags":[11],"class_list":["post-152478","post","type-post","status-publish","format-standard","has-post-thumbnail","hentry","category-politics","tag-digi24"],"_links":{"self":[{"href":"https:\/\/analyse.optim.biz\/index.php?rest_route=\/wp\/v2\/posts\/152478","targetHints":{"allow":["GET"]}}],"collection":[{"href":"https:\/\/analyse.optim.biz\/index.php?rest_route=\/wp\/v2\/posts"}],"about":[{"href":"https:\/\/analyse.optim.biz\/index.php?rest_route=\/wp\/v2\/types\/post"}],"author":[{"embeddable":true,"href":"https:\/\/analyse.optim.biz\/index.php?rest_route=\/wp\/v2\/users\/1"}],"replies":[{"embeddable":true,"href":"https:\/\/analyse.optim.biz\/index.php?rest_route=%2Fwp%2Fv2%2Fcomments&post=152478"}],"version-history":[{"count":0,"href":"https:\/\/analyse.optim.biz\/index.php?rest_route=\/wp\/v2\/posts\/152478\/revisions"}],"wp:featuredmedia":[{"embeddable":true,"href":"https:\/\/analyse.optim.biz\/index.php?rest_route=\/wp\/v2\/media\/152479"}],"wp:attachment":[{"href":"https:\/\/analyse.optim.biz\/index.php?rest_route=%2Fwp%2Fv2%2Fmedia&parent=152478"}],"wp:term":[{"taxonomy":"category","embeddable":true,"href":"https:\/\/analyse.optim.biz\/index.php?rest_route=%2Fwp%2Fv2%2Fcategories&post=152478"},{"taxonomy":"post_tag","embeddable":true,"href":"https:\/\/analyse.optim.biz\/index.php?rest_route=%2Fwp%2Fv2%2Ftags&post=152478"}],"curies":[{"name":"wp","href":"https:\/\/api.w.org\/{rel}","templated":true}]}}