{"id":152453,"date":"2016-12-28T14:49:09","date_gmt":"2016-12-28T11:49:09","guid":{"rendered":"https:\/\/analyse.optim.biz\/?p=152453"},"modified":"2016-12-28T14:49:09","modified_gmt":"2016-12-28T11:49:09","slug":"reactia-lui-dragnea-dupa-ce-ghita-a-spus-ca-i-s-au-cerut-denunturi-impotriva-lui","status":"publish","type":"post","link":"https:\/\/analyse.optim.biz\/?p=152453","title":{"rendered":"Reac\u021bia lui Dragnea dup\u0103 ce Ghi\u021b\u0103 a spus c\u0103 i s-au cerut denun\u021buri \u00eempotriva lui"},"content":{"rendered":"<div class=\"entry data-app-meta data-app-meta-article\" data-embed-base-url-canonical=\"https:\/\/www.digi24.ro\/embed\/stiri\/actualitate\/politica\/reactia-lui-dragnea-dupa-ce-ghita-a-spus-ca-i-s-au-cerut-denunturi-impotriva-lui-639875\">\n<p data-index=\"1\"><strong><span lang=\"ro-RO\">Pre\u015fedintele PSD, Liviu Dragnea, a comentat, miercuri, \u00eenregistrarea \u00een care Sebastian Ghi\u0163\u0103 acuz\u0103, printre altele, presiuni la adresa liderului social-democrat, afirm\u00e2nd c\u0103 \u201enu ia \u00een r\u00e2s\u201d aceste declara\u0163ii, iar acestea ar trebui s\u0103 \u201epun\u0103 pe g\u00e2nduri\u201d pe toat\u0103 lumea.<\/span><\/strong><\/p>\n<p data-index=\"2\">\u201eNu le iau \u00een r\u00e2s aceste declara\u0163ii, pentru c\u0103 din p\u0103cate nu sunt singurele informa\u0163ii de acest gen care au ajuns la mine. Am primit din foarte multe p\u0103r\u0163i informa\u0163ii de la oameni cu care nu am vorbit niciodat\u0103 \u00een via\u0163a mea \u015fi de care nici nu auzisem \u015fi care mi-au transmis c\u0103 au fost presa\u0163i, \u00eentreba\u0163i, s\u0103 spun\u0103 ceva despre mine sau m\u0103car s\u0103 accepte s\u0103 inventeze ceva despre mine\u201d, a declarat Liviu Dragnea.<\/p>\n<p data-index=\"3\">El spune c\u0103 avea o \u201erezerv\u0103 a bunului sim\u0163\u201d c\u0103 astfel de lucruri nu pot fi reale, \u00eens\u0103 a \u00eenceput s\u0103 aib\u0103 semne de \u00eentrebare dup\u0103 declara\u0163iile lui Ghi\u0163\u0103.<\/p>\n<p data-index=\"4\">\u201eAceast\u0103 declara\u0163ie asumat\u0103 a lui Sebi Ghi\u0163\u0103 m\u0103 pune pe g\u00e2nduri serios \u015fi ar trebui s\u0103 ne pun\u0103 pe g\u00e2nduri serios pe to\u0163i. Am \u00een\u0163eles c\u0103 vor mai urma astfel de declara\u0163ii \u015fi eu zic s\u0103 le urm\u0103rim cu aten\u0163ie\u201d, a spus el.<\/p>\n<p data-index=\"5\">Dragnea a ad\u0103ugat c\u0103 \u201enu \u00eei este team\u0103\u201d.<\/p>\n<p data-index=\"6\">Sebastian Ghi\u0163\u0103, dat disp\u0103rut din 21 decembrie, vorbe\u015fte, \u00eentr-un material difuzat miercuri la pr\u00e2nz la Rom\u00e2nia TV, postul pe care \u00eel controleaz\u0103, despre leg\u0103turile sale cu \u015fefa DNA, Laura Codru\u0163a Kovesi.<\/p>\n<p data-index=\"7\">\u201e\u00cen ultima perioad\u0103 am fost \u015fi eu vizitat de un avocat apropiat al DNA-ului care \u00een mod direct mi-a spus c\u0103 dac\u0103 fac ni\u015fte denun\u0163uri \u00eempotriva lui Liviu Dragnea, mai am o \u015fans\u0103. Mi s-a spus c\u0103 dac\u0103 \u015ftiu ceva despre familia lui Liviu Dragnea, r\u0103splata va fi lipsa agresiunii \u00eempotriva familiei mele. Mi-au spus c\u0103 \u00eemi vor duce mama la DNA. Mi-au spus c\u0103 \u00eemi vor aresta fratele \u015fi prietenii \u015fi o s\u0103 m\u0103 \u00eent\u00e2lnesc cu to\u0163i la \u00eenchisoare\u201d, spune Sebastian Ghi\u0163\u0103 \u00een \u00eenregistrare.<\/p>\n<\/div>\n<p> Source URL: https:\/\/www.digi24.ro\/stiri\/actualitate\/politica\/reactia-lui-dragnea-dupa-ce-ghita-a-spus-ca-i-s-au-cerut-denunturi-impotriva-lui-639875<\/p>\n","protected":false},"excerpt":{"rendered":"<p>Pre\u015fedintele PSD, Liviu Dragnea, a comentat, miercuri, \u00eenregistrarea \u00een care Sebastian Ghi\u0163\u0103 acuz\u0103, printre altele, presiuni la adresa liderului social-democrat, afirm\u00e2nd c\u0103 \u201enu ia \u00een r\u00e2s\u201d aceste declara\u0163ii, iar acestea ar trebui s\u0103 \u201epun\u0103 pe g\u00e2nduri\u201d pe toat\u0103 lumea. \u201eNu le iau \u00een r\u00e2s aceste declara\u0163ii, pentru c\u0103 din p\u0103cate nu sunt singurele informa\u0163ii de [&hellip;]<\/p>\n","protected":false},"author":1,"featured_media":152454,"comment_status":"open","ping_status":"","sticky":false,"template":"","format":"standard","meta":{"footnotes":""},"categories":[2],"tags":[11],"class_list":["post-152453","post","type-post","status-publish","format-standard","has-post-thumbnail","hentry","category-politics","tag-digi24"],"_links":{"self":[{"href":"https:\/\/analyse.optim.biz\/index.php?rest_route=\/wp\/v2\/posts\/152453","targetHints":{"allow":["GET"]}}],"collection":[{"href":"https:\/\/analyse.optim.biz\/index.php?rest_route=\/wp\/v2\/posts"}],"about":[{"href":"https:\/\/analyse.optim.biz\/index.php?rest_route=\/wp\/v2\/types\/post"}],"author":[{"embeddable":true,"href":"https:\/\/analyse.optim.biz\/index.php?rest_route=\/wp\/v2\/users\/1"}],"replies":[{"embeddable":true,"href":"https:\/\/analyse.optim.biz\/index.php?rest_route=%2Fwp%2Fv2%2Fcomments&post=152453"}],"version-history":[{"count":0,"href":"https:\/\/analyse.optim.biz\/index.php?rest_route=\/wp\/v2\/posts\/152453\/revisions"}],"wp:featuredmedia":[{"embeddable":true,"href":"https:\/\/analyse.optim.biz\/index.php?rest_route=\/wp\/v2\/media\/152454"}],"wp:attachment":[{"href":"https:\/\/analyse.optim.biz\/index.php?rest_route=%2Fwp%2Fv2%2Fmedia&parent=152453"}],"wp:term":[{"taxonomy":"category","embeddable":true,"href":"https:\/\/analyse.optim.biz\/index.php?rest_route=%2Fwp%2Fv2%2Fcategories&post=152453"},{"taxonomy":"post_tag","embeddable":true,"href":"https:\/\/analyse.optim.biz\/index.php?rest_route=%2Fwp%2Fv2%2Ftags&post=152453"}],"curies":[{"name":"wp","href":"https:\/\/api.w.org\/{rel}","templated":true}]}}