{"id":152442,"date":"2016-12-28T16:43:41","date_gmt":"2016-12-28T13:43:41","guid":{"rendered":"https:\/\/analyse.optim.biz\/?p=152442"},"modified":"2016-12-28T16:43:41","modified_gmt":"2016-12-28T13:43:41","slug":"psd-decide-suspendare-sau-o-noua-propunere-de-premier","status":"publish","type":"post","link":"https:\/\/analyse.optim.biz\/?p=152442","title":{"rendered":"PSD decide: Suspendare sau o nou\u0103 propunere de premier"},"content":{"rendered":"<div class=\"entry data-app-meta data-app-meta-article\" data-embed-base-url-canonical=\"https:\/\/www.digi24.ro\/embed\/stiri\/actualitate\/politica\/psd-decide-suspendare-sau-o-noua-propunere-de-premier-639912\">\n<p data-index=\"1\">Tensiunea din politic\u0103 poate s\u0103 explodeze sau s\u0103 dispar\u0103: social-democra\u0163ii s-au reunit pentru o \u015fedin\u0163\u0103 care va stabili r\u0103spunsul pentru Cotroceni. <a href=\"https:\/\/www.digi24.ro\/stiri\/actualitate\/politica\/iohannis-refuza-propunere-psd-shhaideh-premier-639136\" target=\"_blank\" data-skip-linkfix=\"1\" rel=\"noopener\">Pre\u015fedintele a respins ieri propunerea PSD<\/a> pentru func\u0163ia de premier &#8211; Sevil Shhaideh \u2013 \u0219i le-a cerut social-democra\u0163ilor s\u0103 fac\u0103 o alt\u0103 propunere.<\/p>\n<p data-index=\"2\"><span lang=\"ro-RO\">PSD trebuie s\u0103 decid\u0103 dac\u0103 demareaz\u0103 <a href=\"https:\/\/www.digi24.ro\/stiri\/actualitate\/politica\/care-este-procedura-de-suspendare-a-presedintelui-639487\" target=\"_blank\" data-skip-linkfix=\"1\" rel=\"noopener\">procedura de suspendare a pre\u0219edintelui<\/a> sau dac\u0103 va face o nou\u0103 propunere. Pre\u0219edintele forma\u021biunii nu a dat un r\u0103spuns clar jurnali\u0219tilor \u00een aceast\u0103 privin\u021b\u0103.<\/span><\/p>\n<p data-index=\"3\">\u201eAst\u0103zi dup\u0103 Comitetul Executiv Na\u021bional, pre\u015fedintele o s\u0103 primeasc\u0103 r\u0103spunsul la solicitarea dumnealui, care va fi \u00eentr-un fel sau \u00een altul\u201d, a spus Liviu Dragnea \u00eenainte de \u0219edin\u021ba liderilor social-democra\u021bi.<\/p>\n<p data-index=\"4\">\u00centrebat dac\u0103 \u00eei vor anun\u021ba pre\u0219edintelui propunerea de premier printr-o scrisoare, Liviu Dragnea a r\u0103spuns: \u201eS\u0103 vedem, noi suntem oameni educa\u021bi\u201d.<\/p>\n<p data-index=\"5\">El a ad\u0103ugat c\u0103 nici nu a fost contactat de pre\u0219edinte, nici nu a mai \u00eencercat s\u0103 ia leg\u0103tura cu el, dup\u0103 ce Klaus Iohannis <a href=\"https:\/\/www.digi24.ro\/stiri\/actualitate\/politica\/liviu-dragnea-in-opinia-mea-presedintele-vrea-suspendare-639426\" target=\"_blank\" data-skip-linkfix=\"1\" rel=\"noopener\">nu i-a r\u0103spuns la telefon de Cr\u0103ciun<\/a>.<\/p>\n<p data-index=\"6\">\u00centrebat c\u00e2nd crede c\u0103 Rom\u00e2nia va avea un nou guvern, Liviu Dragnea a r\u0103spuns: \u201eAr trebui s\u0103 vorbi\u021bi cu un astrolog, dar un astrolog profesionist. Nu mai depinde numai de noi. Am ie\u0219it dintr-o logic\u0103 a lumii civilizate, a unei democra\u021bii serioase \u0219i suntem la loz \u00een plic. Nu pot s\u0103 m\u0103 hazardez s\u0103 spun c\u00e2nd a\u0219 vrea s\u0103 avem Guvern\u201d.<\/p>\n<p data-index=\"7\">De asemenea, o \u0219edin\u021b\u0103 are loc \u0219i la ALDE. Liberal-democra\u021bii au anun\u021bat c\u0103 vor sprijini decizia PSD.<\/p>\n<p data-index=\"8\">Pre\u015fedintele Klaus Iohannis a refuzat, ieri, propunerea PSD-ALDE de premier, \u00een persoana lui Sevil Shhaideh, \u0219i a cerut celor dou\u0103 partide s\u0103 fac\u0103 alt\u0103 propunere.<\/p>\n<p data-index=\"9\">\u00cen replic\u0103, Liviu Dragnea a spus c\u0103, dac\u0103 PSD \u0219i ALDE ajung la concluzia c\u0103 se impune suspendarea pre\u0219edintelui, nu va avea \u201enicio ezitare\u201d.<\/p>\n<p data-index=\"10\">\u015eeful statului a l\u0103sat scena politic\u0103 \u00een suspans \u00eenainte de s\u0103rb\u0103tori f\u0103r\u0103 s\u0103 spun\u0103 dac\u0103 accept\u0103 sau nu propunerea f\u0103cut\u0103 de PSD \u0219i ALDE, ca viitorul Executiv s\u0103 fie condus de Sevil Shhaideh.<\/p>\n<p data-index=\"11\"><span lang=\"ro-RO\">Liderii social-democra\u0163i insist\u0103 c\u0103 propunerea lor este foarte bun\u0103 \u015fi c\u0103 nu exist\u0103 motive pentru un eventual refuz.<\/span><\/p>\n<p data-index=\"12\"><span lang=\"ro-RO\">Surse: Digi24 TV \u0219i News.ro.<\/span><\/p>\n<\/div>\n<p> Source URL: https:\/\/www.digi24.ro\/stiri\/actualitate\/politica\/psd-decide-suspendare-sau-o-noua-propunere-de-premier-639912<\/p>\n","protected":false},"excerpt":{"rendered":"<p>Tensiunea din politic\u0103 poate s\u0103 explodeze sau s\u0103 dispar\u0103: social-democra\u0163ii s-au reunit pentru o \u015fedin\u0163\u0103 care va stabili r\u0103spunsul pentru Cotroceni. Pre\u015fedintele a respins ieri propunerea PSD pentru func\u0163ia de premier &#8211; Sevil Shhaideh \u2013 \u0219i le-a cerut social-democra\u0163ilor s\u0103 fac\u0103 o alt\u0103 propunere. PSD trebuie s\u0103 decid\u0103 dac\u0103 demareaz\u0103 procedura de suspendare a pre\u0219edintelui [&hellip;]<\/p>\n","protected":false},"author":1,"featured_media":152443,"comment_status":"open","ping_status":"","sticky":false,"template":"","format":"standard","meta":{"footnotes":""},"categories":[2],"tags":[11],"class_list":["post-152442","post","type-post","status-publish","format-standard","has-post-thumbnail","hentry","category-politics","tag-digi24"],"_links":{"self":[{"href":"https:\/\/analyse.optim.biz\/index.php?rest_route=\/wp\/v2\/posts\/152442","targetHints":{"allow":["GET"]}}],"collection":[{"href":"https:\/\/analyse.optim.biz\/index.php?rest_route=\/wp\/v2\/posts"}],"about":[{"href":"https:\/\/analyse.optim.biz\/index.php?rest_route=\/wp\/v2\/types\/post"}],"author":[{"embeddable":true,"href":"https:\/\/analyse.optim.biz\/index.php?rest_route=\/wp\/v2\/users\/1"}],"replies":[{"embeddable":true,"href":"https:\/\/analyse.optim.biz\/index.php?rest_route=%2Fwp%2Fv2%2Fcomments&post=152442"}],"version-history":[{"count":0,"href":"https:\/\/analyse.optim.biz\/index.php?rest_route=\/wp\/v2\/posts\/152442\/revisions"}],"wp:featuredmedia":[{"embeddable":true,"href":"https:\/\/analyse.optim.biz\/index.php?rest_route=\/wp\/v2\/media\/152443"}],"wp:attachment":[{"href":"https:\/\/analyse.optim.biz\/index.php?rest_route=%2Fwp%2Fv2%2Fmedia&parent=152442"}],"wp:term":[{"taxonomy":"category","embeddable":true,"href":"https:\/\/analyse.optim.biz\/index.php?rest_route=%2Fwp%2Fv2%2Fcategories&post=152442"},{"taxonomy":"post_tag","embeddable":true,"href":"https:\/\/analyse.optim.biz\/index.php?rest_route=%2Fwp%2Fv2%2Ftags&post=152442"}],"curies":[{"name":"wp","href":"https:\/\/api.w.org\/{rel}","templated":true}]}}