{"id":1524293,"date":"2015-05-17T09:10:31","date_gmt":"2015-05-17T06:10:31","guid":{"rendered":"https:\/\/analyse.optim.biz\/?p=1524293"},"modified":"2015-05-17T09:10:31","modified_gmt":"2015-05-17T06:10:31","slug":"timisoara-uitata-dascalul-constantin-diaconovici-loga-a-contribuit-decisiv-la-reinfiintarea-scolilor-romanesti-in-banat-cum-a-luptat-pentru-emanciparea-banatenilor","status":"publish","type":"post","link":"https:\/\/analyse.optim.biz\/?p=1524293","title":{"rendered":"TIMI\u0218OARA UITAT\u0102 Dasc\u0103lul Constantin Diaconovici-Loga a contribuit DECISIV la re\u00eenfiin\u021barea \u0219colilor rom\u00e2ne\u0219ti \u00een Banat. Cum a luptat pentru emanciparea b\u0103n\u0103\u021benilor"},"content":{"rendered":"<article id=\"post-177898\" class=\"post-177898 post type-post status-publish format-standard has-post-thumbnail hentry category-campanii-pressalert category-timisoara-uitata-campanii-pressalert tag-caransebes tag-carti-religioase tag-constantin-diaconovici-loga tag-diaconul-loga tag-gramatica tag-pedagog tag-preparandie-arad tag-scrieri tag-tismana\">\n<div class=\"td-post-header td-pb-padding-side\">\n<div class=\"entry-crumbs\"><span><a title class=\"entry-crumb\" href=\"https:\/\/www.pressalert.ro\/\"><span>Acas\u0103<\/span><\/a><\/span><span><a title=\"Vede\u021bi toate articolele \u00een Campanii PRESSALERT\" class=\"entry-crumb\" href=\"https:\/\/www.pressalert.ro\/category\/campanii-pressalert\/\"><span>Campanii PRESSALERT<\/span><\/a><\/span><span class=\"td-bred-no-url-last\">TIMI\u0218OARA UITAT\u0102 Dasc\u0103lul Constantin Diaconovici-Loga a contribuit DECISIV la re\u00eenfiin\u021barea \u0219colilor rom\u00e2ne\u0219ti&#8230;<\/span><\/div>\n<ul class=\"td-category\">\n<li class=\"entry-category\"><a href=\"https:\/\/www.pressalert.ro\/category\/campanii-pressalert\/\">Campanii PRESSALERT<\/a><\/li>\n<li class=\"entry-category\"><a href=\"https:\/\/www.pressalert.ro\/category\/campanii-pressalert\/timisoara-uitata-campanii-pressalert\/\">Timi\u0219oara uitat\u0103<\/a><\/li>\n<\/ul>\n<header>\n<h1 class=\"entry-title\">TIMI\u0218OARA UITAT\u0102 Dasc\u0103lul Constantin Diaconovici-Loga a contribuit DECISIV la re\u00eenfiin\u021barea \u0219colilor rom\u00e2ne\u0219ti \u00een Banat. Cum a luptat pentru emanciparea b\u0103n\u0103\u021benilor<\/h1>\n<div class=\"meta-info\">\n<div class=\"td-post-author-name\">\n<div class=\"td-author-by\">De<\/div>\n<p><a href=\"https:\/\/www.pressalert.ro\/author\/liana-paun\/\">Liana P\u0103un<\/a><\/p>\n<div class=\"td-author-line\"> &#8211; <\/div>\n<\/div>\n<p><span class=\"td-post-date\"><time class=\"entry-date updated td-module-date\" datetime=\"2015-05-17T09:10:31+00:00\">mai 17, 2015<\/time><\/span><\/p>\n<div class=\"td-post-comments\"><a href=\"https:\/\/www.pressalert.ro\/2015\/05\/dascalul-constantin-diaconovici-loga-a-contribuit-decisiv-la-reinfiintarea-scolilor-romanesti-in-banat-cum-a-luptat-pentru-emanciparea-banatenilor\/#respond\">0<\/a><\/div>\n<\/div>\n<\/header>\n<\/div>\n<div class=\"td-post-sharing td-post-sharing-top td-pb-padding-side\"><span class=\"td-post-share-title\">DISTRIBUI\u021aI<\/span><\/p>\n<div class=\"td-default-sharing \"><a class=\"td-social-sharing-buttons td-social-facebook\" href=\"http:\/\/www.facebook.com\/sharer.php?u=https%3A%2F%2Fwww.pressalert.ro%2F2015%2F05%2Fdascalul-constantin-diaconovici-loga-a-contribuit-decisiv-la-reinfiintarea-scolilor-romanesti-in-banat-cum-a-luptat-pentru-emanciparea-banatenilor%2F\"><\/p>\n<div class=\"td-social-but-text\">Facebook<\/div>\n<p><\/a><a class=\"td-social-sharing-buttons td-social-twitter\" href=\"https:\/\/twitter.com\/intent\/tweet?text=TIMI%C8%98OARA+UITAT%C4%82+Dasc%C4%83lul+Constantin+Diaconovici-Loga+a+contribuit+DECISIV+la+re%C3%AEnfiin%C8%9Barea+%C8%99colilor+rom%C3%A2ne%C8%99ti+%C3%AEn+Banat.+Cum+a+luptat+pentru+emanciparea+b%C4%83n%C4%83%C8%9Benilor&amp;url=https%3A%2F%2Fwww.pressalert.ro%2F2015%2F05%2Fdascalul-constantin-diaconovici-loga-a-contribuit-decisiv-la-reinfiintarea-scolilor-romanesti-in-banat-cum-a-luptat-pentru-emanciparea-banatenilor%2F&amp;via=PRESSALERT.ro\"><\/p>\n<div class=\"td-social-but-text\">Twitter<\/div>\n<p><\/a><\/div>\n<\/div>\n<div class=\"td-post-content td-pb-padding-side\">\n<p><a href=\"https:\/\/analyse.optim.biz\/wp-content\/uploads\/2026\/01\/c-d-loga-1.gif\"><img loading=\"lazy\" decoding=\"async\" class=\"aligncenter size-full wp-image-177899\" src=\"https:\/\/analyse.optim.biz\/wp-content\/uploads\/2026\/01\/c-d-loga-1.gif\" alt=\"c.d. loga\" width=\"195\" height=\"303\" title=\"c-d-loga-1\"><\/a><\/p>\n<p>Cunoscutul pedagog \u015fi scriitor Constantin Diaconovici-Loga (1770-1850)\u00a0apar\u0163ine genera\u0163iei c\u0103rturarilor b\u0103n\u0103\u0163eni care \u015fi-au dedicat rodnica activitate \u00een primul r\u00e2nd pentru emanciparea cultural\u0103 a rom\u00e2nilor din aceast\u0103 provincie.<\/p>\n<p><strong>Rom\u00e2ni din Tismana cu nume slavizat<\/strong><\/p>\n<p>Informa\u021bii despre originea familiei sale exist\u0103 din1737, c\u00e2nd diaconul Vasile Loga din Tismana s-a a\u015fezat cu \u00eenc\u0103 50 de familii de rom\u00e2ni la Sredi\u015ftea Mare, l\u00e2ng\u0103 V\u00e2r\u015fe\u0163. Istoricul b\u0103n\u0103\u0163ean N. Tincu Velea spune c\u0103 acesta ar fi fost c\u0103rturar \u015fi zugrav \u015fi a propus ca \u00een \u015fcoal\u0103 s\u0103 se \u00eenve\u0163e \u015fi aceast\u0103 meserie, mai mul\u0163i elevi ai s\u0103i, printre care \u015fi fiul s\u0103u Georgiu, devenind, deopotriv\u0103, c\u0103rturari \u015fi zugravi: \u201eDintre \u00eenv\u0103\u0163\u0103ceii Diaconului Loga au urmat aici ca dasc\u0103li \u015fi au \u00eenv\u0103\u0163at pe prunci rom\u00e2ne\u015fte \u015fi s\u00e2rbe\u015fte p\u00e2n\u0103 c\u0103tre cap\u0103tul veacului al XVIII-lea\u201d. Doi dintre urma\u015fii s\u0103i, Georgiu \u015fi Eusta\u0163iu, sunt pomeni\u0163i a fi fost preo\u0163i \u00een comuna natal\u0103 dar cel mai de seam\u0103 urma\u015f al s\u0103u a fost vestitul dasc\u0103l Constantin Diaconovici-Loga, n\u0103scut la 1 noiembrie 1770 \u00een Caransebe\u015f, al c\u0103rui nume a fost slavizat de biserica s\u00e2rb\u0103.<\/p>\n<p><a href=\"https:\/\/analyse.optim.biz\/wp-content\/uploads\/2026\/01\/fosta-preparandie-arad.jpg\"><img loading=\"lazy\" decoding=\"async\" class=\"aligncenter size-full wp-image-177901\" src=\"https:\/\/analyse.optim.biz\/wp-content\/uploads\/2026\/01\/fosta-preparandie-arad.jpg\" alt=\"fosta preparandie arad\" width=\"600\" height=\"450\" title=\"fosta-preparandie-arad\"><\/a><\/p>\n<p><strong>Dasc\u0103l la Preparandia din Arad<\/strong><\/p>\n<p>Viitorul dasc\u0103l \u015fi-a f\u0103cut studiile gimnaziale la Lugoj \u015fi a studiat dreptul la Pesta. \u00cenc\u0103 din studen\u0163ie s-a str\u0103duit s\u0103 sus\u0163in\u0103 cauza na\u0163ional\u0103 a rom\u00e2nilor, reu\u015find s\u0103 impun\u0103 limba rom\u00e2n\u0103 \u00een biserica greco-ortodox\u0103 din Pesta, unde a fost cel dint\u00e2i \u00eenv\u0103\u0163\u0103tor \u015fi cantor. Dup\u0103 \u00eenfiin\u0163area Preparandiei din Arad, a fost numit profesor al noii \u015fcoli pedagogice, unde timp de 18 ani, a predat gramatic\u0103 rom\u00e2n\u0103 dar \u015fi s\u00e2rb\u0103 pentru elevii s\u00e2rbi din Banat, pedagogie, metodic\u0103 sau tipicul c\u00e2nt\u0103rilor biserice\u015fti, aduc\u00e2ndu-\u015fi o contribu\u0163ie major\u0103 la rena\u015fterea \u015fcolii rom\u00e2ne\u015fti din Banat, \u00een ciuda nemul\u0163umirii autorit\u0103\u0163ilor maghiare \u015fi ale bisericii s\u00e2rbe.<\/p>\n<p><a href=\"https:\/\/analyse.optim.biz\/wp-content\/uploads\/2026\/01\/colegiu-loga-tm.jpg\"><img loading=\"lazy\" decoding=\"async\" class=\"aligncenter size-full wp-image-177900\" src=\"https:\/\/analyse.optim.biz\/wp-content\/uploads\/2026\/01\/colegiu-loga-tm.jpg\" alt=\"colegiu loga Tm\" width=\"500\" height=\"375\" title=\"colegiu-loga-tm\"><\/a><\/p>\n<p><strong>Director de \u0219coli rom\u00e2ne\u0219ti \u00een zona regimentelor gr\u0103nicere\u0219ti<\/strong><\/p>\n<p>\u00cen 1831 a fost numit director al \u015fcolilor rom\u00e2ne\u015fti din regimentul romano-banatic, unde \u015fi-a continuat misiunea pedagogic\u0103 \u00eenceput\u0103 la Arad: \u201e \u2026am socotit \u015fi am f\u0103cut un plan spre \u00eentocmirea \u015fcoalelor preparande \u015fi aicea pentru luminarea \u00eenv\u0103\u0163\u0103torilor milit\u0103re\u015fti, care plan \u015fi cerere a mea \u00eenaltul consiliu or\u0103\u015fenesc de curte, cu p\u0103rintesc bra\u0163 primindu-l \u015fcoala preparand\u0103 din Caransebe\u015f \u00een 12 Februarie 1832 \u00een al 40-lea an al \u00eemp\u0103r\u0103\u0163iei lui Francisc I, \u00eemp\u0103rat al Austriei introdus\u0103, prin urm\u0103toarele resolu\u0163ii a o \u00eent\u0103ri bine a voit\u2026\u201d.<\/p>\n<p> \u00cen \u015fcoala pe care a \u00eentemeiat-o \u015fi al c\u0103rei profesor \u015fi director a fost, doar el preda rom\u00e2nilor \u015fi s\u00e2rbilor \u00een ambele limbi, c\u0103ut\u00e2nd s\u0103 dea viitorilor \u00eenv\u0103\u0163\u0103tori o c\u00e2t mai bun\u0103 preg\u0103tire. A \u00eenfiin\u0163at \u015fi un curs suplimentar, numit \u201enorm\u0103\u201d, care dura \u015fase s\u0103pt\u0103m\u00e2ni \u015fi se \u0163inea \u00een timpul vacan\u0163ei \u015fi pe care \u00eenv\u0103\u0163\u0103torii erau obliga\u0163i s\u0103-l frecventeze pentru a-\u015fi \u00eemprosp\u0103ta cuno\u015ftin\u0163ele.\u00a0 Cunosc\u0103tor al principiilor celebrului pedagog Pestalozzi, C.D. Loga a c\u0103utat s\u0103 le r\u0103sp\u00e2ndeasc\u0103 \u015fi \u00een Banat \u015fi a scris, la r\u00e2ndul lui, mai multe c\u0103r\u0163i, at\u00e2t pentru \u015fcoli c\u00e2t \u015fi pentru marele public.<\/p>\n<p><a href=\"http:\/\/www.pressalert.ro\/wp-content\/uploads\/2015\/05\/liceul-Loga.jpg\"><img decoding=\"async\" loading=\"lazy\" class=\"aligncenter size-medium wp-image-177902\" src=\"https:\/\/analyse.optim.biz\/wp-content\/uploads\/2026\/01\/liceul-loga-640x399-1.jpg\" alt=\"liceul Loga\" width=\"640\" height=\"399\" title=\"liceul-loga-640x399-1\"><\/a><\/p>\n<p><strong>Preocup\u0103ri pentru o limb\u0103 cult\u0103 \u0219i unitar\u0103<\/strong><\/p>\n<p>Din scrierile sale r\u0103zbate aceea\u015fi preocupare pe care au avut-o to\u0163i marii c\u0103rturari ai vremii, aceea de a contribui la purificarea limbii \u015fi la stabilirea unor reguli pentru a avea o limb\u0103 rom\u00e2n\u0103 c\u00e2t mai cult\u0103 \u015fi unitar\u0103. Pentru elevii s\u0103i c\u0103rora le preda gramatica, Loga a scris \u201eOrtografia sau Dr\u00e9pta scrisoare\u201d\u00a0 \u015fi \u201eGramatica rom\u00e2neasc\u0103\u201d, ambele publicate la Buda, \u00een 1818 \u015fi 1822 \u015fi, dup\u0103 propriile sale m\u0103rturisiri, alte c\u0103r\u0163i didactice, care \u00eens\u0103 nu s-au p\u0103strat. Este autorul mai multor c\u0103r\u0163i cu caracter religios, de mare folos, c\u0103ci serveau c\u00e2nt\u0103re\u0163ilor bisericilor, \u015fi a l\u0103sat un manuscris de 160 de pagini, intitulat \u201eIstoria Rom\u00e2nilor de la zidirea Romei p\u00e2n\u0103 la \u00eenjugarea \u0162arigradului de Turcu sau p\u00e2n\u0103 la anul 1543\u201d.<\/p>\n<p>Scrierile sale demonstreaz\u0103 c\u0103 a fost, deopotriv\u0103, un c\u0103rturar \u015fi un pedagog \u00eenzestrat cu har, al c\u0103rui stil este litarar \u015fi se remarc\u0103 prin limpezime. C\u0103r\u0163ile sale religioase, pentru care a pl\u0103tit cu propria sa cas\u0103 ajung\u00e2nd s\u0103rac lipit p\u0103m\u00e2ntului au circulat at\u00e2t \u00een Ardeal, c\u00e2t \u015fi \u00een \u0162ara Rom\u00e2neasc\u0103 \u015fi Moldova, c\u0103ci a\u015fa cum spune chiar autorul lor, au fost scrise \u201epentru luminarea tuturor rom\u00e2nilor ori unde se afl\u0103 sub soare\u201d, r\u0103sp\u00e2ndirea acestora ar\u0103t\u00e2nd, deopotriv\u0103, incontestabila lor valoare \u015fi fiind un semn al con\u015ftiin\u0163ei na\u0163ionale, un principiu care l-a c\u0103l\u0103uzit pe C.D. Loga de-a lungul \u00eentregii sale vie\u0163i. S-a s\u0103v\u00e2r\u015fit din via\u0163\u0103 la Caransebe\u0219, \u00een 12 noiembrie 1850, l\u0103s\u00e2nd \u00een urm\u0103 o insemnat\u0103 \u015fi ne\u00eentrerupt\u0103 activitate pentru emanciparea \u00a0cultural\u0103 a rom\u00e2nilor b\u0103n\u0103\u0163eni.<\/p>\n<p>Foto: wikipedia, aradon<\/p>\n<p>\u00a0<\/p>\n<\/div>\n<footer>\n<div class=\"td-post-source-tags td-pb-padding-side\">\n<ul class=\"td-tags td-post-small-box clearfix\">\n<li><span>ETICHETE<\/span><\/li>\n<li><a href=\"https:\/\/www.pressalert.ro\/tag\/caransebes\/\">caransebes<\/a><\/li>\n<li><a href=\"https:\/\/www.pressalert.ro\/tag\/carti-religioase\/\">c\u0103r\u021bi religioase<\/a><\/li>\n<li><a href=\"https:\/\/www.pressalert.ro\/tag\/constantin-diaconovici-loga\/\">Constantin Diaconovici-Loga<\/a><\/li>\n<li><a href=\"https:\/\/www.pressalert.ro\/tag\/diaconul-loga\/\">diaconul Loga<\/a><\/li>\n<li><a href=\"https:\/\/www.pressalert.ro\/tag\/gramatica\/\">gramatica<\/a><\/li>\n<li><a href=\"https:\/\/www.pressalert.ro\/tag\/pedagog\/\">pedagog<\/a><\/li>\n<li><a href=\"https:\/\/www.pressalert.ro\/tag\/preparandie-arad\/\">Preparandie Arad<\/a><\/li>\n<li><a href=\"https:\/\/www.pressalert.ro\/tag\/scrieri\/\">scrieri<\/a><\/li>\n<li><a href=\"https:\/\/www.pressalert.ro\/tag\/tismana\/\">Tismana<\/a><\/li>\n<\/ul>\n<\/div>\n<div class=\"td-post-sharing td-post-sharing-bottom td-pb-padding-side\"><span class=\"td-post-share-title\">DISTRIBUI\u021aI<\/span><\/p>\n<div class=\"td-default-sharing \"><a class=\"td-social-sharing-buttons td-social-facebook\" href=\"http:\/\/www.facebook.com\/sharer.php?u=https%3A%2F%2Fwww.pressalert.ro%2F2015%2F05%2Fdascalul-constantin-diaconovici-loga-a-contribuit-decisiv-la-reinfiintarea-scolilor-romanesti-in-banat-cum-a-luptat-pentru-emanciparea-banatenilor%2F\"><\/p>\n<div class=\"td-social-but-text\">Facebook<\/div>\n<p><\/a><a class=\"td-social-sharing-buttons td-social-twitter\" href=\"https:\/\/twitter.com\/intent\/tweet?text=TIMI%C8%98OARA+UITAT%C4%82+Dasc%C4%83lul+Constantin+Diaconovici-Loga+a+contribuit+DECISIV+la+re%C3%AEnfiin%C8%9Barea+%C8%99colilor+rom%C3%A2ne%C8%99ti+%C3%AEn+Banat.+Cum+a+luptat+pentru+emanciparea+b%C4%83n%C4%83%C8%9Benilor&amp;url=https%3A%2F%2Fwww.pressalert.ro%2F2015%2F05%2Fdascalul-constantin-diaconovici-loga-a-contribuit-decisiv-la-reinfiintarea-scolilor-romanesti-in-banat-cum-a-luptat-pentru-emanciparea-banatenilor%2F&amp;via=PRESSALERT.ro\"><\/p>\n<div class=\"td-social-but-text\">Twitter<\/div>\n<p><\/a><\/div>\n<\/div>\n<div class=\"td-block-row td-post-next-prev\">\n<div class=\"td-block-span6 td-post-prev-post\">\n<div class=\"td-post-next-prev-content\"><span>Articolul precedent<\/span><a href=\"https:\/\/www.pressalert.ro\/2015\/05\/dum-oficialitatile-timisorene-ar-trebui-sa-investeasca-evenimente-adevarate-nu-balciuri-hramuri-sau-rugi-spune-echipa-freenetik-care-aniverseaza-un-de-existenta-cu-un-pa\/\">\u201eOficialit\u0103\u0163ile timi\u015forene ar trebui s\u0103 investeasc\u0103 \u00een evenimente adev\u0103rate, nu \u00een b\u00e2lciuri, hramuri sau rugi\u201c. Ce party preg\u0103te\u0219te echipa Freenetik<\/a><\/div>\n<\/div>\n<div class=\"td-block-span6 td-post-next-post\">\n<div class=\"td-post-next-prev-content\"><span>Articolul urm\u0103tor<\/span><a href=\"https:\/\/www.pressalert.ro\/2015\/05\/primarul-nicolae-robu-multumit-de-stadiul-lucrarilor-de-reabilitare-cladirii-fostei-universitati-tibiscus-cand-va-fi-mutata-clinica-de-dermatologie-din-centru\/\">Primarul Nicolae Robu, mul\u0163umit de stadiul lucr\u0103rilor de reabilitare a cl\u0103dirii fostei Universit\u0103\u0163i Tibiscus. C\u00e2nd va fi mutat\u0103 Clinica de Dermatologie din centru<\/a><\/div>\n<\/div>\n<\/div>\n<div class=\"author-box-wrap\"><a href=\"https:\/\/www.pressalert.ro\/author\/liana-paun\/\"><img decoding=\"async\" src=\"https:\/\/analyse.optim.biz\/wp-content\/uploads\/2026\/01\/e237afe71dbb475f2bb6dffeb603d703-139.jpg\" class=\"avatar avatar-96 photo\" height=\"96\" width=\"96\" loading=\"lazy\" title=\"e237afe71dbb475f2bb6dffeb603d703-139\"><\/a><\/p>\n<div class=\"desc\">\n<div class=\"td-author-name vcard author\"><span class=\"fn\"><a href=\"https:\/\/www.pressalert.ro\/author\/liana-paun\/\">Liana P\u0103un<\/a><\/span><\/div>\n<div class=\"td-author-url\"><a href=\"http:\/\/www.pressalert.ro\">http:\/\/www.pressalert.ro<\/a><\/div>\n<\/div>\n<\/div>\n<p><span><\/span><span><span><\/span><\/span><span><\/span><\/footer>\n<\/article>\n<div class=\"td-post-content td-pb-padding-side\">\n<p><a href=\"https:\/\/analyse.optim.biz\/wp-content\/uploads\/2026\/01\/c-d-loga-1.gif\"><img loading=\"lazy\" decoding=\"async\" class=\"aligncenter size-full wp-image-177899\" src=\"https:\/\/analyse.optim.biz\/wp-content\/uploads\/2026\/01\/c-d-loga-1.gif\" alt=\"c.d. loga\" width=\"195\" height=\"303\" title=\"c-d-loga-1\"><\/a><\/p>\n<p>Cunoscutul pedagog \u015fi scriitor Constantin Diaconovici-Loga (1770-1850)\u00a0apar\u0163ine genera\u0163iei c\u0103rturarilor b\u0103n\u0103\u0163eni care \u015fi-au dedicat rodnica activitate \u00een primul r\u00e2nd pentru emanciparea cultural\u0103 a rom\u00e2nilor din aceast\u0103 provincie.<\/p>\n<p><strong>Rom\u00e2ni din Tismana cu nume slavizat<\/strong><\/p>\n<p>Informa\u021bii despre originea familiei sale exist\u0103 din1737, c\u00e2nd diaconul Vasile Loga din Tismana s-a a\u015fezat cu \u00eenc\u0103 50 de familii de rom\u00e2ni la Sredi\u015ftea Mare, l\u00e2ng\u0103 V\u00e2r\u015fe\u0163. Istoricul b\u0103n\u0103\u0163ean N. Tincu Velea spune c\u0103 acesta ar fi fost c\u0103rturar \u015fi zugrav \u015fi a propus ca \u00een \u015fcoal\u0103 s\u0103 se \u00eenve\u0163e \u015fi aceast\u0103 meserie, mai mul\u0163i elevi ai s\u0103i, printre care \u015fi fiul s\u0103u Georgiu, devenind, deopotriv\u0103, c\u0103rturari \u015fi zugravi: \u201eDintre \u00eenv\u0103\u0163\u0103ceii Diaconului Loga au urmat aici ca dasc\u0103li \u015fi au \u00eenv\u0103\u0163at pe prunci rom\u00e2ne\u015fte \u015fi s\u00e2rbe\u015fte p\u00e2n\u0103 c\u0103tre cap\u0103tul veacului al XVIII-lea\u201d. Doi dintre urma\u015fii s\u0103i, Georgiu \u015fi Eusta\u0163iu, sunt pomeni\u0163i a fi fost preo\u0163i \u00een comuna natal\u0103 dar cel mai de seam\u0103 urma\u015f al s\u0103u a fost vestitul dasc\u0103l Constantin Diaconovici-Loga, n\u0103scut la 1 noiembrie 1770 \u00een Caransebe\u015f, al c\u0103rui nume a fost slavizat de biserica s\u00e2rb\u0103.<\/p>\n<p><a href=\"https:\/\/analyse.optim.biz\/wp-content\/uploads\/2026\/01\/fosta-preparandie-arad.jpg\"><img loading=\"lazy\" decoding=\"async\" class=\"aligncenter size-full wp-image-177901\" src=\"https:\/\/analyse.optim.biz\/wp-content\/uploads\/2026\/01\/fosta-preparandie-arad.jpg\" alt=\"fosta preparandie arad\" width=\"600\" height=\"450\" title=\"fosta-preparandie-arad\"><\/a><\/p>\n<p><strong>Dasc\u0103l la Preparandia din Arad<\/strong><\/p>\n<p>Viitorul dasc\u0103l \u015fi-a f\u0103cut studiile gimnaziale la Lugoj \u015fi a studiat dreptul la Pesta. \u00cenc\u0103 din studen\u0163ie s-a str\u0103duit s\u0103 sus\u0163in\u0103 cauza na\u0163ional\u0103 a rom\u00e2nilor, reu\u015find s\u0103 impun\u0103 limba rom\u00e2n\u0103 \u00een biserica greco-ortodox\u0103 din Pesta, unde a fost cel dint\u00e2i \u00eenv\u0103\u0163\u0103tor \u015fi cantor. Dup\u0103 \u00eenfiin\u0163area Preparandiei din Arad, a fost numit profesor al noii \u015fcoli pedagogice, unde timp de 18 ani, a predat gramatic\u0103 rom\u00e2n\u0103 dar \u015fi s\u00e2rb\u0103 pentru elevii s\u00e2rbi din Banat, pedagogie, metodic\u0103 sau tipicul c\u00e2nt\u0103rilor biserice\u015fti, aduc\u00e2ndu-\u015fi o contribu\u0163ie major\u0103 la rena\u015fterea \u015fcolii rom\u00e2ne\u015fti din Banat, \u00een ciuda nemul\u0163umirii autorit\u0103\u0163ilor maghiare \u015fi ale bisericii s\u00e2rbe.<\/p>\n<p><a href=\"https:\/\/analyse.optim.biz\/wp-content\/uploads\/2026\/01\/colegiu-loga-tm.jpg\"><img loading=\"lazy\" decoding=\"async\" class=\"aligncenter size-full wp-image-177900\" src=\"https:\/\/analyse.optim.biz\/wp-content\/uploads\/2026\/01\/colegiu-loga-tm.jpg\" alt=\"colegiu loga Tm\" width=\"500\" height=\"375\" title=\"colegiu-loga-tm\"><\/a><\/p>\n<p><strong>Director de \u0219coli rom\u00e2ne\u0219ti \u00een zona regimentelor gr\u0103nicere\u0219ti<\/strong><\/p>\n<p>\u00cen 1831 a fost numit director al \u015fcolilor rom\u00e2ne\u015fti din regimentul romano-banatic, unde \u015fi-a continuat misiunea pedagogic\u0103 \u00eenceput\u0103 la Arad: \u201e \u2026am socotit \u015fi am f\u0103cut un plan spre \u00eentocmirea \u015fcoalelor preparande \u015fi aicea pentru luminarea \u00eenv\u0103\u0163\u0103torilor milit\u0103re\u015fti, care plan \u015fi cerere a mea \u00eenaltul consiliu or\u0103\u015fenesc de curte, cu p\u0103rintesc bra\u0163 primindu-l \u015fcoala preparand\u0103 din Caransebe\u015f \u00een 12 Februarie 1832 \u00een al 40-lea an al \u00eemp\u0103r\u0103\u0163iei lui Francisc I, \u00eemp\u0103rat al Austriei introdus\u0103, prin urm\u0103toarele resolu\u0163ii a o \u00eent\u0103ri bine a voit\u2026\u201d.<\/p>\n<p> \u00cen \u015fcoala pe care a \u00eentemeiat-o \u015fi al c\u0103rei profesor \u015fi director a fost, doar el preda rom\u00e2nilor \u015fi s\u00e2rbilor \u00een ambele limbi, c\u0103ut\u00e2nd s\u0103 dea viitorilor \u00eenv\u0103\u0163\u0103tori o c\u00e2t mai bun\u0103 preg\u0103tire. A \u00eenfiin\u0163at \u015fi un curs suplimentar, numit \u201enorm\u0103\u201d, care dura \u015fase s\u0103pt\u0103m\u00e2ni \u015fi se \u0163inea \u00een timpul vacan\u0163ei \u015fi pe care \u00eenv\u0103\u0163\u0103torii erau obliga\u0163i s\u0103-l frecventeze pentru a-\u015fi \u00eemprosp\u0103ta cuno\u015ftin\u0163ele.\u00a0 Cunosc\u0103tor al principiilor celebrului pedagog Pestalozzi, C.D. Loga a c\u0103utat s\u0103 le r\u0103sp\u00e2ndeasc\u0103 \u015fi \u00een Banat \u015fi a scris, la r\u00e2ndul lui, mai multe c\u0103r\u0163i, at\u00e2t pentru \u015fcoli c\u00e2t \u015fi pentru marele public.<\/p>\n<p><a href=\"http:\/\/www.pressalert.ro\/wp-content\/uploads\/2015\/05\/liceul-Loga.jpg\"><img decoding=\"async\" loading=\"lazy\" class=\"aligncenter size-medium wp-image-177902\" src=\"https:\/\/analyse.optim.biz\/wp-content\/uploads\/2026\/01\/liceul-loga-640x399-1.jpg\" alt=\"liceul Loga\" width=\"640\" height=\"399\" title=\"liceul-loga-640x399-1\"><\/a><\/p>\n<p><strong>Preocup\u0103ri pentru o limb\u0103 cult\u0103 \u0219i unitar\u0103<\/strong><\/p>\n<p>Din scrierile sale r\u0103zbate aceea\u015fi preocupare pe care au avut-o to\u0163i marii c\u0103rturari ai vremii, aceea de a contribui la purificarea limbii \u015fi la stabilirea unor reguli pentru a avea o limb\u0103 rom\u00e2n\u0103 c\u00e2t mai cult\u0103 \u015fi unitar\u0103. Pentru elevii s\u0103i c\u0103rora le preda gramatica, Loga a scris \u201eOrtografia sau Dr\u00e9pta scrisoare\u201d\u00a0 \u015fi \u201eGramatica rom\u00e2neasc\u0103\u201d, ambele publicate la Buda, \u00een 1818 \u015fi 1822 \u015fi, dup\u0103 propriile sale m\u0103rturisiri, alte c\u0103r\u0163i didactice, care \u00eens\u0103 nu s-au p\u0103strat. Este autorul mai multor c\u0103r\u0163i cu caracter religios, de mare folos, c\u0103ci serveau c\u00e2nt\u0103re\u0163ilor bisericilor, \u015fi a l\u0103sat un manuscris de 160 de pagini, intitulat \u201eIstoria Rom\u00e2nilor de la zidirea Romei p\u00e2n\u0103 la \u00eenjugarea \u0162arigradului de Turcu sau p\u00e2n\u0103 la anul 1543\u201d.<\/p>\n<p>Scrierile sale demonstreaz\u0103 c\u0103 a fost, deopotriv\u0103, un c\u0103rturar \u015fi un pedagog \u00eenzestrat cu har, al c\u0103rui stil este litarar \u015fi se remarc\u0103 prin limpezime. C\u0103r\u0163ile sale religioase, pentru care a pl\u0103tit cu propria sa cas\u0103 ajung\u00e2nd s\u0103rac lipit p\u0103m\u00e2ntului au circulat at\u00e2t \u00een Ardeal, c\u00e2t \u015fi \u00een \u0162ara Rom\u00e2neasc\u0103 \u015fi Moldova, c\u0103ci a\u015fa cum spune chiar autorul lor, au fost scrise \u201epentru luminarea tuturor rom\u00e2nilor ori unde se afl\u0103 sub soare\u201d, r\u0103sp\u00e2ndirea acestora ar\u0103t\u00e2nd, deopotriv\u0103, incontestabila lor valoare \u015fi fiind un semn al con\u015ftiin\u0163ei na\u0163ionale, un principiu care l-a c\u0103l\u0103uzit pe C.D. Loga de-a lungul \u00eentregii sale vie\u0163i. S-a s\u0103v\u00e2r\u015fit din via\u0163\u0103 la Caransebe\u0219, \u00een 12 noiembrie 1850, l\u0103s\u00e2nd \u00een urm\u0103 o insemnat\u0103 \u015fi ne\u00eentrerupt\u0103 activitate pentru emanciparea \u00a0cultural\u0103 a rom\u00e2nilor b\u0103n\u0103\u0163eni.<\/p>\n<p>Foto: wikipedia, aradon<\/p>\n<p>\u00a0<\/p>\n<\/div>\n<p> Source URL: https:\/\/www.pressalert.ro\/2015\/05\/dascalul-constantin-diaconovici-loga-a-contribuit-decisiv-la-reinfiintarea-scolilor-romanesti-in-banat-cum-a-luptat-pentru-emanciparea-banatenilor\/<\/p>\n","protected":false},"excerpt":{"rendered":"<p>Acas\u0103Campanii PRESSALERTTIMI\u0218OARA UITAT\u0102 Dasc\u0103lul Constantin Diaconovici-Loga a contribuit DECISIV la re\u00eenfiin\u021barea \u0219colilor rom\u00e2ne\u0219ti&#8230; Campanii PRESSALERT Timi\u0219oara uitat\u0103 TIMI\u0218OARA UITAT\u0102 Dasc\u0103lul Constantin Diaconovici-Loga a contribuit DECISIV la re\u00eenfiin\u021barea \u0219colilor rom\u00e2ne\u0219ti \u00een Banat. Cum a luptat pentru emanciparea b\u0103n\u0103\u021benilor De Liana P\u0103un &#8211; mai 17, 2015 0 DISTRIBUI\u021aI Facebook Twitter Cunoscutul pedagog \u015fi scriitor Constantin Diaconovici-Loga (1770-1850)\u00a0apar\u0163ine [&hellip;]<\/p>\n","protected":false},"author":1,"featured_media":1524297,"comment_status":"open","ping_status":"","sticky":false,"template":"","format":"standard","meta":{"footnotes":""},"categories":[89],"tags":[176],"class_list":["post-1524293","post","type-post","status-publish","format-standard","has-post-thumbnail","hentry","category-romania","tag-pressalert-ro"],"_links":{"self":[{"href":"https:\/\/analyse.optim.biz\/index.php?rest_route=\/wp\/v2\/posts\/1524293","targetHints":{"allow":["GET"]}}],"collection":[{"href":"https:\/\/analyse.optim.biz\/index.php?rest_route=\/wp\/v2\/posts"}],"about":[{"href":"https:\/\/analyse.optim.biz\/index.php?rest_route=\/wp\/v2\/types\/post"}],"author":[{"embeddable":true,"href":"https:\/\/analyse.optim.biz\/index.php?rest_route=\/wp\/v2\/users\/1"}],"replies":[{"embeddable":true,"href":"https:\/\/analyse.optim.biz\/index.php?rest_route=%2Fwp%2Fv2%2Fcomments&post=1524293"}],"version-history":[{"count":0,"href":"https:\/\/analyse.optim.biz\/index.php?rest_route=\/wp\/v2\/posts\/1524293\/revisions"}],"wp:featuredmedia":[{"embeddable":true,"href":"https:\/\/analyse.optim.biz\/index.php?rest_route=\/wp\/v2\/media\/1524297"}],"wp:attachment":[{"href":"https:\/\/analyse.optim.biz\/index.php?rest_route=%2Fwp%2Fv2%2Fmedia&parent=1524293"}],"wp:term":[{"taxonomy":"category","embeddable":true,"href":"https:\/\/analyse.optim.biz\/index.php?rest_route=%2Fwp%2Fv2%2Fcategories&post=1524293"},{"taxonomy":"post_tag","embeddable":true,"href":"https:\/\/analyse.optim.biz\/index.php?rest_route=%2Fwp%2Fv2%2Ftags&post=1524293"}],"curies":[{"name":"wp","href":"https:\/\/api.w.org\/{rel}","templated":true}]}}