{"id":1524163,"date":"2015-06-14T08:53:44","date_gmt":"2015-06-14T05:53:44","guid":{"rendered":"https:\/\/analyse.optim.biz\/?p=1524163"},"modified":"2015-06-14T08:53:44","modified_gmt":"2015-06-14T05:53:44","slug":"timisoara-uitata-meletie-dreghici-unul-dintre-cei-mai-mari-intelectuali-banateni-cand-a-aparut-primul-ziar-la-timisoara-foto","status":"publish","type":"post","link":"https:\/\/analyse.optim.biz\/?p=1524163","title":{"rendered":"TIMI\u0218OARA UITAT\u0102 Meletie Dreghici, unul dintre cei mai mari intelectuali b\u0103n\u0103\u021beni. C\u00e2nd a ap\u0103rut primul ziar la Timi\u0219oara FOTO"},"content":{"rendered":"<article id=\"post-182788\" class=\"post-182788 post type-post status-publish format-standard has-post-thumbnail hentry category-campanii-pressalert category-timisoara-uitata-campanii-pressalert tag-carturar-banatean tag-comlosu-mare tag-luminatorul tag-meletie-dreghici tag-miscare-culturala-fabric tag-suflet-nou tag-timis\">\n<div class=\"td-post-header td-pb-padding-side\">\n<div class=\"entry-crumbs\"><span><a title class=\"entry-crumb\" href=\"https:\/\/www.pressalert.ro\/\"><span>Acas\u0103<\/span><\/a><\/span><span><a title=\"Vede\u021bi toate articolele \u00een Campanii PRESSALERT\" class=\"entry-crumb\" href=\"https:\/\/www.pressalert.ro\/category\/campanii-pressalert\/\"><span>Campanii PRESSALERT<\/span><\/a><\/span><span class=\"td-bred-no-url-last\">TIMI\u0218OARA UITAT\u0102 Meletie Dreghici, unul dintre cei mai mari intelectuali b\u0103n\u0103\u021beni. C\u00e2nd&#8230;<\/span><\/div>\n<ul class=\"td-category\">\n<li class=\"entry-category\"><a href=\"https:\/\/www.pressalert.ro\/category\/campanii-pressalert\/\">Campanii PRESSALERT<\/a><\/li>\n<li class=\"entry-category\"><a href=\"https:\/\/www.pressalert.ro\/category\/campanii-pressalert\/timisoara-uitata-campanii-pressalert\/\">Timi\u0219oara uitat\u0103<\/a><\/li>\n<\/ul>\n<header>\n<h1 class=\"entry-title\">TIMI\u0218OARA UITAT\u0102 Meletie Dreghici, unul dintre cei mai mari intelectuali b\u0103n\u0103\u021beni. C\u00e2nd a ap\u0103rut primul ziar la Timi\u0219oara FOTO<\/h1>\n<div class=\"meta-info\">\n<div class=\"td-post-author-name\">\n<div class=\"td-author-by\">De<\/div>\n<p><a href=\"https:\/\/www.pressalert.ro\/author\/liana-paun\/\">Liana P\u0103un<\/a><\/p>\n<div class=\"td-author-line\"> &#8211; <\/div>\n<\/div>\n<p><span class=\"td-post-date\"><time class=\"entry-date updated td-module-date\" datetime=\"2015-06-14T08:53:44+00:00\">iun. 14, 2015<\/time><\/span><\/p>\n<div class=\"td-post-comments\"><a href=\"https:\/\/www.pressalert.ro\/2015\/06\/timisoara-uitata-meletie-dreghici-unul-dintre-cei-mai-mari-intelectuali-banateni-cand-a-aparut-primul-ziar-la-timisoara-foto\/#respond\">0<\/a><\/div>\n<\/div>\n<\/header>\n<\/div>\n<div class=\"td-post-sharing td-post-sharing-top td-pb-padding-side\"><span class=\"td-post-share-title\">DISTRIBUI\u021aI<\/span><\/p>\n<div class=\"td-default-sharing \"><a class=\"td-social-sharing-buttons td-social-facebook\" href=\"http:\/\/www.facebook.com\/sharer.php?u=https%3A%2F%2Fwww.pressalert.ro%2F2015%2F06%2Ftimisoara-uitata-meletie-dreghici-unul-dintre-cei-mai-mari-intelectuali-banateni-cand-a-aparut-primul-ziar-la-timisoara-foto%2F\"><\/p>\n<div class=\"td-social-but-text\">Facebook<\/div>\n<p><\/a><a class=\"td-social-sharing-buttons td-social-twitter\" href=\"https:\/\/twitter.com\/intent\/tweet?text=TIMI%C8%98OARA+UITAT%C4%82+Meletie+Dreghici%2C+unul+dintre+cei+mai+mari+intelectuali+b%C4%83n%C4%83%C8%9Beni.+C%C3%A2nd+a+ap%C4%83rut+primul+ziar+la+Timi%C8%99oara+FOTO&amp;url=https%3A%2F%2Fwww.pressalert.ro%2F2015%2F06%2Ftimisoara-uitata-meletie-dreghici-unul-dintre-cei-mai-mari-intelectuali-banateni-cand-a-aparut-primul-ziar-la-timisoara-foto%2F&amp;via=PRESSALERT.ro\"><\/p>\n<div class=\"td-social-but-text\">Twitter<\/div>\n<p><\/a><\/div>\n<\/div>\n<div class=\"td-post-content td-pb-padding-side\">\n<p>\u00a0<\/p>\n<p><a href=\"https:\/\/analyse.optim.biz\/wp-content\/uploads\/2026\/01\/fabric1-1.jpg\"><img loading=\"lazy\" decoding=\"async\" class=\"aligncenter size-full wp-image-182914\" src=\"https:\/\/analyse.optim.biz\/wp-content\/uploads\/2026\/01\/fabric1-1.jpg\" alt=\"fabric\" width=\"320\" height=\"201\" title=\"fabric1-1\"><\/a><\/p>\n<p>Personalitate complex\u0103 \u0219i remarcabil om de cultur\u0103, Meletie Dreghici (1814-1891), c\u0103rturar b\u0103n\u0103\u021bean care, prin \u00eentreaga sa activitate, \u0219i-a pus amprenta asupra celei de-a doua jum\u0103t\u0103\u021bi a secolului al XIX-lea din Banat, s-a n\u0103scut \u00een 1814 la Comlo\u0219u Mare, \u00een familia preotului Dreghici, \u00een care domnea o atmosfer\u0103 cultural\u0103 care i-a marcat \u00eentreaga via\u021b\u0103. Dup\u0103 ce a urmat clasele primare \u00een comuna natal\u0103 \u0219i urm\u0103torii trei ani la liceul piarist din Timi\u0219oara, \u0219i-a continuat studiile la Szeged \u0219i la universitatea din Pesta, unde a fost coleg cu Eftimie Murgu. Ulterior a urmat studii biserice\u0219ti la Vr\u0219e\u021b \u0219i la Carlov\u0103\u021b, unde l-a avut profesor pe Andrei \u0218aguna. A revenit la Comlo\u0219 unde a func\u021bionat ca avocat p\u00e2n\u0103 \u00een 1841, c\u00e2nd s-a hirotonit preot \u00een comun\u0103. \u00cen 1849 a devenit protopop la Jebel iar \u00een 1854, protopop al Timi\u0219oarei. \u00cen activitatea sa ecleziascic\u0103, cea mai sus\u021binut\u0103 campanie a fost purtat\u0103 pentru re\u00eenfiin\u021barea vechii episcopii a Timi\u0219oarei, biserica ortodox\u0103 rom\u00e2n\u0103 din monarhia habsburgic\u0103 afl\u00eendu-se subordonat\u0103 la acea vreme mitropoliei din Carlov\u0103\u021b.<\/p>\n<p><a href=\"https:\/\/analyse.optim.biz\/wp-content\/uploads\/2026\/01\/cartier-fabric1.jpg\"><img loading=\"lazy\" decoding=\"async\" class=\"aligncenter size-full wp-image-182913\" src=\"https:\/\/analyse.optim.biz\/wp-content\/uploads\/2026\/01\/cartier-fabric1.jpg\" alt=\"cartier fabric\" width=\"280\" height=\"180\" title=\"cartier-fabric1\"><\/a><\/p>\n<p><strong>Sus\u021bin\u0103tor al mi\u0219c\u0103rii culturale din Fabric<\/strong><\/p>\n<p>Meletie Dreghici a desf\u0103\u0219urat, al\u0103turi de al\u021bi c\u0103rturari ai vremii, o activitate sus\u021binut\u0103 \u0219i pentru \u00eentre\u021binerea mi\u0219c\u0103rii culturale din Fabric, cartier al ora\u0219ului \u00een care locuia cea mai mare parte a rom\u00e2nilor. \u00cen 1868, el a fost ctitorul uneia dintre primele societ\u0103\u021bi de lectur\u0103 din Fabric, un cartier foarte pitoresc la vremea respectiv\u0103. S-a implicat \u0219i \u00een evenimentele politice majore ale vremii, precum revolu\u021bia de la 1848, activitatea Partidului Na\u021bional Rom\u00e2n sau ca sus\u021bin\u0103tor al r\u0103zboiului de independen\u021b\u0103 din Vechiul Regat. A ini\u021biat ac\u021biuni umanitare \u00eentocmind liste de subscrip\u021bii pentru ajutoare materiale \u0219i b\u0103ne\u0219ti, destinate r\u0103ni\u021bilor de r\u0103zboi. \u00cen acela\u0219i spirit, a sus\u021binut copiii s\u0103raci ai rom\u00e2nilor, pentru care a \u00eenfiin\u021bat internate, facilit\u00e2ndu-le astfel posibilitatea de a studia. A avut \u0219i o important\u0103 activitate \u0219colar\u0103, edit\u00e2nd mai multe manuale \u00een limba rom\u00e2n\u0103 \u0219i sprijinind tinerii de la sate s\u0103 se poat\u0103 \u00eenscrie la \u0219coli de agricultur\u0103. Meletie Dreghici a \u00eenfiin\u021bat \u0219i o banc\u0103 de credit, care a contribuit la dezvoltarea economic\u0103 a Banatului.<\/p>\n<p><a href=\"http:\/\/www.pressalert.ro\/wp-content\/uploads\/2015\/06\/fabric-sec.-XIX1.png\">&lt;img decoding=&quot;async&quot; class=&quot;aligncenter size-medium wp-image-182915&quot; src=&quot;https:\/\/analyse.optim.biz\/wp-content\/uploads\/2026\/01\/fabric-sec-xix1-640&#215;448-1.png&quot; alt=&quot;fabric-sec.&lt;br \/&gt;&lt;p&gt;<br \/>\n<!-- \/78947875\/Pressalert-InArticle1 --><br \/>\n&lt;div id=&#8217;div-gpt-ad-1516626384607-0&#8242; style=&#8221; text-align:center title=&#8221;fabric-sec-xix1-640&#215;448-1&#8243;&gt;<\/a><\/p>\n<\/div>\n<p> XIX&#8221; width=&#8221;640&#8243; height=&#8221;448&#8243; \/&gt;<\/p>\n<p><strong>\u201c<\/strong><strong>Lumin\u0103torul\u201d, ziar pentru emanciparea rom\u00e2nilor<\/strong><\/p>\n<p>Meletie Dreghici a avut, deopotriv\u0103, preocup\u0103ri literare \u0219i publicistice. A fost colaboratorul lui Gheorghe Bari\u021biu la \u201cFoaie pentru minte, inim\u0103 \u0219i literatur\u0103\u201d, \u00een paginile c\u0103reia a sus\u021binut ideea latinit\u0103\u021bii neamului, este autorul a opt c\u0103r\u021bi \u0219i a tradus par\u021bial lucrarea lui Francesco Griselini despre istoria politic\u0103 \u0219i natural\u0103 a Banatului. \u00cen anul 1880 a scos ziarul \u201cLumin\u0103torul\u201d, ap\u0103rut la \u00eenceput de dou\u0103 ori iar apoi de trei ori pe s\u0103pt\u0103m\u00e2n\u0103, p\u00e2n\u0103 \u00een 1894. Dup\u0103 s\u0103pt\u0103m\u00e2nalul umoristic \u201cPriculiciu\u201d, ap\u0103rut \u00een 1874, \u201cLumin\u0103torul\u201d a fost primul ziar rom\u00e2nesc ap\u0103rut la Timi\u0219oara. Editor \u0219i redactor-\u0219ef al ziarului era ginerele s\u0103u, Pavel Rotariu iar publica\u021bia avea \u00een primul r\u00e2nd un caracter politic, sus\u021bin\u00e2nd programul Partidului Na\u021bional Rom\u00e2n. Ziarul explica, totodat\u0103, legile ap\u0103rute \u00een perioada respectiv\u0103 \u0219i pentru scurt\u0103 vreme a avut \u0219i un supliment, intitulat \u201cAvocatul poporului\u201d. Ap\u0103reau, de asemenea, multe traduceri din presa str\u0103in\u0103, cu ultimele descoperiri \u0219tiin\u021bifice sau sfaturi medicale, menite s\u0103 lumineze poporul. O lectur\u0103 a ziarului dezv\u0103luie o Timi\u0219oar\u0103 vesel\u0103, \u00een care se organizau programe culturale, urmate de baluri, unde se f\u0103ceau chete pentru copiii s\u0103raci.<\/p>\n<p><a href=\"http:\/\/www.pressalert.ro\/wp-content\/uploads\/2015\/06\/Foaie-ptr-minteinima-si-literatura1.jpg\"><img decoding=\"async\" loading=\"lazy\" class=\"aligncenter size-medium wp-image-182916\" src=\"https:\/\/analyse.optim.biz\/wp-content\/uploads\/2026\/01\/foaie-ptr-minteinima-si-literatura1-499x640-1.jpg\" alt=\"Foaie-ptr-minteinima-si-literatura\" width=\"499\" height=\"640\" title=\"foaie-ptr-minteinima-si-literatura1-499x640-1\"><\/a><\/p>\n<p>Meletie Dreghici a \u00eencetat din via\u021b\u0103 \u00een 1891 \u0219i a fost \u00eenmorm\u00eentat \u00een cimitirul din Cetate, mutat ulterior, dar ast\u0103zi nu se mai \u0219tie exact unde este morm\u00e2ntul s\u0103u. La Comlo\u0219u Mare a fost pus\u0103, \u00een 1935, o plac\u0103 comemorativ\u0103, de revista local\u0103 \u201cSuflet Nou\u201d.<\/p>\n<\/article>\n<div class=\"td-post-content td-pb-padding-side\">\n<p>\u00a0<\/p>\n<p><a href=\"https:\/\/analyse.optim.biz\/wp-content\/uploads\/2026\/01\/fabric1-1.jpg\"><img loading=\"lazy\" decoding=\"async\" class=\"aligncenter size-full wp-image-182914\" src=\"https:\/\/analyse.optim.biz\/wp-content\/uploads\/2026\/01\/fabric1-1.jpg\" alt=\"fabric\" width=\"320\" height=\"201\" title=\"fabric1-1\"><\/a><\/p>\n<p>Personalitate complex\u0103 \u0219i remarcabil om de cultur\u0103, Meletie Dreghici (1814-1891), c\u0103rturar b\u0103n\u0103\u021bean care, prin \u00eentreaga sa activitate, \u0219i-a pus amprenta asupra celei de-a doua jum\u0103t\u0103\u021bi a secolului al XIX-lea din Banat, s-a n\u0103scut \u00een 1814 la Comlo\u0219u Mare, \u00een familia preotului Dreghici, \u00een care domnea o atmosfer\u0103 cultural\u0103 care i-a marcat \u00eentreaga via\u021b\u0103. Dup\u0103 ce a urmat clasele primare \u00een comuna natal\u0103 \u0219i urm\u0103torii trei ani la liceul piarist din Timi\u0219oara, \u0219i-a continuat studiile la Szeged \u0219i la universitatea din Pesta, unde a fost coleg cu Eftimie Murgu. Ulterior a urmat studii biserice\u0219ti la Vr\u0219e\u021b \u0219i la Carlov\u0103\u021b, unde l-a avut profesor pe Andrei \u0218aguna. A revenit la Comlo\u0219 unde a func\u021bionat ca avocat p\u00e2n\u0103 \u00een 1841, c\u00e2nd s-a hirotonit preot \u00een comun\u0103. \u00cen 1849 a devenit protopop la Jebel iar \u00een 1854, protopop al Timi\u0219oarei. \u00cen activitatea sa ecleziascic\u0103, cea mai sus\u021binut\u0103 campanie a fost purtat\u0103 pentru re\u00eenfiin\u021barea vechii episcopii a Timi\u0219oarei, biserica ortodox\u0103 rom\u00e2n\u0103 din monarhia habsburgic\u0103 afl\u00eendu-se subordonat\u0103 la acea vreme mitropoliei din Carlov\u0103\u021b.<\/p>\n<p><a href=\"https:\/\/analyse.optim.biz\/wp-content\/uploads\/2026\/01\/cartier-fabric1.jpg\"><img loading=\"lazy\" decoding=\"async\" class=\"aligncenter size-full wp-image-182913\" src=\"https:\/\/analyse.optim.biz\/wp-content\/uploads\/2026\/01\/cartier-fabric1.jpg\" alt=\"cartier fabric\" width=\"280\" height=\"180\" title=\"cartier-fabric1\"><\/a><\/p>\n<p><strong>Sus\u021bin\u0103tor al mi\u0219c\u0103rii culturale din Fabric<\/strong><\/p>\n<p>Meletie Dreghici a desf\u0103\u0219urat, al\u0103turi de al\u021bi c\u0103rturari ai vremii, o activitate sus\u021binut\u0103 \u0219i pentru \u00eentre\u021binerea mi\u0219c\u0103rii culturale din Fabric, cartier al ora\u0219ului \u00een care locuia cea mai mare parte a rom\u00e2nilor. \u00cen 1868, el a fost ctitorul uneia dintre primele societ\u0103\u021bi de lectur\u0103 din Fabric, un cartier foarte pitoresc la vremea respectiv\u0103. S-a implicat \u0219i \u00een evenimentele politice majore ale vremii, precum revolu\u021bia de la 1848, activitatea Partidului Na\u021bional Rom\u00e2n sau ca sus\u021bin\u0103tor al r\u0103zboiului de independen\u021b\u0103 din Vechiul Regat. A ini\u021biat ac\u021biuni umanitare \u00eentocmind liste de subscrip\u021bii pentru ajutoare materiale \u0219i b\u0103ne\u0219ti, destinate r\u0103ni\u021bilor de r\u0103zboi. \u00cen acela\u0219i spirit, a sus\u021binut copiii s\u0103raci ai rom\u00e2nilor, pentru care a \u00eenfiin\u021bat internate, facilit\u00e2ndu-le astfel posibilitatea de a studia. A avut \u0219i o important\u0103 activitate \u0219colar\u0103, edit\u00e2nd mai multe manuale \u00een limba rom\u00e2n\u0103 \u0219i sprijinind tinerii de la sate s\u0103 se poat\u0103 \u00eenscrie la \u0219coli de agricultur\u0103. Meletie Dreghici a \u00eenfiin\u021bat \u0219i o banc\u0103 de credit, care a contribuit la dezvoltarea economic\u0103 a Banatului.<\/p>\n<p><a href=\"http:\/\/www.pressalert.ro\/wp-content\/uploads\/2015\/06\/fabric-sec.-XIX1.png\">&lt;img decoding=&quot;async&quot; class=&quot;aligncenter size-medium wp-image-182915&quot; src=&quot;https:\/\/analyse.optim.biz\/wp-content\/uploads\/2026\/01\/fabric-sec-xix1-640&#215;448-1.png&quot; alt=&quot;fabric-sec.&lt;br \/&gt;&lt;p&gt;<br \/>\n<!-- \/78947875\/Pressalert-InArticle1 --><br \/>\n&lt;div id=&#8217;div-gpt-ad-1516626384607-0&#8242; style=&#8221; text-align:center title=&#8221;fabric-sec-xix1-640&#215;448-1&#8243;&gt;<\/a><\/p>\n<\/div>\n<p> Source URL: https:\/\/www.pressalert.ro\/2015\/06\/timisoara-uitata-meletie-dreghici-unul-dintre-cei-mai-mari-intelectuali-banateni-cand-a-aparut-primul-ziar-la-timisoara-foto\/<\/p>\n","protected":false},"excerpt":{"rendered":"<p>Acas\u0103Campanii PRESSALERTTIMI\u0218OARA UITAT\u0102 Meletie Dreghici, unul dintre cei mai mari intelectuali b\u0103n\u0103\u021beni. C\u00e2nd&#8230; Campanii PRESSALERT Timi\u0219oara uitat\u0103 TIMI\u0218OARA UITAT\u0102 Meletie Dreghici, unul dintre cei mai mari intelectuali b\u0103n\u0103\u021beni. C\u00e2nd a ap\u0103rut primul ziar la Timi\u0219oara FOTO De Liana P\u0103un &#8211; iun. 14, 2015 0 DISTRIBUI\u021aI Facebook Twitter \u00a0 Personalitate complex\u0103 \u0219i remarcabil om de cultur\u0103, [&hellip;]<\/p>\n","protected":false},"author":1,"featured_media":1524164,"comment_status":"open","ping_status":"","sticky":false,"template":"","format":"standard","meta":{"footnotes":""},"categories":[89],"tags":[176],"class_list":["post-1524163","post","type-post","status-publish","format-standard","has-post-thumbnail","hentry","category-romania","tag-pressalert-ro"],"_links":{"self":[{"href":"https:\/\/analyse.optim.biz\/index.php?rest_route=\/wp\/v2\/posts\/1524163","targetHints":{"allow":["GET"]}}],"collection":[{"href":"https:\/\/analyse.optim.biz\/index.php?rest_route=\/wp\/v2\/posts"}],"about":[{"href":"https:\/\/analyse.optim.biz\/index.php?rest_route=\/wp\/v2\/types\/post"}],"author":[{"embeddable":true,"href":"https:\/\/analyse.optim.biz\/index.php?rest_route=\/wp\/v2\/users\/1"}],"replies":[{"embeddable":true,"href":"https:\/\/analyse.optim.biz\/index.php?rest_route=%2Fwp%2Fv2%2Fcomments&post=1524163"}],"version-history":[{"count":0,"href":"https:\/\/analyse.optim.biz\/index.php?rest_route=\/wp\/v2\/posts\/1524163\/revisions"}],"wp:featuredmedia":[{"embeddable":true,"href":"https:\/\/analyse.optim.biz\/index.php?rest_route=\/wp\/v2\/media\/1524164"}],"wp:attachment":[{"href":"https:\/\/analyse.optim.biz\/index.php?rest_route=%2Fwp%2Fv2%2Fmedia&parent=1524163"}],"wp:term":[{"taxonomy":"category","embeddable":true,"href":"https:\/\/analyse.optim.biz\/index.php?rest_route=%2Fwp%2Fv2%2Fcategories&post=1524163"},{"taxonomy":"post_tag","embeddable":true,"href":"https:\/\/analyse.optim.biz\/index.php?rest_route=%2Fwp%2Fv2%2Ftags&post=1524163"}],"curies":[{"name":"wp","href":"https:\/\/api.w.org\/{rel}","templated":true}]}}