{"id":152400,"date":"2016-12-28T19:28:36","date_gmt":"2016-12-28T16:28:36","guid":{"rendered":"https:\/\/analyse.optim.biz\/?p=152400"},"modified":"2016-12-28T19:28:36","modified_gmt":"2016-12-28T16:28:36","slug":"ce-avere-are-sorin-grindeanu-propus-pentru-functia-de-premier","status":"publish","type":"post","link":"https:\/\/analyse.optim.biz\/?p=152400","title":{"rendered":"Ce avere are Sorin Grindeanu, propus pentru func\u021bia de premier"},"content":{"rendered":"<div class=\"entry data-app-meta data-app-meta-article\" data-embed-base-url-canonical=\"https:\/\/www.digi24.ro\/embed\/stiri\/actualitate\/politica\/ce-avere-are-sorin-grindeanu-propus-pentru-functia-de-premier-640002\">\n<p data-index=\"1\"><strong><span lang=\"ro-RO\">Soring Grindeanu, <a href=\"https:\/\/www.digi24.ro\/stiri\/actualitate\/politica\/sorin-grindeanu-propunerea-de-premier-a-psd-639952\" target=\"_blank\" data-skip-linkfix=\"1\" rel=\"noopener\">propus de PSD pentru func\u021bia de premier<\/a>, are trei terenuri, o cas\u0103 \u0219i un ATW. Nu are economii \u00een b\u0103nci, dar are o ipotec\u0103 \u0219i a \u00eemprumutat de dou\u0103 ori o societate comercial\u0103.<\/span><\/strong><\/p>\n<figure class=\"article-thumb\"><img decoding=\"async\" src=\"https:\/\/analyse.optim.biz\/wp-content\/uploads\/2024\/09\/yme2mdc4mgnkzge3y2u4mwjmmmzmyzbjngu3-thumb_.jpg\" alt=\"161228_PSD_GRINDEANU_06_INQUAM_Octav_Ganea\" data-skip-htmlfix=\"1\" title=\"yme2mdc4mgnkzge3y2u4mwjmmmzmyzbjngu3-thumb_\"><figcaption> Foto: Inquam Photos \/ Octav Ganea <\/figcaption><\/figure>\n<p data-index=\"2\"><span lang=\"ro-RO\">Potrivit declara\u021biei de avere de pe site-ul Consiliului Jude\u021bean Timi\u0219, al c\u0103rui pre\u0219edinte este \u00een prezent, Sorin Grindeanu are, \u00eempreun\u0103 cu so\u021bia sa, dou\u0103 terenuri intravilane cump\u0103rate \u00een 2005 \u0219i 2011, iar so\u021bia sa mai are un teren intravilan mo\u0219tenit \u00een 2014. <\/span><\/p>\n<p data-index=\"3\"><span lang=\"ro-RO\">So\u021bii Grindeanu mai au o cas\u0103 \u00een comuna Giroc, din Timi\u0219, construit\u0103 \u00een 2007.<\/span><\/p>\n<p data-index=\"4\"><span lang=\"ro-RO\">Anul acesta, \u00een martie, Sorin Grindeanu a v\u00e2ndut un apartament, cu pre\u021bul de 30.000 de euro.<\/span><\/p>\n<p data-index=\"5\"><span lang=\"ro-RO\">Ministrul nu are ma\u0219in\u0103, \u00een schimb a declarat un ATW, fabricat \u00een 2009.<\/span><\/p>\n<p data-index=\"6\"><span lang=\"ro-RO\">Sorin Grindeanu nu are bijuterii sau obiecte de art\u0103 valoroase \u0219i nici conturi \u00een banc\u0103, potrivit declara\u021biei de avere.<\/span><\/p>\n<p data-index=\"7\"><span lang=\"ro-RO\">Are, \u00een schimb, un credit ipotecar de 44.800 de euro, scandent \u00een 2035, \u0219i a \u00eemprumutat o societate comercial\u0103, SC DuoFarm SRL, la care lucreaz\u0103 so\u021bia sa, \u00eent\u00e2i cu 83.500 de lei, apoi cu 20.000 de euro.<\/span><\/p>\n<p data-index=\"8\"><span lang=\"ro-RO\">\u00cen 2015, Sorin Grindeanu a c\u00e2\u0219tigat 7.610 lei din indemniza\u021bia de deputat, 86.228 lei a fost salariul de ministru, iar din dob\u00e2nzi a \u00eencasat 8 lei, conform declara\u021biei de avere.<\/span><\/p>\n<p data-index=\"9\"><span lang=\"ro-RO\">Mihaela Grindeanu a avut \u00een 2015 venituri de 5.299, ca diriginte al farmaciei DuoFarm SRL. De asemenea, a mai \u00eencasat 33.300 de lei din \u00eenchirierea unui apartament.<\/span><\/p>\n<p data-index=\"10\"><span lang=\"ro-RO\">Din aloca\u021bie \u0219i indemniza\u021bia de cre\u0219tere a copilului, Mihaela Grindeanu a mai avut venituri de 20.570 de lei. De asemenea, aceasta a mai primit o dona\u021bie de 10.000 de euro de la Nicolae Grindeanu, tat\u0103l lui Sorin Grindeanu, \u0219i el consilier jude\u021bean \u00een Timi\u0219.<\/span><\/p>\n<\/div>\n<p> Source URL: https:\/\/www.digi24.ro\/stiri\/actualitate\/politica\/ce-avere-are-sorin-grindeanu-propus-pentru-functia-de-premier-640002<\/p>\n","protected":false},"excerpt":{"rendered":"<p>Soring Grindeanu, propus de PSD pentru func\u021bia de premier, are trei terenuri, o cas\u0103 \u0219i un ATW. Nu are economii \u00een b\u0103nci, dar are o ipotec\u0103 \u0219i a \u00eemprumutat de dou\u0103 ori o societate comercial\u0103. Foto: Inquam Photos \/ Octav Ganea Potrivit declara\u021biei de avere de pe site-ul Consiliului Jude\u021bean Timi\u0219, al c\u0103rui pre\u0219edinte este [&hellip;]<\/p>\n","protected":false},"author":1,"featured_media":152401,"comment_status":"open","ping_status":"","sticky":false,"template":"","format":"standard","meta":{"footnotes":""},"categories":[2],"tags":[11],"class_list":["post-152400","post","type-post","status-publish","format-standard","has-post-thumbnail","hentry","category-politics","tag-digi24"],"_links":{"self":[{"href":"https:\/\/analyse.optim.biz\/index.php?rest_route=\/wp\/v2\/posts\/152400","targetHints":{"allow":["GET"]}}],"collection":[{"href":"https:\/\/analyse.optim.biz\/index.php?rest_route=\/wp\/v2\/posts"}],"about":[{"href":"https:\/\/analyse.optim.biz\/index.php?rest_route=\/wp\/v2\/types\/post"}],"author":[{"embeddable":true,"href":"https:\/\/analyse.optim.biz\/index.php?rest_route=\/wp\/v2\/users\/1"}],"replies":[{"embeddable":true,"href":"https:\/\/analyse.optim.biz\/index.php?rest_route=%2Fwp%2Fv2%2Fcomments&post=152400"}],"version-history":[{"count":0,"href":"https:\/\/analyse.optim.biz\/index.php?rest_route=\/wp\/v2\/posts\/152400\/revisions"}],"wp:featuredmedia":[{"embeddable":true,"href":"https:\/\/analyse.optim.biz\/index.php?rest_route=\/wp\/v2\/media\/152401"}],"wp:attachment":[{"href":"https:\/\/analyse.optim.biz\/index.php?rest_route=%2Fwp%2Fv2%2Fmedia&parent=152400"}],"wp:term":[{"taxonomy":"category","embeddable":true,"href":"https:\/\/analyse.optim.biz\/index.php?rest_route=%2Fwp%2Fv2%2Fcategories&post=152400"},{"taxonomy":"post_tag","embeddable":true,"href":"https:\/\/analyse.optim.biz\/index.php?rest_route=%2Fwp%2Fv2%2Ftags&post=152400"}],"curies":[{"name":"wp","href":"https:\/\/api.w.org\/{rel}","templated":true}]}}